{"id":28097,"date":"2023-01-21T15:30:46","date_gmt":"2023-01-21T14:30:46","guid":{"rendered":"https:\/\/www.camaeleon.org\/?p=28097"},"modified":"2023-03-31T12:28:25","modified_gmt":"2023-03-31T10:28:25","slug":"le-mot-de-la-semaine-60ansdutraitedelelysee","status":"publish","type":"post","link":"https:\/\/www.camaeleon.org\/de\/2023\/01\/21\/le-mot-de-la-semaine-60ansdutraitedelelysee\/","title":{"rendered":"Le mot de la semaine : #60-ans-Du-Trait\u00e9-De-l&#8217;Elys\u00e9e"},"content":{"rendered":"<p><figure id=\"attachment_28139\" aria-describedby=\"caption-attachment-28139\" style=\"width: 400px\" class=\"wp-caption alignleft\"><img loading=\"lazy\" decoding=\"async\" class=\"wp-image-28139\" src=\"https:\/\/www.camaeleon.org\/wp-content\/uploads\/2023\/01\/Mima-300x169.jpg\" alt=\"\u00c9l\u00e8ve du LFA au ZDF (source: Capture d'\u00e9cran du ZDF)\" width=\"400\" height=\"225\" srcset=\"https:\/\/www.camaeleon.org\/wp-content\/uploads\/2023\/01\/Mima-300x169.jpg 300w, https:\/\/www.camaeleon.org\/wp-content\/uploads\/2023\/01\/Mima-880x495.jpg 880w, https:\/\/www.camaeleon.org\/wp-content\/uploads\/2023\/01\/Mima-1536x864.jpg 1536w, https:\/\/www.camaeleon.org\/wp-content\/uploads\/2023\/01\/Mima.jpg 1920w\" sizes=\"auto, (max-width: 400px) 100vw, 400px\" \/><figcaption id=\"caption-attachment-28139\" class=\"wp-caption-text\">\u00c9l\u00e8ve du LFA au ZDF (source: Capture d&#8217;\u00e9cran du ZDF)<\/figcaption><\/figure><\/p>\n<p>Der Elys\u00e9e-Vertrag hat sicherlich verst\u00e4rkt, was die Gr\u00fcndung des Deutsch-Franz\u00f6sischen Gymnasiums in Saarbr\u00fccken bereits bewirkt hatte: eine besondere Verbindung zwischen unseren beiden L\u00e4ndern.\u00a0Er wurde vor 60 Jahren, am 22. Januar 1963, von Konrad Adenauer und Charles de Gaulle unterzeichnet, um die Ziele f\u00fcr eine Zusammenarbeit zwischen Deutschland und Frankreich festzulegen. Er wurde nicht nur f\u00fcr die Politik geschaffen, sondern auch, um die B\u00fcrger einander n\u00e4her zu bringen. Die St\u00e4rkung der deutsch-franz\u00f6sischen Freundschaft war damals sehr wichtig, da es kurz nach dem Zweiten Weltkrieg war und eine friedliche Beziehung f\u00fcr die V\u00f6lker und Europa von gr\u00f6\u00dfter Bedeutung war. Dieser Vertrag ist f\u00fcr unsere beiden L\u00e4nder und vor allem f\u00fcr uns, die an der Grenze wohnen, von grundlegender Bedeutung. Zu diesem Anlass kamen drei Fernsehteams, um eine Reportage \u00fcber unsere Schule zu drehen.<\/p>\n<p>&nbsp;<\/p>\n<div class=\"lyte-wrapper\" style=\"width:1280px;max-width:100%;margin:5px auto;\"><div class=\"lyMe hidef\" id=\"WYL_7S9NPqyVJeE\"><div id=\"lyte_7S9NPqyVJeE\" data-src=\"https:\/\/www.camaeleon.org\/wp-content\/plugins\/wp-youtube-lyte\/lyteCache.php?origThumbUrl=%2F%2Fi.ytimg.com%2Fvi%2F7S9NPqyVJeE%2Fhqdefault.jpg\" class=\"pL\"><div class=\"tC\"><div class=\"tT\"><\/div><\/div><div class=\"play\"><\/div><div class=\"ctrl\"><div class=\"Lctrl\"><\/div><div class=\"Rctrl\"><\/div><\/div><\/div><noscript><a href=\"https:\/\/youtu.be\/7S9NPqyVJeE\" rel=\"nofollow\"><img loading=\"lazy\" decoding=\"async\" src=\"https:\/\/www.camaeleon.org\/wp-content\/plugins\/wp-youtube-lyte\/lyteCache.php?origThumbUrl=https%3A%2F%2Fi.ytimg.com%2Fvi%2F7S9NPqyVJeE%2F0.jpg\" alt=\"YouTube-Video-Vorschaubild\" width=\"1280\" height=\"700\" \/><br \/>Dieses Video auf YouTube ansehen<\/a><\/noscript><\/div><\/div><div class=\"lL\" style=\"max-width:100%;width:1280px;margin:5px auto;\"><br\/><span class=\"lyte_disclaimer\">Mit dem Klick auf das Video wird eine Verbindung zu YouTube hergestellt. Weitere Infos in der <a href=\"https:\/\/www.camaeleon.org\/de\/mentions-legales\/declaration-de-protection-des-donnees\/\">Datenschutzerkl\u00e4rung<\/a>.<\/span><\/div><\/p>\n<p>Bericht des ZDF: <a href=\"https:\/\/www.zdf.de\/nachrichten\/zdf-mittagsmagazin\/zdf-mittagsmagazin-vom-20-januar-2023-100.html\">https:\/\/www.zdf.de\/nachrichten\/zdf-mittagsmagazin\/zdf-mittagsmagazin-vom-20-januar-2023-100.html<\/a> (\u00e0 partir de 22:00 min)<\/p>\n<p>Bericht vom SR : <a href=\"https:\/\/www.ardmediathek.de\/video\/Y3JpZDovL3NyLW9ubGluZS5kZS9BSzE4XzEyMzUyNQ\">https:\/\/www.ardmediathek.de\/video\/Y3JpZDovL3NyLW9ubGluZS5kZS9BSzE4XzEyMzUyNQ<\/a> (\u00e0 partir de 2:50 min)<\/p>\n<p>Pr\u00e9servons l&#8217;amiti\u00e9 franco-allemande ! Lasst uns die deutsch-franz\u00f6sische Freundschaft erhalten !<\/p>\n<p><br \/>\n<\/p>","protected":false},"excerpt":{"rendered":"<p>Der Elys\u00e9e-Vertrag hat sicherlich verst\u00e4rkt, was die Gr\u00fcndung des Deutsch-Franz\u00f6sischen Gymnasiums in Saarbr\u00fccken bereits bewirkt hatte: eine besondere Verbindung zwischen unseren beiden L\u00e4ndern.\u00a0Er wurde vor<\/p>\n","protected":false},"author":146,"featured_media":28139,"comment_status":"open","ping_status":"closed","sticky":false,"template":"","format":"standard","meta":{"colormag_page_container_layout":"default_layout","colormag_page_sidebar_layout":"default_layout","footnotes":""},"categories":[864,10],"tags":[1323,876,1534,1531],"coauthors":[1209,1788],"class_list":["post-28097","post","type-post","status-publish","format-standard","has-post-thumbnail","hentry","category-le-mot-de-la-semaine","category-politique","tag-amitie-franco-allemande","tag-deutsch-franzoesische-freundschaft","tag-elysee-vertrag","tag-traite-de-lelysee"],"yoast_head":"<!-- This site is optimized with the Yoast SEO plugin v27.5 - https:\/\/yoast.com\/product\/yoast-seo-wordpress\/ -->\n<title>Le mot de la semaine : #60-ans-Du-Trait\u00e9-De-l&#039;Elys\u00e9e - Cam\u00e4l\u00e9on<\/title>\n<meta name=\"robots\" content=\"index, follow, max-snippet:-1, max-image-preview:large, max-video-preview:-1\" \/>\n<link rel=\"canonical\" href=\"https:\/\/www.camaeleon.org\/de\/2023\/01\/21\/le-mot-de-la-semaine-60ansdutraitedelelysee\/\" \/>\n<meta property=\"og:locale\" content=\"de_DE\" \/>\n<meta property=\"og:type\" content=\"article\" \/>\n<meta property=\"og:title\" content=\"Le mot de la semaine : #60-ans-Du-Trait\u00e9-De-l&#039;Elys\u00e9e - Cam\u00e4l\u00e9on\" \/>\n<meta property=\"og:description\" content=\"Der Elys\u00e9e-Vertrag hat sicherlich verst\u00e4rkt, was die Gr\u00fcndung des Deutsch-Franz\u00f6sischen Gymnasiums in Saarbr\u00fccken bereits bewirkt hatte: eine besondere Verbindung zwischen unseren beiden L\u00e4ndern.\u00a0Er wurde vor\" \/>\n<meta property=\"og:url\" content=\"https:\/\/www.camaeleon.org\/de\/2023\/01\/21\/le-mot-de-la-semaine-60ansdutraitedelelysee\/\" \/>\n<meta property=\"og:site_name\" content=\"Cam\u00e4l\u00e9on\" \/>\n<meta property=\"article:publisher\" content=\"https:\/\/www.facebook.com\/camaeleon.org\/\" \/>\n<meta property=\"article:published_time\" content=\"2023-01-21T14:30:46+00:00\" \/>\n<meta property=\"article:modified_time\" content=\"2023-03-31T10:28:25+00:00\" \/>\n<meta property=\"og:image\" content=\"https:\/\/www.camaeleon.org\/wp-content\/uploads\/2023\/01\/Mima.jpg\" \/>\n\t<meta property=\"og:image:width\" content=\"1920\" \/>\n\t<meta property=\"og:image:height\" content=\"1080\" \/>\n\t<meta property=\"og:image:type\" content=\"image\/jpeg\" \/>\n<meta name=\"author\" content=\"Anouk Viero, Lili Carteron\" \/>\n<meta name=\"twitter:card\" content=\"summary_large_image\" \/>\n<meta name=\"twitter:creator\" content=\"@camaeleonOrg\" \/>\n<meta name=\"twitter:site\" content=\"@camaeleonOrg\" \/>\n<script type=\"application\/ld+json\" class=\"yoast-schema-graph\">{\"@context\":\"https:\\\/\\\/schema.org\",\"@graph\":[{\"@type\":\"Article\",\"@id\":\"https:\\\/\\\/www.camaeleon.org\\\/2023\\\/01\\\/21\\\/le-mot-de-la-semaine-60ansdutraitedelelysee\\\/#article\",\"isPartOf\":{\"@id\":\"https:\\\/\\\/www.camaeleon.org\\\/2023\\\/01\\\/21\\\/le-mot-de-la-semaine-60ansdutraitedelelysee\\\/\"},\"author\":{\"name\":\"Anouk Viero\",\"@id\":\"https:\\\/\\\/www.camaeleon.org\\\/de\\\/#\\\/schema\\\/person\\\/34dd43503993f08eb39382df2c5b79b5\"},\"headline\":\"Le mot de la semaine : #60-ans-Du-Trait\u00e9-De-l&#8217;Elys\u00e9e\",\"datePublished\":\"2023-01-21T14:30:46+00:00\",\"dateModified\":\"2023-03-31T10:28:25+00:00\",\"mainEntityOfPage\":{\"@id\":\"https:\\\/\\\/www.camaeleon.org\\\/2023\\\/01\\\/21\\\/le-mot-de-la-semaine-60ansdutraitedelelysee\\\/\"},\"wordCount\":694,\"commentCount\":0,\"publisher\":{\"@id\":\"https:\\\/\\\/www.camaeleon.org\\\/de\\\/#organization\"},\"image\":{\"@id\":\"https:\\\/\\\/www.camaeleon.org\\\/2023\\\/01\\\/21\\\/le-mot-de-la-semaine-60ansdutraitedelelysee\\\/#primaryimage\"},\"thumbnailUrl\":\"https:\\\/\\\/www.camaeleon.org\\\/wp-content\\\/uploads\\\/2023\\\/01\\\/Mima.jpg\",\"keywords\":[\"amiti\u00e9 franco-allemande\",\"Deutsch-franz\u00f6sische Freundschaft\",\"Elysee Vertrag\",\"Trait\u00e9 de l'Elys\u00e9e\"],\"articleSection\":[\"Das Wort der Woche\",\"Politik\"],\"inLanguage\":\"de\",\"potentialAction\":[{\"@type\":\"CommentAction\",\"name\":\"Comment\",\"target\":[\"https:\\\/\\\/www.camaeleon.org\\\/2023\\\/01\\\/21\\\/le-mot-de-la-semaine-60ansdutraitedelelysee\\\/#respond\"]}]},{\"@type\":\"WebPage\",\"@id\":\"https:\\\/\\\/www.camaeleon.org\\\/de\\\/2023\\\/01\\\/21\\\/le-mot-de-la-semaine-60ansdutraitedelelysee\\\/\",\"url\":\"https:\\\/\\\/www.camaeleon.org\\\/de\\\/2023\\\/01\\\/21\\\/le-mot-de-la-semaine-60ansdutraitedelelysee\\\/\",\"name\":\"Le mot de la semaine : #60-ans-Du-Trait\u00e9-De-l'Elys\u00e9e - Cam\u00e4l\u00e9on\",\"isPartOf\":{\"@id\":\"https:\\\/\\\/www.camaeleon.org\\\/de\\\/#website\"},\"primaryImageOfPage\":{\"@id\":\"https:\\\/\\\/www.camaeleon.org\\\/de\\\/2023\\\/01\\\/21\\\/le-mot-de-la-semaine-60ansdutraitedelelysee\\\/#primaryimage\"},\"image\":{\"@id\":\"https:\\\/\\\/www.camaeleon.org\\\/2023\\\/01\\\/21\\\/le-mot-de-la-semaine-60ansdutraitedelelysee\\\/#primaryimage\"},\"thumbnailUrl\":\"https:\\\/\\\/www.camaeleon.org\\\/wp-content\\\/uploads\\\/2023\\\/01\\\/Mima.jpg\",\"datePublished\":\"2023-01-21T14:30:46+00:00\",\"dateModified\":\"2023-03-31T10:28:25+00:00\",\"breadcrumb\":{\"@id\":\"https:\\\/\\\/www.camaeleon.org\\\/de\\\/2023\\\/01\\\/21\\\/le-mot-de-la-semaine-60ansdutraitedelelysee\\\/#breadcrumb\"},\"inLanguage\":\"de\",\"potentialAction\":[{\"@type\":\"ReadAction\",\"target\":[[\"https:\\\/\\\/www.camaeleon.org\\\/de\\\/2023\\\/01\\\/21\\\/le-mot-de-la-semaine-60ansdutraitedelelysee\\\/\"]]}]},{\"@type\":\"ImageObject\",\"inLanguage\":\"de\",\"@id\":\"https:\\\/\\\/www.camaeleon.org\\\/de\\\/2023\\\/01\\\/21\\\/le-mot-de-la-semaine-60ansdutraitedelelysee\\\/#primaryimage\",\"url\":\"https:\\\/\\\/www.camaeleon.org\\\/wp-content\\\/uploads\\\/2023\\\/01\\\/Mima.jpg\",\"contentUrl\":\"https:\\\/\\\/www.camaeleon.org\\\/wp-content\\\/uploads\\\/2023\\\/01\\\/Mima.jpg\",\"width\":1920,\"height\":1080,\"caption\":\"\u00c9l\u00e8ve du LFA au ZDF\"},{\"@type\":\"BreadcrumbList\",\"@id\":\"https:\\\/\\\/www.camaeleon.org\\\/de\\\/2023\\\/01\\\/21\\\/le-mot-de-la-semaine-60ansdutraitedelelysee\\\/#breadcrumb\",\"itemListElement\":[{\"@type\":\"ListItem\",\"position\":1,\"name\":\"Home\",\"item\":\"https:\\\/\\\/www.camaeleon.org\\\/de\\\/\"},{\"@type\":\"ListItem\",\"position\":2,\"name\":\"Le mot de la semaine : #60-ans-Du-Trait\u00e9-De-l&rsquo;Elys\u00e9e\"}]},{\"@type\":\"WebSite\",\"@id\":\"https:\\\/\\\/www.camaeleon.org\\\/de\\\/#website\",\"url\":\"https:\\\/\\\/www.camaeleon.org\\\/de\\\/\",\"name\":\"Cam\u00e4l\u00e9on\",\"description\":\"Das Sch\u00fclermagazin des Deutsch-Franz\u00f6sischen Gymnasiums Saarbr\u00fccken\",\"publisher\":{\"@id\":\"https:\\\/\\\/www.camaeleon.org\\\/de\\\/#organization\"},\"potentialAction\":[{\"@type\":\"SearchAction\",\"target\":{\"@type\":\"EntryPoint\",\"urlTemplate\":\"https:\\\/\\\/www.camaeleon.org\\\/de\\\/?s={search_term_string}\"},\"query-input\":{\"@type\":\"PropertyValueSpecification\",\"valueRequired\":true,\"valueName\":\"search_term_string\"}}],\"inLanguage\":\"de\"},{\"@type\":\"Organization\",\"@id\":\"https:\\\/\\\/www.camaeleon.org\\\/de\\\/#organization\",\"name\":\"Cam\u00e4l\u00e9on\",\"url\":\"https:\\\/\\\/www.camaeleon.org\\\/de\\\/\",\"logo\":{\"@type\":\"ImageObject\",\"inLanguage\":\"de\",\"@id\":\"https:\\\/\\\/www.camaeleon.org\\\/de\\\/#\\\/schema\\\/logo\\\/image\\\/\",\"url\":\"https:\\\/\\\/www.camaeleon.org\\\/wp-content\\\/uploads\\\/2011\\\/11\\\/CAM\u00c4LEON.jpg\",\"contentUrl\":\"https:\\\/\\\/www.camaeleon.org\\\/wp-content\\\/uploads\\\/2011\\\/11\\\/CAM\u00c4LEON.jpg\",\"width\":959,\"height\":959,\"caption\":\"Cam\u00e4l\u00e9on\"},\"image\":{\"@id\":\"https:\\\/\\\/www.camaeleon.org\\\/de\\\/#\\\/schema\\\/logo\\\/image\\\/\"},\"sameAs\":[\"https:\\\/\\\/www.facebook.com\\\/camaeleon.org\\\/\",\"https:\\\/\\\/x.com\\\/camaeleonOrg\",\"https:\\\/\\\/www.instagram.com\\\/camaeleon.dfg\\\/\",\"https:\\\/\\\/www.youtube.com\\\/channel\\\/UCl3TAUDdGuu_c7CD6ax6hYg\"]},{\"@type\":\"Person\",\"@id\":\"https:\\\/\\\/www.camaeleon.org\\\/de\\\/#\\\/schema\\\/person\\\/34dd43503993f08eb39382df2c5b79b5\",\"name\":\"Anouk Viero\",\"image\":{\"@type\":\"ImageObject\",\"inLanguage\":\"de\",\"@id\":\"https:\\\/\\\/www.camaeleon.org\\\/de\\\/wp-content\\\/uploads\\\/2023\\\/09\\\/0019AA6C-0ACA-452F-B897-A6B732B81B93-150x150.jpegeca926063efc1e3c52e5e4881ccb2d47\",\"url\":\"https:\\\/\\\/www.camaeleon.org\\\/wp-content\\\/uploads\\\/2023\\\/09\\\/0019AA6C-0ACA-452F-B897-A6B732B81B93-150x150.jpeg\",\"contentUrl\":\"https:\\\/\\\/www.camaeleon.org\\\/wp-content\\\/uploads\\\/2023\\\/09\\\/0019AA6C-0ACA-452F-B897-A6B732B81B93-150x150.jpeg\",\"caption\":\"Anouk Viero\"},\"description\":\"Hi, ich bin Anouk! Hier ein paar Infos \u00fcber mich: - Seit 2020 bei Cam\u00e4l\u00e9on - 15 Jahre alt - Klasse 1L Ich schreibe gerne Artikel im Bereich Kultur, Politik, Ern\u00e4hrung und privat tanze ich gerne Jazz Modern und spiele Gitarre.\",\"url\":\"https:\\\/\\\/www.camaeleon.org\\\/de\\\/author\\\/anouk-viero\\\/\"}]}<\/script>\n<!-- \/ Yoast SEO plugin. -->","yoast_head_json":{"title":"Le mot de la semaine : #60-ans-Du-Trait\u00e9-De-l'Elys\u00e9e - Cam\u00e4l\u00e9on","robots":{"index":"index","follow":"follow","max-snippet":"max-snippet:-1","max-image-preview":"max-image-preview:large","max-video-preview":"max-video-preview:-1"},"canonical":"https:\/\/www.camaeleon.org\/de\/2023\/01\/21\/le-mot-de-la-semaine-60ansdutraitedelelysee\/","og_locale":"de_DE","og_type":"article","og_title":"Le mot de la semaine : #60-ans-Du-Trait\u00e9-De-l'Elys\u00e9e - Cam\u00e4l\u00e9on","og_description":"Der Elys\u00e9e-Vertrag hat sicherlich verst\u00e4rkt, was die Gr\u00fcndung des Deutsch-Franz\u00f6sischen Gymnasiums in Saarbr\u00fccken bereits bewirkt hatte: eine besondere Verbindung zwischen unseren beiden L\u00e4ndern.\u00a0Er wurde vor","og_url":"https:\/\/www.camaeleon.org\/de\/2023\/01\/21\/le-mot-de-la-semaine-60ansdutraitedelelysee\/","og_site_name":"Cam\u00e4l\u00e9on","article_publisher":"https:\/\/www.facebook.com\/camaeleon.org\/","article_published_time":"2023-01-21T14:30:46+00:00","article_modified_time":"2023-03-31T10:28:25+00:00","og_image":[{"width":1920,"height":1080,"url":"https:\/\/www.camaeleon.org\/wp-content\/uploads\/2023\/01\/Mima.jpg","type":"image\/jpeg"}],"author":"Anouk Viero, Lili Carteron","twitter_card":"summary_large_image","twitter_creator":"@camaeleonOrg","twitter_site":"@camaeleonOrg","schema":{"@context":"https:\/\/schema.org","@graph":[{"@type":"Article","@id":"https:\/\/www.camaeleon.org\/2023\/01\/21\/le-mot-de-la-semaine-60ansdutraitedelelysee\/#article","isPartOf":{"@id":"https:\/\/www.camaeleon.org\/2023\/01\/21\/le-mot-de-la-semaine-60ansdutraitedelelysee\/"},"author":{"name":"Anouk Viero","@id":"https:\/\/www.camaeleon.org\/de\/#\/schema\/person\/34dd43503993f08eb39382df2c5b79b5"},"headline":"Le mot de la semaine : #60-ans-Du-Trait\u00e9-De-l&#8217;Elys\u00e9e","datePublished":"2023-01-21T14:30:46+00:00","dateModified":"2023-03-31T10:28:25+00:00","mainEntityOfPage":{"@id":"https:\/\/www.camaeleon.org\/2023\/01\/21\/le-mot-de-la-semaine-60ansdutraitedelelysee\/"},"wordCount":694,"commentCount":0,"publisher":{"@id":"https:\/\/www.camaeleon.org\/de\/#organization"},"image":{"@id":"https:\/\/www.camaeleon.org\/2023\/01\/21\/le-mot-de-la-semaine-60ansdutraitedelelysee\/#primaryimage"},"thumbnailUrl":"https:\/\/www.camaeleon.org\/wp-content\/uploads\/2023\/01\/Mima.jpg","keywords":["amiti\u00e9 franco-allemande","Deutsch-franz\u00f6sische Freundschaft","Elysee Vertrag","Trait\u00e9 de l'Elys\u00e9e"],"articleSection":["Das Wort der Woche","Politik"],"inLanguage":"de","potentialAction":[{"@type":"CommentAction","name":"Comment","target":["https:\/\/www.camaeleon.org\/2023\/01\/21\/le-mot-de-la-semaine-60ansdutraitedelelysee\/#respond"]}]},{"@type":"WebPage","@id":"https:\/\/www.camaeleon.org\/de\/2023\/01\/21\/le-mot-de-la-semaine-60ansdutraitedelelysee\/","url":"https:\/\/www.camaeleon.org\/de\/2023\/01\/21\/le-mot-de-la-semaine-60ansdutraitedelelysee\/","name":"Le mot de la semaine : #60-ans-Du-Trait\u00e9-De-l'Elys\u00e9e - Cam\u00e4l\u00e9on","isPartOf":{"@id":"https:\/\/www.camaeleon.org\/de\/#website"},"primaryImageOfPage":{"@id":"https:\/\/www.camaeleon.org\/de\/2023\/01\/21\/le-mot-de-la-semaine-60ansdutraitedelelysee\/#primaryimage"},"image":{"@id":"https:\/\/www.camaeleon.org\/2023\/01\/21\/le-mot-de-la-semaine-60ansdutraitedelelysee\/#primaryimage"},"thumbnailUrl":"https:\/\/www.camaeleon.org\/wp-content\/uploads\/2023\/01\/Mima.jpg","datePublished":"2023-01-21T14:30:46+00:00","dateModified":"2023-03-31T10:28:25+00:00","breadcrumb":{"@id":"https:\/\/www.camaeleon.org\/de\/2023\/01\/21\/le-mot-de-la-semaine-60ansdutraitedelelysee\/#breadcrumb"},"inLanguage":"de","potentialAction":[{"@type":"ReadAction","target":[["https:\/\/www.camaeleon.org\/de\/2023\/01\/21\/le-mot-de-la-semaine-60ansdutraitedelelysee\/"]]}]},{"@type":"ImageObject","inLanguage":"de","@id":"https:\/\/www.camaeleon.org\/de\/2023\/01\/21\/le-mot-de-la-semaine-60ansdutraitedelelysee\/#primaryimage","url":"https:\/\/www.camaeleon.org\/wp-content\/uploads\/2023\/01\/Mima.jpg","contentUrl":"https:\/\/www.camaeleon.org\/wp-content\/uploads\/2023\/01\/Mima.jpg","width":1920,"height":1080,"caption":"\u00c9l\u00e8ve du LFA au ZDF"},{"@type":"BreadcrumbList","@id":"https:\/\/www.camaeleon.org\/de\/2023\/01\/21\/le-mot-de-la-semaine-60ansdutraitedelelysee\/#breadcrumb","itemListElement":[{"@type":"ListItem","position":1,"name":"Home","item":"https:\/\/www.camaeleon.org\/de\/"},{"@type":"ListItem","position":2,"name":"Le mot de la semaine : #60-ans-Du-Trait\u00e9-De-l&rsquo;Elys\u00e9e"}]},{"@type":"WebSite","@id":"https:\/\/www.camaeleon.org\/de\/#website","url":"https:\/\/www.camaeleon.org\/de\/","name":"Cam\u00e4l\u00e9on","description":"Das Sch\u00fclermagazin des Deutsch-Franz\u00f6sischen Gymnasiums Saarbr\u00fccken","publisher":{"@id":"https:\/\/www.camaeleon.org\/de\/#organization"},"potentialAction":[{"@type":"SearchAction","target":{"@type":"EntryPoint","urlTemplate":"https:\/\/www.camaeleon.org\/de\/?s={search_term_string}"},"query-input":{"@type":"PropertyValueSpecification","valueRequired":true,"valueName":"search_term_string"}}],"inLanguage":"de"},{"@type":"Organization","@id":"https:\/\/www.camaeleon.org\/de\/#organization","name":"Cam\u00e4l\u00e9on","url":"https:\/\/www.camaeleon.org\/de\/","logo":{"@type":"ImageObject","inLanguage":"de","@id":"https:\/\/www.camaeleon.org\/de\/#\/schema\/logo\/image\/","url":"https:\/\/www.camaeleon.org\/wp-content\/uploads\/2011\/11\/CAM\u00c4LEON.jpg","contentUrl":"https:\/\/www.camaeleon.org\/wp-content\/uploads\/2011\/11\/CAM\u00c4LEON.jpg","width":959,"height":959,"caption":"Cam\u00e4l\u00e9on"},"image":{"@id":"https:\/\/www.camaeleon.org\/de\/#\/schema\/logo\/image\/"},"sameAs":["https:\/\/www.facebook.com\/camaeleon.org\/","https:\/\/x.com\/camaeleonOrg","https:\/\/www.instagram.com\/camaeleon.dfg\/","https:\/\/www.youtube.com\/channel\/UCl3TAUDdGuu_c7CD6ax6hYg"]},{"@type":"Person","@id":"https:\/\/www.camaeleon.org\/de\/#\/schema\/person\/34dd43503993f08eb39382df2c5b79b5","name":"Anouk Viero","image":{"@type":"ImageObject","inLanguage":"de","@id":"https:\/\/www.camaeleon.org\/de\/wp-content\/uploads\/2023\/09\/0019AA6C-0ACA-452F-B897-A6B732B81B93-150x150.jpegeca926063efc1e3c52e5e4881ccb2d47","url":"https:\/\/www.camaeleon.org\/wp-content\/uploads\/2023\/09\/0019AA6C-0ACA-452F-B897-A6B732B81B93-150x150.jpeg","contentUrl":"https:\/\/www.camaeleon.org\/wp-content\/uploads\/2023\/09\/0019AA6C-0ACA-452F-B897-A6B732B81B93-150x150.jpeg","caption":"Anouk Viero"},"description":"Hi, ich bin Anouk! Hier ein paar Infos \u00fcber mich: - Seit 2020 bei Cam\u00e4l\u00e9on - 15 Jahre alt - Klasse 1L Ich schreibe gerne Artikel im Bereich Kultur, Politik, Ern\u00e4hrung und privat tanze ich gerne Jazz Modern und spiele Gitarre.","url":"https:\/\/www.camaeleon.org\/de\/author\/anouk-viero\/"}]}},"_links":{"self":[{"href":"https:\/\/www.camaeleon.org\/de\/wp-json\/wp\/v2\/posts\/28097","targetHints":{"allow":["GET"]}}],"collection":[{"href":"https:\/\/www.camaeleon.org\/de\/wp-json\/wp\/v2\/posts"}],"about":[{"href":"https:\/\/www.camaeleon.org\/de\/wp-json\/wp\/v2\/types\/post"}],"author":[{"embeddable":true,"href":"https:\/\/www.camaeleon.org\/de\/wp-json\/wp\/v2\/users\/146"}],"replies":[{"embeddable":true,"href":"https:\/\/www.camaeleon.org\/de\/wp-json\/wp\/v2\/comments?post=28097"}],"version-history":[{"count":8,"href":"https:\/\/www.camaeleon.org\/de\/wp-json\/wp\/v2\/posts\/28097\/revisions"}],"predecessor-version":[{"id":28688,"href":"https:\/\/www.camaeleon.org\/de\/wp-json\/wp\/v2\/posts\/28097\/revisions\/28688"}],"wp:featuredmedia":[{"embeddable":true,"href":"https:\/\/www.camaeleon.org\/de\/wp-json\/wp\/v2\/media\/28139"}],"wp:attachment":[{"href":"https:\/\/www.camaeleon.org\/de\/wp-json\/wp\/v2\/media?parent=28097"}],"wp:term":[{"taxonomy":"category","embeddable":true,"href":"https:\/\/www.camaeleon.org\/de\/wp-json\/wp\/v2\/categories?post=28097"},{"taxonomy":"post_tag","embeddable":true,"href":"https:\/\/www.camaeleon.org\/de\/wp-json\/wp\/v2\/tags?post=28097"},{"taxonomy":"author","embeddable":true,"href":"https:\/\/www.camaeleon.org\/de\/wp-json\/wp\/v2\/coauthors?post=28097"}],"curies":[{"name":"wp","href":"https:\/\/api.w.org\/{rel}","templated":true}]}}