{"id":27840,"date":"2022-12-27T15:18:35","date_gmt":"2022-12-27T14:18:35","guid":{"rendered":"https:\/\/www.camaeleon.org\/?p=27840"},"modified":"2023-03-31T11:44:41","modified_gmt":"2023-03-31T09:44:41","slug":"abschied-von-herrn-glasen","status":"publish","type":"post","link":"https:\/\/www.camaeleon.org\/de\/2022\/12\/27\/abschied-von-herrn-glasen\/","title":{"rendered":"Vom Bergbau in den Schuldienst: Abschieds-Interview mit Herrn Glasen"},"content":{"rendered":"<p>Am Ende des Monats geht Herr Glasen in Rente. Seinen letzten Arbeitstag hatte er am 19. Dezember. Cam\u00e4l\u00e9on hat unseren langj\u00e4hrigen Hausmeister besucht, um ihm ein paar Fragen \u00fcber seine langj\u00e4hrige T\u00e4tigkeit am DFG zu stellen.<\/p>\n<div class=\"lyte-wrapper\" style=\"width:1280px;max-width:100%;margin:5px auto;\"><div class=\"lyMe hidef\" id=\"WYL_D0Jq85xp4RE\"><div id=\"lyte_D0Jq85xp4RE\" data-src=\"https:\/\/www.camaeleon.org\/wp-content\/plugins\/wp-youtube-lyte\/lyteCache.php?origThumbUrl=%2F%2Fi.ytimg.com%2Fvi%2FD0Jq85xp4RE%2Fhqdefault.jpg\" class=\"pL\"><div class=\"tC\"><div class=\"tT\"><\/div><\/div><div class=\"play\"><\/div><div class=\"ctrl\"><div class=\"Lctrl\"><\/div><div class=\"Rctrl\"><\/div><\/div><\/div><noscript><a href=\"https:\/\/youtu.be\/D0Jq85xp4RE\" rel=\"nofollow\"><img loading=\"lazy\" decoding=\"async\" src=\"https:\/\/www.camaeleon.org\/wp-content\/plugins\/wp-youtube-lyte\/lyteCache.php?origThumbUrl=https%3A%2F%2Fi.ytimg.com%2Fvi%2FD0Jq85xp4RE%2F0.jpg\" alt=\"YouTube-Video-Vorschaubild\" width=\"1280\" height=\"700\" \/><br \/>Dieses Video auf YouTube ansehen<\/a><\/noscript><\/div><\/div><div class=\"lL\" style=\"max-width:100%;width:1280px;margin:5px auto;\"><br\/><span class=\"lyte_disclaimer\">Mit dem Klick auf das Video wird eine Verbindung zu YouTube hergestellt. Weitere Infos in der <a href=\"https:\/\/www.camaeleon.org\/de\/mentions-legales\/declaration-de-protection-des-donnees\/\">Datenschutzerkl\u00e4rung<\/a>.<\/span><\/div><\/p>\n<p>Wir bedanken uns recht herzlich bei Herrn Glasen und w\u00fcnschen ihm einen angenehmen Ruhestand.<\/p>","protected":false},"excerpt":{"rendered":"<p>Am Ende des Monats geht Herr Glasen in Rente. Seinen letzten Arbeitstag hatte er am 19. Dezember. Cam\u00e4l\u00e9on hat unseren langj\u00e4hrigen Hausmeister besucht, um ihm<\/p>\n","protected":false},"author":128,"featured_media":27927,"comment_status":"open","ping_status":"closed","sticky":false,"template":"","format":"standard","meta":{"colormag_page_container_layout":"default_layout","colormag_page_sidebar_layout":"default_layout","footnotes":""},"categories":[3,908],"tags":[2133,2134,251],"coauthors":[744,2062],"class_list":["post-27840","post","type-post","status-publish","format-standard","has-post-thumbnail","hentry","category-ecole","category-camaeleon-video","tag-harro-glasen","tag-hausmeister","tag-schulgebaeude"],"yoast_head":"<!-- This site is optimized with the Yoast SEO plugin v27.5 - https:\/\/yoast.com\/product\/yoast-seo-wordpress\/ -->\n<title>Vom Bergbau in den Schuldienst: Abschieds-Interview mit Herrn Glasen - Cam\u00e4l\u00e9on<\/title>\n<meta name=\"description\" content=\"Cam\u00e4l\u00e9on hat den DFG Hausmeister Herr Glasen besucht, um ihm ein paar Fragen \u00fcber seine langj\u00e4hrige T\u00e4tigkeit am DFG zu stellen.\" \/>\n<meta name=\"robots\" content=\"index, follow, max-snippet:-1, max-image-preview:large, max-video-preview:-1\" \/>\n<link rel=\"canonical\" href=\"https:\/\/www.camaeleon.org\/de\/2022\/12\/27\/abschied-von-herrn-glasen\/\" \/>\n<meta property=\"og:locale\" content=\"de_DE\" \/>\n<meta property=\"og:type\" content=\"article\" \/>\n<meta property=\"og:title\" content=\"Vom Bergbau in den Schuldienst: Abschieds-Interview mit Herrn Glasen - Cam\u00e4l\u00e9on\" \/>\n<meta property=\"og:description\" content=\"Cam\u00e4l\u00e9on hat den DFG Hausmeister Herr Glasen besucht, um ihm ein paar Fragen \u00fcber seine langj\u00e4hrige T\u00e4tigkeit am DFG zu stellen.\" \/>\n<meta property=\"og:url\" content=\"https:\/\/www.camaeleon.org\/de\/2022\/12\/27\/abschied-von-herrn-glasen\/\" \/>\n<meta property=\"og:site_name\" content=\"Cam\u00e4l\u00e9on\" \/>\n<meta property=\"article:publisher\" content=\"https:\/\/www.facebook.com\/camaeleon.org\/\" \/>\n<meta property=\"article:published_time\" content=\"2022-12-27T14:18:35+00:00\" \/>\n<meta property=\"article:modified_time\" content=\"2023-03-31T09:44:41+00:00\" \/>\n<meta property=\"og:image\" content=\"https:\/\/www.camaeleon.org\/wp-content\/uploads\/2022\/12\/WhatsApp-Bild-2022-12-19-um-13.27.55.jpg\" \/>\n\t<meta property=\"og:image:width\" content=\"2000\" \/>\n\t<meta property=\"og:image:height\" content=\"1126\" \/>\n\t<meta property=\"og:image:type\" content=\"image\/jpeg\" \/>\n<meta name=\"author\" content=\"Max Ernst, Arto Tchalikian\" \/>\n<meta name=\"twitter:card\" content=\"summary_large_image\" \/>\n<meta name=\"twitter:creator\" content=\"@camaeleonOrg\" \/>\n<meta name=\"twitter:site\" content=\"@camaeleonOrg\" \/>\n<script type=\"application\/ld+json\" class=\"yoast-schema-graph\">{\"@context\":\"https:\\\/\\\/schema.org\",\"@graph\":[{\"@type\":\"Article\",\"@id\":\"https:\\\/\\\/www.camaeleon.org\\\/2022\\\/12\\\/27\\\/abschied-von-herrn-glasen\\\/#article\",\"isPartOf\":{\"@id\":\"https:\\\/\\\/www.camaeleon.org\\\/2022\\\/12\\\/27\\\/abschied-von-herrn-glasen\\\/\"},\"author\":{\"name\":\"Max Ernst\",\"@id\":\"https:\\\/\\\/www.camaeleon.org\\\/de\\\/#\\\/schema\\\/person\\\/052ee327c421b495af4657a44187a959\"},\"headline\":\"Vom Bergbau in den Schuldienst: Abschieds-Interview mit Herrn Glasen\",\"datePublished\":\"2022-12-27T14:18:35+00:00\",\"dateModified\":\"2023-03-31T09:44:41+00:00\",\"mainEntityOfPage\":{\"@id\":\"https:\\\/\\\/www.camaeleon.org\\\/2022\\\/12\\\/27\\\/abschied-von-herrn-glasen\\\/\"},\"wordCount\":226,\"commentCount\":0,\"publisher\":{\"@id\":\"https:\\\/\\\/www.camaeleon.org\\\/de\\\/#organization\"},\"image\":{\"@id\":\"https:\\\/\\\/www.camaeleon.org\\\/2022\\\/12\\\/27\\\/abschied-von-herrn-glasen\\\/#primaryimage\"},\"thumbnailUrl\":\"https:\\\/\\\/www.camaeleon.org\\\/wp-content\\\/uploads\\\/2022\\\/12\\\/WhatsApp-Bild-2022-12-19-um-13.27.55.jpg\",\"keywords\":[\"Harro Glasen\",\"Hausmeister\",\"Schulgeb\u00e4ude\"],\"articleSection\":[\"Schule\",\"Video\"],\"inLanguage\":\"de\",\"potentialAction\":[{\"@type\":\"CommentAction\",\"name\":\"Comment\",\"target\":[\"https:\\\/\\\/www.camaeleon.org\\\/2022\\\/12\\\/27\\\/abschied-von-herrn-glasen\\\/#respond\"]}]},{\"@type\":\"WebPage\",\"@id\":\"https:\\\/\\\/www.camaeleon.org\\\/de\\\/2022\\\/12\\\/27\\\/abschied-von-herrn-glasen\\\/\",\"url\":\"https:\\\/\\\/www.camaeleon.org\\\/de\\\/2022\\\/12\\\/27\\\/abschied-von-herrn-glasen\\\/\",\"name\":\"Vom Bergbau in den Schuldienst: Abschieds-Interview mit Herrn Glasen - Cam\u00e4l\u00e9on\",\"isPartOf\":{\"@id\":\"https:\\\/\\\/www.camaeleon.org\\\/de\\\/#website\"},\"primaryImageOfPage\":{\"@id\":\"https:\\\/\\\/www.camaeleon.org\\\/de\\\/2022\\\/12\\\/27\\\/abschied-von-herrn-glasen\\\/#primaryimage\"},\"image\":{\"@id\":\"https:\\\/\\\/www.camaeleon.org\\\/2022\\\/12\\\/27\\\/abschied-von-herrn-glasen\\\/#primaryimage\"},\"thumbnailUrl\":\"https:\\\/\\\/www.camaeleon.org\\\/wp-content\\\/uploads\\\/2022\\\/12\\\/WhatsApp-Bild-2022-12-19-um-13.27.55.jpg\",\"datePublished\":\"2022-12-27T14:18:35+00:00\",\"dateModified\":\"2023-03-31T09:44:41+00:00\",\"description\":\"Cam\u00e4l\u00e9on hat den DFG Hausmeister Herr Glasen besucht, um ihm ein paar Fragen \u00fcber seine langj\u00e4hrige T\u00e4tigkeit am DFG zu stellen.\",\"breadcrumb\":{\"@id\":\"https:\\\/\\\/www.camaeleon.org\\\/de\\\/2022\\\/12\\\/27\\\/abschied-von-herrn-glasen\\\/#breadcrumb\"},\"inLanguage\":\"de\",\"potentialAction\":[{\"@type\":\"ReadAction\",\"target\":[[\"https:\\\/\\\/www.camaeleon.org\\\/de\\\/2022\\\/12\\\/27\\\/abschied-von-herrn-glasen\\\/\"]]}]},{\"@type\":\"ImageObject\",\"inLanguage\":\"de\",\"@id\":\"https:\\\/\\\/www.camaeleon.org\\\/de\\\/2022\\\/12\\\/27\\\/abschied-von-herrn-glasen\\\/#primaryimage\",\"url\":\"https:\\\/\\\/www.camaeleon.org\\\/wp-content\\\/uploads\\\/2022\\\/12\\\/WhatsApp-Bild-2022-12-19-um-13.27.55.jpg\",\"contentUrl\":\"https:\\\/\\\/www.camaeleon.org\\\/wp-content\\\/uploads\\\/2022\\\/12\\\/WhatsApp-Bild-2022-12-19-um-13.27.55.jpg\",\"width\":2000,\"height\":1126,\"caption\":\"Foto: Ernst \\\/ Cam\u00e4l\u00e9on\"},{\"@type\":\"BreadcrumbList\",\"@id\":\"https:\\\/\\\/www.camaeleon.org\\\/de\\\/2022\\\/12\\\/27\\\/abschied-von-herrn-glasen\\\/#breadcrumb\",\"itemListElement\":[{\"@type\":\"ListItem\",\"position\":1,\"name\":\"Home\",\"item\":\"https:\\\/\\\/www.camaeleon.org\\\/de\\\/\"},{\"@type\":\"ListItem\",\"position\":2,\"name\":\"De la mine \u00e0 l&rsquo;\u00e9cole : interview d&rsquo;adieu de M. Glasen\"}]},{\"@type\":\"WebSite\",\"@id\":\"https:\\\/\\\/www.camaeleon.org\\\/de\\\/#website\",\"url\":\"https:\\\/\\\/www.camaeleon.org\\\/de\\\/\",\"name\":\"Cam\u00e4l\u00e9on\",\"description\":\"Das Sch\u00fclermagazin des Deutsch-Franz\u00f6sischen Gymnasiums Saarbr\u00fccken\",\"publisher\":{\"@id\":\"https:\\\/\\\/www.camaeleon.org\\\/de\\\/#organization\"},\"potentialAction\":[{\"@type\":\"SearchAction\",\"target\":{\"@type\":\"EntryPoint\",\"urlTemplate\":\"https:\\\/\\\/www.camaeleon.org\\\/de\\\/?s={search_term_string}\"},\"query-input\":{\"@type\":\"PropertyValueSpecification\",\"valueRequired\":true,\"valueName\":\"search_term_string\"}}],\"inLanguage\":\"de\"},{\"@type\":\"Organization\",\"@id\":\"https:\\\/\\\/www.camaeleon.org\\\/de\\\/#organization\",\"name\":\"Cam\u00e4l\u00e9on\",\"url\":\"https:\\\/\\\/www.camaeleon.org\\\/de\\\/\",\"logo\":{\"@type\":\"ImageObject\",\"inLanguage\":\"de\",\"@id\":\"https:\\\/\\\/www.camaeleon.org\\\/de\\\/#\\\/schema\\\/logo\\\/image\\\/\",\"url\":\"https:\\\/\\\/www.camaeleon.org\\\/wp-content\\\/uploads\\\/2011\\\/11\\\/CAM\u00c4LEON.jpg\",\"contentUrl\":\"https:\\\/\\\/www.camaeleon.org\\\/wp-content\\\/uploads\\\/2011\\\/11\\\/CAM\u00c4LEON.jpg\",\"width\":959,\"height\":959,\"caption\":\"Cam\u00e4l\u00e9on\"},\"image\":{\"@id\":\"https:\\\/\\\/www.camaeleon.org\\\/de\\\/#\\\/schema\\\/logo\\\/image\\\/\"},\"sameAs\":[\"https:\\\/\\\/www.facebook.com\\\/camaeleon.org\\\/\",\"https:\\\/\\\/x.com\\\/camaeleonOrg\",\"https:\\\/\\\/www.instagram.com\\\/camaeleon.dfg\\\/\",\"https:\\\/\\\/www.youtube.com\\\/channel\\\/UCl3TAUDdGuu_c7CD6ax6hYg\"]},{\"@type\":\"Person\",\"@id\":\"https:\\\/\\\/www.camaeleon.org\\\/de\\\/#\\\/schema\\\/person\\\/052ee327c421b495af4657a44187a959\",\"name\":\"Max Ernst\",\"image\":{\"@type\":\"ImageObject\",\"inLanguage\":\"de\",\"@id\":\"https:\\\/\\\/www.camaeleon.org\\\/de\\\/wp-content\\\/uploads\\\/2024\\\/01\\\/IMG-20231204-WA0001-01-150x150.jpeg3fc50e401fd745f06a8339d74db41d5e\",\"url\":\"https:\\\/\\\/www.camaeleon.org\\\/wp-content\\\/uploads\\\/2024\\\/01\\\/IMG-20231204-WA0001-01-150x150.jpeg\",\"contentUrl\":\"https:\\\/\\\/www.camaeleon.org\\\/wp-content\\\/uploads\\\/2024\\\/01\\\/IMG-20231204-WA0001-01-150x150.jpeg\",\"caption\":\"Max Ernst\"},\"description\":\"Hi! Ich bin Max Ernst, 16 Jahre alt, seit 2017 bei Cam\u00e4l\u00e9on dabei und gehe in die Klasse Tle ES. Meine Interessen sind Fotografie, Musik und alles Aktuelle. Mehr \u00fcber mich: www.maxmernst.de.\",\"sameAs\":[\"http:\\\/\\\/www.maxmernst.de\"],\"url\":\"https:\\\/\\\/www.camaeleon.org\\\/de\\\/author\\\/max-ernst\\\/\"}]}<\/script>\n<!-- \/ Yoast SEO plugin. -->","yoast_head_json":{"title":"Vom Bergbau in den Schuldienst: Abschieds-Interview mit Herrn Glasen - Cam\u00e4l\u00e9on","description":"Cam\u00e4l\u00e9on hat den DFG Hausmeister Herr Glasen besucht, um ihm ein paar Fragen \u00fcber seine langj\u00e4hrige T\u00e4tigkeit am DFG zu stellen.","robots":{"index":"index","follow":"follow","max-snippet":"max-snippet:-1","max-image-preview":"max-image-preview:large","max-video-preview":"max-video-preview:-1"},"canonical":"https:\/\/www.camaeleon.org\/de\/2022\/12\/27\/abschied-von-herrn-glasen\/","og_locale":"de_DE","og_type":"article","og_title":"Vom Bergbau in den Schuldienst: Abschieds-Interview mit Herrn Glasen - Cam\u00e4l\u00e9on","og_description":"Cam\u00e4l\u00e9on hat den DFG Hausmeister Herr Glasen besucht, um ihm ein paar Fragen \u00fcber seine langj\u00e4hrige T\u00e4tigkeit am DFG zu stellen.","og_url":"https:\/\/www.camaeleon.org\/de\/2022\/12\/27\/abschied-von-herrn-glasen\/","og_site_name":"Cam\u00e4l\u00e9on","article_publisher":"https:\/\/www.facebook.com\/camaeleon.org\/","article_published_time":"2022-12-27T14:18:35+00:00","article_modified_time":"2023-03-31T09:44:41+00:00","og_image":[{"width":2000,"height":1126,"url":"https:\/\/www.camaeleon.org\/wp-content\/uploads\/2022\/12\/WhatsApp-Bild-2022-12-19-um-13.27.55.jpg","type":"image\/jpeg"}],"author":"Max Ernst, Arto Tchalikian","twitter_card":"summary_large_image","twitter_creator":"@camaeleonOrg","twitter_site":"@camaeleonOrg","schema":{"@context":"https:\/\/schema.org","@graph":[{"@type":"Article","@id":"https:\/\/www.camaeleon.org\/2022\/12\/27\/abschied-von-herrn-glasen\/#article","isPartOf":{"@id":"https:\/\/www.camaeleon.org\/2022\/12\/27\/abschied-von-herrn-glasen\/"},"author":{"name":"Max Ernst","@id":"https:\/\/www.camaeleon.org\/de\/#\/schema\/person\/052ee327c421b495af4657a44187a959"},"headline":"Vom Bergbau in den Schuldienst: Abschieds-Interview mit Herrn Glasen","datePublished":"2022-12-27T14:18:35+00:00","dateModified":"2023-03-31T09:44:41+00:00","mainEntityOfPage":{"@id":"https:\/\/www.camaeleon.org\/2022\/12\/27\/abschied-von-herrn-glasen\/"},"wordCount":226,"commentCount":0,"publisher":{"@id":"https:\/\/www.camaeleon.org\/de\/#organization"},"image":{"@id":"https:\/\/www.camaeleon.org\/2022\/12\/27\/abschied-von-herrn-glasen\/#primaryimage"},"thumbnailUrl":"https:\/\/www.camaeleon.org\/wp-content\/uploads\/2022\/12\/WhatsApp-Bild-2022-12-19-um-13.27.55.jpg","keywords":["Harro Glasen","Hausmeister","Schulgeb\u00e4ude"],"articleSection":["Schule","Video"],"inLanguage":"de","potentialAction":[{"@type":"CommentAction","name":"Comment","target":["https:\/\/www.camaeleon.org\/2022\/12\/27\/abschied-von-herrn-glasen\/#respond"]}]},{"@type":"WebPage","@id":"https:\/\/www.camaeleon.org\/de\/2022\/12\/27\/abschied-von-herrn-glasen\/","url":"https:\/\/www.camaeleon.org\/de\/2022\/12\/27\/abschied-von-herrn-glasen\/","name":"Vom Bergbau in den Schuldienst: Abschieds-Interview mit Herrn Glasen - Cam\u00e4l\u00e9on","isPartOf":{"@id":"https:\/\/www.camaeleon.org\/de\/#website"},"primaryImageOfPage":{"@id":"https:\/\/www.camaeleon.org\/de\/2022\/12\/27\/abschied-von-herrn-glasen\/#primaryimage"},"image":{"@id":"https:\/\/www.camaeleon.org\/2022\/12\/27\/abschied-von-herrn-glasen\/#primaryimage"},"thumbnailUrl":"https:\/\/www.camaeleon.org\/wp-content\/uploads\/2022\/12\/WhatsApp-Bild-2022-12-19-um-13.27.55.jpg","datePublished":"2022-12-27T14:18:35+00:00","dateModified":"2023-03-31T09:44:41+00:00","description":"Cam\u00e4l\u00e9on hat den DFG Hausmeister Herr Glasen besucht, um ihm ein paar Fragen \u00fcber seine langj\u00e4hrige T\u00e4tigkeit am DFG zu stellen.","breadcrumb":{"@id":"https:\/\/www.camaeleon.org\/de\/2022\/12\/27\/abschied-von-herrn-glasen\/#breadcrumb"},"inLanguage":"de","potentialAction":[{"@type":"ReadAction","target":[["https:\/\/www.camaeleon.org\/de\/2022\/12\/27\/abschied-von-herrn-glasen\/"]]}]},{"@type":"ImageObject","inLanguage":"de","@id":"https:\/\/www.camaeleon.org\/de\/2022\/12\/27\/abschied-von-herrn-glasen\/#primaryimage","url":"https:\/\/www.camaeleon.org\/wp-content\/uploads\/2022\/12\/WhatsApp-Bild-2022-12-19-um-13.27.55.jpg","contentUrl":"https:\/\/www.camaeleon.org\/wp-content\/uploads\/2022\/12\/WhatsApp-Bild-2022-12-19-um-13.27.55.jpg","width":2000,"height":1126,"caption":"Foto: Ernst \/ Cam\u00e4l\u00e9on"},{"@type":"BreadcrumbList","@id":"https:\/\/www.camaeleon.org\/de\/2022\/12\/27\/abschied-von-herrn-glasen\/#breadcrumb","itemListElement":[{"@type":"ListItem","position":1,"name":"Home","item":"https:\/\/www.camaeleon.org\/de\/"},{"@type":"ListItem","position":2,"name":"De la mine \u00e0 l&rsquo;\u00e9cole : interview d&rsquo;adieu de M. Glasen"}]},{"@type":"WebSite","@id":"https:\/\/www.camaeleon.org\/de\/#website","url":"https:\/\/www.camaeleon.org\/de\/","name":"Cam\u00e4l\u00e9on","description":"Das Sch\u00fclermagazin des Deutsch-Franz\u00f6sischen Gymnasiums Saarbr\u00fccken","publisher":{"@id":"https:\/\/www.camaeleon.org\/de\/#organization"},"potentialAction":[{"@type":"SearchAction","target":{"@type":"EntryPoint","urlTemplate":"https:\/\/www.camaeleon.org\/de\/?s={search_term_string}"},"query-input":{"@type":"PropertyValueSpecification","valueRequired":true,"valueName":"search_term_string"}}],"inLanguage":"de"},{"@type":"Organization","@id":"https:\/\/www.camaeleon.org\/de\/#organization","name":"Cam\u00e4l\u00e9on","url":"https:\/\/www.camaeleon.org\/de\/","logo":{"@type":"ImageObject","inLanguage":"de","@id":"https:\/\/www.camaeleon.org\/de\/#\/schema\/logo\/image\/","url":"https:\/\/www.camaeleon.org\/wp-content\/uploads\/2011\/11\/CAM\u00c4LEON.jpg","contentUrl":"https:\/\/www.camaeleon.org\/wp-content\/uploads\/2011\/11\/CAM\u00c4LEON.jpg","width":959,"height":959,"caption":"Cam\u00e4l\u00e9on"},"image":{"@id":"https:\/\/www.camaeleon.org\/de\/#\/schema\/logo\/image\/"},"sameAs":["https:\/\/www.facebook.com\/camaeleon.org\/","https:\/\/x.com\/camaeleonOrg","https:\/\/www.instagram.com\/camaeleon.dfg\/","https:\/\/www.youtube.com\/channel\/UCl3TAUDdGuu_c7CD6ax6hYg"]},{"@type":"Person","@id":"https:\/\/www.camaeleon.org\/de\/#\/schema\/person\/052ee327c421b495af4657a44187a959","name":"Max Ernst","image":{"@type":"ImageObject","inLanguage":"de","@id":"https:\/\/www.camaeleon.org\/de\/wp-content\/uploads\/2024\/01\/IMG-20231204-WA0001-01-150x150.jpeg3fc50e401fd745f06a8339d74db41d5e","url":"https:\/\/www.camaeleon.org\/wp-content\/uploads\/2024\/01\/IMG-20231204-WA0001-01-150x150.jpeg","contentUrl":"https:\/\/www.camaeleon.org\/wp-content\/uploads\/2024\/01\/IMG-20231204-WA0001-01-150x150.jpeg","caption":"Max Ernst"},"description":"Hi! Ich bin Max Ernst, 16 Jahre alt, seit 2017 bei Cam\u00e4l\u00e9on dabei und gehe in die Klasse Tle ES. Meine Interessen sind Fotografie, Musik und alles Aktuelle. Mehr \u00fcber mich: www.maxmernst.de.","sameAs":["http:\/\/www.maxmernst.de"],"url":"https:\/\/www.camaeleon.org\/de\/author\/max-ernst\/"}]}},"_links":{"self":[{"href":"https:\/\/www.camaeleon.org\/de\/wp-json\/wp\/v2\/posts\/27840","targetHints":{"allow":["GET"]}}],"collection":[{"href":"https:\/\/www.camaeleon.org\/de\/wp-json\/wp\/v2\/posts"}],"about":[{"href":"https:\/\/www.camaeleon.org\/de\/wp-json\/wp\/v2\/types\/post"}],"author":[{"embeddable":true,"href":"https:\/\/www.camaeleon.org\/de\/wp-json\/wp\/v2\/users\/128"}],"replies":[{"embeddable":true,"href":"https:\/\/www.camaeleon.org\/de\/wp-json\/wp\/v2\/comments?post=27840"}],"version-history":[{"count":8,"href":"https:\/\/www.camaeleon.org\/de\/wp-json\/wp\/v2\/posts\/27840\/revisions"}],"predecessor-version":[{"id":28682,"href":"https:\/\/www.camaeleon.org\/de\/wp-json\/wp\/v2\/posts\/27840\/revisions\/28682"}],"wp:featuredmedia":[{"embeddable":true,"href":"https:\/\/www.camaeleon.org\/de\/wp-json\/wp\/v2\/media\/27927"}],"wp:attachment":[{"href":"https:\/\/www.camaeleon.org\/de\/wp-json\/wp\/v2\/media?parent=27840"}],"wp:term":[{"taxonomy":"category","embeddable":true,"href":"https:\/\/www.camaeleon.org\/de\/wp-json\/wp\/v2\/categories?post=27840"},{"taxonomy":"post_tag","embeddable":true,"href":"https:\/\/www.camaeleon.org\/de\/wp-json\/wp\/v2\/tags?post=27840"},{"taxonomy":"author","embeddable":true,"href":"https:\/\/www.camaeleon.org\/de\/wp-json\/wp\/v2\/coauthors?post=27840"}],"curies":[{"name":"wp","href":"https:\/\/api.w.org\/{rel}","templated":true}]}}