{"id":27580,"date":"2022-11-20T23:20:26","date_gmt":"2022-11-20T22:20:26","guid":{"rendered":"https:\/\/www.camaeleon.org\/?p=27580"},"modified":"2023-10-18T23:50:07","modified_gmt":"2023-10-18T21:50:07","slug":"wm-in-katar-abpfiff-fuer-menschenrechte","status":"publish","type":"post","link":"https:\/\/www.camaeleon.org\/de\/2022\/11\/20\/wm-in-katar-abpfiff-fuer-menschenrechte\/","title":{"rendered":"WM in Katar: Abpfiff f\u00fcr Menschenrechte?"},"content":{"rendered":"<p>Ab heute rollt der Ball. In der W\u00fcste. Ab heute feuern wieder Fans ihre Nationalmannschaften an- vor den Fernsehern oder sogar in den neugebauten prunkvollen Stadien in Katar.<\/p>\n<p>Doch unter welchen Bedingungen sind beispielsweise die Austragungsorte entstanden? Wer tr\u00e4gt die Last f\u00fcr diese WM? \u00dcber die aktuelle Menschenrechtssituation hat Cam\u00e4l\u00e9on-Redakteur Julian Bidot mit Max Meissauer von Amnesty Saarbr\u00fccken gesprochen. Jens Grittner vom Deutschen Fu\u00dfball-Bund erl\u00e4uterte im Interview den Standpunkt aus Sicht des DFB.\u00a0Au\u00dferdem wurden Sch\u00fclerinnen und Sch\u00fcler am DFG zu ihrer Meinung zur WM in Katar befragt.<\/p>\n<p>&nbsp;<\/p>\n<div class=\"lyte-wrapper\" style=\"width:1280px;max-width:100%;margin:5px auto;\"><div class=\"lyMe hidef\" id=\"WYL_rKf2f8Q0tYU\"><div id=\"lyte_rKf2f8Q0tYU\" data-src=\"https:\/\/www.camaeleon.org\/wp-content\/plugins\/wp-youtube-lyte\/lyteCache.php?origThumbUrl=%2F%2Fi.ytimg.com%2Fvi%2FrKf2f8Q0tYU%2Fhqdefault.jpg\" class=\"pL\"><div class=\"tC\"><div class=\"tT\"><\/div><\/div><div class=\"play\"><\/div><div class=\"ctrl\"><div class=\"Lctrl\"><\/div><div class=\"Rctrl\"><\/div><\/div><\/div><noscript><a href=\"https:\/\/youtu.be\/rKf2f8Q0tYU\" rel=\"nofollow\"><img loading=\"lazy\" decoding=\"async\" src=\"https:\/\/www.camaeleon.org\/wp-content\/plugins\/wp-youtube-lyte\/lyteCache.php?origThumbUrl=https%3A%2F%2Fi.ytimg.com%2Fvi%2FrKf2f8Q0tYU%2F0.jpg\" alt=\"YouTube-Video-Vorschaubild\" width=\"1280\" height=\"700\" \/><br \/>Dieses Video auf YouTube ansehen<\/a><\/noscript><\/div><\/div><div class=\"lL\" style=\"max-width:100%;width:1280px;margin:5px auto;\"><br\/><span class=\"lyte_disclaimer\">Mit dem Klick auf das Video wird eine Verbindung zu YouTube hergestellt. Weitere Infos in der <a href=\"https:\/\/www.camaeleon.org\/de\/mentions-legales\/declaration-de-protection-des-donnees\/\">Datenschutzerkl\u00e4rung<\/a>.<\/span><\/div><\/p>\n<p>&nbsp;<\/p>\n<p>Auch die einzelnen Interviews mit Max Meissauer (Amnesty Saarbr\u00fccken) und Jens Grittner (DFB) sind auf unserem YouTube-Kanal zu finden:<\/p>\n<div class=\"lyte-wrapper\" style=\"width:1280px;max-width:100%;margin:5px auto;\"><div class=\"lyMe hidef\" id=\"WYL_r8lBSqy08hI\"><div id=\"lyte_r8lBSqy08hI\" data-src=\"https:\/\/www.camaeleon.org\/wp-content\/plugins\/wp-youtube-lyte\/lyteCache.php?origThumbUrl=%2F%2Fi.ytimg.com%2Fvi%2Fr8lBSqy08hI%2Fhqdefault.jpg\" class=\"pL\"><div class=\"tC\"><div class=\"tT\"><\/div><\/div><div class=\"play\"><\/div><div class=\"ctrl\"><div class=\"Lctrl\"><\/div><div class=\"Rctrl\"><\/div><\/div><\/div><noscript><a href=\"https:\/\/youtu.be\/r8lBSqy08hI\" rel=\"nofollow\"><img loading=\"lazy\" decoding=\"async\" src=\"https:\/\/www.camaeleon.org\/wp-content\/plugins\/wp-youtube-lyte\/lyteCache.php?origThumbUrl=https%3A%2F%2Fi.ytimg.com%2Fvi%2Fr8lBSqy08hI%2F0.jpg\" alt=\"YouTube-Video-Vorschaubild\" width=\"1280\" height=\"700\" \/><br \/>Dieses Video auf YouTube ansehen<\/a><\/noscript><\/div><\/div><div class=\"lL\" style=\"max-width:100%;width:1280px;margin:5px auto;\"><br\/><span class=\"lyte_disclaimer\">Mit dem Klick auf das Video wird eine Verbindung zu YouTube hergestellt. Weitere Infos in der <a href=\"https:\/\/www.camaeleon.org\/de\/mentions-legales\/declaration-de-protection-des-donnees\/\">Datenschutzerkl\u00e4rung<\/a>.<\/span><\/div><\/p>\n<div class=\"lyte-wrapper\" style=\"width:1280px;max-width:100%;margin:5px auto;\"><div class=\"lyMe hidef\" id=\"WYL_jHzK5xIGUFA\"><div id=\"lyte_jHzK5xIGUFA\" data-src=\"https:\/\/www.camaeleon.org\/wp-content\/plugins\/wp-youtube-lyte\/lyteCache.php?origThumbUrl=%2F%2Fi.ytimg.com%2Fvi%2FjHzK5xIGUFA%2Fhqdefault.jpg\" class=\"pL\"><div class=\"tC\"><div class=\"tT\"><\/div><\/div><div class=\"play\"><\/div><div class=\"ctrl\"><div class=\"Lctrl\"><\/div><div class=\"Rctrl\"><\/div><\/div><\/div><noscript><a href=\"https:\/\/youtu.be\/jHzK5xIGUFA\" rel=\"nofollow\"><img loading=\"lazy\" decoding=\"async\" src=\"https:\/\/www.camaeleon.org\/wp-content\/plugins\/wp-youtube-lyte\/lyteCache.php?origThumbUrl=https%3A%2F%2Fi.ytimg.com%2Fvi%2FjHzK5xIGUFA%2F0.jpg\" alt=\"YouTube-Video-Vorschaubild\" width=\"1280\" height=\"700\" \/><br \/>Dieses Video auf YouTube ansehen<\/a><\/noscript><\/div><\/div><div class=\"lL\" style=\"max-width:100%;width:1280px;margin:5px auto;\"><br\/><span class=\"lyte_disclaimer\">Mit dem Klick auf das Video wird eine Verbindung zu YouTube hergestellt. Weitere Infos in der <a href=\"https:\/\/www.camaeleon.org\/de\/mentions-legales\/declaration-de-protection-des-donnees\/\">Datenschutzerkl\u00e4rung<\/a>.<\/span><\/div><\/p>\n<p>&nbsp;<\/p>\n<p>Was haltet Ihr von der WM in Katar? Schreibt es gerne in die Kommentare!<\/p>","protected":false},"excerpt":{"rendered":"<p>Ab heute rollt der Ball. In der W\u00fcste. Ab heute feuern wieder Fans ihre Nationalmannschaften an- vor den Fernsehern oder sogar in den neugebauten prunkvollen<\/p>\n","protected":false},"author":143,"featured_media":27585,"comment_status":"open","ping_status":"closed","sticky":false,"template":"","format":"standard","meta":{"colormag_page_container_layout":"default_layout","colormag_page_sidebar_layout":"default_layout","footnotes":""},"categories":[5,9,2039,908],"tags":[1345,2090,2087,405,2089,415,2088],"coauthors":[1208],"class_list":["post-27580","post","type-post","status-publish","format-standard","has-post-thumbnail","hentry","category-monde","category-sport","category-zeitlos","category-camaeleon-video","tag-amnesty-international","tag-boykott","tag-dfb","tag-fussball","tag-katar","tag-menschenrechte","tag-wm"],"yoast_head":"<!-- This site is optimized with the Yoast SEO plugin v27.5 - https:\/\/yoast.com\/product\/yoast-seo-wordpress\/ -->\n<title>WM in Katar: Abpfiff f\u00fcr Menschenrechte? - Cam\u00e4l\u00e9on<\/title>\n<meta name=\"description\" content=\"Ab heute feuern wieder Fans ihre Nationalmannschaften an. Doch unter welchen Bedingungen sind beispielsweise die Austragungsorte entstanden?\" \/>\n<meta name=\"robots\" content=\"index, follow, max-snippet:-1, max-image-preview:large, max-video-preview:-1\" \/>\n<link rel=\"canonical\" href=\"https:\/\/www.camaeleon.org\/de\/2022\/11\/20\/wm-in-katar-abpfiff-fuer-menschenrechte\/\" \/>\n<meta property=\"og:locale\" content=\"de_DE\" \/>\n<meta property=\"og:type\" content=\"article\" \/>\n<meta property=\"og:title\" content=\"WM in Katar: Abpfiff f\u00fcr Menschenrechte? - Cam\u00e4l\u00e9on\" \/>\n<meta property=\"og:description\" content=\"Ab heute feuern wieder Fans ihre Nationalmannschaften an. Doch unter welchen Bedingungen sind beispielsweise die Austragungsorte entstanden?\" \/>\n<meta property=\"og:url\" content=\"https:\/\/www.camaeleon.org\/de\/2022\/11\/20\/wm-in-katar-abpfiff-fuer-menschenrechte\/\" \/>\n<meta property=\"og:site_name\" content=\"Cam\u00e4l\u00e9on\" \/>\n<meta property=\"article:publisher\" content=\"https:\/\/www.facebook.com\/camaeleon.org\/\" \/>\n<meta property=\"article:published_time\" content=\"2022-11-20T22:20:26+00:00\" \/>\n<meta property=\"article:modified_time\" content=\"2023-10-18T21:50:07+00:00\" \/>\n<meta property=\"og:image\" content=\"https:\/\/www.camaeleon.org\/wp-content\/uploads\/2022\/11\/soccer-g06401b97c_1920.jpg\" \/>\n\t<meta property=\"og:image:width\" content=\"1920\" \/>\n\t<meta property=\"og:image:height\" content=\"1280\" \/>\n\t<meta property=\"og:image:type\" content=\"image\/jpeg\" \/>\n<meta name=\"author\" content=\"Julian Bidot\" \/>\n<meta name=\"twitter:card\" content=\"summary_large_image\" \/>\n<meta name=\"twitter:creator\" content=\"@camaeleonOrg\" \/>\n<meta name=\"twitter:site\" content=\"@camaeleonOrg\" \/>\n<script type=\"application\/ld+json\" class=\"yoast-schema-graph\">{\"@context\":\"https:\\\/\\\/schema.org\",\"@graph\":[{\"@type\":\"Article\",\"@id\":\"https:\\\/\\\/www.camaeleon.org\\\/2022\\\/11\\\/20\\\/wm-in-katar-abpfiff-fuer-menschenrechte\\\/#article\",\"isPartOf\":{\"@id\":\"https:\\\/\\\/www.camaeleon.org\\\/2022\\\/11\\\/20\\\/wm-in-katar-abpfiff-fuer-menschenrechte\\\/\"},\"author\":{\"name\":\"Julian Bidot\",\"@id\":\"https:\\\/\\\/www.camaeleon.org\\\/de\\\/#\\\/schema\\\/person\\\/4df212263ca8d70a0a60b3cdf9cb792e\"},\"headline\":\"WM in Katar: Abpfiff f\u00fcr Menschenrechte?\",\"datePublished\":\"2022-11-20T22:20:26+00:00\",\"dateModified\":\"2023-10-18T21:50:07+00:00\",\"mainEntityOfPage\":{\"@id\":\"https:\\\/\\\/www.camaeleon.org\\\/2022\\\/11\\\/20\\\/wm-in-katar-abpfiff-fuer-menschenrechte\\\/\"},\"wordCount\":552,\"commentCount\":0,\"publisher\":{\"@id\":\"https:\\\/\\\/www.camaeleon.org\\\/de\\\/#organization\"},\"image\":{\"@id\":\"https:\\\/\\\/www.camaeleon.org\\\/2022\\\/11\\\/20\\\/wm-in-katar-abpfiff-fuer-menschenrechte\\\/#primaryimage\"},\"thumbnailUrl\":\"https:\\\/\\\/www.camaeleon.org\\\/wp-content\\\/uploads\\\/2022\\\/11\\\/soccer-g06401b97c_1920.jpg\",\"keywords\":[\"Amnesty International\",\"Boykott\",\"DFB\",\"Fu\u00dfball\",\"Katar\",\"Menschenrechte\",\"WM\"],\"articleSection\":[\"Welt\",\"Sport\",\"Zeitlos\",\"Video\"],\"inLanguage\":\"de\",\"potentialAction\":[{\"@type\":\"CommentAction\",\"name\":\"Comment\",\"target\":[\"https:\\\/\\\/www.camaeleon.org\\\/2022\\\/11\\\/20\\\/wm-in-katar-abpfiff-fuer-menschenrechte\\\/#respond\"]}]},{\"@type\":\"WebPage\",\"@id\":\"https:\\\/\\\/www.camaeleon.org\\\/de\\\/2022\\\/11\\\/20\\\/wm-in-katar-abpfiff-fuer-menschenrechte\\\/\",\"url\":\"https:\\\/\\\/www.camaeleon.org\\\/de\\\/2022\\\/11\\\/20\\\/wm-in-katar-abpfiff-fuer-menschenrechte\\\/\",\"name\":\"WM in Katar: Abpfiff f\u00fcr Menschenrechte? - Cam\u00e4l\u00e9on\",\"isPartOf\":{\"@id\":\"https:\\\/\\\/www.camaeleon.org\\\/de\\\/#website\"},\"primaryImageOfPage\":{\"@id\":\"https:\\\/\\\/www.camaeleon.org\\\/de\\\/2022\\\/11\\\/20\\\/wm-in-katar-abpfiff-fuer-menschenrechte\\\/#primaryimage\"},\"image\":{\"@id\":\"https:\\\/\\\/www.camaeleon.org\\\/2022\\\/11\\\/20\\\/wm-in-katar-abpfiff-fuer-menschenrechte\\\/#primaryimage\"},\"thumbnailUrl\":\"https:\\\/\\\/www.camaeleon.org\\\/wp-content\\\/uploads\\\/2022\\\/11\\\/soccer-g06401b97c_1920.jpg\",\"datePublished\":\"2022-11-20T22:20:26+00:00\",\"dateModified\":\"2023-10-18T21:50:07+00:00\",\"description\":\"Ab heute feuern wieder Fans ihre Nationalmannschaften an. Doch unter welchen Bedingungen sind beispielsweise die Austragungsorte entstanden?\",\"breadcrumb\":{\"@id\":\"https:\\\/\\\/www.camaeleon.org\\\/de\\\/2022\\\/11\\\/20\\\/wm-in-katar-abpfiff-fuer-menschenrechte\\\/#breadcrumb\"},\"inLanguage\":\"de\",\"potentialAction\":[{\"@type\":\"ReadAction\",\"target\":[[\"https:\\\/\\\/www.camaeleon.org\\\/de\\\/2022\\\/11\\\/20\\\/wm-in-katar-abpfiff-fuer-menschenrechte\\\/\"]]}]},{\"@type\":\"ImageObject\",\"inLanguage\":\"de\",\"@id\":\"https:\\\/\\\/www.camaeleon.org\\\/de\\\/2022\\\/11\\\/20\\\/wm-in-katar-abpfiff-fuer-menschenrechte\\\/#primaryimage\",\"url\":\"https:\\\/\\\/www.camaeleon.org\\\/wp-content\\\/uploads\\\/2022\\\/11\\\/soccer-g06401b97c_1920.jpg\",\"contentUrl\":\"https:\\\/\\\/www.camaeleon.org\\\/wp-content\\\/uploads\\\/2022\\\/11\\\/soccer-g06401b97c_1920.jpg\",\"width\":1920,\"height\":1280,\"caption\":\"WM in Katar (Symbolbild - planet_fox \\\/ pixabay.com)\"},{\"@type\":\"BreadcrumbList\",\"@id\":\"https:\\\/\\\/www.camaeleon.org\\\/de\\\/2022\\\/11\\\/20\\\/wm-in-katar-abpfiff-fuer-menschenrechte\\\/#breadcrumb\",\"itemListElement\":[{\"@type\":\"ListItem\",\"position\":1,\"name\":\"Home\",\"item\":\"https:\\\/\\\/www.camaeleon.org\\\/de\\\/\"},{\"@type\":\"ListItem\",\"position\":2,\"name\":\"WM in Katar: Abpfiff f\u00fcr Menschenrechte?\"}]},{\"@type\":\"WebSite\",\"@id\":\"https:\\\/\\\/www.camaeleon.org\\\/de\\\/#website\",\"url\":\"https:\\\/\\\/www.camaeleon.org\\\/de\\\/\",\"name\":\"Cam\u00e4l\u00e9on\",\"description\":\"Das Sch\u00fclermagazin des Deutsch-Franz\u00f6sischen Gymnasiums Saarbr\u00fccken\",\"publisher\":{\"@id\":\"https:\\\/\\\/www.camaeleon.org\\\/de\\\/#organization\"},\"potentialAction\":[{\"@type\":\"SearchAction\",\"target\":{\"@type\":\"EntryPoint\",\"urlTemplate\":\"https:\\\/\\\/www.camaeleon.org\\\/de\\\/?s={search_term_string}\"},\"query-input\":{\"@type\":\"PropertyValueSpecification\",\"valueRequired\":true,\"valueName\":\"search_term_string\"}}],\"inLanguage\":\"de\"},{\"@type\":\"Organization\",\"@id\":\"https:\\\/\\\/www.camaeleon.org\\\/de\\\/#organization\",\"name\":\"Cam\u00e4l\u00e9on\",\"url\":\"https:\\\/\\\/www.camaeleon.org\\\/de\\\/\",\"logo\":{\"@type\":\"ImageObject\",\"inLanguage\":\"de\",\"@id\":\"https:\\\/\\\/www.camaeleon.org\\\/de\\\/#\\\/schema\\\/logo\\\/image\\\/\",\"url\":\"https:\\\/\\\/www.camaeleon.org\\\/wp-content\\\/uploads\\\/2011\\\/11\\\/CAM\u00c4LEON.jpg\",\"contentUrl\":\"https:\\\/\\\/www.camaeleon.org\\\/wp-content\\\/uploads\\\/2011\\\/11\\\/CAM\u00c4LEON.jpg\",\"width\":959,\"height\":959,\"caption\":\"Cam\u00e4l\u00e9on\"},\"image\":{\"@id\":\"https:\\\/\\\/www.camaeleon.org\\\/de\\\/#\\\/schema\\\/logo\\\/image\\\/\"},\"sameAs\":[\"https:\\\/\\\/www.facebook.com\\\/camaeleon.org\\\/\",\"https:\\\/\\\/x.com\\\/camaeleonOrg\",\"https:\\\/\\\/www.instagram.com\\\/camaeleon.dfg\\\/\",\"https:\\\/\\\/www.youtube.com\\\/channel\\\/UCl3TAUDdGuu_c7CD6ax6hYg\"]},{\"@type\":\"Person\",\"@id\":\"https:\\\/\\\/www.camaeleon.org\\\/de\\\/#\\\/schema\\\/person\\\/4df212263ca8d70a0a60b3cdf9cb792e\",\"name\":\"Julian Bidot\",\"image\":{\"@type\":\"ImageObject\",\"inLanguage\":\"de\",\"@id\":\"https:\\\/\\\/www.camaeleon.org\\\/de\\\/wp-content\\\/uploads\\\/2020\\\/12\\\/julian.jpgeeb77fb6f9ba90c8300a9123a3909722\",\"url\":\"https:\\\/\\\/www.camaeleon.org\\\/wp-content\\\/uploads\\\/2020\\\/12\\\/julian.jpg\",\"contentUrl\":\"https:\\\/\\\/www.camaeleon.org\\\/wp-content\\\/uploads\\\/2020\\\/12\\\/julian.jpg\",\"caption\":\"Julian Bidot\"},\"description\":\"Hallo! Ich bin Julian und 18 Jahre alt. Seit 2020 bin ich bei Cam\u00e4l\u00e9on aktiv. Gerade Politik interessiert mich sehr; aber auch Ver\u00e4nderungen an unserer Schule bzw. in der Region. Mittlerweile gehe ich in die TL. Schreibt mir gerne Kommentare oder eine Mail! Viel Spa\u00df auf Cam\u00e4l\u00e9on!\",\"url\":\"https:\\\/\\\/www.camaeleon.org\\\/de\\\/author\\\/julian-bidot\\\/\"}]}<\/script>\n<!-- \/ Yoast SEO plugin. -->","yoast_head_json":{"title":"WM in Katar: Abpfiff f\u00fcr Menschenrechte? - Cam\u00e4l\u00e9on","description":"Ab heute feuern wieder Fans ihre Nationalmannschaften an. Doch unter welchen Bedingungen sind beispielsweise die Austragungsorte entstanden?","robots":{"index":"index","follow":"follow","max-snippet":"max-snippet:-1","max-image-preview":"max-image-preview:large","max-video-preview":"max-video-preview:-1"},"canonical":"https:\/\/www.camaeleon.org\/de\/2022\/11\/20\/wm-in-katar-abpfiff-fuer-menschenrechte\/","og_locale":"de_DE","og_type":"article","og_title":"WM in Katar: Abpfiff f\u00fcr Menschenrechte? - Cam\u00e4l\u00e9on","og_description":"Ab heute feuern wieder Fans ihre Nationalmannschaften an. Doch unter welchen Bedingungen sind beispielsweise die Austragungsorte entstanden?","og_url":"https:\/\/www.camaeleon.org\/de\/2022\/11\/20\/wm-in-katar-abpfiff-fuer-menschenrechte\/","og_site_name":"Cam\u00e4l\u00e9on","article_publisher":"https:\/\/www.facebook.com\/camaeleon.org\/","article_published_time":"2022-11-20T22:20:26+00:00","article_modified_time":"2023-10-18T21:50:07+00:00","og_image":[{"width":1920,"height":1280,"url":"https:\/\/www.camaeleon.org\/wp-content\/uploads\/2022\/11\/soccer-g06401b97c_1920.jpg","type":"image\/jpeg"}],"author":"Julian Bidot","twitter_card":"summary_large_image","twitter_creator":"@camaeleonOrg","twitter_site":"@camaeleonOrg","schema":{"@context":"https:\/\/schema.org","@graph":[{"@type":"Article","@id":"https:\/\/www.camaeleon.org\/2022\/11\/20\/wm-in-katar-abpfiff-fuer-menschenrechte\/#article","isPartOf":{"@id":"https:\/\/www.camaeleon.org\/2022\/11\/20\/wm-in-katar-abpfiff-fuer-menschenrechte\/"},"author":{"name":"Julian Bidot","@id":"https:\/\/www.camaeleon.org\/de\/#\/schema\/person\/4df212263ca8d70a0a60b3cdf9cb792e"},"headline":"WM in Katar: Abpfiff f\u00fcr Menschenrechte?","datePublished":"2022-11-20T22:20:26+00:00","dateModified":"2023-10-18T21:50:07+00:00","mainEntityOfPage":{"@id":"https:\/\/www.camaeleon.org\/2022\/11\/20\/wm-in-katar-abpfiff-fuer-menschenrechte\/"},"wordCount":552,"commentCount":0,"publisher":{"@id":"https:\/\/www.camaeleon.org\/de\/#organization"},"image":{"@id":"https:\/\/www.camaeleon.org\/2022\/11\/20\/wm-in-katar-abpfiff-fuer-menschenrechte\/#primaryimage"},"thumbnailUrl":"https:\/\/www.camaeleon.org\/wp-content\/uploads\/2022\/11\/soccer-g06401b97c_1920.jpg","keywords":["Amnesty International","Boykott","DFB","Fu\u00dfball","Katar","Menschenrechte","WM"],"articleSection":["Welt","Sport","Zeitlos","Video"],"inLanguage":"de","potentialAction":[{"@type":"CommentAction","name":"Comment","target":["https:\/\/www.camaeleon.org\/2022\/11\/20\/wm-in-katar-abpfiff-fuer-menschenrechte\/#respond"]}]},{"@type":"WebPage","@id":"https:\/\/www.camaeleon.org\/de\/2022\/11\/20\/wm-in-katar-abpfiff-fuer-menschenrechte\/","url":"https:\/\/www.camaeleon.org\/de\/2022\/11\/20\/wm-in-katar-abpfiff-fuer-menschenrechte\/","name":"WM in Katar: Abpfiff f\u00fcr Menschenrechte? - Cam\u00e4l\u00e9on","isPartOf":{"@id":"https:\/\/www.camaeleon.org\/de\/#website"},"primaryImageOfPage":{"@id":"https:\/\/www.camaeleon.org\/de\/2022\/11\/20\/wm-in-katar-abpfiff-fuer-menschenrechte\/#primaryimage"},"image":{"@id":"https:\/\/www.camaeleon.org\/2022\/11\/20\/wm-in-katar-abpfiff-fuer-menschenrechte\/#primaryimage"},"thumbnailUrl":"https:\/\/www.camaeleon.org\/wp-content\/uploads\/2022\/11\/soccer-g06401b97c_1920.jpg","datePublished":"2022-11-20T22:20:26+00:00","dateModified":"2023-10-18T21:50:07+00:00","description":"Ab heute feuern wieder Fans ihre Nationalmannschaften an. Doch unter welchen Bedingungen sind beispielsweise die Austragungsorte entstanden?","breadcrumb":{"@id":"https:\/\/www.camaeleon.org\/de\/2022\/11\/20\/wm-in-katar-abpfiff-fuer-menschenrechte\/#breadcrumb"},"inLanguage":"de","potentialAction":[{"@type":"ReadAction","target":[["https:\/\/www.camaeleon.org\/de\/2022\/11\/20\/wm-in-katar-abpfiff-fuer-menschenrechte\/"]]}]},{"@type":"ImageObject","inLanguage":"de","@id":"https:\/\/www.camaeleon.org\/de\/2022\/11\/20\/wm-in-katar-abpfiff-fuer-menschenrechte\/#primaryimage","url":"https:\/\/www.camaeleon.org\/wp-content\/uploads\/2022\/11\/soccer-g06401b97c_1920.jpg","contentUrl":"https:\/\/www.camaeleon.org\/wp-content\/uploads\/2022\/11\/soccer-g06401b97c_1920.jpg","width":1920,"height":1280,"caption":"WM in Katar (Symbolbild - planet_fox \/ pixabay.com)"},{"@type":"BreadcrumbList","@id":"https:\/\/www.camaeleon.org\/de\/2022\/11\/20\/wm-in-katar-abpfiff-fuer-menschenrechte\/#breadcrumb","itemListElement":[{"@type":"ListItem","position":1,"name":"Home","item":"https:\/\/www.camaeleon.org\/de\/"},{"@type":"ListItem","position":2,"name":"WM in Katar: Abpfiff f\u00fcr Menschenrechte?"}]},{"@type":"WebSite","@id":"https:\/\/www.camaeleon.org\/de\/#website","url":"https:\/\/www.camaeleon.org\/de\/","name":"Cam\u00e4l\u00e9on","description":"Das Sch\u00fclermagazin des Deutsch-Franz\u00f6sischen Gymnasiums Saarbr\u00fccken","publisher":{"@id":"https:\/\/www.camaeleon.org\/de\/#organization"},"potentialAction":[{"@type":"SearchAction","target":{"@type":"EntryPoint","urlTemplate":"https:\/\/www.camaeleon.org\/de\/?s={search_term_string}"},"query-input":{"@type":"PropertyValueSpecification","valueRequired":true,"valueName":"search_term_string"}}],"inLanguage":"de"},{"@type":"Organization","@id":"https:\/\/www.camaeleon.org\/de\/#organization","name":"Cam\u00e4l\u00e9on","url":"https:\/\/www.camaeleon.org\/de\/","logo":{"@type":"ImageObject","inLanguage":"de","@id":"https:\/\/www.camaeleon.org\/de\/#\/schema\/logo\/image\/","url":"https:\/\/www.camaeleon.org\/wp-content\/uploads\/2011\/11\/CAM\u00c4LEON.jpg","contentUrl":"https:\/\/www.camaeleon.org\/wp-content\/uploads\/2011\/11\/CAM\u00c4LEON.jpg","width":959,"height":959,"caption":"Cam\u00e4l\u00e9on"},"image":{"@id":"https:\/\/www.camaeleon.org\/de\/#\/schema\/logo\/image\/"},"sameAs":["https:\/\/www.facebook.com\/camaeleon.org\/","https:\/\/x.com\/camaeleonOrg","https:\/\/www.instagram.com\/camaeleon.dfg\/","https:\/\/www.youtube.com\/channel\/UCl3TAUDdGuu_c7CD6ax6hYg"]},{"@type":"Person","@id":"https:\/\/www.camaeleon.org\/de\/#\/schema\/person\/4df212263ca8d70a0a60b3cdf9cb792e","name":"Julian Bidot","image":{"@type":"ImageObject","inLanguage":"de","@id":"https:\/\/www.camaeleon.org\/de\/wp-content\/uploads\/2020\/12\/julian.jpgeeb77fb6f9ba90c8300a9123a3909722","url":"https:\/\/www.camaeleon.org\/wp-content\/uploads\/2020\/12\/julian.jpg","contentUrl":"https:\/\/www.camaeleon.org\/wp-content\/uploads\/2020\/12\/julian.jpg","caption":"Julian Bidot"},"description":"Hallo! Ich bin Julian und 18 Jahre alt. Seit 2020 bin ich bei Cam\u00e4l\u00e9on aktiv. Gerade Politik interessiert mich sehr; aber auch Ver\u00e4nderungen an unserer Schule bzw. in der Region. Mittlerweile gehe ich in die TL. Schreibt mir gerne Kommentare oder eine Mail! Viel Spa\u00df auf Cam\u00e4l\u00e9on!","url":"https:\/\/www.camaeleon.org\/de\/author\/julian-bidot\/"}]}},"_links":{"self":[{"href":"https:\/\/www.camaeleon.org\/de\/wp-json\/wp\/v2\/posts\/27580","targetHints":{"allow":["GET"]}}],"collection":[{"href":"https:\/\/www.camaeleon.org\/de\/wp-json\/wp\/v2\/posts"}],"about":[{"href":"https:\/\/www.camaeleon.org\/de\/wp-json\/wp\/v2\/types\/post"}],"author":[{"embeddable":true,"href":"https:\/\/www.camaeleon.org\/de\/wp-json\/wp\/v2\/users\/143"}],"replies":[{"embeddable":true,"href":"https:\/\/www.camaeleon.org\/de\/wp-json\/wp\/v2\/comments?post=27580"}],"version-history":[{"count":5,"href":"https:\/\/www.camaeleon.org\/de\/wp-json\/wp\/v2\/posts\/27580\/revisions"}],"predecessor-version":[{"id":28670,"href":"https:\/\/www.camaeleon.org\/de\/wp-json\/wp\/v2\/posts\/27580\/revisions\/28670"}],"wp:featuredmedia":[{"embeddable":true,"href":"https:\/\/www.camaeleon.org\/de\/wp-json\/wp\/v2\/media\/27585"}],"wp:attachment":[{"href":"https:\/\/www.camaeleon.org\/de\/wp-json\/wp\/v2\/media?parent=27580"}],"wp:term":[{"taxonomy":"category","embeddable":true,"href":"https:\/\/www.camaeleon.org\/de\/wp-json\/wp\/v2\/categories?post=27580"},{"taxonomy":"post_tag","embeddable":true,"href":"https:\/\/www.camaeleon.org\/de\/wp-json\/wp\/v2\/tags?post=27580"},{"taxonomy":"author","embeddable":true,"href":"https:\/\/www.camaeleon.org\/de\/wp-json\/wp\/v2\/coauthors?post=27580"}],"curies":[{"name":"wp","href":"https:\/\/api.w.org\/{rel}","templated":true}]}}