{"id":26568,"date":"2022-06-10T15:00:22","date_gmt":"2022-06-10T13:00:22","guid":{"rendered":"https:\/\/www.camaeleon.org\/?p=26568"},"modified":"2022-07-01T22:55:12","modified_gmt":"2022-07-01T20:55:12","slug":"das-wort-der-woche-sport-und-spielefest","status":"publish","type":"post","link":"https:\/\/www.camaeleon.org\/de\/2022\/06\/10\/das-wort-der-woche-sport-und-spielefest\/","title":{"rendered":"Das Wort der Woche : #Sport-und-Spielfest"},"content":{"rendered":"<figure id=\"attachment_26611\" aria-describedby=\"caption-attachment-26611\" style=\"width: 300px\" class=\"wp-caption alignleft\"><img loading=\"lazy\" decoding=\"async\" class=\"size-medium wp-image-26611\" src=\"https:\/\/www.camaeleon.org\/wp-content\/uploads\/2022\/06\/Spielefest-300x225.jpg\" alt=\"\" width=\"300\" height=\"225\" srcset=\"https:\/\/www.camaeleon.org\/wp-content\/uploads\/2022\/06\/Spielefest-300x225.jpg 300w, https:\/\/www.camaeleon.org\/wp-content\/uploads\/2022\/06\/Spielefest-800x600.jpg 800w, https:\/\/www.camaeleon.org\/wp-content\/uploads\/2022\/06\/Spielefest-1536x1152.jpg 1536w, https:\/\/www.camaeleon.org\/wp-content\/uploads\/2022\/06\/Spielefest.jpg 2000w\" sizes=\"auto, (max-width: 300px) 100vw, 300px\" \/><figcaption id=\"caption-attachment-26611\" class=\"wp-caption-text\">Foto: Boese<\/figcaption><\/figure>\n<p>Am 9. Juni hat unser Sport- und Spielfest mal wieder nach langer Corona-bedingter Pause stattgefunden. Hurra! Die Klassen 5 bis 7 waren oben am Kieselhumes und die Klassen 8 bis 9 in der Sporthalle.<\/p>\n<p>Bei der \u201eSpiele-Olympiade\u201c der Klassen 8 und 9 an gewann die Klasse 9S3 den Wanderpokal f\u00fcr die sportlichste Klasse 2022.<\/p>\n<p>Beim &#8222;Triathlon\u201c f\u00fcr die Klassen 5 bis 7 gewannen die Klassen 5dfF, 6bff und die 7a die 8 x 100 m Klassenstaffeln, beim Tauziehen die Klassen 5c, 6a und 7a.<\/p>\n<p>Insgesamt herrschte gute Laune bei sch\u00f6nem Wetter.<\/p>\n<p><br \/>\n<\/p>\n","protected":false},"excerpt":{"rendered":"<p>Am 9. Juni hat unser Sport- und Spielfest mal wieder nach langer Corona-bedingter Pause stattgefunden. Hurra! Die Klassen 5 bis 7 waren oben am Kieselhumes<\/p>\n","protected":false},"author":159,"featured_media":26611,"comment_status":"open","ping_status":"closed","sticky":false,"template":"","format":"standard","meta":{"colormag_page_container_layout":"default_layout","colormag_page_sidebar_layout":"default_layout","footnotes":""},"categories":[3,864],"tags":[2020,2024,266],"coauthors":[1900,1933],"class_list":["post-26568","post","type-post","status-publish","format-standard","has-post-thumbnail","hentry","category-ecole","category-le-mot-de-la-semaine","tag-schulsport","tag-sport-und-spielefest","tag-sportfest"],"yoast_head":"<!-- This site is optimized with the Yoast SEO plugin v27.5 - https:\/\/yoast.com\/product\/yoast-seo-wordpress\/ -->\n<title>Das Wort der Woche : #Sport-und-Spielfest - Cam\u00e4l\u00e9on<\/title>\n<meta name=\"description\" content=\"Am 9. Juni hat unser Sport- und Spielfest am DFG nach langer Corona-bedingter Pause mal wieder stattgefunden. Hurra!\" \/>\n<meta name=\"robots\" content=\"index, follow, max-snippet:-1, max-image-preview:large, max-video-preview:-1\" \/>\n<link rel=\"canonical\" href=\"https:\/\/www.camaeleon.org\/de\/2022\/06\/10\/das-wort-der-woche-sport-und-spielefest\/\" \/>\n<meta property=\"og:locale\" content=\"de_DE\" \/>\n<meta property=\"og:type\" content=\"article\" \/>\n<meta property=\"og:title\" content=\"Das Wort der Woche : #Sport-und-Spielfest - Cam\u00e4l\u00e9on\" \/>\n<meta property=\"og:description\" content=\"Am 9. Juni hat unser Sport- und Spielfest am DFG nach langer Corona-bedingter Pause mal wieder stattgefunden. Hurra!\" \/>\n<meta property=\"og:url\" content=\"https:\/\/www.camaeleon.org\/de\/2022\/06\/10\/das-wort-der-woche-sport-und-spielefest\/\" \/>\n<meta property=\"og:site_name\" content=\"Cam\u00e4l\u00e9on\" \/>\n<meta property=\"article:publisher\" content=\"https:\/\/www.facebook.com\/camaeleon.org\/\" \/>\n<meta property=\"article:published_time\" content=\"2022-06-10T13:00:22+00:00\" \/>\n<meta property=\"article:modified_time\" content=\"2022-07-01T20:55:12+00:00\" \/>\n<meta property=\"og:image\" content=\"https:\/\/www.camaeleon.org\/wp-content\/uploads\/2022\/06\/Spielefest.jpg\" \/>\n\t<meta property=\"og:image:width\" content=\"2000\" \/>\n\t<meta property=\"og:image:height\" content=\"1500\" \/>\n\t<meta property=\"og:image:type\" content=\"image\/jpeg\" \/>\n<meta name=\"author\" content=\"Sara-Victoria Kock, Janina Riehl\" \/>\n<meta name=\"twitter:card\" content=\"summary_large_image\" \/>\n<meta name=\"twitter:creator\" content=\"@camaeleonOrg\" \/>\n<meta name=\"twitter:site\" content=\"@camaeleonOrg\" \/>\n<script type=\"application\/ld+json\" class=\"yoast-schema-graph\">{\"@context\":\"https:\\\/\\\/schema.org\",\"@graph\":[{\"@type\":\"Article\",\"@id\":\"https:\\\/\\\/www.camaeleon.org\\\/2022\\\/06\\\/10\\\/das-wort-der-woche-sport-und-spielefest\\\/#article\",\"isPartOf\":{\"@id\":\"https:\\\/\\\/www.camaeleon.org\\\/2022\\\/06\\\/10\\\/das-wort-der-woche-sport-und-spielefest\\\/\"},\"author\":{\"name\":\"Sara-Victoria Kock\",\"@id\":\"https:\\\/\\\/www.camaeleon.org\\\/de\\\/#\\\/schema\\\/person\\\/173fc95443b8f5e753fb7977bf04784e\"},\"headline\":\"Das Wort der Woche : #Sport-und-Spielfest\",\"datePublished\":\"2022-06-10T13:00:22+00:00\",\"dateModified\":\"2022-07-01T20:55:12+00:00\",\"mainEntityOfPage\":{\"@id\":\"https:\\\/\\\/www.camaeleon.org\\\/2022\\\/06\\\/10\\\/das-wort-der-woche-sport-und-spielefest\\\/\"},\"wordCount\":104,\"commentCount\":0,\"publisher\":{\"@id\":\"https:\\\/\\\/www.camaeleon.org\\\/de\\\/#organization\"},\"image\":{\"@id\":\"https:\\\/\\\/www.camaeleon.org\\\/2022\\\/06\\\/10\\\/das-wort-der-woche-sport-und-spielefest\\\/#primaryimage\"},\"thumbnailUrl\":\"https:\\\/\\\/www.camaeleon.org\\\/wp-content\\\/uploads\\\/2022\\\/06\\\/Spielefest.jpg\",\"keywords\":[\"Schulsport\",\"Sport-und-Spielefest\",\"Sportfest\"],\"articleSection\":[\"Schule\",\"Das Wort der Woche\"],\"inLanguage\":\"de\",\"potentialAction\":[{\"@type\":\"CommentAction\",\"name\":\"Comment\",\"target\":[\"https:\\\/\\\/www.camaeleon.org\\\/2022\\\/06\\\/10\\\/das-wort-der-woche-sport-und-spielefest\\\/#respond\"]}]},{\"@type\":\"WebPage\",\"@id\":\"https:\\\/\\\/www.camaeleon.org\\\/de\\\/2022\\\/06\\\/10\\\/das-wort-der-woche-sport-und-spielefest\\\/\",\"url\":\"https:\\\/\\\/www.camaeleon.org\\\/de\\\/2022\\\/06\\\/10\\\/das-wort-der-woche-sport-und-spielefest\\\/\",\"name\":\"Das Wort der Woche : #Sport-und-Spielfest - Cam\u00e4l\u00e9on\",\"isPartOf\":{\"@id\":\"https:\\\/\\\/www.camaeleon.org\\\/de\\\/#website\"},\"primaryImageOfPage\":{\"@id\":\"https:\\\/\\\/www.camaeleon.org\\\/de\\\/2022\\\/06\\\/10\\\/das-wort-der-woche-sport-und-spielefest\\\/#primaryimage\"},\"image\":{\"@id\":\"https:\\\/\\\/www.camaeleon.org\\\/2022\\\/06\\\/10\\\/das-wort-der-woche-sport-und-spielefest\\\/#primaryimage\"},\"thumbnailUrl\":\"https:\\\/\\\/www.camaeleon.org\\\/wp-content\\\/uploads\\\/2022\\\/06\\\/Spielefest.jpg\",\"datePublished\":\"2022-06-10T13:00:22+00:00\",\"dateModified\":\"2022-07-01T20:55:12+00:00\",\"description\":\"Am 9. Juni hat unser Sport- und Spielfest am DFG nach langer Corona-bedingter Pause mal wieder stattgefunden. Hurra!\",\"breadcrumb\":{\"@id\":\"https:\\\/\\\/www.camaeleon.org\\\/de\\\/2022\\\/06\\\/10\\\/das-wort-der-woche-sport-und-spielefest\\\/#breadcrumb\"},\"inLanguage\":\"de\",\"potentialAction\":[{\"@type\":\"ReadAction\",\"target\":[[\"https:\\\/\\\/www.camaeleon.org\\\/de\\\/2022\\\/06\\\/10\\\/das-wort-der-woche-sport-und-spielefest\\\/\"]]}]},{\"@type\":\"ImageObject\",\"inLanguage\":\"de\",\"@id\":\"https:\\\/\\\/www.camaeleon.org\\\/de\\\/2022\\\/06\\\/10\\\/das-wort-der-woche-sport-und-spielefest\\\/#primaryimage\",\"url\":\"https:\\\/\\\/www.camaeleon.org\\\/wp-content\\\/uploads\\\/2022\\\/06\\\/Spielefest.jpg\",\"contentUrl\":\"https:\\\/\\\/www.camaeleon.org\\\/wp-content\\\/uploads\\\/2022\\\/06\\\/Spielefest.jpg\",\"width\":2000,\"height\":1500,\"caption\":\"Foto: Boese\"},{\"@type\":\"BreadcrumbList\",\"@id\":\"https:\\\/\\\/www.camaeleon.org\\\/de\\\/2022\\\/06\\\/10\\\/das-wort-der-woche-sport-und-spielefest\\\/#breadcrumb\",\"itemListElement\":[{\"@type\":\"ListItem\",\"position\":1,\"name\":\"Home\",\"item\":\"https:\\\/\\\/www.camaeleon.org\\\/de\\\/\"},{\"@type\":\"ListItem\",\"position\":2,\"name\":\"Das Wort der Woche : #Sport-und-Spielfest\"}]},{\"@type\":\"WebSite\",\"@id\":\"https:\\\/\\\/www.camaeleon.org\\\/de\\\/#website\",\"url\":\"https:\\\/\\\/www.camaeleon.org\\\/de\\\/\",\"name\":\"Cam\u00e4l\u00e9on\",\"description\":\"Das Sch\u00fclermagazin des Deutsch-Franz\u00f6sischen Gymnasiums Saarbr\u00fccken\",\"publisher\":{\"@id\":\"https:\\\/\\\/www.camaeleon.org\\\/de\\\/#organization\"},\"potentialAction\":[{\"@type\":\"SearchAction\",\"target\":{\"@type\":\"EntryPoint\",\"urlTemplate\":\"https:\\\/\\\/www.camaeleon.org\\\/de\\\/?s={search_term_string}\"},\"query-input\":{\"@type\":\"PropertyValueSpecification\",\"valueRequired\":true,\"valueName\":\"search_term_string\"}}],\"inLanguage\":\"de\"},{\"@type\":\"Organization\",\"@id\":\"https:\\\/\\\/www.camaeleon.org\\\/de\\\/#organization\",\"name\":\"Cam\u00e4l\u00e9on\",\"url\":\"https:\\\/\\\/www.camaeleon.org\\\/de\\\/\",\"logo\":{\"@type\":\"ImageObject\",\"inLanguage\":\"de\",\"@id\":\"https:\\\/\\\/www.camaeleon.org\\\/de\\\/#\\\/schema\\\/logo\\\/image\\\/\",\"url\":\"https:\\\/\\\/www.camaeleon.org\\\/wp-content\\\/uploads\\\/2011\\\/11\\\/CAM\u00c4LEON.jpg\",\"contentUrl\":\"https:\\\/\\\/www.camaeleon.org\\\/wp-content\\\/uploads\\\/2011\\\/11\\\/CAM\u00c4LEON.jpg\",\"width\":959,\"height\":959,\"caption\":\"Cam\u00e4l\u00e9on\"},\"image\":{\"@id\":\"https:\\\/\\\/www.camaeleon.org\\\/de\\\/#\\\/schema\\\/logo\\\/image\\\/\"},\"sameAs\":[\"https:\\\/\\\/www.facebook.com\\\/camaeleon.org\\\/\",\"https:\\\/\\\/x.com\\\/camaeleonOrg\",\"https:\\\/\\\/www.instagram.com\\\/camaeleon.dfg\\\/\",\"https:\\\/\\\/www.youtube.com\\\/channel\\\/UCl3TAUDdGuu_c7CD6ax6hYg\"]},{\"@type\":\"Person\",\"@id\":\"https:\\\/\\\/www.camaeleon.org\\\/de\\\/#\\\/schema\\\/person\\\/173fc95443b8f5e753fb7977bf04784e\",\"name\":\"Sara-Victoria Kock\",\"image\":{\"@type\":\"ImageObject\",\"inLanguage\":\"de\",\"@id\":\"https:\\\/\\\/www.camaeleon.org\\\/de\\\/wp-content\\\/uploads\\\/2022\\\/04\\\/Sara-150x150.jpg5c0ec9cb9de0978329cb032f5accb6d1\",\"url\":\"https:\\\/\\\/www.camaeleon.org\\\/wp-content\\\/uploads\\\/2022\\\/04\\\/Sara-150x150.jpg\",\"contentUrl\":\"https:\\\/\\\/www.camaeleon.org\\\/wp-content\\\/uploads\\\/2022\\\/04\\\/Sara-150x150.jpg\",\"caption\":\"Sara-Victoria Kock\"},\"description\":\"Hallo! Ich bin Sara-Victoria Kock, bin 11 Jahre alt und gehe in die 5cfF. Ich interessiere mich sehr f\u00fcr andere Leute und liebe es herauszufinden, was sie gerne machen.\",\"url\":\"https:\\\/\\\/www.camaeleon.org\\\/de\\\/author\\\/sara-victoria-kock\\\/\"}]}<\/script>\n<!-- \/ Yoast SEO plugin. -->","yoast_head_json":{"title":"Das Wort der Woche : #Sport-und-Spielfest - Cam\u00e4l\u00e9on","description":"Am 9. Juni hat unser Sport- und Spielfest am DFG nach langer Corona-bedingter Pause mal wieder stattgefunden. Hurra!","robots":{"index":"index","follow":"follow","max-snippet":"max-snippet:-1","max-image-preview":"max-image-preview:large","max-video-preview":"max-video-preview:-1"},"canonical":"https:\/\/www.camaeleon.org\/de\/2022\/06\/10\/das-wort-der-woche-sport-und-spielefest\/","og_locale":"de_DE","og_type":"article","og_title":"Das Wort der Woche : #Sport-und-Spielfest - Cam\u00e4l\u00e9on","og_description":"Am 9. Juni hat unser Sport- und Spielfest am DFG nach langer Corona-bedingter Pause mal wieder stattgefunden. Hurra!","og_url":"https:\/\/www.camaeleon.org\/de\/2022\/06\/10\/das-wort-der-woche-sport-und-spielefest\/","og_site_name":"Cam\u00e4l\u00e9on","article_publisher":"https:\/\/www.facebook.com\/camaeleon.org\/","article_published_time":"2022-06-10T13:00:22+00:00","article_modified_time":"2022-07-01T20:55:12+00:00","og_image":[{"width":2000,"height":1500,"url":"https:\/\/www.camaeleon.org\/wp-content\/uploads\/2022\/06\/Spielefest.jpg","type":"image\/jpeg"}],"author":"Sara-Victoria Kock, Janina Riehl","twitter_card":"summary_large_image","twitter_creator":"@camaeleonOrg","twitter_site":"@camaeleonOrg","schema":{"@context":"https:\/\/schema.org","@graph":[{"@type":"Article","@id":"https:\/\/www.camaeleon.org\/2022\/06\/10\/das-wort-der-woche-sport-und-spielefest\/#article","isPartOf":{"@id":"https:\/\/www.camaeleon.org\/2022\/06\/10\/das-wort-der-woche-sport-und-spielefest\/"},"author":{"name":"Sara-Victoria Kock","@id":"https:\/\/www.camaeleon.org\/de\/#\/schema\/person\/173fc95443b8f5e753fb7977bf04784e"},"headline":"Das Wort der Woche : #Sport-und-Spielfest","datePublished":"2022-06-10T13:00:22+00:00","dateModified":"2022-07-01T20:55:12+00:00","mainEntityOfPage":{"@id":"https:\/\/www.camaeleon.org\/2022\/06\/10\/das-wort-der-woche-sport-und-spielefest\/"},"wordCount":104,"commentCount":0,"publisher":{"@id":"https:\/\/www.camaeleon.org\/de\/#organization"},"image":{"@id":"https:\/\/www.camaeleon.org\/2022\/06\/10\/das-wort-der-woche-sport-und-spielefest\/#primaryimage"},"thumbnailUrl":"https:\/\/www.camaeleon.org\/wp-content\/uploads\/2022\/06\/Spielefest.jpg","keywords":["Schulsport","Sport-und-Spielefest","Sportfest"],"articleSection":["Schule","Das Wort der Woche"],"inLanguage":"de","potentialAction":[{"@type":"CommentAction","name":"Comment","target":["https:\/\/www.camaeleon.org\/2022\/06\/10\/das-wort-der-woche-sport-und-spielefest\/#respond"]}]},{"@type":"WebPage","@id":"https:\/\/www.camaeleon.org\/de\/2022\/06\/10\/das-wort-der-woche-sport-und-spielefest\/","url":"https:\/\/www.camaeleon.org\/de\/2022\/06\/10\/das-wort-der-woche-sport-und-spielefest\/","name":"Das Wort der Woche : #Sport-und-Spielfest - Cam\u00e4l\u00e9on","isPartOf":{"@id":"https:\/\/www.camaeleon.org\/de\/#website"},"primaryImageOfPage":{"@id":"https:\/\/www.camaeleon.org\/de\/2022\/06\/10\/das-wort-der-woche-sport-und-spielefest\/#primaryimage"},"image":{"@id":"https:\/\/www.camaeleon.org\/2022\/06\/10\/das-wort-der-woche-sport-und-spielefest\/#primaryimage"},"thumbnailUrl":"https:\/\/www.camaeleon.org\/wp-content\/uploads\/2022\/06\/Spielefest.jpg","datePublished":"2022-06-10T13:00:22+00:00","dateModified":"2022-07-01T20:55:12+00:00","description":"Am 9. Juni hat unser Sport- und Spielfest am DFG nach langer Corona-bedingter Pause mal wieder stattgefunden. Hurra!","breadcrumb":{"@id":"https:\/\/www.camaeleon.org\/de\/2022\/06\/10\/das-wort-der-woche-sport-und-spielefest\/#breadcrumb"},"inLanguage":"de","potentialAction":[{"@type":"ReadAction","target":[["https:\/\/www.camaeleon.org\/de\/2022\/06\/10\/das-wort-der-woche-sport-und-spielefest\/"]]}]},{"@type":"ImageObject","inLanguage":"de","@id":"https:\/\/www.camaeleon.org\/de\/2022\/06\/10\/das-wort-der-woche-sport-und-spielefest\/#primaryimage","url":"https:\/\/www.camaeleon.org\/wp-content\/uploads\/2022\/06\/Spielefest.jpg","contentUrl":"https:\/\/www.camaeleon.org\/wp-content\/uploads\/2022\/06\/Spielefest.jpg","width":2000,"height":1500,"caption":"Foto: Boese"},{"@type":"BreadcrumbList","@id":"https:\/\/www.camaeleon.org\/de\/2022\/06\/10\/das-wort-der-woche-sport-und-spielefest\/#breadcrumb","itemListElement":[{"@type":"ListItem","position":1,"name":"Home","item":"https:\/\/www.camaeleon.org\/de\/"},{"@type":"ListItem","position":2,"name":"Das Wort der Woche : #Sport-und-Spielfest"}]},{"@type":"WebSite","@id":"https:\/\/www.camaeleon.org\/de\/#website","url":"https:\/\/www.camaeleon.org\/de\/","name":"Cam\u00e4l\u00e9on","description":"Das Sch\u00fclermagazin des Deutsch-Franz\u00f6sischen Gymnasiums Saarbr\u00fccken","publisher":{"@id":"https:\/\/www.camaeleon.org\/de\/#organization"},"potentialAction":[{"@type":"SearchAction","target":{"@type":"EntryPoint","urlTemplate":"https:\/\/www.camaeleon.org\/de\/?s={search_term_string}"},"query-input":{"@type":"PropertyValueSpecification","valueRequired":true,"valueName":"search_term_string"}}],"inLanguage":"de"},{"@type":"Organization","@id":"https:\/\/www.camaeleon.org\/de\/#organization","name":"Cam\u00e4l\u00e9on","url":"https:\/\/www.camaeleon.org\/de\/","logo":{"@type":"ImageObject","inLanguage":"de","@id":"https:\/\/www.camaeleon.org\/de\/#\/schema\/logo\/image\/","url":"https:\/\/www.camaeleon.org\/wp-content\/uploads\/2011\/11\/CAM\u00c4LEON.jpg","contentUrl":"https:\/\/www.camaeleon.org\/wp-content\/uploads\/2011\/11\/CAM\u00c4LEON.jpg","width":959,"height":959,"caption":"Cam\u00e4l\u00e9on"},"image":{"@id":"https:\/\/www.camaeleon.org\/de\/#\/schema\/logo\/image\/"},"sameAs":["https:\/\/www.facebook.com\/camaeleon.org\/","https:\/\/x.com\/camaeleonOrg","https:\/\/www.instagram.com\/camaeleon.dfg\/","https:\/\/www.youtube.com\/channel\/UCl3TAUDdGuu_c7CD6ax6hYg"]},{"@type":"Person","@id":"https:\/\/www.camaeleon.org\/de\/#\/schema\/person\/173fc95443b8f5e753fb7977bf04784e","name":"Sara-Victoria Kock","image":{"@type":"ImageObject","inLanguage":"de","@id":"https:\/\/www.camaeleon.org\/de\/wp-content\/uploads\/2022\/04\/Sara-150x150.jpg5c0ec9cb9de0978329cb032f5accb6d1","url":"https:\/\/www.camaeleon.org\/wp-content\/uploads\/2022\/04\/Sara-150x150.jpg","contentUrl":"https:\/\/www.camaeleon.org\/wp-content\/uploads\/2022\/04\/Sara-150x150.jpg","caption":"Sara-Victoria Kock"},"description":"Hallo! Ich bin Sara-Victoria Kock, bin 11 Jahre alt und gehe in die 5cfF. Ich interessiere mich sehr f\u00fcr andere Leute und liebe es herauszufinden, was sie gerne machen.","url":"https:\/\/www.camaeleon.org\/de\/author\/sara-victoria-kock\/"}]}},"_links":{"self":[{"href":"https:\/\/www.camaeleon.org\/de\/wp-json\/wp\/v2\/posts\/26568","targetHints":{"allow":["GET"]}}],"collection":[{"href":"https:\/\/www.camaeleon.org\/de\/wp-json\/wp\/v2\/posts"}],"about":[{"href":"https:\/\/www.camaeleon.org\/de\/wp-json\/wp\/v2\/types\/post"}],"author":[{"embeddable":true,"href":"https:\/\/www.camaeleon.org\/de\/wp-json\/wp\/v2\/users\/159"}],"replies":[{"embeddable":true,"href":"https:\/\/www.camaeleon.org\/de\/wp-json\/wp\/v2\/comments?post=26568"}],"version-history":[{"count":0,"href":"https:\/\/www.camaeleon.org\/de\/wp-json\/wp\/v2\/posts\/26568\/revisions"}],"wp:featuredmedia":[{"embeddable":true,"href":"https:\/\/www.camaeleon.org\/de\/wp-json\/wp\/v2\/media\/26611"}],"wp:attachment":[{"href":"https:\/\/www.camaeleon.org\/de\/wp-json\/wp\/v2\/media?parent=26568"}],"wp:term":[{"taxonomy":"category","embeddable":true,"href":"https:\/\/www.camaeleon.org\/de\/wp-json\/wp\/v2\/categories?post=26568"},{"taxonomy":"post_tag","embeddable":true,"href":"https:\/\/www.camaeleon.org\/de\/wp-json\/wp\/v2\/tags?post=26568"},{"taxonomy":"author","embeddable":true,"href":"https:\/\/www.camaeleon.org\/de\/wp-json\/wp\/v2\/coauthors?post=26568"}],"curies":[{"name":"wp","href":"https:\/\/api.w.org\/{rel}","templated":true}]}}