{"id":25709,"date":"2022-03-18T16:23:24","date_gmt":"2022-03-18T15:23:24","guid":{"rendered":"https:\/\/www.camaeleon.org\/?p=25709"},"modified":"2022-03-30T23:44:18","modified_gmt":"2022-03-30T21:44:18","slug":"das-wort-der-woche-geht-so-recycling","status":"publish","type":"post","link":"https:\/\/www.camaeleon.org\/de\/2022\/03\/18\/das-wort-der-woche-geht-so-recycling\/","title":{"rendered":"Das Wort der Woche: #Geht so Recycling?!"},"content":{"rendered":"<p>Heute ist Welt-Recycling-Tag. Ein Tag, der daran erinnern soll, wie wir mit unseren Ressourcen umgehen. Der <em>&#8222;Global Recycling Day&#8220;<\/em>, so im Original, soll auf die Wichtigkeit des Recyclings hinweisen.<\/p>\n<p>Gerade auch in der Zeit der Digitalisierung ist es besonders wichtig, darauf zu achten, dass diese nachhaltig abl\u00e4uft. Am DFG wurden vor kurzer Zeit die neuen digitalen Whiteboards im Auftrag des Regionalverbands durch Firmen eingebaut &#8211; und damit die alten Ger\u00e4te, wie zum Beispiel Beamer, Lautsprecher, Computer und Bildschirme abgebaut.<\/p>\n<figure id=\"attachment_25749\" aria-describedby=\"caption-attachment-25749\" style=\"width: 800px\" class=\"wp-caption aligncenter\"><img loading=\"lazy\" decoding=\"async\" class=\"wp-image-25749 size-large\" src=\"https:\/\/www.camaeleon.org\/wp-content\/uploads\/2022\/03\/IMG_0594-800x600.jpg\" alt=\"\" width=\"800\" height=\"600\" srcset=\"https:\/\/www.camaeleon.org\/wp-content\/uploads\/2022\/03\/IMG_0594-800x600.jpg 800w, https:\/\/www.camaeleon.org\/wp-content\/uploads\/2022\/03\/IMG_0594-300x225.jpg 300w, https:\/\/www.camaeleon.org\/wp-content\/uploads\/2022\/03\/IMG_0594-1536x1152.jpg 1536w, https:\/\/www.camaeleon.org\/wp-content\/uploads\/2022\/03\/IMG_0594-2048x1536.jpg 2048w\" sizes=\"auto, (max-width: 800px) 100vw, 800px\" \/><figcaption id=\"caption-attachment-25749\" class=\"wp-caption-text\">Foto: Bidot\/Cam\u00e4l\u00e9on<\/figcaption><\/figure>\n<p>Diese gr\u00f6\u00dftenteils noch funktionsf\u00e4higen Ger\u00e4te lagern momentan im Keller des Schulgeb\u00e4udes. Doch was passiert jetzt mit den teuren Ger\u00e4ten, in denen noch wertvolle Ressourcen verbaut sind? Das haben wir Lars Weber, den Pressesprecher des Regionalverbands Saarbr\u00fccken, gefragt:<\/p>\n<blockquote><p>&#8222;Die Ger\u00e4te werden zum zentralen Lager des Informations- und Medienzentrums des Regionalverbands Saarbr\u00fccken gebracht. Dort werden die Ger\u00e4te aufgearbeitet, falls n\u00f6tig repariert und die weitere Verwendbarkeit gepr\u00fcft&#8220;.<\/p><\/blockquote>\n<p style=\"text-align: left;\"><strong>Lars Weber:<\/strong> Die Ger\u00e4te werden zum zentralen Lager des Informations- und Medienzentrums des Regionalverbands Saarbr\u00fccken gebracht. Dort werden die Ger\u00e4te aufgearbeitet, falls n\u00f6tig repariert und die weitere Verwendbarkeit gepr\u00fcft. Sollte ein Ger\u00e4t zu alt und nicht mehr auf einem brauchbaren technischen Stand sein, wird es einem Recycling zugef\u00fchrt. Bei noch funktionst\u00fcchtigen und verwendbaren Ger\u00e4ten, werden diese wieder als Austauschger\u00e4te in Schulen eingesetzt oder dienen als Reserveger\u00e4te.<\/p>\n<p><strong>Cam\u00e4l\u00e9on: <\/strong>W\u00e4re es keine M\u00f6glichkeit, beispielsweise Beamer in der Schule zu behalten, um diese im Fall eines Ausfalls der Whiteboards weiter benutzen zu k\u00f6nnen?<\/p>\n<p><strong>L. Weber: <\/strong>Manche Beamer werden sogar direkt in der Schule in anderen R\u00e4umen eingesetzt und wieder montiert. Dies richtet sich nach der vorgesehenen Projektionsart im jeweiligen Raum. [&#8230;] Die besten Beamer bleiben in der zentralen Reserve oder werden am gleichen oder anderen Schulstandorten wieder eingesetzt. Ein paar Beamer stehen auch als mobile Reserve in der Schule bereit.<\/p>\n<p><strong>Cam\u00e4l\u00e9on: <\/strong>Inwiefern achtet der Regionalverband darauf, dass die Digitalisierung an Schulen umweltfreundlich stattfindet?<\/p>\n<blockquote><p>&#8222;Der Regionalverband achtet bereits bei der Ausschreibung der Produkte darauf, dass verschiedene Standards eingehalten werden&#8220;.<\/p><\/blockquote>\n<p><strong>L. Weber:<\/strong> Der Regionalverband achtet bereits bei der Ausschreibung der Produkte darauf, dass verschiedene Standards eingehalten werden. So ist der <em>EPEAT-Status* <\/em>Teil der Bewertung von Ausschreibungen, z.B. bei den mobilen Endger\u00e4ten f\u00fcr Lehrer und Sch\u00fcler. Des Weiteren wird in den Ausschreibungen auch Wert gelegt auf sogenannte Mehrfach-Verpackungen. So werden die Convertibles in 5-fach-Einheiten und die Tastaturh\u00fcllen f\u00fcr iPads in 10-fach-Einheiten geliefert. Dies erspart einen Gro\u00dfteil des Einzel-Verpackungsm\u00fclls. Auch sind in den Mehrfachverpackungen nicht noch der Beipack an Anleitungen, Hinweisen, CDs oder Werbung etc. mit drin, sondern nur das Ger\u00e4t mit Netzteil. Bei der Beschaffung der Stifte f\u00fcr die mobilen Windows- Endger\u00e4te wurde trotz h\u00f6herer Kosten der teurere Akku-Stift anstatt der g\u00fcnstigere Batterie-Stift eingekauft, um dem massenweisen Verbrauch von Batterien vorzubeugen.<\/p>\n<figure id=\"attachment_25732\" aria-describedby=\"caption-attachment-25732\" style=\"width: 860px\" class=\"wp-caption aligncenter\"><img loading=\"lazy\" decoding=\"async\" class=\"wp-image-25732 size-large\" src=\"https:\/\/www.camaeleon.org\/wp-content\/uploads\/2022\/03\/IMG_0587-880x495.jpg\" alt=\"\" width=\"860\" height=\"484\" srcset=\"https:\/\/www.camaeleon.org\/wp-content\/uploads\/2022\/03\/IMG_0587-880x495.jpg 880w, https:\/\/www.camaeleon.org\/wp-content\/uploads\/2022\/03\/IMG_0587-300x169.jpg 300w, https:\/\/www.camaeleon.org\/wp-content\/uploads\/2022\/03\/IMG_0587-1536x864.jpg 1536w, https:\/\/www.camaeleon.org\/wp-content\/uploads\/2022\/03\/IMG_0587.jpg 1600w\" sizes=\"auto, (max-width: 860px) 100vw, 860px\" \/><figcaption id=\"caption-attachment-25732\" class=\"wp-caption-text\">Lagerung der alten Ger\u00e4te am DFG\/ Foto: Cam\u00e4l\u00e9on<\/figcaption><\/figure>\n<p>Am DFG werden die alten Ger\u00e4te momentan im Keller gelagert. Allerdings liegen diese unachtsam \u00fcbereinander. Es sieht nicht wirklich so aus, als w\u00fcrde die Technik wertgesch\u00e4tzt und weiter genutzt.<\/p>\n<p>&nbsp;<\/p>\n<p><em>*Der EPEAT-Status bewertet die Anschaffung von Produkten im Bezug auf ihre Umweltfreundlichkeit.<\/em><\/p>","protected":false},"excerpt":{"rendered":"<p>Heute ist Welt-Recycling-Tag. Ein Tag, der daran erinnern soll, wie wir mit unseren Ressourcen umgehen. Der &#8222;Global Recycling Day&#8220;, so im Original, soll auf die<\/p>\n","protected":false},"author":143,"featured_media":25756,"comment_status":"open","ping_status":"closed","sticky":false,"template":"","format":"standard","meta":{"colormag_page_container_layout":"default_layout","colormag_page_sidebar_layout":"default_layout","footnotes":""},"categories":[3,864,11],"tags":[1110,1931,1927,865,1924,1932,1925,1923,1929,1930,1926,1928],"coauthors":[1208],"class_list":["post-25709","post","type-post","status-publish","format-standard","has-post-thumbnail","hentry","category-ecole","category-le-mot-de-la-semaine","category-technique","tag-digitalisierung","tag-durabilite","tag-global-recycling-day","tag-le-mot-de-la-semaine","tag-nachhaltigkeit","tag-recyclage","tag-recycling","tag-regionalverband-saarbruecken","tag-technische-geraete","tag-weiterverwendung","tag-welt-recycling-tag","tag-whiteboards"],"yoast_head":"<!-- This site is optimized with the Yoast SEO plugin v27.5 - https:\/\/yoast.com\/product\/yoast-seo-wordpress\/ -->\n<title>Das Wort der Woche: #Geht so Recycling?! - Cam\u00e4l\u00e9on<\/title>\n<meta name=\"description\" content=\"Am DFG wurden vor kurzer Zeit die neuen digitalen Whiteboards im Auftrag des Regionalverbands durch Firmen eingebaut - und damit die alten Ger\u00e4te abgebaut.\" \/>\n<meta name=\"robots\" content=\"index, follow, max-snippet:-1, max-image-preview:large, max-video-preview:-1\" \/>\n<link rel=\"canonical\" href=\"https:\/\/www.camaeleon.org\/de\/2022\/03\/18\/das-wort-der-woche-geht-so-recycling\/\" \/>\n<meta property=\"og:locale\" content=\"de_DE\" \/>\n<meta property=\"og:type\" content=\"article\" \/>\n<meta property=\"og:title\" content=\"Das Wort der Woche: #Geht so Recycling?! - Cam\u00e4l\u00e9on\" \/>\n<meta property=\"og:description\" content=\"Am DFG wurden vor kurzer Zeit die neuen digitalen Whiteboards im Auftrag des Regionalverbands durch Firmen eingebaut - und damit die alten Ger\u00e4te abgebaut.\" \/>\n<meta property=\"og:url\" content=\"https:\/\/www.camaeleon.org\/de\/2022\/03\/18\/das-wort-der-woche-geht-so-recycling\/\" \/>\n<meta property=\"og:site_name\" content=\"Cam\u00e4l\u00e9on\" \/>\n<meta property=\"article:publisher\" content=\"https:\/\/www.facebook.com\/camaeleon.org\/\" \/>\n<meta property=\"article:published_time\" content=\"2022-03-18T15:23:24+00:00\" \/>\n<meta property=\"article:modified_time\" content=\"2022-03-30T21:44:18+00:00\" \/>\n<meta property=\"og:image\" content=\"https:\/\/www.camaeleon.org\/wp-content\/uploads\/2022\/03\/WhatsApp-Image-2022-03-17-at-08.12.28.jpeg\" \/>\n\t<meta property=\"og:image:width\" content=\"1600\" \/>\n\t<meta property=\"og:image:height\" content=\"900\" \/>\n\t<meta property=\"og:image:type\" content=\"image\/jpeg\" \/>\n<meta name=\"author\" content=\"Julian Bidot\" \/>\n<meta name=\"twitter:card\" content=\"summary_large_image\" \/>\n<meta name=\"twitter:creator\" content=\"@camaeleonOrg\" \/>\n<meta name=\"twitter:site\" content=\"@camaeleonOrg\" \/>\n<script type=\"application\/ld+json\" class=\"yoast-schema-graph\">{\"@context\":\"https:\\\/\\\/schema.org\",\"@graph\":[{\"@type\":\"Article\",\"@id\":\"https:\\\/\\\/www.camaeleon.org\\\/2022\\\/03\\\/18\\\/das-wort-der-woche-geht-so-recycling\\\/#article\",\"isPartOf\":{\"@id\":\"https:\\\/\\\/www.camaeleon.org\\\/2022\\\/03\\\/18\\\/das-wort-der-woche-geht-so-recycling\\\/\"},\"author\":{\"name\":\"Julian Bidot\",\"@id\":\"https:\\\/\\\/www.camaeleon.org\\\/de\\\/#\\\/schema\\\/person\\\/4df212263ca8d70a0a60b3cdf9cb792e\"},\"headline\":\"Das Wort der Woche: #Geht so Recycling?!\",\"datePublished\":\"2022-03-18T15:23:24+00:00\",\"dateModified\":\"2022-03-30T21:44:18+00:00\",\"mainEntityOfPage\":{\"@id\":\"https:\\\/\\\/www.camaeleon.org\\\/2022\\\/03\\\/18\\\/das-wort-der-woche-geht-so-recycling\\\/\"},\"wordCount\":1711,\"commentCount\":0,\"publisher\":{\"@id\":\"https:\\\/\\\/www.camaeleon.org\\\/de\\\/#organization\"},\"image\":{\"@id\":\"https:\\\/\\\/www.camaeleon.org\\\/2022\\\/03\\\/18\\\/das-wort-der-woche-geht-so-recycling\\\/#primaryimage\"},\"thumbnailUrl\":\"https:\\\/\\\/www.camaeleon.org\\\/wp-content\\\/uploads\\\/2022\\\/03\\\/WhatsApp-Image-2022-03-17-at-08.12.28.jpeg\",\"keywords\":[\"Digitalisierung\",\"durabilit\u00e9\",\"Global Recycling Day\",\"Das Wort der Woche\",\"Nachhaltigkeit\",\"recyclage\",\"Recycling\",\"Regionalverband Saarbr\u00fccken\",\"technische Ger\u00e4te\",\"Weiterverwendung\",\"Welt-Recycling-Tag\",\"Whiteboards\"],\"articleSection\":[\"Schule\",\"Das Wort der Woche\",\"Digital\"],\"inLanguage\":\"de\",\"potentialAction\":[{\"@type\":\"CommentAction\",\"name\":\"Comment\",\"target\":[\"https:\\\/\\\/www.camaeleon.org\\\/2022\\\/03\\\/18\\\/das-wort-der-woche-geht-so-recycling\\\/#respond\"]}]},{\"@type\":\"WebPage\",\"@id\":\"https:\\\/\\\/www.camaeleon.org\\\/de\\\/2022\\\/03\\\/18\\\/das-wort-der-woche-geht-so-recycling\\\/\",\"url\":\"https:\\\/\\\/www.camaeleon.org\\\/de\\\/2022\\\/03\\\/18\\\/das-wort-der-woche-geht-so-recycling\\\/\",\"name\":\"Das Wort der Woche: #Geht so Recycling?! - Cam\u00e4l\u00e9on\",\"isPartOf\":{\"@id\":\"https:\\\/\\\/www.camaeleon.org\\\/de\\\/#website\"},\"primaryImageOfPage\":{\"@id\":\"https:\\\/\\\/www.camaeleon.org\\\/de\\\/2022\\\/03\\\/18\\\/das-wort-der-woche-geht-so-recycling\\\/#primaryimage\"},\"image\":{\"@id\":\"https:\\\/\\\/www.camaeleon.org\\\/2022\\\/03\\\/18\\\/das-wort-der-woche-geht-so-recycling\\\/#primaryimage\"},\"thumbnailUrl\":\"https:\\\/\\\/www.camaeleon.org\\\/wp-content\\\/uploads\\\/2022\\\/03\\\/WhatsApp-Image-2022-03-17-at-08.12.28.jpeg\",\"datePublished\":\"2022-03-18T15:23:24+00:00\",\"dateModified\":\"2022-03-30T21:44:18+00:00\",\"description\":\"Am DFG wurden vor kurzer Zeit die neuen digitalen Whiteboards im Auftrag des Regionalverbands durch Firmen eingebaut - und damit die alten Ger\u00e4te abgebaut.\",\"breadcrumb\":{\"@id\":\"https:\\\/\\\/www.camaeleon.org\\\/de\\\/2022\\\/03\\\/18\\\/das-wort-der-woche-geht-so-recycling\\\/#breadcrumb\"},\"inLanguage\":\"de\",\"potentialAction\":[{\"@type\":\"ReadAction\",\"target\":[[\"https:\\\/\\\/www.camaeleon.org\\\/de\\\/2022\\\/03\\\/18\\\/das-wort-der-woche-geht-so-recycling\\\/\"]]}]},{\"@type\":\"ImageObject\",\"inLanguage\":\"de\",\"@id\":\"https:\\\/\\\/www.camaeleon.org\\\/de\\\/2022\\\/03\\\/18\\\/das-wort-der-woche-geht-so-recycling\\\/#primaryimage\",\"url\":\"https:\\\/\\\/www.camaeleon.org\\\/wp-content\\\/uploads\\\/2022\\\/03\\\/WhatsApp-Image-2022-03-17-at-08.12.28.jpeg\",\"contentUrl\":\"https:\\\/\\\/www.camaeleon.org\\\/wp-content\\\/uploads\\\/2022\\\/03\\\/WhatsApp-Image-2022-03-17-at-08.12.28.jpeg\",\"width\":1600,\"height\":900,\"caption\":\"Lagerung der alten Ger\u00e4te am DFG\\\/ Foto: Cam\u00e4l\u00e9on\"},{\"@type\":\"BreadcrumbList\",\"@id\":\"https:\\\/\\\/www.camaeleon.org\\\/de\\\/2022\\\/03\\\/18\\\/das-wort-der-woche-geht-so-recycling\\\/#breadcrumb\",\"itemListElement\":[{\"@type\":\"ListItem\",\"position\":1,\"name\":\"Home\",\"item\":\"https:\\\/\\\/www.camaeleon.org\\\/de\\\/\"},{\"@type\":\"ListItem\",\"position\":2,\"name\":\"Das Wort der Woche: #Geht so Recycling?!\"}]},{\"@type\":\"WebSite\",\"@id\":\"https:\\\/\\\/www.camaeleon.org\\\/de\\\/#website\",\"url\":\"https:\\\/\\\/www.camaeleon.org\\\/de\\\/\",\"name\":\"Cam\u00e4l\u00e9on\",\"description\":\"Das Sch\u00fclermagazin des Deutsch-Franz\u00f6sischen Gymnasiums Saarbr\u00fccken\",\"publisher\":{\"@id\":\"https:\\\/\\\/www.camaeleon.org\\\/de\\\/#organization\"},\"potentialAction\":[{\"@type\":\"SearchAction\",\"target\":{\"@type\":\"EntryPoint\",\"urlTemplate\":\"https:\\\/\\\/www.camaeleon.org\\\/de\\\/?s={search_term_string}\"},\"query-input\":{\"@type\":\"PropertyValueSpecification\",\"valueRequired\":true,\"valueName\":\"search_term_string\"}}],\"inLanguage\":\"de\"},{\"@type\":\"Organization\",\"@id\":\"https:\\\/\\\/www.camaeleon.org\\\/de\\\/#organization\",\"name\":\"Cam\u00e4l\u00e9on\",\"url\":\"https:\\\/\\\/www.camaeleon.org\\\/de\\\/\",\"logo\":{\"@type\":\"ImageObject\",\"inLanguage\":\"de\",\"@id\":\"https:\\\/\\\/www.camaeleon.org\\\/de\\\/#\\\/schema\\\/logo\\\/image\\\/\",\"url\":\"https:\\\/\\\/www.camaeleon.org\\\/wp-content\\\/uploads\\\/2011\\\/11\\\/CAM\u00c4LEON.jpg\",\"contentUrl\":\"https:\\\/\\\/www.camaeleon.org\\\/wp-content\\\/uploads\\\/2011\\\/11\\\/CAM\u00c4LEON.jpg\",\"width\":959,\"height\":959,\"caption\":\"Cam\u00e4l\u00e9on\"},\"image\":{\"@id\":\"https:\\\/\\\/www.camaeleon.org\\\/de\\\/#\\\/schema\\\/logo\\\/image\\\/\"},\"sameAs\":[\"https:\\\/\\\/www.facebook.com\\\/camaeleon.org\\\/\",\"https:\\\/\\\/x.com\\\/camaeleonOrg\",\"https:\\\/\\\/www.instagram.com\\\/camaeleon.dfg\\\/\",\"https:\\\/\\\/www.youtube.com\\\/channel\\\/UCl3TAUDdGuu_c7CD6ax6hYg\"]},{\"@type\":\"Person\",\"@id\":\"https:\\\/\\\/www.camaeleon.org\\\/de\\\/#\\\/schema\\\/person\\\/4df212263ca8d70a0a60b3cdf9cb792e\",\"name\":\"Julian Bidot\",\"image\":{\"@type\":\"ImageObject\",\"inLanguage\":\"de\",\"@id\":\"https:\\\/\\\/www.camaeleon.org\\\/de\\\/wp-content\\\/uploads\\\/2020\\\/12\\\/julian.jpgeeb77fb6f9ba90c8300a9123a3909722\",\"url\":\"https:\\\/\\\/www.camaeleon.org\\\/wp-content\\\/uploads\\\/2020\\\/12\\\/julian.jpg\",\"contentUrl\":\"https:\\\/\\\/www.camaeleon.org\\\/wp-content\\\/uploads\\\/2020\\\/12\\\/julian.jpg\",\"caption\":\"Julian Bidot\"},\"description\":\"Hallo! Ich bin Julian und 18 Jahre alt. Seit 2020 bin ich bei Cam\u00e4l\u00e9on aktiv. Gerade Politik interessiert mich sehr; aber auch Ver\u00e4nderungen an unserer Schule bzw. in der Region. Mittlerweile gehe ich in die TL. Schreibt mir gerne Kommentare oder eine Mail! Viel Spa\u00df auf Cam\u00e4l\u00e9on!\",\"url\":\"https:\\\/\\\/www.camaeleon.org\\\/de\\\/author\\\/julian-bidot\\\/\"}]}<\/script>\n<!-- \/ Yoast SEO plugin. -->","yoast_head_json":{"title":"Das Wort der Woche: #Geht so Recycling?! - Cam\u00e4l\u00e9on","description":"Am DFG wurden vor kurzer Zeit die neuen digitalen Whiteboards im Auftrag des Regionalverbands durch Firmen eingebaut - und damit die alten Ger\u00e4te abgebaut.","robots":{"index":"index","follow":"follow","max-snippet":"max-snippet:-1","max-image-preview":"max-image-preview:large","max-video-preview":"max-video-preview:-1"},"canonical":"https:\/\/www.camaeleon.org\/de\/2022\/03\/18\/das-wort-der-woche-geht-so-recycling\/","og_locale":"de_DE","og_type":"article","og_title":"Das Wort der Woche: #Geht so Recycling?! - Cam\u00e4l\u00e9on","og_description":"Am DFG wurden vor kurzer Zeit die neuen digitalen Whiteboards im Auftrag des Regionalverbands durch Firmen eingebaut - und damit die alten Ger\u00e4te abgebaut.","og_url":"https:\/\/www.camaeleon.org\/de\/2022\/03\/18\/das-wort-der-woche-geht-so-recycling\/","og_site_name":"Cam\u00e4l\u00e9on","article_publisher":"https:\/\/www.facebook.com\/camaeleon.org\/","article_published_time":"2022-03-18T15:23:24+00:00","article_modified_time":"2022-03-30T21:44:18+00:00","og_image":[{"width":1600,"height":900,"url":"https:\/\/www.camaeleon.org\/wp-content\/uploads\/2022\/03\/WhatsApp-Image-2022-03-17-at-08.12.28.jpeg","type":"image\/jpeg"}],"author":"Julian Bidot","twitter_card":"summary_large_image","twitter_creator":"@camaeleonOrg","twitter_site":"@camaeleonOrg","schema":{"@context":"https:\/\/schema.org","@graph":[{"@type":"Article","@id":"https:\/\/www.camaeleon.org\/2022\/03\/18\/das-wort-der-woche-geht-so-recycling\/#article","isPartOf":{"@id":"https:\/\/www.camaeleon.org\/2022\/03\/18\/das-wort-der-woche-geht-so-recycling\/"},"author":{"name":"Julian Bidot","@id":"https:\/\/www.camaeleon.org\/de\/#\/schema\/person\/4df212263ca8d70a0a60b3cdf9cb792e"},"headline":"Das Wort der Woche: #Geht so Recycling?!","datePublished":"2022-03-18T15:23:24+00:00","dateModified":"2022-03-30T21:44:18+00:00","mainEntityOfPage":{"@id":"https:\/\/www.camaeleon.org\/2022\/03\/18\/das-wort-der-woche-geht-so-recycling\/"},"wordCount":1711,"commentCount":0,"publisher":{"@id":"https:\/\/www.camaeleon.org\/de\/#organization"},"image":{"@id":"https:\/\/www.camaeleon.org\/2022\/03\/18\/das-wort-der-woche-geht-so-recycling\/#primaryimage"},"thumbnailUrl":"https:\/\/www.camaeleon.org\/wp-content\/uploads\/2022\/03\/WhatsApp-Image-2022-03-17-at-08.12.28.jpeg","keywords":["Digitalisierung","durabilit\u00e9","Global Recycling Day","Das Wort der Woche","Nachhaltigkeit","recyclage","Recycling","Regionalverband Saarbr\u00fccken","technische Ger\u00e4te","Weiterverwendung","Welt-Recycling-Tag","Whiteboards"],"articleSection":["Schule","Das Wort der Woche","Digital"],"inLanguage":"de","potentialAction":[{"@type":"CommentAction","name":"Comment","target":["https:\/\/www.camaeleon.org\/2022\/03\/18\/das-wort-der-woche-geht-so-recycling\/#respond"]}]},{"@type":"WebPage","@id":"https:\/\/www.camaeleon.org\/de\/2022\/03\/18\/das-wort-der-woche-geht-so-recycling\/","url":"https:\/\/www.camaeleon.org\/de\/2022\/03\/18\/das-wort-der-woche-geht-so-recycling\/","name":"Das Wort der Woche: #Geht so Recycling?! - Cam\u00e4l\u00e9on","isPartOf":{"@id":"https:\/\/www.camaeleon.org\/de\/#website"},"primaryImageOfPage":{"@id":"https:\/\/www.camaeleon.org\/de\/2022\/03\/18\/das-wort-der-woche-geht-so-recycling\/#primaryimage"},"image":{"@id":"https:\/\/www.camaeleon.org\/2022\/03\/18\/das-wort-der-woche-geht-so-recycling\/#primaryimage"},"thumbnailUrl":"https:\/\/www.camaeleon.org\/wp-content\/uploads\/2022\/03\/WhatsApp-Image-2022-03-17-at-08.12.28.jpeg","datePublished":"2022-03-18T15:23:24+00:00","dateModified":"2022-03-30T21:44:18+00:00","description":"Am DFG wurden vor kurzer Zeit die neuen digitalen Whiteboards im Auftrag des Regionalverbands durch Firmen eingebaut - und damit die alten Ger\u00e4te abgebaut.","breadcrumb":{"@id":"https:\/\/www.camaeleon.org\/de\/2022\/03\/18\/das-wort-der-woche-geht-so-recycling\/#breadcrumb"},"inLanguage":"de","potentialAction":[{"@type":"ReadAction","target":[["https:\/\/www.camaeleon.org\/de\/2022\/03\/18\/das-wort-der-woche-geht-so-recycling\/"]]}]},{"@type":"ImageObject","inLanguage":"de","@id":"https:\/\/www.camaeleon.org\/de\/2022\/03\/18\/das-wort-der-woche-geht-so-recycling\/#primaryimage","url":"https:\/\/www.camaeleon.org\/wp-content\/uploads\/2022\/03\/WhatsApp-Image-2022-03-17-at-08.12.28.jpeg","contentUrl":"https:\/\/www.camaeleon.org\/wp-content\/uploads\/2022\/03\/WhatsApp-Image-2022-03-17-at-08.12.28.jpeg","width":1600,"height":900,"caption":"Lagerung der alten Ger\u00e4te am DFG\/ Foto: Cam\u00e4l\u00e9on"},{"@type":"BreadcrumbList","@id":"https:\/\/www.camaeleon.org\/de\/2022\/03\/18\/das-wort-der-woche-geht-so-recycling\/#breadcrumb","itemListElement":[{"@type":"ListItem","position":1,"name":"Home","item":"https:\/\/www.camaeleon.org\/de\/"},{"@type":"ListItem","position":2,"name":"Das Wort der Woche: #Geht so Recycling?!"}]},{"@type":"WebSite","@id":"https:\/\/www.camaeleon.org\/de\/#website","url":"https:\/\/www.camaeleon.org\/de\/","name":"Cam\u00e4l\u00e9on","description":"Das Sch\u00fclermagazin des Deutsch-Franz\u00f6sischen Gymnasiums Saarbr\u00fccken","publisher":{"@id":"https:\/\/www.camaeleon.org\/de\/#organization"},"potentialAction":[{"@type":"SearchAction","target":{"@type":"EntryPoint","urlTemplate":"https:\/\/www.camaeleon.org\/de\/?s={search_term_string}"},"query-input":{"@type":"PropertyValueSpecification","valueRequired":true,"valueName":"search_term_string"}}],"inLanguage":"de"},{"@type":"Organization","@id":"https:\/\/www.camaeleon.org\/de\/#organization","name":"Cam\u00e4l\u00e9on","url":"https:\/\/www.camaeleon.org\/de\/","logo":{"@type":"ImageObject","inLanguage":"de","@id":"https:\/\/www.camaeleon.org\/de\/#\/schema\/logo\/image\/","url":"https:\/\/www.camaeleon.org\/wp-content\/uploads\/2011\/11\/CAM\u00c4LEON.jpg","contentUrl":"https:\/\/www.camaeleon.org\/wp-content\/uploads\/2011\/11\/CAM\u00c4LEON.jpg","width":959,"height":959,"caption":"Cam\u00e4l\u00e9on"},"image":{"@id":"https:\/\/www.camaeleon.org\/de\/#\/schema\/logo\/image\/"},"sameAs":["https:\/\/www.facebook.com\/camaeleon.org\/","https:\/\/x.com\/camaeleonOrg","https:\/\/www.instagram.com\/camaeleon.dfg\/","https:\/\/www.youtube.com\/channel\/UCl3TAUDdGuu_c7CD6ax6hYg"]},{"@type":"Person","@id":"https:\/\/www.camaeleon.org\/de\/#\/schema\/person\/4df212263ca8d70a0a60b3cdf9cb792e","name":"Julian Bidot","image":{"@type":"ImageObject","inLanguage":"de","@id":"https:\/\/www.camaeleon.org\/de\/wp-content\/uploads\/2020\/12\/julian.jpgeeb77fb6f9ba90c8300a9123a3909722","url":"https:\/\/www.camaeleon.org\/wp-content\/uploads\/2020\/12\/julian.jpg","contentUrl":"https:\/\/www.camaeleon.org\/wp-content\/uploads\/2020\/12\/julian.jpg","caption":"Julian Bidot"},"description":"Hallo! Ich bin Julian und 18 Jahre alt. Seit 2020 bin ich bei Cam\u00e4l\u00e9on aktiv. Gerade Politik interessiert mich sehr; aber auch Ver\u00e4nderungen an unserer Schule bzw. in der Region. Mittlerweile gehe ich in die TL. Schreibt mir gerne Kommentare oder eine Mail! Viel Spa\u00df auf Cam\u00e4l\u00e9on!","url":"https:\/\/www.camaeleon.org\/de\/author\/julian-bidot\/"}]}},"_links":{"self":[{"href":"https:\/\/www.camaeleon.org\/de\/wp-json\/wp\/v2\/posts\/25709","targetHints":{"allow":["GET"]}}],"collection":[{"href":"https:\/\/www.camaeleon.org\/de\/wp-json\/wp\/v2\/posts"}],"about":[{"href":"https:\/\/www.camaeleon.org\/de\/wp-json\/wp\/v2\/types\/post"}],"author":[{"embeddable":true,"href":"https:\/\/www.camaeleon.org\/de\/wp-json\/wp\/v2\/users\/143"}],"replies":[{"embeddable":true,"href":"https:\/\/www.camaeleon.org\/de\/wp-json\/wp\/v2\/comments?post=25709"}],"version-history":[{"count":0,"href":"https:\/\/www.camaeleon.org\/de\/wp-json\/wp\/v2\/posts\/25709\/revisions"}],"wp:featuredmedia":[{"embeddable":true,"href":"https:\/\/www.camaeleon.org\/de\/wp-json\/wp\/v2\/media\/25756"}],"wp:attachment":[{"href":"https:\/\/www.camaeleon.org\/de\/wp-json\/wp\/v2\/media?parent=25709"}],"wp:term":[{"taxonomy":"category","embeddable":true,"href":"https:\/\/www.camaeleon.org\/de\/wp-json\/wp\/v2\/categories?post=25709"},{"taxonomy":"post_tag","embeddable":true,"href":"https:\/\/www.camaeleon.org\/de\/wp-json\/wp\/v2\/tags?post=25709"},{"taxonomy":"author","embeddable":true,"href":"https:\/\/www.camaeleon.org\/de\/wp-json\/wp\/v2\/coauthors?post=25709"}],"curies":[{"name":"wp","href":"https:\/\/api.w.org\/{rel}","templated":true}]}}