{"id":24669,"date":"2021-11-24T18:23:37","date_gmt":"2021-11-24T17:23:37","guid":{"rendered":"https:\/\/www.camaeleon.org\/?p=24669"},"modified":"2022-04-28T23:49:01","modified_gmt":"2022-04-28T21:49:01","slug":"camaeleon-beim-ard-jugendmedientag-2021","status":"publish","type":"post","link":"https:\/\/www.camaeleon.org\/de\/2021\/11\/24\/camaeleon-beim-ard-jugendmedientag-2021\/","title":{"rendered":"ARD-Jugendmedientag 2021"},"content":{"rendered":"<p><figure id=\"attachment_24648\" aria-describedby=\"caption-attachment-24648\" style=\"width: 300px\" class=\"wp-caption alignleft\"><a href=\"https:\/\/www.camaeleon.org\/wp-content\/uploads\/2021\/11\/IMG_6846.jpg\"><img loading=\"lazy\" decoding=\"async\" class=\"wp-image-24648 size-medium\" src=\"https:\/\/www.camaeleon.org\/wp-content\/uploads\/2021\/11\/IMG_6846-300x200.jpg\" alt=\"Das Cam\u00e4l\u00e9on-Team beim ARD-Medientag\" width=\"300\" height=\"200\" srcset=\"https:\/\/www.camaeleon.org\/wp-content\/uploads\/2021\/11\/IMG_6846-300x200.jpg 300w, https:\/\/www.camaeleon.org\/wp-content\/uploads\/2021\/11\/IMG_6846-880x587.jpg 880w, https:\/\/www.camaeleon.org\/wp-content\/uploads\/2021\/11\/IMG_6846-1536x1024.jpg 1536w, https:\/\/www.camaeleon.org\/wp-content\/uploads\/2021\/11\/IMG_6846.jpg 2000w\" sizes=\"auto, (max-width: 300px) 100vw, 300px\" \/><\/a><figcaption id=\"caption-attachment-24648\" class=\"wp-caption-text\">Foto: Cam\u00e4l\u00e9on<\/figcaption><\/figure><\/p>\n<p>Als junger Journalist ohne gro\u00dfe Erfahrung brauchst du Hilfe beim Recherchieren und Schreiben. Uns interessiert es deshalb sehr, wie Profi-Journalist:innen arbeiten. Aus diesem Grund haben wir uns f\u00fcr den digitalen <a href=\"https:\/\/www.ard.de\/jugendmedientag\">ARD-Jugendmedientag<\/a> am 18. November 2021 angemeldet.<\/p>\n<p>Hier kannst du lesen, wie dieser digitale Projekttag bei uns abgelaufen ist:<\/p>\n<p>W\u00e4hrend des gesamten Programms k\u00fcmmerte sich Moderatorin Ida darum, dass wir mitmachen konnten, nahm unsere Fragen auf und erstellte gleichzeitig Umfragen im Netz.<\/p>\n<p><strong>8.30-9.30 Uhr: Let&#8217;s talk\u2026 WAHRHEIT?! &#8211; Diskussionsrunde im Livestream<\/strong><\/p>\n<p>Nous avons tout d&#8217;abord particip\u00e9 \u00e0 une visioconf\u00e9rence sur le vaste th\u00e8me de la v\u00e9rit\u00e9. Nous avons rencontr\u00e9 plusieurs personnes, dont Lisa-Sophie qui nous a parl\u00e9 du fait que les gens croient \u00e0 diff\u00e9rentes v\u00e9rit\u00e9s, qui sont notamment expos\u00e9es dans les m\u00e9dias. Elle nous a expliqu\u00e9 pourquoi certaines personnes y croient et d\u2019autres non. Nous avons \u00e9galement fait la connaissance de Max, pour qui la r\u00e9alit\u00e9 n&#8217;a pas de secrets, d&#8217;o\u00f9 son surnom de \u00ab Faktenfuchs \u00bb. Il travaille \u00e0 d\u00e9pister les fausses informations sur internet. Gr\u00e2ce \u00e0 lui, nous savons maintenant comment v\u00e9rifier si des photos mises sur internet n\u2019ont pas \u00e9t\u00e9 truqu\u00e9es. Pour cela, il suffit de copier tout simplement le lien ou de glisser la photo dans <a href=\"https:\/\/tineye.com\/\">tineye.com<\/a> ou avec <a href=\"https:\/\/www.google.de\/imghp?hl=fr\">la recherche invers\u00e9e de Google<\/a>. Ce que nous avons retenu de cette premi\u00e8re partie de cette visioconf\u00e9rence, c&#8217;est que le plus important, c\u2019est d\u2019\u00eatre vigilant et de ne pas tout croire ce qu\u2019on trouve sur internet !<\/p>\n<p>Au\u00dferdem erfuhren wir von Caroline, einer Journalistin, dass Medien uns ver\u00e4ndern k\u00f6nnen. So war das zum Beispiel bei ihrer Freundin, die sich w\u00e4hrend der Corona-Zeiten im Internet radikalisiert hat: Am Anfang dachte sie \u00fcber Corona noch wie Caroline, doch dann fing sie an, ihr seltsame Videos oder Fotos zu schicken und sich zu radikalisieren.<\/p>\n<div class=\"lyte-wrapper\" style=\"width:1280px;max-width:100%;margin:5px auto;\"><div class=\"lyMe hidef\" id=\"WYL_pcHvbrFZJnc\"><div id=\"lyte_pcHvbrFZJnc\" data-src=\"https:\/\/www.camaeleon.org\/wp-content\/plugins\/wp-youtube-lyte\/lyteCache.php?origThumbUrl=%2F%2Fi.ytimg.com%2Fvi%2FpcHvbrFZJnc%2Fhqdefault.jpg\" class=\"pL\"><div class=\"tC\"><div class=\"tT\"><\/div><\/div><div class=\"play\"><\/div><div class=\"ctrl\"><div class=\"Lctrl\"><\/div><div class=\"Rctrl\"><\/div><\/div><\/div><noscript><a href=\"https:\/\/youtu.be\/pcHvbrFZJnc\" rel=\"nofollow\"><img loading=\"lazy\" decoding=\"async\" src=\"https:\/\/www.camaeleon.org\/wp-content\/plugins\/wp-youtube-lyte\/lyteCache.php?origThumbUrl=https%3A%2F%2Fi.ytimg.com%2Fvi%2FpcHvbrFZJnc%2F0.jpg\" alt=\"YouTube-Video-Vorschaubild\" width=\"1280\" height=\"700\" \/><br \/>Dieses Video auf YouTube ansehen<\/a><\/noscript><\/div><\/div><div class=\"lL\" style=\"max-width:100%;width:1280px;margin:5px auto;\"><br\/><span class=\"lyte_disclaimer\">Mit dem Klick auf das Video wird eine Verbindung zu YouTube hergestellt. Weitere Infos in der <a href=\"https:\/\/www.camaeleon.org\/de\/mentions-legales\/declaration-de-protection-des-donnees\/\">Datenschutzerkl\u00e4rung<\/a>.<\/span><\/div><\/p>\n<p><strong>9.30-10.30 Uhr: Videokonferenz-Workshop \u2013 Check Your Facts. Spielend Verifikationsprofi werden<\/strong><\/p>\n<p>Im Internet kursieren viele Fake News, also gezielt falsche Informationen. Das sollte man nicht verwechseln mit Satire (\u00fcberspitzte Nachrichten) und Enten (zuf\u00e4llig eingeschlichene Falsche Informationen).<\/p>\n<p>Wenn Menschen eine bestimmte Meinung zu einem Thema haben, k\u00f6nnen sie \u00fcber das Internet Kontakt zu anderen Menschen mit der selben Meinung herstellen. Dadurch kommen sie leicht in eine Filterblase: Ihnen wird auf Social Media eine Reihe von Meinungen pr\u00e4sentiert, die zum gro\u00dfen Teil der eigenen entsprechen und kaum mehr abweichende Meinungen zu Wort kommen lassen.<\/p>\n<p>Schnell ger\u00e4t man dabei an Fake News. Das wissen die meisten. Im Workshop ging es nun aber um die Methoden, wie man diese erkennt und aufdeckt.<\/p>\n<p><strong>10.30-11.30 Uhr: Behind the scenes &#8211; Tagesschau <\/strong><\/p>\n<p>Im n\u00e4chsten Teil des ARD-Jugendmedientags erz\u00e4hlte Moderatorin Anna Metzentin vom TikTok-Account der Tagesschau erz\u00e4hlt. Sie und zwei andere Moderatorinnen fassen den Inhalt der Nachrichten im Fernsehen in ein-min\u00fctigen Clips zusammen.<\/p>\n<div class=\"lyte-wrapper\" style=\"width:1280px;max-width:100%;margin:5px auto;\"><div class=\"lyMe hidef\" id=\"WYL_DttsxNQ1ieU\"><div id=\"lyte_DttsxNQ1ieU\" data-src=\"https:\/\/www.camaeleon.org\/wp-content\/plugins\/wp-youtube-lyte\/lyteCache.php?origThumbUrl=%2F%2Fi.ytimg.com%2Fvi%2FDttsxNQ1ieU%2Fhqdefault.jpg\" class=\"pL\"><div class=\"tC\"><div class=\"tT\"><\/div><\/div><div class=\"play\"><\/div><div class=\"ctrl\"><div class=\"Lctrl\"><\/div><div class=\"Rctrl\"><\/div><\/div><\/div><noscript><a href=\"https:\/\/youtu.be\/DttsxNQ1ieU\" rel=\"nofollow\"><img loading=\"lazy\" decoding=\"async\" src=\"https:\/\/www.camaeleon.org\/wp-content\/plugins\/wp-youtube-lyte\/lyteCache.php?origThumbUrl=https%3A%2F%2Fi.ytimg.com%2Fvi%2FDttsxNQ1ieU%2F0.jpg\" alt=\"YouTube-Video-Vorschaubild\" width=\"1280\" height=\"700\" \/><br \/>Dieses Video auf YouTube ansehen<\/a><\/noscript><\/div><\/div><div class=\"lL\" style=\"max-width:100%;width:1280px;margin:5px auto;\"><br\/><span class=\"lyte_disclaimer\">Mit dem Klick auf das Video wird eine Verbindung zu YouTube hergestellt. Weitere Infos in der <a href=\"https:\/\/www.camaeleon.org\/de\/mentions-legales\/declaration-de-protection-des-donnees\/\">Datenschutzerkl\u00e4rung<\/a>.<\/span><\/div><\/p>\n<p><strong>11.30-12.30 Uhr: Videokonferenz-Workshop im Netz &#8211; Die Insta-Story: Aus der Alltags-Geschichte wird die trimediale Reportage!<\/strong><\/p>\n<p>Im letzten Teil des ARD-Jugendmedientages wurde den Zuschauer:innen Einblick in den Hamburger Radiosender NDR 90,3 gegeben. Die Reporterin Anna R\u00fcter gab den Teilnehmern einen Einblick hinter die Kulissen eines Radiostudios. Die Zuschauer:innen waren live dabei, als ein Radiobeitrag erstellt wurde und konnten der Radiomoderatorin sogar live bei einer kurzen Schalte \u00fcber die Schulter blicken.<\/p>\n<p>Die Mediensektion, das sogenannte \u00ab Cockpit \u00bb, wo der Sendeplan erstellt wird, das Nachrichtenstudio und sogar das Aufnahmestudio wurden genau vorgestellt.<\/p>\n<p>Ein Reporter ist mit dem sogenannten \u00ab \u00dc-Wagen \u00bb, einer fahrenden Radiostation, an die Alster gefahren, um einen Beitrag \u00fcber die Umsiedlung der Schw\u00e4ne in das Winterquartier zu erstellen.<\/p>\n<p>Dies alles geschah innerhalb von 45 Minuten, einer Schulstunde. Jegliche Fragen der mehr als 700 TeilnehmerInnen wurden beantwortet.<\/p>\n<p>Die Mischung aus \u00ab humorvoll \u00bb und \u00ab informativ \u00bb erhielt die gute Stimmung bei den teilnehmenden Klassen: Manche tanzten sogar auf den Tischen!<br \/>\n<\/p>","protected":false},"excerpt":{"rendered":"<p>Als junger Journalist ohne gro\u00dfe Erfahrung brauchst du Hilfe beim Recherchieren und Schreiben. Uns interessiert es deshalb sehr, wie Profi-Journalist:innen arbeiten. Aus diesem Grund haben<\/p>\n","protected":false},"author":150,"featured_media":24648,"comment_status":"open","ping_status":"closed","sticky":false,"template":"","format":"standard","meta":{"colormag_page_container_layout":"default_layout","colormag_page_sidebar_layout":"default_layout","footnotes":""},"categories":[199,11],"tags":[1797,1799,334,402,1798,670,1800],"coauthors":[1757,1782,1759,744,1761],"class_list":["post-24669","post","type-post","status-publish","format-standard","has-post-thumbnail","hentry","category-a-propos-de-nous","category-technique","tag-ard","tag-ard-jugendmedientag","tag-journalismus","tag-medien","tag-medientag","tag-radio","tag-tv"],"yoast_head":"<!-- This site is optimized with the Yoast SEO plugin v27.5 - https:\/\/yoast.com\/product\/yoast-seo-wordpress\/ -->\n<title>ARD-Jugendmedientag 2021 - Cam\u00e4l\u00e9on<\/title>\n<meta name=\"description\" content=\"Um einen Einblick in die Arbeit von Profi-Journalist:innen zu erhalten, haben wir am ARD-Jugendmedientag am 18. November 2021 teilgenommen.\" \/>\n<meta name=\"robots\" content=\"index, follow, max-snippet:-1, max-image-preview:large, max-video-preview:-1\" \/>\n<link rel=\"canonical\" href=\"https:\/\/www.camaeleon.org\/de\/2021\/11\/24\/camaeleon-beim-ard-jugendmedientag-2021\/\" \/>\n<meta property=\"og:locale\" content=\"de_DE\" \/>\n<meta property=\"og:type\" content=\"article\" \/>\n<meta property=\"og:title\" content=\"ARD-Jugendmedientag 2021 - Cam\u00e4l\u00e9on\" \/>\n<meta property=\"og:description\" content=\"Um einen Einblick in die Arbeit von Profi-Journalist:innen zu erhalten, haben wir am ARD-Jugendmedientag am 18. November 2021 teilgenommen.\" \/>\n<meta property=\"og:url\" content=\"https:\/\/www.camaeleon.org\/de\/2021\/11\/24\/camaeleon-beim-ard-jugendmedientag-2021\/\" \/>\n<meta property=\"og:site_name\" content=\"Cam\u00e4l\u00e9on\" \/>\n<meta property=\"article:publisher\" content=\"https:\/\/www.facebook.com\/camaeleon.org\/\" \/>\n<meta property=\"article:published_time\" content=\"2021-11-24T17:23:37+00:00\" \/>\n<meta property=\"article:modified_time\" content=\"2022-04-28T21:49:01+00:00\" \/>\n<meta property=\"og:image\" content=\"https:\/\/www.camaeleon.org\/wp-content\/uploads\/2021\/11\/IMG_6846.jpg\" \/>\n\t<meta property=\"og:image:width\" content=\"2000\" \/>\n\t<meta property=\"og:image:height\" content=\"1333\" \/>\n\t<meta property=\"og:image:type\" content=\"image\/jpeg\" \/>\n<meta name=\"author\" content=\"Alice Colin, Ellenore Niederl\u00e4nder, Lisa Lahann, Max Ernst, Livia Wolff\" \/>\n<meta name=\"twitter:card\" content=\"summary_large_image\" \/>\n<meta name=\"twitter:creator\" content=\"@camaeleonOrg\" \/>\n<meta name=\"twitter:site\" content=\"@camaeleonOrg\" \/>\n<script type=\"application\/ld+json\" class=\"yoast-schema-graph\">{\"@context\":\"https:\\\/\\\/schema.org\",\"@graph\":[{\"@type\":\"Article\",\"@id\":\"https:\\\/\\\/www.camaeleon.org\\\/2021\\\/11\\\/24\\\/camaeleon-beim-ard-jugendmedientag-2021\\\/#article\",\"isPartOf\":{\"@id\":\"https:\\\/\\\/www.camaeleon.org\\\/2021\\\/11\\\/24\\\/camaeleon-beim-ard-jugendmedientag-2021\\\/\"},\"author\":{\"name\":\"Alice Colin\",\"@id\":\"https:\\\/\\\/www.camaeleon.org\\\/de\\\/#\\\/schema\\\/person\\\/464e569d01be14890e1eb1cdd491d9ad\"},\"headline\":\"ARD-Jugendmedientag 2021\",\"datePublished\":\"2021-11-24T17:23:37+00:00\",\"dateModified\":\"2022-04-28T21:49:01+00:00\",\"mainEntityOfPage\":{\"@id\":\"https:\\\/\\\/www.camaeleon.org\\\/2021\\\/11\\\/24\\\/camaeleon-beim-ard-jugendmedientag-2021\\\/\"},\"wordCount\":2103,\"commentCount\":0,\"publisher\":{\"@id\":\"https:\\\/\\\/www.camaeleon.org\\\/de\\\/#organization\"},\"image\":{\"@id\":\"https:\\\/\\\/www.camaeleon.org\\\/2021\\\/11\\\/24\\\/camaeleon-beim-ard-jugendmedientag-2021\\\/#primaryimage\"},\"thumbnailUrl\":\"https:\\\/\\\/www.camaeleon.org\\\/wp-content\\\/uploads\\\/2021\\\/11\\\/IMG_6846.jpg\",\"keywords\":[\"ARD\",\"ARD-Jugendmedientag\",\"Journalismus\",\"Medien\",\"Medientag\",\"Radio\",\"TV\"],\"articleSection\":[\"Wir \u00fcber uns\",\"Digital\"],\"inLanguage\":\"de\",\"potentialAction\":[{\"@type\":\"CommentAction\",\"name\":\"Comment\",\"target\":[\"https:\\\/\\\/www.camaeleon.org\\\/2021\\\/11\\\/24\\\/camaeleon-beim-ard-jugendmedientag-2021\\\/#respond\"]}]},{\"@type\":\"WebPage\",\"@id\":\"https:\\\/\\\/www.camaeleon.org\\\/de\\\/2021\\\/11\\\/24\\\/camaeleon-beim-ard-jugendmedientag-2021\\\/\",\"url\":\"https:\\\/\\\/www.camaeleon.org\\\/de\\\/2021\\\/11\\\/24\\\/camaeleon-beim-ard-jugendmedientag-2021\\\/\",\"name\":\"ARD-Jugendmedientag 2021 - Cam\u00e4l\u00e9on\",\"isPartOf\":{\"@id\":\"https:\\\/\\\/www.camaeleon.org\\\/de\\\/#website\"},\"primaryImageOfPage\":{\"@id\":\"https:\\\/\\\/www.camaeleon.org\\\/de\\\/2021\\\/11\\\/24\\\/camaeleon-beim-ard-jugendmedientag-2021\\\/#primaryimage\"},\"image\":{\"@id\":\"https:\\\/\\\/www.camaeleon.org\\\/2021\\\/11\\\/24\\\/camaeleon-beim-ard-jugendmedientag-2021\\\/#primaryimage\"},\"thumbnailUrl\":\"https:\\\/\\\/www.camaeleon.org\\\/wp-content\\\/uploads\\\/2021\\\/11\\\/IMG_6846.jpg\",\"datePublished\":\"2021-11-24T17:23:37+00:00\",\"dateModified\":\"2022-04-28T21:49:01+00:00\",\"description\":\"Um einen Einblick in die Arbeit von Profi-Journalist:innen zu erhalten, haben wir am ARD-Jugendmedientag am 18. November 2021 teilgenommen.\",\"breadcrumb\":{\"@id\":\"https:\\\/\\\/www.camaeleon.org\\\/de\\\/2021\\\/11\\\/24\\\/camaeleon-beim-ard-jugendmedientag-2021\\\/#breadcrumb\"},\"inLanguage\":\"de\",\"potentialAction\":[{\"@type\":\"ReadAction\",\"target\":[[\"https:\\\/\\\/www.camaeleon.org\\\/de\\\/2021\\\/11\\\/24\\\/camaeleon-beim-ard-jugendmedientag-2021\\\/\"]]}]},{\"@type\":\"ImageObject\",\"inLanguage\":\"de\",\"@id\":\"https:\\\/\\\/www.camaeleon.org\\\/de\\\/2021\\\/11\\\/24\\\/camaeleon-beim-ard-jugendmedientag-2021\\\/#primaryimage\",\"url\":\"https:\\\/\\\/www.camaeleon.org\\\/wp-content\\\/uploads\\\/2021\\\/11\\\/IMG_6846.jpg\",\"contentUrl\":\"https:\\\/\\\/www.camaeleon.org\\\/wp-content\\\/uploads\\\/2021\\\/11\\\/IMG_6846.jpg\",\"width\":2000,\"height\":1333,\"caption\":\"[:fr]Foto: Cam\u00e4l\u00e9on[:]\"},{\"@type\":\"BreadcrumbList\",\"@id\":\"https:\\\/\\\/www.camaeleon.org\\\/de\\\/2021\\\/11\\\/24\\\/camaeleon-beim-ard-jugendmedientag-2021\\\/#breadcrumb\",\"itemListElement\":[{\"@type\":\"ListItem\",\"position\":1,\"name\":\"Home\",\"item\":\"https:\\\/\\\/www.camaeleon.org\\\/de\\\/\"},{\"@type\":\"ListItem\",\"position\":2,\"name\":\"ARD-Jugendmedientag 2021\"}]},{\"@type\":\"WebSite\",\"@id\":\"https:\\\/\\\/www.camaeleon.org\\\/de\\\/#website\",\"url\":\"https:\\\/\\\/www.camaeleon.org\\\/de\\\/\",\"name\":\"Cam\u00e4l\u00e9on\",\"description\":\"Das Sch\u00fclermagazin des Deutsch-Franz\u00f6sischen Gymnasiums Saarbr\u00fccken\",\"publisher\":{\"@id\":\"https:\\\/\\\/www.camaeleon.org\\\/de\\\/#organization\"},\"potentialAction\":[{\"@type\":\"SearchAction\",\"target\":{\"@type\":\"EntryPoint\",\"urlTemplate\":\"https:\\\/\\\/www.camaeleon.org\\\/de\\\/?s={search_term_string}\"},\"query-input\":{\"@type\":\"PropertyValueSpecification\",\"valueRequired\":true,\"valueName\":\"search_term_string\"}}],\"inLanguage\":\"de\"},{\"@type\":\"Organization\",\"@id\":\"https:\\\/\\\/www.camaeleon.org\\\/de\\\/#organization\",\"name\":\"Cam\u00e4l\u00e9on\",\"url\":\"https:\\\/\\\/www.camaeleon.org\\\/de\\\/\",\"logo\":{\"@type\":\"ImageObject\",\"inLanguage\":\"de\",\"@id\":\"https:\\\/\\\/www.camaeleon.org\\\/de\\\/#\\\/schema\\\/logo\\\/image\\\/\",\"url\":\"https:\\\/\\\/www.camaeleon.org\\\/wp-content\\\/uploads\\\/2011\\\/11\\\/CAM\u00c4LEON.jpg\",\"contentUrl\":\"https:\\\/\\\/www.camaeleon.org\\\/wp-content\\\/uploads\\\/2011\\\/11\\\/CAM\u00c4LEON.jpg\",\"width\":959,\"height\":959,\"caption\":\"Cam\u00e4l\u00e9on\"},\"image\":{\"@id\":\"https:\\\/\\\/www.camaeleon.org\\\/de\\\/#\\\/schema\\\/logo\\\/image\\\/\"},\"sameAs\":[\"https:\\\/\\\/www.facebook.com\\\/camaeleon.org\\\/\",\"https:\\\/\\\/x.com\\\/camaeleonOrg\",\"https:\\\/\\\/www.instagram.com\\\/camaeleon.dfg\\\/\",\"https:\\\/\\\/www.youtube.com\\\/channel\\\/UCl3TAUDdGuu_c7CD6ax6hYg\"]},{\"@type\":\"Person\",\"@id\":\"https:\\\/\\\/www.camaeleon.org\\\/de\\\/#\\\/schema\\\/person\\\/464e569d01be14890e1eb1cdd491d9ad\",\"name\":\"Alice Colin\",\"image\":{\"@type\":\"ImageObject\",\"inLanguage\":\"de\",\"@id\":\"https:\\\/\\\/www.camaeleon.org\\\/de\\\/wp-content\\\/uploads\\\/2021\\\/10\\\/1633619312756-150x150.jpgc89c4b825a2cad2d46216cab17e90f48\",\"url\":\"https:\\\/\\\/www.camaeleon.org\\\/wp-content\\\/uploads\\\/2021\\\/10\\\/1633619312756-150x150.jpg\",\"contentUrl\":\"https:\\\/\\\/www.camaeleon.org\\\/wp-content\\\/uploads\\\/2021\\\/10\\\/1633619312756-150x150.jpg\",\"caption\":\"Alice Colin\"},\"description\":\"Hallo, ich hei\u00dfe Alice Colin und bin 14 Jahre alt. Ich bin Teil der Cam\u00e4l\u00e9on-Redaktion, weil ich schreiben und zeichnen liebe. In meiner Freizeit spiele ich Gitarre und lese gerne.\",\"url\":\"https:\\\/\\\/www.camaeleon.org\\\/de\\\/author\\\/alice-colin\\\/\"}]}<\/script>\n<!-- \/ Yoast SEO plugin. -->","yoast_head_json":{"title":"ARD-Jugendmedientag 2021 - Cam\u00e4l\u00e9on","description":"Um einen Einblick in die Arbeit von Profi-Journalist:innen zu erhalten, haben wir am ARD-Jugendmedientag am 18. November 2021 teilgenommen.","robots":{"index":"index","follow":"follow","max-snippet":"max-snippet:-1","max-image-preview":"max-image-preview:large","max-video-preview":"max-video-preview:-1"},"canonical":"https:\/\/www.camaeleon.org\/de\/2021\/11\/24\/camaeleon-beim-ard-jugendmedientag-2021\/","og_locale":"de_DE","og_type":"article","og_title":"ARD-Jugendmedientag 2021 - Cam\u00e4l\u00e9on","og_description":"Um einen Einblick in die Arbeit von Profi-Journalist:innen zu erhalten, haben wir am ARD-Jugendmedientag am 18. November 2021 teilgenommen.","og_url":"https:\/\/www.camaeleon.org\/de\/2021\/11\/24\/camaeleon-beim-ard-jugendmedientag-2021\/","og_site_name":"Cam\u00e4l\u00e9on","article_publisher":"https:\/\/www.facebook.com\/camaeleon.org\/","article_published_time":"2021-11-24T17:23:37+00:00","article_modified_time":"2022-04-28T21:49:01+00:00","og_image":[{"width":2000,"height":1333,"url":"https:\/\/www.camaeleon.org\/wp-content\/uploads\/2021\/11\/IMG_6846.jpg","type":"image\/jpeg"}],"author":"Alice Colin, Ellenore Niederl\u00e4nder, Lisa Lahann, Max Ernst, Livia Wolff","twitter_card":"summary_large_image","twitter_creator":"@camaeleonOrg","twitter_site":"@camaeleonOrg","schema":{"@context":"https:\/\/schema.org","@graph":[{"@type":"Article","@id":"https:\/\/www.camaeleon.org\/2021\/11\/24\/camaeleon-beim-ard-jugendmedientag-2021\/#article","isPartOf":{"@id":"https:\/\/www.camaeleon.org\/2021\/11\/24\/camaeleon-beim-ard-jugendmedientag-2021\/"},"author":{"name":"Alice Colin","@id":"https:\/\/www.camaeleon.org\/de\/#\/schema\/person\/464e569d01be14890e1eb1cdd491d9ad"},"headline":"ARD-Jugendmedientag 2021","datePublished":"2021-11-24T17:23:37+00:00","dateModified":"2022-04-28T21:49:01+00:00","mainEntityOfPage":{"@id":"https:\/\/www.camaeleon.org\/2021\/11\/24\/camaeleon-beim-ard-jugendmedientag-2021\/"},"wordCount":2103,"commentCount":0,"publisher":{"@id":"https:\/\/www.camaeleon.org\/de\/#organization"},"image":{"@id":"https:\/\/www.camaeleon.org\/2021\/11\/24\/camaeleon-beim-ard-jugendmedientag-2021\/#primaryimage"},"thumbnailUrl":"https:\/\/www.camaeleon.org\/wp-content\/uploads\/2021\/11\/IMG_6846.jpg","keywords":["ARD","ARD-Jugendmedientag","Journalismus","Medien","Medientag","Radio","TV"],"articleSection":["Wir \u00fcber uns","Digital"],"inLanguage":"de","potentialAction":[{"@type":"CommentAction","name":"Comment","target":["https:\/\/www.camaeleon.org\/2021\/11\/24\/camaeleon-beim-ard-jugendmedientag-2021\/#respond"]}]},{"@type":"WebPage","@id":"https:\/\/www.camaeleon.org\/de\/2021\/11\/24\/camaeleon-beim-ard-jugendmedientag-2021\/","url":"https:\/\/www.camaeleon.org\/de\/2021\/11\/24\/camaeleon-beim-ard-jugendmedientag-2021\/","name":"ARD-Jugendmedientag 2021 - Cam\u00e4l\u00e9on","isPartOf":{"@id":"https:\/\/www.camaeleon.org\/de\/#website"},"primaryImageOfPage":{"@id":"https:\/\/www.camaeleon.org\/de\/2021\/11\/24\/camaeleon-beim-ard-jugendmedientag-2021\/#primaryimage"},"image":{"@id":"https:\/\/www.camaeleon.org\/2021\/11\/24\/camaeleon-beim-ard-jugendmedientag-2021\/#primaryimage"},"thumbnailUrl":"https:\/\/www.camaeleon.org\/wp-content\/uploads\/2021\/11\/IMG_6846.jpg","datePublished":"2021-11-24T17:23:37+00:00","dateModified":"2022-04-28T21:49:01+00:00","description":"Um einen Einblick in die Arbeit von Profi-Journalist:innen zu erhalten, haben wir am ARD-Jugendmedientag am 18. November 2021 teilgenommen.","breadcrumb":{"@id":"https:\/\/www.camaeleon.org\/de\/2021\/11\/24\/camaeleon-beim-ard-jugendmedientag-2021\/#breadcrumb"},"inLanguage":"de","potentialAction":[{"@type":"ReadAction","target":[["https:\/\/www.camaeleon.org\/de\/2021\/11\/24\/camaeleon-beim-ard-jugendmedientag-2021\/"]]}]},{"@type":"ImageObject","inLanguage":"de","@id":"https:\/\/www.camaeleon.org\/de\/2021\/11\/24\/camaeleon-beim-ard-jugendmedientag-2021\/#primaryimage","url":"https:\/\/www.camaeleon.org\/wp-content\/uploads\/2021\/11\/IMG_6846.jpg","contentUrl":"https:\/\/www.camaeleon.org\/wp-content\/uploads\/2021\/11\/IMG_6846.jpg","width":2000,"height":1333,"caption":"[:fr]Foto: Cam\u00e4l\u00e9on[:]"},{"@type":"BreadcrumbList","@id":"https:\/\/www.camaeleon.org\/de\/2021\/11\/24\/camaeleon-beim-ard-jugendmedientag-2021\/#breadcrumb","itemListElement":[{"@type":"ListItem","position":1,"name":"Home","item":"https:\/\/www.camaeleon.org\/de\/"},{"@type":"ListItem","position":2,"name":"ARD-Jugendmedientag 2021"}]},{"@type":"WebSite","@id":"https:\/\/www.camaeleon.org\/de\/#website","url":"https:\/\/www.camaeleon.org\/de\/","name":"Cam\u00e4l\u00e9on","description":"Das Sch\u00fclermagazin des Deutsch-Franz\u00f6sischen Gymnasiums Saarbr\u00fccken","publisher":{"@id":"https:\/\/www.camaeleon.org\/de\/#organization"},"potentialAction":[{"@type":"SearchAction","target":{"@type":"EntryPoint","urlTemplate":"https:\/\/www.camaeleon.org\/de\/?s={search_term_string}"},"query-input":{"@type":"PropertyValueSpecification","valueRequired":true,"valueName":"search_term_string"}}],"inLanguage":"de"},{"@type":"Organization","@id":"https:\/\/www.camaeleon.org\/de\/#organization","name":"Cam\u00e4l\u00e9on","url":"https:\/\/www.camaeleon.org\/de\/","logo":{"@type":"ImageObject","inLanguage":"de","@id":"https:\/\/www.camaeleon.org\/de\/#\/schema\/logo\/image\/","url":"https:\/\/www.camaeleon.org\/wp-content\/uploads\/2011\/11\/CAM\u00c4LEON.jpg","contentUrl":"https:\/\/www.camaeleon.org\/wp-content\/uploads\/2011\/11\/CAM\u00c4LEON.jpg","width":959,"height":959,"caption":"Cam\u00e4l\u00e9on"},"image":{"@id":"https:\/\/www.camaeleon.org\/de\/#\/schema\/logo\/image\/"},"sameAs":["https:\/\/www.facebook.com\/camaeleon.org\/","https:\/\/x.com\/camaeleonOrg","https:\/\/www.instagram.com\/camaeleon.dfg\/","https:\/\/www.youtube.com\/channel\/UCl3TAUDdGuu_c7CD6ax6hYg"]},{"@type":"Person","@id":"https:\/\/www.camaeleon.org\/de\/#\/schema\/person\/464e569d01be14890e1eb1cdd491d9ad","name":"Alice Colin","image":{"@type":"ImageObject","inLanguage":"de","@id":"https:\/\/www.camaeleon.org\/de\/wp-content\/uploads\/2021\/10\/1633619312756-150x150.jpgc89c4b825a2cad2d46216cab17e90f48","url":"https:\/\/www.camaeleon.org\/wp-content\/uploads\/2021\/10\/1633619312756-150x150.jpg","contentUrl":"https:\/\/www.camaeleon.org\/wp-content\/uploads\/2021\/10\/1633619312756-150x150.jpg","caption":"Alice Colin"},"description":"Hallo, ich hei\u00dfe Alice Colin und bin 14 Jahre alt. Ich bin Teil der Cam\u00e4l\u00e9on-Redaktion, weil ich schreiben und zeichnen liebe. In meiner Freizeit spiele ich Gitarre und lese gerne.","url":"https:\/\/www.camaeleon.org\/de\/author\/alice-colin\/"}]}},"_links":{"self":[{"href":"https:\/\/www.camaeleon.org\/de\/wp-json\/wp\/v2\/posts\/24669","targetHints":{"allow":["GET"]}}],"collection":[{"href":"https:\/\/www.camaeleon.org\/de\/wp-json\/wp\/v2\/posts"}],"about":[{"href":"https:\/\/www.camaeleon.org\/de\/wp-json\/wp\/v2\/types\/post"}],"author":[{"embeddable":true,"href":"https:\/\/www.camaeleon.org\/de\/wp-json\/wp\/v2\/users\/150"}],"replies":[{"embeddable":true,"href":"https:\/\/www.camaeleon.org\/de\/wp-json\/wp\/v2\/comments?post=24669"}],"version-history":[{"count":0,"href":"https:\/\/www.camaeleon.org\/de\/wp-json\/wp\/v2\/posts\/24669\/revisions"}],"wp:featuredmedia":[{"embeddable":true,"href":"https:\/\/www.camaeleon.org\/de\/wp-json\/wp\/v2\/media\/24648"}],"wp:attachment":[{"href":"https:\/\/www.camaeleon.org\/de\/wp-json\/wp\/v2\/media?parent=24669"}],"wp:term":[{"taxonomy":"category","embeddable":true,"href":"https:\/\/www.camaeleon.org\/de\/wp-json\/wp\/v2\/categories?post=24669"},{"taxonomy":"post_tag","embeddable":true,"href":"https:\/\/www.camaeleon.org\/de\/wp-json\/wp\/v2\/tags?post=24669"},{"taxonomy":"author","embeddable":true,"href":"https:\/\/www.camaeleon.org\/de\/wp-json\/wp\/v2\/coauthors?post=24669"}],"curies":[{"name":"wp","href":"https:\/\/api.w.org\/{rel}","templated":true}]}}