{"id":23761,"date":"2021-05-15T21:08:46","date_gmt":"2021-05-15T19:08:46","guid":{"rendered":"https:\/\/www.camaeleon.org\/?p=23761"},"modified":"2021-11-28T18:13:52","modified_gmt":"2021-11-28T17:13:52","slug":"neues-klimaschutzgesetz-kann-die-regierung-klimapolitik","status":"publish","type":"post","link":"https:\/\/www.camaeleon.org\/de\/2021\/05\/15\/neues-klimaschutzgesetz-kann-die-regierung-klimapolitik\/","title":{"rendered":"Neues Klimaschutzgesetz: Kann die Regierung Klimapolitik?"},"content":{"rendered":"\r\n<figure id=\"attachment_23818\" aria-describedby=\"caption-attachment-23818\" style=\"width: 300px\" class=\"wp-caption alignleft\"><img loading=\"lazy\" decoding=\"async\" class=\"wp-image-23818 size-medium\" src=\"https:\/\/www.camaeleon.org\/wp-content\/uploads\/2021\/05\/earth-3505193_1920-300x212.jpg\" alt=\"Foto: emmagrau \/ pixabay.com\" width=\"300\" height=\"212\" srcset=\"https:\/\/www.camaeleon.org\/wp-content\/uploads\/2021\/05\/earth-3505193_1920-300x212.jpg 300w, https:\/\/www.camaeleon.org\/wp-content\/uploads\/2021\/05\/earth-3505193_1920-849x600.jpg 849w, https:\/\/www.camaeleon.org\/wp-content\/uploads\/2021\/05\/earth-3505193_1920-1536x1086.jpg 1536w, https:\/\/www.camaeleon.org\/wp-content\/uploads\/2021\/05\/earth-3505193_1920.jpg 1920w\" sizes=\"auto, (max-width: 300px) 100vw, 300px\" \/><figcaption id=\"caption-attachment-23818\" class=\"wp-caption-text\">Foto: emmagrau \/ pixabay.com<\/figcaption><\/figure>\r\n<p>Mehrere deutsche Umweltorganisationen, darunter auch Fridays for Future und Greenpeace haben beim Bundesverfassungsgericht in Karlsruhe gegen das Klimaschutzgesetz geklagt.<\/p>\r\n<p>Besagtes Gesetz war in dem Klimapaket von 2019 enthalten und soll gew\u00e4hrleisten, dass die nationalen Klimaziele erreicht werden. Es soll zum Beispiel regeln, wie viele Treibhausgase bestimmte Bereiche (Verkehr, Landwirtschaft, Geb\u00e4ude, etc&#8230;) pro Jahr aussto\u00dfen d\u00fcrfen.<\/p>\r\n<p>Das Bundesverfassungsgericht hat Teile des Gesetzes nun f\u00fcr verfassungswidrig erkl\u00e4rt. Laut dem Gericht ist die Klage der Umweltaktivisten legitim, denn das Gesetz greife die Freiheitsrechte der B\u00fcrger an. \u201eVon diesen k\u00fcnftigen Emissionsminderungspflichten ist praktisch jegliche Freiheit potenziell betroffen, weil noch nahezu alle Bereiche menschlichen Lebens mit der Emission von Treibhausgasen verbunden und damit nach 2030 von drastischen Einschr\u00e4nkungen bedroht sind\u201c, so die Erkl\u00e4rung der Richter. \u201eZur Wahrung grundrechtlich gesicherter Freiheit, h\u00e4tte der Gesetzgeber Vorkehrungen treffen m\u00fcssen, um diese hohen Lasten abzumildern.\u201c<\/p>\r\n<p>Der Beschluss ist ein gro\u00dfer Erfolg f\u00fcr Klimaaktivisten, aber ein \u00c4rger f\u00fcr so manche Politiker.<\/p>\r\n<p>Zwei Wochen nachdem das Gesetz f\u00fcr ung\u00fcltig erkl\u00e4rt wurde, hat die Union ein neues verabschiedet und ist anscheinend ziemlich zufrieden damit. Das Gesetz besagt unter anderem, dass Deutschland ab 2045 klimaneutral soll.<\/p>\r\n<p>Es ist durchaus erstaunlich, dass die Union es geschafft hat, in so kurzer Zeit ein Gesetz mit so hohen Zielen zu verfassen, aber auf die Frage, wie es erreicht werden soll, dennoch keine Antwort hat.<\/p>\r\n<p>Viele Politiker haben schon seit Jahren nach mehr Klimaschutz gerufen, aber haben sich nie auf bestimmte Ziele und Zahlen festgesetzt. Ob das daran liegt, dass sie die Wirtschaft nicht ver\u00e4rgern wollen oder \u00fcberhaupt keine Ahnung haben, was sie machen sollen, ist fraglich.<\/p>\r\n<p>Vor ein paar Monaten warnte Armin Laschet noch vor \u201e\u00fcberzogenen Klimaschutzma\u00dfnahmen\u201c, die die deutsche Wirtschaft ruinieren w\u00fcrden, aber als Kanzlerkandidat scheint er pl\u00f6tlich ganz begeistert von Klimaschutz zu sein.<\/p>\r\n<p>Wenn die Regierung die Klimakrise mit der selben Strategie angeht wie die Corona-Pandemie, sehe ich f\u00fcr Deutschland eher schwarz als gr\u00fcn.<\/p>\r\n","protected":false},"excerpt":{"rendered":"<p>Mehrere deutsche Umweltorganisationen, darunter auch Fridays for Future und Greenpeace haben beim Bundesverfassungsgericht in Karlsruhe gegen das Klimaschutzgesetz geklagt. Besagtes Gesetz war in dem Klimapaket<\/p>\n","protected":false},"author":138,"featured_media":23818,"comment_status":"open","ping_status":"closed","sticky":false,"template":"","format":"standard","meta":{"colormag_page_container_layout":"default_layout","colormag_page_sidebar_layout":"default_layout","footnotes":""},"categories":[5,10],"tags":[1676,1096,1675,236,1678,1677,1674,1673,1030,698,280],"coauthors":[1124],"class_list":["post-23761","post","type-post","status-publish","format-standard","has-post-thumbnail","hentry","category-monde","category-politique","tag-bundesverfassungsgericht","tag-fridays-for-future","tag-greenpeace","tag-klima","tag-klimaneutral","tag-klimapaket","tag-klimapolitik","tag-klimaschutzgesetz","tag-klimawandel","tag-umwelt","tag-umweltschutz"],"yoast_head":"<!-- This site is optimized with the Yoast SEO plugin v27.5 - https:\/\/yoast.com\/product\/yoast-seo-wordpress\/ -->\n<title>Neues Klimaschutzgesetz: Kann die Regierung Klimapolitik? - Cam\u00e4l\u00e9on<\/title>\n<meta name=\"description\" content=\"Mehrere deutsche Umweltorganisationen haben beim Bundesverfassungsgericht in Karlsruhe gegen das Klimaschutzgesetz geklagt.\" \/>\n<meta name=\"robots\" content=\"index, follow, max-snippet:-1, max-image-preview:large, max-video-preview:-1\" \/>\n<link rel=\"canonical\" href=\"https:\/\/www.camaeleon.org\/de\/2021\/05\/15\/neues-klimaschutzgesetz-kann-die-regierung-klimapolitik\/\" \/>\n<meta property=\"og:locale\" content=\"de_DE\" \/>\n<meta property=\"og:type\" content=\"article\" \/>\n<meta property=\"og:title\" content=\"Neues Klimaschutzgesetz: Kann die Regierung Klimapolitik? - Cam\u00e4l\u00e9on\" \/>\n<meta property=\"og:description\" content=\"Mehrere deutsche Umweltorganisationen haben beim Bundesverfassungsgericht in Karlsruhe gegen das Klimaschutzgesetz geklagt.\" \/>\n<meta property=\"og:url\" content=\"https:\/\/www.camaeleon.org\/de\/2021\/05\/15\/neues-klimaschutzgesetz-kann-die-regierung-klimapolitik\/\" \/>\n<meta property=\"og:site_name\" content=\"Cam\u00e4l\u00e9on\" \/>\n<meta property=\"article:publisher\" content=\"https:\/\/www.facebook.com\/camaeleon.org\/\" \/>\n<meta property=\"article:published_time\" content=\"2021-05-15T19:08:46+00:00\" \/>\n<meta property=\"article:modified_time\" content=\"2021-11-28T17:13:52+00:00\" \/>\n<meta property=\"og:image\" content=\"https:\/\/www.camaeleon.org\/wp-content\/uploads\/2021\/05\/earth-3505193_1920.jpg\" \/>\n\t<meta property=\"og:image:width\" content=\"1920\" \/>\n\t<meta property=\"og:image:height\" content=\"1357\" \/>\n\t<meta property=\"og:image:type\" content=\"image\/jpeg\" \/>\n<meta name=\"author\" content=\"Katharina B\u00fcch\" \/>\n<meta name=\"twitter:card\" content=\"summary_large_image\" \/>\n<meta name=\"twitter:creator\" content=\"@camaeleonOrg\" \/>\n<meta name=\"twitter:site\" content=\"@camaeleonOrg\" \/>\n<script type=\"application\/ld+json\" class=\"yoast-schema-graph\">{\"@context\":\"https:\\\/\\\/schema.org\",\"@graph\":[{\"@type\":\"Article\",\"@id\":\"https:\\\/\\\/www.camaeleon.org\\\/2021\\\/05\\\/15\\\/neues-klimaschutzgesetz-kann-die-regierung-klimapolitik\\\/#article\",\"isPartOf\":{\"@id\":\"https:\\\/\\\/www.camaeleon.org\\\/2021\\\/05\\\/15\\\/neues-klimaschutzgesetz-kann-die-regierung-klimapolitik\\\/\"},\"author\":{\"name\":\"Katharina B\u00fcch\",\"@id\":\"https:\\\/\\\/www.camaeleon.org\\\/de\\\/#\\\/schema\\\/person\\\/154fcc2704ac40d4d2dff573f82d3b6b\"},\"headline\":\"Neues Klimaschutzgesetz: Kann die Regierung Klimapolitik?\",\"datePublished\":\"2021-05-15T19:08:46+00:00\",\"dateModified\":\"2021-11-28T17:13:52+00:00\",\"mainEntityOfPage\":{\"@id\":\"https:\\\/\\\/www.camaeleon.org\\\/2021\\\/05\\\/15\\\/neues-klimaschutzgesetz-kann-die-regierung-klimapolitik\\\/\"},\"wordCount\":348,\"commentCount\":0,\"publisher\":{\"@id\":\"https:\\\/\\\/www.camaeleon.org\\\/de\\\/#organization\"},\"image\":{\"@id\":\"https:\\\/\\\/www.camaeleon.org\\\/2021\\\/05\\\/15\\\/neues-klimaschutzgesetz-kann-die-regierung-klimapolitik\\\/#primaryimage\"},\"thumbnailUrl\":\"https:\\\/\\\/www.camaeleon.org\\\/wp-content\\\/uploads\\\/2021\\\/05\\\/earth-3505193_1920.jpg\",\"keywords\":[\"Bundesverfassungsgericht\",\"Fridays for future\",\"Greenpeace\",\"Klima\",\"klimaneutral\",\"Klimapaket\",\"Klimapolitik\",\"Klimaschutzgesetz\",\"Klimawandel\",\"Umwelt\",\"Umweltschutz\"],\"articleSection\":[\"Welt\",\"Politik\"],\"inLanguage\":\"de\",\"potentialAction\":[{\"@type\":\"CommentAction\",\"name\":\"Comment\",\"target\":[\"https:\\\/\\\/www.camaeleon.org\\\/2021\\\/05\\\/15\\\/neues-klimaschutzgesetz-kann-die-regierung-klimapolitik\\\/#respond\"]}]},{\"@type\":\"WebPage\",\"@id\":\"https:\\\/\\\/www.camaeleon.org\\\/de\\\/2021\\\/05\\\/15\\\/neues-klimaschutzgesetz-kann-die-regierung-klimapolitik\\\/\",\"url\":\"https:\\\/\\\/www.camaeleon.org\\\/de\\\/2021\\\/05\\\/15\\\/neues-klimaschutzgesetz-kann-die-regierung-klimapolitik\\\/\",\"name\":\"Neues Klimaschutzgesetz: Kann die Regierung Klimapolitik? - Cam\u00e4l\u00e9on\",\"isPartOf\":{\"@id\":\"https:\\\/\\\/www.camaeleon.org\\\/de\\\/#website\"},\"primaryImageOfPage\":{\"@id\":\"https:\\\/\\\/www.camaeleon.org\\\/de\\\/2021\\\/05\\\/15\\\/neues-klimaschutzgesetz-kann-die-regierung-klimapolitik\\\/#primaryimage\"},\"image\":{\"@id\":\"https:\\\/\\\/www.camaeleon.org\\\/2021\\\/05\\\/15\\\/neues-klimaschutzgesetz-kann-die-regierung-klimapolitik\\\/#primaryimage\"},\"thumbnailUrl\":\"https:\\\/\\\/www.camaeleon.org\\\/wp-content\\\/uploads\\\/2021\\\/05\\\/earth-3505193_1920.jpg\",\"datePublished\":\"2021-05-15T19:08:46+00:00\",\"dateModified\":\"2021-11-28T17:13:52+00:00\",\"description\":\"Mehrere deutsche Umweltorganisationen haben beim Bundesverfassungsgericht in Karlsruhe gegen das Klimaschutzgesetz geklagt.\",\"breadcrumb\":{\"@id\":\"https:\\\/\\\/www.camaeleon.org\\\/de\\\/2021\\\/05\\\/15\\\/neues-klimaschutzgesetz-kann-die-regierung-klimapolitik\\\/#breadcrumb\"},\"inLanguage\":\"de\",\"potentialAction\":[{\"@type\":\"ReadAction\",\"target\":[[\"https:\\\/\\\/www.camaeleon.org\\\/de\\\/2021\\\/05\\\/15\\\/neues-klimaschutzgesetz-kann-die-regierung-klimapolitik\\\/\"]]}]},{\"@type\":\"ImageObject\",\"inLanguage\":\"de\",\"@id\":\"https:\\\/\\\/www.camaeleon.org\\\/de\\\/2021\\\/05\\\/15\\\/neues-klimaschutzgesetz-kann-die-regierung-klimapolitik\\\/#primaryimage\",\"url\":\"https:\\\/\\\/www.camaeleon.org\\\/wp-content\\\/uploads\\\/2021\\\/05\\\/earth-3505193_1920.jpg\",\"contentUrl\":\"https:\\\/\\\/www.camaeleon.org\\\/wp-content\\\/uploads\\\/2021\\\/05\\\/earth-3505193_1920.jpg\",\"width\":1920,\"height\":1357},{\"@type\":\"BreadcrumbList\",\"@id\":\"https:\\\/\\\/www.camaeleon.org\\\/de\\\/2021\\\/05\\\/15\\\/neues-klimaschutzgesetz-kann-die-regierung-klimapolitik\\\/#breadcrumb\",\"itemListElement\":[{\"@type\":\"ListItem\",\"position\":1,\"name\":\"Home\",\"item\":\"https:\\\/\\\/www.camaeleon.org\\\/de\\\/\"},{\"@type\":\"ListItem\",\"position\":2,\"name\":\"Neues Klimaschutzgesetz: Kann die Regierung Klimapolitik?\"}]},{\"@type\":\"WebSite\",\"@id\":\"https:\\\/\\\/www.camaeleon.org\\\/de\\\/#website\",\"url\":\"https:\\\/\\\/www.camaeleon.org\\\/de\\\/\",\"name\":\"Cam\u00e4l\u00e9on\",\"description\":\"Das Sch\u00fclermagazin des Deutsch-Franz\u00f6sischen Gymnasiums Saarbr\u00fccken\",\"publisher\":{\"@id\":\"https:\\\/\\\/www.camaeleon.org\\\/de\\\/#organization\"},\"potentialAction\":[{\"@type\":\"SearchAction\",\"target\":{\"@type\":\"EntryPoint\",\"urlTemplate\":\"https:\\\/\\\/www.camaeleon.org\\\/de\\\/?s={search_term_string}\"},\"query-input\":{\"@type\":\"PropertyValueSpecification\",\"valueRequired\":true,\"valueName\":\"search_term_string\"}}],\"inLanguage\":\"de\"},{\"@type\":\"Organization\",\"@id\":\"https:\\\/\\\/www.camaeleon.org\\\/de\\\/#organization\",\"name\":\"Cam\u00e4l\u00e9on\",\"url\":\"https:\\\/\\\/www.camaeleon.org\\\/de\\\/\",\"logo\":{\"@type\":\"ImageObject\",\"inLanguage\":\"de\",\"@id\":\"https:\\\/\\\/www.camaeleon.org\\\/de\\\/#\\\/schema\\\/logo\\\/image\\\/\",\"url\":\"https:\\\/\\\/www.camaeleon.org\\\/wp-content\\\/uploads\\\/2011\\\/11\\\/CAM\u00c4LEON.jpg\",\"contentUrl\":\"https:\\\/\\\/www.camaeleon.org\\\/wp-content\\\/uploads\\\/2011\\\/11\\\/CAM\u00c4LEON.jpg\",\"width\":959,\"height\":959,\"caption\":\"Cam\u00e4l\u00e9on\"},\"image\":{\"@id\":\"https:\\\/\\\/www.camaeleon.org\\\/de\\\/#\\\/schema\\\/logo\\\/image\\\/\"},\"sameAs\":[\"https:\\\/\\\/www.facebook.com\\\/camaeleon.org\\\/\",\"https:\\\/\\\/x.com\\\/camaeleonOrg\",\"https:\\\/\\\/www.instagram.com\\\/camaeleon.dfg\\\/\",\"https:\\\/\\\/www.youtube.com\\\/channel\\\/UCl3TAUDdGuu_c7CD6ax6hYg\"]},{\"@type\":\"Person\",\"@id\":\"https:\\\/\\\/www.camaeleon.org\\\/de\\\/#\\\/schema\\\/person\\\/154fcc2704ac40d4d2dff573f82d3b6b\",\"name\":\"Katharina B\u00fcch\",\"image\":{\"@type\":\"ImageObject\",\"inLanguage\":\"de\",\"@id\":\"https:\\\/\\\/www.camaeleon.org\\\/de\\\/wp-content\\\/uploads\\\/2019\\\/12\\\/Katharina.jpg7bcf3d1f7d1307e109049adc5849f1ff\",\"url\":\"https:\\\/\\\/www.camaeleon.org\\\/wp-content\\\/uploads\\\/2019\\\/12\\\/Katharina.jpg\",\"contentUrl\":\"https:\\\/\\\/www.camaeleon.org\\\/wp-content\\\/uploads\\\/2019\\\/12\\\/Katharina.jpg\",\"caption\":\"Katharina B\u00fcch\"},\"description\":\"Hallo, ich hei\u00dfe Katharina B\u00fcch. Ich bin 14 Jahre alt. Seit zwei Jahren bin ich Mitglied bei Cam\u00e4leon. Ich bin in der Klasse 9L. In meiner Freizeit lese ich gern und spiele Klavier.\",\"url\":\"https:\\\/\\\/www.camaeleon.org\\\/de\\\/author\\\/katharina-buech\\\/\"}]}<\/script>\n<!-- \/ Yoast SEO plugin. -->","yoast_head_json":{"title":"Neues Klimaschutzgesetz: Kann die Regierung Klimapolitik? - Cam\u00e4l\u00e9on","description":"Mehrere deutsche Umweltorganisationen haben beim Bundesverfassungsgericht in Karlsruhe gegen das Klimaschutzgesetz geklagt.","robots":{"index":"index","follow":"follow","max-snippet":"max-snippet:-1","max-image-preview":"max-image-preview:large","max-video-preview":"max-video-preview:-1"},"canonical":"https:\/\/www.camaeleon.org\/de\/2021\/05\/15\/neues-klimaschutzgesetz-kann-die-regierung-klimapolitik\/","og_locale":"de_DE","og_type":"article","og_title":"Neues Klimaschutzgesetz: Kann die Regierung Klimapolitik? - Cam\u00e4l\u00e9on","og_description":"Mehrere deutsche Umweltorganisationen haben beim Bundesverfassungsgericht in Karlsruhe gegen das Klimaschutzgesetz geklagt.","og_url":"https:\/\/www.camaeleon.org\/de\/2021\/05\/15\/neues-klimaschutzgesetz-kann-die-regierung-klimapolitik\/","og_site_name":"Cam\u00e4l\u00e9on","article_publisher":"https:\/\/www.facebook.com\/camaeleon.org\/","article_published_time":"2021-05-15T19:08:46+00:00","article_modified_time":"2021-11-28T17:13:52+00:00","og_image":[{"width":1920,"height":1357,"url":"https:\/\/www.camaeleon.org\/wp-content\/uploads\/2021\/05\/earth-3505193_1920.jpg","type":"image\/jpeg"}],"author":"Katharina B\u00fcch","twitter_card":"summary_large_image","twitter_creator":"@camaeleonOrg","twitter_site":"@camaeleonOrg","schema":{"@context":"https:\/\/schema.org","@graph":[{"@type":"Article","@id":"https:\/\/www.camaeleon.org\/2021\/05\/15\/neues-klimaschutzgesetz-kann-die-regierung-klimapolitik\/#article","isPartOf":{"@id":"https:\/\/www.camaeleon.org\/2021\/05\/15\/neues-klimaschutzgesetz-kann-die-regierung-klimapolitik\/"},"author":{"name":"Katharina B\u00fcch","@id":"https:\/\/www.camaeleon.org\/de\/#\/schema\/person\/154fcc2704ac40d4d2dff573f82d3b6b"},"headline":"Neues Klimaschutzgesetz: Kann die Regierung Klimapolitik?","datePublished":"2021-05-15T19:08:46+00:00","dateModified":"2021-11-28T17:13:52+00:00","mainEntityOfPage":{"@id":"https:\/\/www.camaeleon.org\/2021\/05\/15\/neues-klimaschutzgesetz-kann-die-regierung-klimapolitik\/"},"wordCount":348,"commentCount":0,"publisher":{"@id":"https:\/\/www.camaeleon.org\/de\/#organization"},"image":{"@id":"https:\/\/www.camaeleon.org\/2021\/05\/15\/neues-klimaschutzgesetz-kann-die-regierung-klimapolitik\/#primaryimage"},"thumbnailUrl":"https:\/\/www.camaeleon.org\/wp-content\/uploads\/2021\/05\/earth-3505193_1920.jpg","keywords":["Bundesverfassungsgericht","Fridays for future","Greenpeace","Klima","klimaneutral","Klimapaket","Klimapolitik","Klimaschutzgesetz","Klimawandel","Umwelt","Umweltschutz"],"articleSection":["Welt","Politik"],"inLanguage":"de","potentialAction":[{"@type":"CommentAction","name":"Comment","target":["https:\/\/www.camaeleon.org\/2021\/05\/15\/neues-klimaschutzgesetz-kann-die-regierung-klimapolitik\/#respond"]}]},{"@type":"WebPage","@id":"https:\/\/www.camaeleon.org\/de\/2021\/05\/15\/neues-klimaschutzgesetz-kann-die-regierung-klimapolitik\/","url":"https:\/\/www.camaeleon.org\/de\/2021\/05\/15\/neues-klimaschutzgesetz-kann-die-regierung-klimapolitik\/","name":"Neues Klimaschutzgesetz: Kann die Regierung Klimapolitik? - Cam\u00e4l\u00e9on","isPartOf":{"@id":"https:\/\/www.camaeleon.org\/de\/#website"},"primaryImageOfPage":{"@id":"https:\/\/www.camaeleon.org\/de\/2021\/05\/15\/neues-klimaschutzgesetz-kann-die-regierung-klimapolitik\/#primaryimage"},"image":{"@id":"https:\/\/www.camaeleon.org\/2021\/05\/15\/neues-klimaschutzgesetz-kann-die-regierung-klimapolitik\/#primaryimage"},"thumbnailUrl":"https:\/\/www.camaeleon.org\/wp-content\/uploads\/2021\/05\/earth-3505193_1920.jpg","datePublished":"2021-05-15T19:08:46+00:00","dateModified":"2021-11-28T17:13:52+00:00","description":"Mehrere deutsche Umweltorganisationen haben beim Bundesverfassungsgericht in Karlsruhe gegen das Klimaschutzgesetz geklagt.","breadcrumb":{"@id":"https:\/\/www.camaeleon.org\/de\/2021\/05\/15\/neues-klimaschutzgesetz-kann-die-regierung-klimapolitik\/#breadcrumb"},"inLanguage":"de","potentialAction":[{"@type":"ReadAction","target":[["https:\/\/www.camaeleon.org\/de\/2021\/05\/15\/neues-klimaschutzgesetz-kann-die-regierung-klimapolitik\/"]]}]},{"@type":"ImageObject","inLanguage":"de","@id":"https:\/\/www.camaeleon.org\/de\/2021\/05\/15\/neues-klimaschutzgesetz-kann-die-regierung-klimapolitik\/#primaryimage","url":"https:\/\/www.camaeleon.org\/wp-content\/uploads\/2021\/05\/earth-3505193_1920.jpg","contentUrl":"https:\/\/www.camaeleon.org\/wp-content\/uploads\/2021\/05\/earth-3505193_1920.jpg","width":1920,"height":1357},{"@type":"BreadcrumbList","@id":"https:\/\/www.camaeleon.org\/de\/2021\/05\/15\/neues-klimaschutzgesetz-kann-die-regierung-klimapolitik\/#breadcrumb","itemListElement":[{"@type":"ListItem","position":1,"name":"Home","item":"https:\/\/www.camaeleon.org\/de\/"},{"@type":"ListItem","position":2,"name":"Neues Klimaschutzgesetz: Kann die Regierung Klimapolitik?"}]},{"@type":"WebSite","@id":"https:\/\/www.camaeleon.org\/de\/#website","url":"https:\/\/www.camaeleon.org\/de\/","name":"Cam\u00e4l\u00e9on","description":"Das Sch\u00fclermagazin des Deutsch-Franz\u00f6sischen Gymnasiums Saarbr\u00fccken","publisher":{"@id":"https:\/\/www.camaeleon.org\/de\/#organization"},"potentialAction":[{"@type":"SearchAction","target":{"@type":"EntryPoint","urlTemplate":"https:\/\/www.camaeleon.org\/de\/?s={search_term_string}"},"query-input":{"@type":"PropertyValueSpecification","valueRequired":true,"valueName":"search_term_string"}}],"inLanguage":"de"},{"@type":"Organization","@id":"https:\/\/www.camaeleon.org\/de\/#organization","name":"Cam\u00e4l\u00e9on","url":"https:\/\/www.camaeleon.org\/de\/","logo":{"@type":"ImageObject","inLanguage":"de","@id":"https:\/\/www.camaeleon.org\/de\/#\/schema\/logo\/image\/","url":"https:\/\/www.camaeleon.org\/wp-content\/uploads\/2011\/11\/CAM\u00c4LEON.jpg","contentUrl":"https:\/\/www.camaeleon.org\/wp-content\/uploads\/2011\/11\/CAM\u00c4LEON.jpg","width":959,"height":959,"caption":"Cam\u00e4l\u00e9on"},"image":{"@id":"https:\/\/www.camaeleon.org\/de\/#\/schema\/logo\/image\/"},"sameAs":["https:\/\/www.facebook.com\/camaeleon.org\/","https:\/\/x.com\/camaeleonOrg","https:\/\/www.instagram.com\/camaeleon.dfg\/","https:\/\/www.youtube.com\/channel\/UCl3TAUDdGuu_c7CD6ax6hYg"]},{"@type":"Person","@id":"https:\/\/www.camaeleon.org\/de\/#\/schema\/person\/154fcc2704ac40d4d2dff573f82d3b6b","name":"Katharina B\u00fcch","image":{"@type":"ImageObject","inLanguage":"de","@id":"https:\/\/www.camaeleon.org\/de\/wp-content\/uploads\/2019\/12\/Katharina.jpg7bcf3d1f7d1307e109049adc5849f1ff","url":"https:\/\/www.camaeleon.org\/wp-content\/uploads\/2019\/12\/Katharina.jpg","contentUrl":"https:\/\/www.camaeleon.org\/wp-content\/uploads\/2019\/12\/Katharina.jpg","caption":"Katharina B\u00fcch"},"description":"Hallo, ich hei\u00dfe Katharina B\u00fcch. Ich bin 14 Jahre alt. Seit zwei Jahren bin ich Mitglied bei Cam\u00e4leon. Ich bin in der Klasse 9L. In meiner Freizeit lese ich gern und spiele Klavier.","url":"https:\/\/www.camaeleon.org\/de\/author\/katharina-buech\/"}]}},"_links":{"self":[{"href":"https:\/\/www.camaeleon.org\/de\/wp-json\/wp\/v2\/posts\/23761","targetHints":{"allow":["GET"]}}],"collection":[{"href":"https:\/\/www.camaeleon.org\/de\/wp-json\/wp\/v2\/posts"}],"about":[{"href":"https:\/\/www.camaeleon.org\/de\/wp-json\/wp\/v2\/types\/post"}],"author":[{"embeddable":true,"href":"https:\/\/www.camaeleon.org\/de\/wp-json\/wp\/v2\/users\/138"}],"replies":[{"embeddable":true,"href":"https:\/\/www.camaeleon.org\/de\/wp-json\/wp\/v2\/comments?post=23761"}],"version-history":[{"count":0,"href":"https:\/\/www.camaeleon.org\/de\/wp-json\/wp\/v2\/posts\/23761\/revisions"}],"wp:featuredmedia":[{"embeddable":true,"href":"https:\/\/www.camaeleon.org\/de\/wp-json\/wp\/v2\/media\/23818"}],"wp:attachment":[{"href":"https:\/\/www.camaeleon.org\/de\/wp-json\/wp\/v2\/media?parent=23761"}],"wp:term":[{"taxonomy":"category","embeddable":true,"href":"https:\/\/www.camaeleon.org\/de\/wp-json\/wp\/v2\/categories?post=23761"},{"taxonomy":"post_tag","embeddable":true,"href":"https:\/\/www.camaeleon.org\/de\/wp-json\/wp\/v2\/tags?post=23761"},{"taxonomy":"author","embeddable":true,"href":"https:\/\/www.camaeleon.org\/de\/wp-json\/wp\/v2\/coauthors?post=23761"}],"curies":[{"name":"wp","href":"https:\/\/api.w.org\/{rel}","templated":true}]}}