{"id":23395,"date":"2021-03-11T23:13:03","date_gmt":"2021-03-11T22:13:03","guid":{"rendered":"https:\/\/www.camaeleon.org\/?p=23395"},"modified":"2021-03-26T14:52:21","modified_gmt":"2021-03-26T13:52:21","slug":"das-wort-der-woche-weltfrauentag","status":"publish","type":"post","link":"https:\/\/www.camaeleon.org\/de\/2021\/03\/11\/das-wort-der-woche-weltfrauentag\/","title":{"rendered":"Das Wort der Woche: #Weltfrauentag"},"content":{"rendered":"\r\n<p>Am 8. M\u00e4rz war Weltfrauentag. Aber wie viel wei\u00dft du eigentlich \u00fcber besondere Frauen und ihre Errungenschaften? Teste dein Wissen mit diesem Quiz.<\/p>\r\n<figure id=\"attachment_23402\" aria-describedby=\"caption-attachment-23402\" style=\"width: 300px\" class=\"wp-caption aligncenter\"><img loading=\"lazy\" decoding=\"async\" class=\"size-medium wp-image-23402\" src=\"https:\/\/www.camaeleon.org\/wp-content\/uploads\/2021\/03\/woman-281473_1920-300x212.jpg\" alt=\"Weltfrauentag\" width=\"300\" height=\"212\" srcset=\"https:\/\/www.camaeleon.org\/wp-content\/uploads\/2021\/03\/woman-281473_1920-300x212.jpg 300w, https:\/\/www.camaeleon.org\/wp-content\/uploads\/2021\/03\/woman-281473_1920-849x600.jpg 849w, https:\/\/www.camaeleon.org\/wp-content\/uploads\/2021\/03\/woman-281473_1920-1536x1086.jpg 1536w, https:\/\/www.camaeleon.org\/wp-content\/uploads\/2021\/03\/woman-281473_1920.jpg 1920w\" sizes=\"auto, (max-width: 300px) 100vw, 300px\" \/><figcaption id=\"caption-attachment-23402\" class=\"wp-caption-text\">Foto: Gerd Altmann \/ pixabay.com<\/figcaption><\/figure>\r\n<div id=\"watu_quiz\" class=\"quiz-area single-page-quiz\">\n<form action=\"\" method=\"post\" class=\"quiz-form \" id=\"quiz-12\" >\n<div class='watu-question' id='question-1'><div class='question-content'><p><span class='watu_num'>1. <\/span>Ab wann durften durften deutsche Frauen ohne Erlaubnis von ihren Ehem\u00e4nnern arbeiten gehen?<\/p>\n<\/div><input type='hidden' name='question_id[]' value='87' \/><div class='watu-questions-wrap '><input type='hidden' name='answer_ids[]' class='watu-answer-ids' value='629' \/><div class='watu-question-choice'><input type='radio' name='answer-87[]' id='answer-id-629' class='answer answer-1  answerof-87' value='629' \/>&nbsp;<label for='answer-id-629' id='answer-label-629' class=' answer label-1'><span class='answer'>1977<\/span><\/label><\/div>\n<input type='hidden' name='answer_ids[]' class='watu-answer-ids' value='630' \/><div class='watu-question-choice'><input type='radio' name='answer-87[]' id='answer-id-630' class='answer answer-1  answerof-87' value='630' \/>&nbsp;<label for='answer-id-630' id='answer-label-630' class=' answer label-1'><span class='answer'>1962<\/span><\/label><\/div>\n<input type='hidden' name='answer_ids[]' class='watu-answer-ids' value='631' \/><div class='watu-question-choice'><input type='radio' name='answer-87[]' id='answer-id-631' class='answer answer-1  answerof-87' value='631' \/>&nbsp;<label for='answer-id-631' id='answer-label-631' class=' answer label-1'><span class='answer'>1955<\/span><\/label><\/div>\n<input type='hidden' name='answer_ids[]' class='watu-answer-ids' value='632' \/><div class='watu-question-choice'><input type='radio' name='answer-87[]' id='answer-id-632' class='answer answer-1  answerof-87' value='632' \/>&nbsp;<label for='answer-id-632' id='answer-label-632' class=' answer label-1'><span class='answer'>1948<\/span><\/label><\/div>\n<\/div><input type='hidden' id='questionType1' value='radio' class=''><\/div><div class='watu-question' id='question-2'><div class='question-content'><p><span class='watu_num'>2. <\/span>Wer war die erste Frau im Weltraum?<\/p>\n<\/div><input type='hidden' name='question_id[]' value='88' \/><div class='watu-questions-wrap '><input type='hidden' name='answer_ids[]' class='watu-answer-ids' value='593' \/><div class='watu-question-choice'><input type='radio' name='answer-88[]' id='answer-id-593' class='answer answer-2  answerof-88' value='593' \/>&nbsp;<label for='answer-id-593' id='answer-label-593' class=' answer label-2'><span class='answer'>Sally Ride<\/span><\/label><\/div>\n<input type='hidden' name='answer_ids[]' class='watu-answer-ids' value='594' \/><div class='watu-question-choice'><input type='radio' name='answer-88[]' id='answer-id-594' class='answer answer-2  answerof-88' value='594' \/>&nbsp;<label for='answer-id-594' id='answer-label-594' class=' answer label-2'><span class='answer'>Walentina Tereschkova<\/span><\/label><\/div>\n<input type='hidden' name='answer_ids[]' class='watu-answer-ids' value='595' \/><div class='watu-question-choice'><input type='radio' name='answer-88[]' id='answer-id-595' class='answer answer-2  answerof-88' value='595' \/>&nbsp;<label for='answer-id-595' id='answer-label-595' class=' answer label-2'><span class='answer'>Roberta Lynn<\/span><\/label><\/div>\n<input type='hidden' name='answer_ids[]' class='watu-answer-ids' value='596' \/><div class='watu-question-choice'><input type='radio' name='answer-88[]' id='answer-id-596' class='answer answer-2  answerof-88' value='596' \/>&nbsp;<label for='answer-id-596' id='answer-label-596' class=' answer label-2'><span class='answer'>Mae C. Jemison<\/span><\/label><\/div>\n<\/div><input type='hidden' id='questionType2' value='radio' class=''><\/div><div class='watu-question' id='question-3'><div class='question-content'><p><span class='watu_num'>3. <\/span>In welchen dieser Staaten ist der Weltfrauentag ein gesetzlicher Feiertag?<\/p>\n<\/div><input type='hidden' name='question_id[]' value='89' \/><div class='watu-questions-wrap '><input type='hidden' name='answer_ids[]' class='watu-answer-ids' value='597' \/><div class='watu-question-choice'><input type='radio' name='answer-89[]' id='answer-id-597' class='answer answer-3  answerof-89' value='597' \/>&nbsp;<label for='answer-id-597' id='answer-label-597' class=' answer label-3'><span class='answer'>Schweden<\/span><\/label><\/div>\n<input type='hidden' name='answer_ids[]' class='watu-answer-ids' value='598' \/><div class='watu-question-choice'><input type='radio' name='answer-89[]' id='answer-id-598' class='answer answer-3  answerof-89' value='598' \/>&nbsp;<label for='answer-id-598' id='answer-label-598' class=' answer label-3'><span class='answer'>Angola<\/span><\/label><\/div>\n<input type='hidden' name='answer_ids[]' class='watu-answer-ids' value='599' \/><div class='watu-question-choice'><input type='radio' name='answer-89[]' id='answer-id-599' class='answer answer-3  answerof-89' value='599' \/>&nbsp;<label for='answer-id-599' id='answer-label-599' class=' answer label-3'><span class='answer'>Peru<\/span><\/label><\/div>\n<input type='hidden' name='answer_ids[]' class='watu-answer-ids' value='600' \/><div class='watu-question-choice'><input type='radio' name='answer-89[]' id='answer-id-600' class='answer answer-3  answerof-89' value='600' \/>&nbsp;<label for='answer-id-600' id='answer-label-600' class=' answer label-3'><span class='answer'>D\u00e4nemark<\/span><\/label><\/div>\n<\/div><input type='hidden' id='questionType3' value='radio' class=''><\/div><div class='watu-question' id='question-4'><div class='question-content'><p><span class='watu_num'>4. <\/span>Welches Land in Europa f\u00fchrte das Frauenwahlrecht als Erstes ein?<\/p>\n<\/div><input type='hidden' name='question_id[]' value='90' \/><div class='watu-questions-wrap '><input type='hidden' name='answer_ids[]' class='watu-answer-ids' value='601' \/><div class='watu-question-choice'><input type='radio' name='answer-90[]' id='answer-id-601' class='answer answer-4  answerof-90' value='601' \/>&nbsp;<label for='answer-id-601' id='answer-label-601' class=' answer label-4'><span class='answer'>Belgien<\/span><\/label><\/div>\n<input type='hidden' name='answer_ids[]' class='watu-answer-ids' value='602' \/><div class='watu-question-choice'><input type='radio' name='answer-90[]' id='answer-id-602' class='answer answer-4  answerof-90' value='602' \/>&nbsp;<label for='answer-id-602' id='answer-label-602' class=' answer label-4'><span class='answer'>Spanien<\/span><\/label><\/div>\n<input type='hidden' name='answer_ids[]' class='watu-answer-ids' value='603' \/><div class='watu-question-choice'><input type='radio' name='answer-90[]' id='answer-id-603' class='answer answer-4  answerof-90' value='603' \/>&nbsp;<label for='answer-id-603' id='answer-label-603' class=' answer label-4'><span class='answer'>Frankreich<\/span><\/label><\/div>\n<input type='hidden' name='answer_ids[]' class='watu-answer-ids' value='604' \/><div class='watu-question-choice'><input type='radio' name='answer-90[]' id='answer-id-604' class='answer answer-4  answerof-90' value='604' \/>&nbsp;<label for='answer-id-604' id='answer-label-604' class=' answer label-4'><span class='answer'>Finnland<\/span><\/label><\/div>\n<\/div><input type='hidden' id='questionType4' value='radio' class=''><\/div><div class='watu-question' id='question-5'><div class='question-content'><p><span class='watu_num'>5. <\/span>Wann ist Angela Merkel die erste Bundeskanzlerin geworden?<\/p>\n<\/div><input type='hidden' name='question_id[]' value='91' \/><div class='watu-questions-wrap '><input type='hidden' name='answer_ids[]' class='watu-answer-ids' value='605' \/><div class='watu-question-choice'><input type='radio' name='answer-91[]' id='answer-id-605' class='answer answer-5  answerof-91' value='605' \/>&nbsp;<label for='answer-id-605' id='answer-label-605' class=' answer label-5'><span class='answer'>2003<\/span><\/label><\/div>\n<input type='hidden' name='answer_ids[]' class='watu-answer-ids' value='606' \/><div class='watu-question-choice'><input type='radio' name='answer-91[]' id='answer-id-606' class='answer answer-5  answerof-91' value='606' \/>&nbsp;<label for='answer-id-606' id='answer-label-606' class=' answer label-5'><span class='answer'>2004<\/span><\/label><\/div>\n<input type='hidden' name='answer_ids[]' class='watu-answer-ids' value='607' \/><div class='watu-question-choice'><input type='radio' name='answer-91[]' id='answer-id-607' class='answer answer-5  answerof-91' value='607' \/>&nbsp;<label for='answer-id-607' id='answer-label-607' class=' answer label-5'><span class='answer'>2005<\/span><\/label><\/div>\n<input type='hidden' name='answer_ids[]' class='watu-answer-ids' value='608' \/><div class='watu-question-choice'><input type='radio' name='answer-91[]' id='answer-id-608' class='answer answer-5  answerof-91' value='608' \/>&nbsp;<label for='answer-id-608' id='answer-label-608' class=' answer label-5'><span class='answer'>2006<\/span><\/label><\/div>\n<\/div><input type='hidden' id='questionType5' value='radio' class=''><\/div><div class='watu-question' id='question-6'><div class='question-content'><p><span class='watu_num'>6. <\/span>Wie alt war Jeanne d&#8217;Arc als sie get\u00f6tet wurde?<\/p>\n<\/div><input type='hidden' name='question_id[]' value='92' \/><div class='watu-questions-wrap '><input type='hidden' name='answer_ids[]' class='watu-answer-ids' value='609' \/><div class='watu-question-choice'><input type='radio' name='answer-92[]' id='answer-id-609' class='answer answer-6  answerof-92' value='609' \/>&nbsp;<label for='answer-id-609' id='answer-label-609' class=' answer label-6'><span class='answer'>15<\/span><\/label><\/div>\n<input type='hidden' name='answer_ids[]' class='watu-answer-ids' value='610' \/><div class='watu-question-choice'><input type='radio' name='answer-92[]' id='answer-id-610' class='answer answer-6  answerof-92' value='610' \/>&nbsp;<label for='answer-id-610' id='answer-label-610' class=' answer label-6'><span class='answer'>17<\/span><\/label><\/div>\n<input type='hidden' name='answer_ids[]' class='watu-answer-ids' value='611' \/><div class='watu-question-choice'><input type='radio' name='answer-92[]' id='answer-id-611' class='answer answer-6  answerof-92' value='611' \/>&nbsp;<label for='answer-id-611' id='answer-label-611' class=' answer label-6'><span class='answer'>19<\/span><\/label><\/div>\n<input type='hidden' name='answer_ids[]' class='watu-answer-ids' value='612' \/><div class='watu-question-choice'><input type='radio' name='answer-92[]' id='answer-id-612' class='answer answer-6  answerof-92' value='612' \/>&nbsp;<label for='answer-id-612' id='answer-label-612' class=' answer label-6'><span class='answer'>21<\/span><\/label><\/div>\n<\/div><input type='hidden' id='questionType6' value='radio' class=''><\/div><div class='watu-question' id='question-7'><div class='question-content'><p><span class='watu_num'>7. <\/span>Seit wann findet der Weltfrauentag am 8. M\u00e4rz statt?<\/p>\n<\/div><input type='hidden' name='question_id[]' value='93' \/><div class='watu-questions-wrap '><input type='hidden' name='answer_ids[]' class='watu-answer-ids' value='613' \/><div class='watu-question-choice'><input type='radio' name='answer-93[]' id='answer-id-613' class='answer answer-7  answerof-93' value='613' \/>&nbsp;<label for='answer-id-613' id='answer-label-613' class=' answer label-7'><span class='answer'>1911<\/span><\/label><\/div>\n<input type='hidden' name='answer_ids[]' class='watu-answer-ids' value='614' \/><div class='watu-question-choice'><input type='radio' name='answer-93[]' id='answer-id-614' class='answer answer-7  answerof-93' value='614' \/>&nbsp;<label for='answer-id-614' id='answer-label-614' class=' answer label-7'><span class='answer'>1921<\/span><\/label><\/div>\n<input type='hidden' name='answer_ids[]' class='watu-answer-ids' value='615' \/><div class='watu-question-choice'><input type='radio' name='answer-93[]' id='answer-id-615' class='answer answer-7  answerof-93' value='615' \/>&nbsp;<label for='answer-id-615' id='answer-label-615' class=' answer label-7'><span class='answer'>1929<\/span><\/label><\/div>\n<input type='hidden' name='answer_ids[]' class='watu-answer-ids' value='616' \/><div class='watu-question-choice'><input type='radio' name='answer-93[]' id='answer-id-616' class='answer answer-7  answerof-93' value='616' \/>&nbsp;<label for='answer-id-616' id='answer-label-616' class=' answer label-7'><span class='answer'>1935<\/span><\/label><\/div>\n<\/div><input type='hidden' id='questionType7' value='radio' class=''><\/div><div class='watu-question' id='question-8'><div class='question-content'><p><span class='watu_num'>8. <\/span>Wer war die erste Disney-Prinzessin?<\/p>\n<\/div><input type='hidden' name='question_id[]' value='94' \/><div class='watu-questions-wrap '><input type='hidden' name='answer_ids[]' class='watu-answer-ids' value='617' \/><div class='watu-question-choice'><input type='radio' name='answer-94[]' id='answer-id-617' class='answer answer-8  answerof-94' value='617' \/>&nbsp;<label for='answer-id-617' id='answer-label-617' class=' answer label-8'><span class='answer'>Aurora<\/span><\/label><\/div>\n<input type='hidden' name='answer_ids[]' class='watu-answer-ids' value='618' \/><div class='watu-question-choice'><input type='radio' name='answer-94[]' id='answer-id-618' class='answer answer-8  answerof-94' value='618' \/>&nbsp;<label for='answer-id-618' id='answer-label-618' class=' answer label-8'><span class='answer'>Cinderella<\/span><\/label><\/div>\n<input type='hidden' name='answer_ids[]' class='watu-answer-ids' value='619' \/><div class='watu-question-choice'><input type='radio' name='answer-94[]' id='answer-id-619' class='answer answer-8  answerof-94' value='619' \/>&nbsp;<label for='answer-id-619' id='answer-label-619' class=' answer label-8'><span class='answer'>Dornr\u00f6schen<\/span><\/label><\/div>\n<input type='hidden' name='answer_ids[]' class='watu-answer-ids' value='620' \/><div class='watu-question-choice'><input type='radio' name='answer-94[]' id='answer-id-620' class='answer answer-8  answerof-94' value='620' \/>&nbsp;<label for='answer-id-620' id='answer-label-620' class=' answer label-8'><span class='answer'>Schneewitchen<\/span><\/label><\/div>\n<\/div><input type='hidden' id='questionType8' value='radio' class=''><\/div><div class='watu-question' id='question-9'><div class='question-content'><p><span class='watu_num'>9. <\/span>Wer war die ber\u00fchmteste Frau in den 50ern?<\/p>\n<\/div><input type='hidden' name='question_id[]' value='95' \/><div class='watu-questions-wrap '><input type='hidden' name='answer_ids[]' class='watu-answer-ids' value='621' \/><div class='watu-question-choice'><input type='radio' name='answer-95[]' id='answer-id-621' class='answer answer-9  answerof-95' value='621' \/>&nbsp;<label for='answer-id-621' id='answer-label-621' class=' answer label-9'><span class='answer'>Marilyn Monroe<\/span><\/label><\/div>\n<input type='hidden' name='answer_ids[]' class='watu-answer-ids' value='622' \/><div class='watu-question-choice'><input type='radio' name='answer-95[]' id='answer-id-622' class='answer answer-9  answerof-95' value='622' \/>&nbsp;<label for='answer-id-622' id='answer-label-622' class=' answer label-9'><span class='answer'>Alice Roosevelt<\/span><\/label><\/div>\n<input type='hidden' name='answer_ids[]' class='watu-answer-ids' value='623' \/><div class='watu-question-choice'><input type='radio' name='answer-95[]' id='answer-id-623' class='answer answer-9  answerof-95' value='623' \/>&nbsp;<label for='answer-id-623' id='answer-label-623' class=' answer label-9'><span class='answer'>Queen Elizabeth II.<\/span><\/label><\/div>\n<input type='hidden' name='answer_ids[]' class='watu-answer-ids' value='624' \/><div class='watu-question-choice'><input type='radio' name='answer-95[]' id='answer-id-624' class='answer answer-9  answerof-95' value='624' \/>&nbsp;<label for='answer-id-624' id='answer-label-624' class=' answer label-9'><span class='answer'>Amelia Earhart<\/span><\/label><\/div>\n<\/div><input type='hidden' id='questionType9' value='radio' class=''><\/div><div class='watu-question' id='question-10'><div class='question-content'><p><span class='watu_num'>10. <\/span>Welche wichtige amerikanische Stadt wurde von einer Frau gegr\u00fcndet?<\/p>\n<\/div><input type='hidden' name='question_id[]' value='96' \/><div class='watu-questions-wrap '><input type='hidden' name='answer_ids[]' class='watu-answer-ids' value='625' \/><div class='watu-question-choice'><input type='radio' name='answer-96[]' id='answer-id-625' class='answer answer-10  answerof-96' value='625' \/>&nbsp;<label for='answer-id-625' id='answer-label-625' class=' answer label-10'><span class='answer'>Dallas<\/span><\/label><\/div>\n<input type='hidden' name='answer_ids[]' class='watu-answer-ids' value='626' \/><div class='watu-question-choice'><input type='radio' name='answer-96[]' id='answer-id-626' class='answer answer-10  answerof-96' value='626' \/>&nbsp;<label for='answer-id-626' id='answer-label-626' class=' answer label-10'><span class='answer'>New York<\/span><\/label><\/div>\n<input type='hidden' name='answer_ids[]' class='watu-answer-ids' value='627' \/><div class='watu-question-choice'><input type='radio' name='answer-96[]' id='answer-id-627' class='answer answer-10  answerof-96' value='627' \/>&nbsp;<label for='answer-id-627' id='answer-label-627' class=' answer label-10'><span class='answer'>Washington<\/span><\/label><\/div>\n<input type='hidden' name='answer_ids[]' class='watu-answer-ids' value='628' \/><div class='watu-question-choice'><input type='radio' name='answer-96[]' id='answer-id-628' class='answer answer-10  answerof-96' value='628' \/>&nbsp;<label for='answer-id-628' id='answer-label-628' class=' answer label-10'><span class='answer'>Miami<\/span><\/label><\/div>\n<\/div><input type='hidden' id='questionType10' value='radio' class=''><\/div><div style='display:none' id='question-11'><br \/><div class='question-content'><img loading=\"lazy\" decoding=\"async\" src=\"https:\/\/www.camaeleon.org\/wp-content\/plugins\/watu\/loading.gif\" width=\"16\" height=\"16\" alt=\"Wird geladen ...\" title=\"Wird geladen ...\" \/>&nbsp;Wird geladen &#8230;<\/div><\/div><br \/>\n<input type=\"button\" name=\"action\" onclick=\"Watu.submitResult()\" id=\"action-button\" value=\"Antworten auswerten\"  class=\"watu-submit-button\" \/>\n<input type=\"hidden\" name=\"no_ajax\" value=\"0\"><input type=\"hidden\" name=\"quiz_id\" value=\"12\" \/>\n<input type=\"hidden\" id=\"watuStartTime\" name=\"start_time\" value=\"2026-05-02 11:35:11\" \/>\n<\/form>\n<\/div>\n<div id=\"watu-loading-result\" style=\"display:none;\">\n\t<p align=\"center\"><img loading=\"lazy\" decoding=\"async\" src=\"https:\/\/www.camaeleon.org\/wp-content\/plugins\/watu\/loading.gif\" width=\"16\" height=\"16\" alt=\"Wird geladen\" title=\"Wird geladen\" \/><\/p>\n<\/div>\t\n<script type=\"text\/javascript\">\nvar exam_id=0;\nvar question_ids='';\nvar watuURL='';\njQuery(function($){\nquestion_ids = \"87,88,89,90,91,92,93,94,95,96\";\nexam_id = 12;\nWatu.exam_id = exam_id;\nWatu.qArr = question_ids.split(',');\nWatu.post_id = 23395;\nWatu.singlePage = '1';\nWatu.hAppID = \"0.75318600 1777714511\";\nwatuURL = \"https:\/\/www.camaeleon.org\/wp-admin\/admin-ajax.php\";\nWatu.noAlertUnanswered = 0;\n});\n<\/script>\r\n<p>&nbsp;<\/p>\r\n\r\n<p>&nbsp;<\/p>","protected":false},"excerpt":{"rendered":"<p>Am 8. M\u00e4rz war Weltfrauentag. Aber wie viel wei\u00dft du eigentlich \u00fcber besondere Frauen und ihre Errungenschaften? Teste dein Wissen mit diesem Quiz. &nbsp; &nbsp;<\/p>\n","protected":false},"author":138,"featured_media":23402,"comment_status":"open","ping_status":"closed","sticky":false,"template":"","format":"standard","meta":{"colormag_page_container_layout":"default_layout","colormag_page_sidebar_layout":"default_layout","footnotes":""},"categories":[193,6],"tags":[1587,1586],"coauthors":[1124],"class_list":["post-23395","post","type-post","status-publish","format-standard","has-post-thumbnail","hentry","category-famille","category-vie","tag-emanzipation","tag-weltfrauentag"],"yoast_head":"<!-- This site is optimized with the Yoast SEO plugin v27.5 - https:\/\/yoast.com\/product\/yoast-seo-wordpress\/ -->\n<title>Das Wort der Woche: #Weltfrauentag - Cam\u00e4l\u00e9on<\/title>\n<meta name=\"description\" content=\"Am 8. M\u00e4rz war Weltfrauentag. Aber wie viel wei\u00dft du eigentlich \u00fcber besondere Frauen und ihre Errungenschaften? Teste dein Wissen mit diesem Quiz.\" \/>\n<meta name=\"robots\" content=\"index, follow, max-snippet:-1, max-image-preview:large, max-video-preview:-1\" \/>\n<link rel=\"canonical\" href=\"https:\/\/www.camaeleon.org\/de\/2021\/03\/11\/das-wort-der-woche-weltfrauentag\/\" \/>\n<meta property=\"og:locale\" content=\"de_DE\" \/>\n<meta property=\"og:type\" content=\"article\" \/>\n<meta property=\"og:title\" content=\"Das Wort der Woche: #Weltfrauentag - Cam\u00e4l\u00e9on\" \/>\n<meta property=\"og:description\" content=\"Am 8. M\u00e4rz war Weltfrauentag. Aber wie viel wei\u00dft du eigentlich \u00fcber besondere Frauen und ihre Errungenschaften? Teste dein Wissen mit diesem Quiz.\" \/>\n<meta property=\"og:url\" content=\"https:\/\/www.camaeleon.org\/de\/2021\/03\/11\/das-wort-der-woche-weltfrauentag\/\" \/>\n<meta property=\"og:site_name\" content=\"Cam\u00e4l\u00e9on\" \/>\n<meta property=\"article:publisher\" content=\"https:\/\/www.facebook.com\/camaeleon.org\/\" \/>\n<meta property=\"article:published_time\" content=\"2021-03-11T22:13:03+00:00\" \/>\n<meta property=\"article:modified_time\" content=\"2021-03-26T13:52:21+00:00\" \/>\n<meta property=\"og:image\" content=\"https:\/\/www.camaeleon.org\/wp-content\/uploads\/2021\/03\/woman-281473_1920.jpg\" \/>\n\t<meta property=\"og:image:width\" content=\"1920\" \/>\n\t<meta property=\"og:image:height\" content=\"1357\" \/>\n\t<meta property=\"og:image:type\" content=\"image\/jpeg\" \/>\n<meta name=\"author\" content=\"Katharina B\u00fcch\" \/>\n<meta name=\"twitter:card\" content=\"summary_large_image\" \/>\n<meta name=\"twitter:creator\" content=\"@camaeleonOrg\" \/>\n<meta name=\"twitter:site\" content=\"@camaeleonOrg\" \/>\n<script type=\"application\/ld+json\" class=\"yoast-schema-graph\">{\"@context\":\"https:\\\/\\\/schema.org\",\"@graph\":[{\"@type\":\"Article\",\"@id\":\"https:\\\/\\\/www.camaeleon.org\\\/de\\\/2021\\\/03\\\/11\\\/das-wort-der-woche-weltfrauentag\\\/#article\",\"isPartOf\":{\"@id\":\"https:\\\/\\\/www.camaeleon.org\\\/de\\\/2021\\\/03\\\/11\\\/das-wort-der-woche-weltfrauentag\\\/\"},\"author\":{\"name\":\"Katharina B\u00fcch\",\"@id\":\"https:\\\/\\\/www.camaeleon.org\\\/de\\\/#\\\/schema\\\/person\\\/154fcc2704ac40d4d2dff573f82d3b6b\"},\"headline\":\"Das Wort der Woche: #Weltfrauentag\",\"datePublished\":\"2021-03-11T22:13:03+00:00\",\"dateModified\":\"2021-03-26T13:52:21+00:00\",\"mainEntityOfPage\":{\"@id\":\"https:\\\/\\\/www.camaeleon.org\\\/de\\\/2021\\\/03\\\/11\\\/das-wort-der-woche-weltfrauentag\\\/\"},\"wordCount\":57,\"commentCount\":0,\"publisher\":{\"@id\":\"https:\\\/\\\/www.camaeleon.org\\\/de\\\/#organization\"},\"image\":{\"@id\":\"https:\\\/\\\/www.camaeleon.org\\\/de\\\/2021\\\/03\\\/11\\\/das-wort-der-woche-weltfrauentag\\\/#primaryimage\"},\"thumbnailUrl\":\"https:\\\/\\\/www.camaeleon.org\\\/wp-content\\\/uploads\\\/2021\\\/03\\\/woman-281473_1920.jpg\",\"keywords\":[\"Emanzipation\",\"Weltfrauentag\"],\"articleSection\":[\"Familie\",\"Leben\"],\"inLanguage\":\"de\",\"potentialAction\":[{\"@type\":\"CommentAction\",\"name\":\"Comment\",\"target\":[\"https:\\\/\\\/www.camaeleon.org\\\/de\\\/2021\\\/03\\\/11\\\/das-wort-der-woche-weltfrauentag\\\/#respond\"]}]},{\"@type\":\"WebPage\",\"@id\":\"https:\\\/\\\/www.camaeleon.org\\\/de\\\/2021\\\/03\\\/11\\\/das-wort-der-woche-weltfrauentag\\\/\",\"url\":\"https:\\\/\\\/www.camaeleon.org\\\/de\\\/2021\\\/03\\\/11\\\/das-wort-der-woche-weltfrauentag\\\/\",\"name\":\"Das Wort der Woche: #Weltfrauentag - Cam\u00e4l\u00e9on\",\"isPartOf\":{\"@id\":\"https:\\\/\\\/www.camaeleon.org\\\/de\\\/#website\"},\"primaryImageOfPage\":{\"@id\":\"https:\\\/\\\/www.camaeleon.org\\\/de\\\/2021\\\/03\\\/11\\\/das-wort-der-woche-weltfrauentag\\\/#primaryimage\"},\"image\":{\"@id\":\"https:\\\/\\\/www.camaeleon.org\\\/de\\\/2021\\\/03\\\/11\\\/das-wort-der-woche-weltfrauentag\\\/#primaryimage\"},\"thumbnailUrl\":\"https:\\\/\\\/www.camaeleon.org\\\/wp-content\\\/uploads\\\/2021\\\/03\\\/woman-281473_1920.jpg\",\"datePublished\":\"2021-03-11T22:13:03+00:00\",\"dateModified\":\"2021-03-26T13:52:21+00:00\",\"description\":\"Am 8. M\u00e4rz war Weltfrauentag. Aber wie viel wei\u00dft du eigentlich \u00fcber besondere Frauen und ihre Errungenschaften? Teste dein Wissen mit diesem Quiz.\",\"breadcrumb\":{\"@id\":\"https:\\\/\\\/www.camaeleon.org\\\/de\\\/2021\\\/03\\\/11\\\/das-wort-der-woche-weltfrauentag\\\/#breadcrumb\"},\"inLanguage\":\"de\",\"potentialAction\":[{\"@type\":\"ReadAction\",\"target\":[[\"https:\\\/\\\/www.camaeleon.org\\\/de\\\/2021\\\/03\\\/11\\\/das-wort-der-woche-weltfrauentag\\\/\"]]}]},{\"@type\":\"ImageObject\",\"inLanguage\":\"de\",\"@id\":\"https:\\\/\\\/www.camaeleon.org\\\/de\\\/2021\\\/03\\\/11\\\/das-wort-der-woche-weltfrauentag\\\/#primaryimage\",\"url\":\"https:\\\/\\\/www.camaeleon.org\\\/wp-content\\\/uploads\\\/2021\\\/03\\\/woman-281473_1920.jpg\",\"contentUrl\":\"https:\\\/\\\/www.camaeleon.org\\\/wp-content\\\/uploads\\\/2021\\\/03\\\/woman-281473_1920.jpg\",\"width\":1920,\"height\":1357,\"caption\":\"Foto: Gerd Altmann \\\/ pixabay.com\"},{\"@type\":\"BreadcrumbList\",\"@id\":\"https:\\\/\\\/www.camaeleon.org\\\/de\\\/2021\\\/03\\\/11\\\/das-wort-der-woche-weltfrauentag\\\/#breadcrumb\",\"itemListElement\":[{\"@type\":\"ListItem\",\"position\":1,\"name\":\"Home\",\"item\":\"https:\\\/\\\/www.camaeleon.org\\\/de\\\/\"},{\"@type\":\"ListItem\",\"position\":2,\"name\":\"Das Wort der Woche: #Weltfrauentag\"}]},{\"@type\":\"WebSite\",\"@id\":\"https:\\\/\\\/www.camaeleon.org\\\/de\\\/#website\",\"url\":\"https:\\\/\\\/www.camaeleon.org\\\/de\\\/\",\"name\":\"Cam\u00e4l\u00e9on\",\"description\":\"Das Sch\u00fclermagazin des Deutsch-Franz\u00f6sischen Gymnasiums Saarbr\u00fccken\",\"publisher\":{\"@id\":\"https:\\\/\\\/www.camaeleon.org\\\/de\\\/#organization\"},\"potentialAction\":[{\"@type\":\"SearchAction\",\"target\":{\"@type\":\"EntryPoint\",\"urlTemplate\":\"https:\\\/\\\/www.camaeleon.org\\\/de\\\/?s={search_term_string}\"},\"query-input\":{\"@type\":\"PropertyValueSpecification\",\"valueRequired\":true,\"valueName\":\"search_term_string\"}}],\"inLanguage\":\"de\"},{\"@type\":\"Organization\",\"@id\":\"https:\\\/\\\/www.camaeleon.org\\\/de\\\/#organization\",\"name\":\"Cam\u00e4l\u00e9on\",\"url\":\"https:\\\/\\\/www.camaeleon.org\\\/de\\\/\",\"logo\":{\"@type\":\"ImageObject\",\"inLanguage\":\"de\",\"@id\":\"https:\\\/\\\/www.camaeleon.org\\\/de\\\/#\\\/schema\\\/logo\\\/image\\\/\",\"url\":\"https:\\\/\\\/www.camaeleon.org\\\/wp-content\\\/uploads\\\/2011\\\/11\\\/CAM\u00c4LEON.jpg\",\"contentUrl\":\"https:\\\/\\\/www.camaeleon.org\\\/wp-content\\\/uploads\\\/2011\\\/11\\\/CAM\u00c4LEON.jpg\",\"width\":959,\"height\":959,\"caption\":\"Cam\u00e4l\u00e9on\"},\"image\":{\"@id\":\"https:\\\/\\\/www.camaeleon.org\\\/de\\\/#\\\/schema\\\/logo\\\/image\\\/\"},\"sameAs\":[\"https:\\\/\\\/www.facebook.com\\\/camaeleon.org\\\/\",\"https:\\\/\\\/x.com\\\/camaeleonOrg\",\"https:\\\/\\\/www.instagram.com\\\/camaeleon.dfg\\\/\",\"https:\\\/\\\/www.youtube.com\\\/channel\\\/UCl3TAUDdGuu_c7CD6ax6hYg\"]},{\"@type\":\"Person\",\"@id\":\"https:\\\/\\\/www.camaeleon.org\\\/de\\\/#\\\/schema\\\/person\\\/154fcc2704ac40d4d2dff573f82d3b6b\",\"name\":\"Katharina B\u00fcch\",\"image\":{\"@type\":\"ImageObject\",\"inLanguage\":\"de\",\"@id\":\"https:\\\/\\\/www.camaeleon.org\\\/de\\\/wp-content\\\/uploads\\\/2019\\\/12\\\/Katharina.jpg7bcf3d1f7d1307e109049adc5849f1ff\",\"url\":\"https:\\\/\\\/www.camaeleon.org\\\/wp-content\\\/uploads\\\/2019\\\/12\\\/Katharina.jpg\",\"contentUrl\":\"https:\\\/\\\/www.camaeleon.org\\\/wp-content\\\/uploads\\\/2019\\\/12\\\/Katharina.jpg\",\"caption\":\"Katharina B\u00fcch\"},\"description\":\"Hallo, ich hei\u00dfe Katharina B\u00fcch. Ich bin 14 Jahre alt. Seit zwei Jahren bin ich Mitglied bei Cam\u00e4leon. Ich bin in der Klasse 9L. In meiner Freizeit lese ich gern und spiele Klavier.\",\"url\":\"https:\\\/\\\/www.camaeleon.org\\\/de\\\/author\\\/katharina-buech\\\/\"}]}<\/script>\n<!-- \/ Yoast SEO plugin. -->","yoast_head_json":{"title":"Das Wort der Woche: #Weltfrauentag - Cam\u00e4l\u00e9on","description":"Am 8. M\u00e4rz war Weltfrauentag. Aber wie viel wei\u00dft du eigentlich \u00fcber besondere Frauen und ihre Errungenschaften? Teste dein Wissen mit diesem Quiz.","robots":{"index":"index","follow":"follow","max-snippet":"max-snippet:-1","max-image-preview":"max-image-preview:large","max-video-preview":"max-video-preview:-1"},"canonical":"https:\/\/www.camaeleon.org\/de\/2021\/03\/11\/das-wort-der-woche-weltfrauentag\/","og_locale":"de_DE","og_type":"article","og_title":"Das Wort der Woche: #Weltfrauentag - Cam\u00e4l\u00e9on","og_description":"Am 8. M\u00e4rz war Weltfrauentag. Aber wie viel wei\u00dft du eigentlich \u00fcber besondere Frauen und ihre Errungenschaften? Teste dein Wissen mit diesem Quiz.","og_url":"https:\/\/www.camaeleon.org\/de\/2021\/03\/11\/das-wort-der-woche-weltfrauentag\/","og_site_name":"Cam\u00e4l\u00e9on","article_publisher":"https:\/\/www.facebook.com\/camaeleon.org\/","article_published_time":"2021-03-11T22:13:03+00:00","article_modified_time":"2021-03-26T13:52:21+00:00","og_image":[{"width":1920,"height":1357,"url":"https:\/\/www.camaeleon.org\/wp-content\/uploads\/2021\/03\/woman-281473_1920.jpg","type":"image\/jpeg"}],"author":"Katharina B\u00fcch","twitter_card":"summary_large_image","twitter_creator":"@camaeleonOrg","twitter_site":"@camaeleonOrg","schema":{"@context":"https:\/\/schema.org","@graph":[{"@type":"Article","@id":"https:\/\/www.camaeleon.org\/de\/2021\/03\/11\/das-wort-der-woche-weltfrauentag\/#article","isPartOf":{"@id":"https:\/\/www.camaeleon.org\/de\/2021\/03\/11\/das-wort-der-woche-weltfrauentag\/"},"author":{"name":"Katharina B\u00fcch","@id":"https:\/\/www.camaeleon.org\/de\/#\/schema\/person\/154fcc2704ac40d4d2dff573f82d3b6b"},"headline":"Das Wort der Woche: #Weltfrauentag","datePublished":"2021-03-11T22:13:03+00:00","dateModified":"2021-03-26T13:52:21+00:00","mainEntityOfPage":{"@id":"https:\/\/www.camaeleon.org\/de\/2021\/03\/11\/das-wort-der-woche-weltfrauentag\/"},"wordCount":57,"commentCount":0,"publisher":{"@id":"https:\/\/www.camaeleon.org\/de\/#organization"},"image":{"@id":"https:\/\/www.camaeleon.org\/de\/2021\/03\/11\/das-wort-der-woche-weltfrauentag\/#primaryimage"},"thumbnailUrl":"https:\/\/www.camaeleon.org\/wp-content\/uploads\/2021\/03\/woman-281473_1920.jpg","keywords":["Emanzipation","Weltfrauentag"],"articleSection":["Familie","Leben"],"inLanguage":"de","potentialAction":[{"@type":"CommentAction","name":"Comment","target":["https:\/\/www.camaeleon.org\/de\/2021\/03\/11\/das-wort-der-woche-weltfrauentag\/#respond"]}]},{"@type":"WebPage","@id":"https:\/\/www.camaeleon.org\/de\/2021\/03\/11\/das-wort-der-woche-weltfrauentag\/","url":"https:\/\/www.camaeleon.org\/de\/2021\/03\/11\/das-wort-der-woche-weltfrauentag\/","name":"Das Wort der Woche: #Weltfrauentag - Cam\u00e4l\u00e9on","isPartOf":{"@id":"https:\/\/www.camaeleon.org\/de\/#website"},"primaryImageOfPage":{"@id":"https:\/\/www.camaeleon.org\/de\/2021\/03\/11\/das-wort-der-woche-weltfrauentag\/#primaryimage"},"image":{"@id":"https:\/\/www.camaeleon.org\/de\/2021\/03\/11\/das-wort-der-woche-weltfrauentag\/#primaryimage"},"thumbnailUrl":"https:\/\/www.camaeleon.org\/wp-content\/uploads\/2021\/03\/woman-281473_1920.jpg","datePublished":"2021-03-11T22:13:03+00:00","dateModified":"2021-03-26T13:52:21+00:00","description":"Am 8. M\u00e4rz war Weltfrauentag. Aber wie viel wei\u00dft du eigentlich \u00fcber besondere Frauen und ihre Errungenschaften? Teste dein Wissen mit diesem Quiz.","breadcrumb":{"@id":"https:\/\/www.camaeleon.org\/de\/2021\/03\/11\/das-wort-der-woche-weltfrauentag\/#breadcrumb"},"inLanguage":"de","potentialAction":[{"@type":"ReadAction","target":[["https:\/\/www.camaeleon.org\/de\/2021\/03\/11\/das-wort-der-woche-weltfrauentag\/"]]}]},{"@type":"ImageObject","inLanguage":"de","@id":"https:\/\/www.camaeleon.org\/de\/2021\/03\/11\/das-wort-der-woche-weltfrauentag\/#primaryimage","url":"https:\/\/www.camaeleon.org\/wp-content\/uploads\/2021\/03\/woman-281473_1920.jpg","contentUrl":"https:\/\/www.camaeleon.org\/wp-content\/uploads\/2021\/03\/woman-281473_1920.jpg","width":1920,"height":1357,"caption":"Foto: Gerd Altmann \/ pixabay.com"},{"@type":"BreadcrumbList","@id":"https:\/\/www.camaeleon.org\/de\/2021\/03\/11\/das-wort-der-woche-weltfrauentag\/#breadcrumb","itemListElement":[{"@type":"ListItem","position":1,"name":"Home","item":"https:\/\/www.camaeleon.org\/de\/"},{"@type":"ListItem","position":2,"name":"Das Wort der Woche: #Weltfrauentag"}]},{"@type":"WebSite","@id":"https:\/\/www.camaeleon.org\/de\/#website","url":"https:\/\/www.camaeleon.org\/de\/","name":"Cam\u00e4l\u00e9on","description":"Das Sch\u00fclermagazin des Deutsch-Franz\u00f6sischen Gymnasiums Saarbr\u00fccken","publisher":{"@id":"https:\/\/www.camaeleon.org\/de\/#organization"},"potentialAction":[{"@type":"SearchAction","target":{"@type":"EntryPoint","urlTemplate":"https:\/\/www.camaeleon.org\/de\/?s={search_term_string}"},"query-input":{"@type":"PropertyValueSpecification","valueRequired":true,"valueName":"search_term_string"}}],"inLanguage":"de"},{"@type":"Organization","@id":"https:\/\/www.camaeleon.org\/de\/#organization","name":"Cam\u00e4l\u00e9on","url":"https:\/\/www.camaeleon.org\/de\/","logo":{"@type":"ImageObject","inLanguage":"de","@id":"https:\/\/www.camaeleon.org\/de\/#\/schema\/logo\/image\/","url":"https:\/\/www.camaeleon.org\/wp-content\/uploads\/2011\/11\/CAM\u00c4LEON.jpg","contentUrl":"https:\/\/www.camaeleon.org\/wp-content\/uploads\/2011\/11\/CAM\u00c4LEON.jpg","width":959,"height":959,"caption":"Cam\u00e4l\u00e9on"},"image":{"@id":"https:\/\/www.camaeleon.org\/de\/#\/schema\/logo\/image\/"},"sameAs":["https:\/\/www.facebook.com\/camaeleon.org\/","https:\/\/x.com\/camaeleonOrg","https:\/\/www.instagram.com\/camaeleon.dfg\/","https:\/\/www.youtube.com\/channel\/UCl3TAUDdGuu_c7CD6ax6hYg"]},{"@type":"Person","@id":"https:\/\/www.camaeleon.org\/de\/#\/schema\/person\/154fcc2704ac40d4d2dff573f82d3b6b","name":"Katharina B\u00fcch","image":{"@type":"ImageObject","inLanguage":"de","@id":"https:\/\/www.camaeleon.org\/de\/wp-content\/uploads\/2019\/12\/Katharina.jpg7bcf3d1f7d1307e109049adc5849f1ff","url":"https:\/\/www.camaeleon.org\/wp-content\/uploads\/2019\/12\/Katharina.jpg","contentUrl":"https:\/\/www.camaeleon.org\/wp-content\/uploads\/2019\/12\/Katharina.jpg","caption":"Katharina B\u00fcch"},"description":"Hallo, ich hei\u00dfe Katharina B\u00fcch. Ich bin 14 Jahre alt. Seit zwei Jahren bin ich Mitglied bei Cam\u00e4leon. Ich bin in der Klasse 9L. In meiner Freizeit lese ich gern und spiele Klavier.","url":"https:\/\/www.camaeleon.org\/de\/author\/katharina-buech\/"}]}},"_links":{"self":[{"href":"https:\/\/www.camaeleon.org\/de\/wp-json\/wp\/v2\/posts\/23395","targetHints":{"allow":["GET"]}}],"collection":[{"href":"https:\/\/www.camaeleon.org\/de\/wp-json\/wp\/v2\/posts"}],"about":[{"href":"https:\/\/www.camaeleon.org\/de\/wp-json\/wp\/v2\/types\/post"}],"author":[{"embeddable":true,"href":"https:\/\/www.camaeleon.org\/de\/wp-json\/wp\/v2\/users\/138"}],"replies":[{"embeddable":true,"href":"https:\/\/www.camaeleon.org\/de\/wp-json\/wp\/v2\/comments?post=23395"}],"version-history":[{"count":0,"href":"https:\/\/www.camaeleon.org\/de\/wp-json\/wp\/v2\/posts\/23395\/revisions"}],"wp:featuredmedia":[{"embeddable":true,"href":"https:\/\/www.camaeleon.org\/de\/wp-json\/wp\/v2\/media\/23402"}],"wp:attachment":[{"href":"https:\/\/www.camaeleon.org\/de\/wp-json\/wp\/v2\/media?parent=23395"}],"wp:term":[{"taxonomy":"category","embeddable":true,"href":"https:\/\/www.camaeleon.org\/de\/wp-json\/wp\/v2\/categories?post=23395"},{"taxonomy":"post_tag","embeddable":true,"href":"https:\/\/www.camaeleon.org\/de\/wp-json\/wp\/v2\/tags?post=23395"},{"taxonomy":"author","embeddable":true,"href":"https:\/\/www.camaeleon.org\/de\/wp-json\/wp\/v2\/coauthors?post=23395"}],"curies":[{"name":"wp","href":"https:\/\/api.w.org\/{rel}","templated":true}]}}