{"id":23357,"date":"2021-03-17T14:13:42","date_gmt":"2021-03-17T13:13:42","guid":{"rendered":"https:\/\/www.camaeleon.org\/?p=23357"},"modified":"2022-07-21T16:11:31","modified_gmt":"2022-07-21T14:11:31","slug":"la-reconciliation-au-vivant-interview-avec-marie-france-barrier-une-realisatrice-engagee","status":"publish","type":"post","link":"https:\/\/www.camaeleon.org\/de\/2021\/03\/17\/la-reconciliation-au-vivant-interview-avec-marie-france-barrier-une-realisatrice-engagee\/","title":{"rendered":"&#8220;Vers\u00f6hnung mit der Umwelt&#8220;: Interview mit Regisseurin und Aktivistin Marie-France Barrier"},"content":{"rendered":"<p>Marie-France Barrier, Regisseurin und Gr\u00fcnderin des Vereins &#8222;<a href=\"https:\/\/desenfantsetdesarbres.org\/\">Des enfants et des arbres<\/a>&#8220; (Kinder und B\u00e4ume) erl\u00e4utert im Interview mit Cam\u00e4l\u00e9on sehr leidenschaftlich und ausf\u00fchrlich die Gr\u00fcnde f\u00fcr ihr Engagement f\u00fcr Umwelt und k\u00fcnftige Generationen. Ihrer Meinung nach fehlt es unseren Landschaften und \u00d6kosystemen vor allem an einem: B\u00e4umen.<\/p>\n<div class=\"lyte-wrapper\" style=\"width:1280px;max-width:100%;margin:5px auto;\"><div class=\"lyMe hidef\" id=\"WYL_RsQYazU4T5o\"><div id=\"lyte_RsQYazU4T5o\" data-src=\"https:\/\/www.camaeleon.org\/wp-content\/plugins\/wp-youtube-lyte\/lyteCache.php?origThumbUrl=%2F%2Fi.ytimg.com%2Fvi%2FRsQYazU4T5o%2Fhqdefault.jpg\" class=\"pL\"><div class=\"tC\"><div class=\"tT\"><\/div><\/div><div class=\"play\"><\/div><div class=\"ctrl\"><div class=\"Lctrl\"><\/div><div class=\"Rctrl\"><\/div><\/div><\/div><noscript><a href=\"https:\/\/youtu.be\/RsQYazU4T5o\" rel=\"nofollow\"><img loading=\"lazy\" decoding=\"async\" src=\"https:\/\/www.camaeleon.org\/wp-content\/plugins\/wp-youtube-lyte\/lyteCache.php?origThumbUrl=https%3A%2F%2Fi.ytimg.com%2Fvi%2FRsQYazU4T5o%2F0.jpg\" alt=\"YouTube-Video-Vorschaubild\" width=\"1280\" height=\"700\" \/><br \/>Dieses Video auf YouTube ansehen<\/a><\/noscript><\/div><\/div><div class=\"lL\" style=\"max-width:100%;width:1280px;margin:5px auto;\"><br\/><span class=\"lyte_disclaimer\">Mit dem Klick auf das Video wird eine Verbindung zu YouTube hergestellt. Weitere Infos in der <a href=\"https:\/\/www.camaeleon.org\/de\/mentions-legales\/declaration-de-protection-des-donnees\/\">Datenschutzerkl\u00e4rung<\/a>.<\/span><\/div><\/p>\n<p><strong>Cam\u00e4l\u00e9on:<\/strong> Sie sind Gr\u00fcnderin des Vereins &#8222;Des enfants et des arbres&#8220; (Kinder und B\u00e4ume) und Regisseurin mehrerer Filme wie zum Beispiel &#8222;Le champ des possibles&#8220; (Das Feld der M\u00f6glichkeiten) oder &#8222;Le temps des arbres&#8220; (Zeit der B\u00e4ume). K\u00f6nnten Sie uns ein wenig mehr dar\u00fcber erz\u00e4hlen? Was ist der Hintergrund Ihrer Arbeit?<\/p>\n<p><strong>Marie-France Barrier<\/strong>: Ich bin eine Dokumentarfilmerin, die sich besonders f\u00fcr die Themen Vers\u00f6hnung mit der Umwelt und die agro-\u00f6kologische Wende interessiert. &#8222;Das Feld der M\u00f6glichkeiten&#8220; beleuchtete vor einiger Zeit die Agrarkrise aus einem neuen Blickwinkel. Die Idee war, dass angesichts einer kriselnden und stagnierenden Landwirtschaft neue Paradigmen und neue Verbindungen zur Natur entstehen. Deswegen wollte ich die Pioniere und Innovatoren hervorheben, die nach dem Zusammenbruch eines alten Systems hervortreten. Das habe ich mit Landwirten gezeigt, die ihre Gewissheiten und Praktiken in Frage stellen und die zu zeigen versuchen, dass wir Dinge auch anders machen k\u00f6nnen. Eine Krise kann so auch zu einer Wachstumschance werden. Auf diesen Film folgte ein weiteres Projekt, &#8222;Zeit der B\u00e4ume&#8220;, bei dem es immer noch um die Idee geht, sich wieder mit der Natur zu verbinden, in diesem Fall ganz besonders mit dem Baum. Wir sollten uns daran erinnern, dass der Baum unser \u00e4ltester und treuester Begleiter ist. Dass dieses Land bewohnbar und fruchtbar ist, ist dem Erbe von Hunderten von Millionen Jahren zu verdanken, in denen B\u00e4ume ihre organische Substanz verloren haben, um unsere B\u00f6den zu d\u00fcngen.<\/p>\n<figure id=\"attachment_24189\" aria-describedby=\"caption-attachment-24189\" style=\"width: 851px\" class=\"wp-caption aligncenter\"><a href=\"https:\/\/www.camaeleon.org\/wp-content\/uploads\/2021\/03\/Letempsdesarbres.jpg\"><img loading=\"lazy\" decoding=\"async\" class=\"wp-image-24189 size-large\" src=\"https:\/\/www.camaeleon.org\/wp-content\/uploads\/2021\/03\/Letempsdesarbres-851x600.jpg\" alt=\"Le temps des arbres\" width=\"851\" height=\"600\" srcset=\"https:\/\/www.camaeleon.org\/wp-content\/uploads\/2021\/03\/Letempsdesarbres-851x600.jpg 851w, https:\/\/www.camaeleon.org\/wp-content\/uploads\/2021\/03\/Letempsdesarbres-300x212.jpg 300w, https:\/\/www.camaeleon.org\/wp-content\/uploads\/2021\/03\/Letempsdesarbres-1536x1083.jpg 1536w, https:\/\/www.camaeleon.org\/wp-content\/uploads\/2021\/03\/Letempsdesarbres.jpg 1900w\" sizes=\"auto, (max-width: 851px) 100vw, 851px\" \/><\/a><figcaption id=\"caption-attachment-24189\" class=\"wp-caption-text\">Le temps des arbres (Foto: <a href=\"http:\/\/desenfantsetdesarbres.org\">desenfantsetdesarbres.org<\/a>)<\/figcaption><\/figure>\n<blockquote><p>Die verschiedenen Krisen, mit denen wir heute konfrontiert sind, einschlie\u00dflich der Corona-Krise, h\u00e4ngen damit zusammen, dass der Baum aus unseren Landschaften und \u00d6kosystemen verschwunden ist und ein Ungleichgewicht entsteht.<\/p><\/blockquote>\n<p>Die verschiedenen Krisen, mit denen wir heute konfrontiert sind, einschlie\u00dflich der Corona-Krise, h\u00e4ngen damit zusammen, dass der Baum aus unseren Landschaften und \u00d6kosystemen verschwunden ist und ein Ungleichgewicht entsteht. Als genaue Beobachterin von Akteuren, die sehr konkrete und wichtige Arbeit vor Ort leisten, habe ich mir irgendwann gesagt, dass ich mich aus der Beobachterrolle hinausbewegen und mich an dieser Bewegung beteiligen muss. Au\u00dferdem m\u00f6chte ich mit meinen Filmen die B\u00fcrger dazu bewegen, sich selbst selbst zu hinterfragen und aktiv zu werden. Dadurch hatte ich das das Gef\u00fchl, dass ich den Worten in meinem Film auch selbst Taten folgen lassen muss.<\/p>\n<p><strong>Cam\u00e4l\u00e9on:<\/strong> Sie haben uns von Ihren Filmen erz\u00e4hlt. K\u00f6nnen Sie uns vielleicht auch ein wenig \u00fcber Ihren Verein erz\u00e4hlen? Was ist sein Zweck?<\/p>\n<p><strong>Marie-France Barrier<\/strong>: Der Verein ist eine sehr direkte Weiterentwicklung von &#8222;Zeit der B\u00e4ume&#8220;. Ich sehe den Film als eine Art Trailer einer Geschichte an, die ich zusammen mit meinen Mitmenschen schreiben m\u00f6chte. So l\u00e4dt dieser Verein ganz konkret die junge Generation, in diesem Fall Kinder der Klassenstufen 4 bis 6, dazu ein, gemeinsam mit Landwirten B\u00e4ume und Hecken zu pflanzen, wie ich in meinem Film zeige. Die Idee des Vereins ist es, sich an einer Art Marshall-Plan f\u00fcr B\u00e4ume zu beteiligen. Ziel ist es Hecken und B\u00e4ume, die in den letzten etwa 50 Jahren auf Hunderttausenden von Kilometern entwurzelt wurden, massiv wieder aufzuforsten. Wir m\u00fcssen B\u00e4ume also zur\u00fcck in die Landwirtschaft bringen.<\/p>\n<blockquote><p>Wir m\u00fcssen B\u00e4ume zur\u00fcck in die Landwirtschaft bringen.<\/p><\/blockquote>\n<p>Mein zweites Anliegen ist es, die junge Generation wieder mit der Natur zu verbinden. Um B\u00fcrger heranwachsen zu sehen, die in der Lage sind, eine Gesellschaft in Harmonie mit der Natur zu erschaffen, m\u00fcssen sie von klein auf mit dieser Natur in Ber\u00fchrung gebracht werden. Vor allem m\u00fcssen wir Kindern die Gewissheit geben, dass sie etwas bewirken k\u00f6nnen. Heute werden viele Erwachsene von Schuldgef\u00fchlen geplagt und fragen sich: &#8222;Was kann ich tun, um die Welt wieder in Ordnung zu bringen?&#8220; Mit unserer Aktion vermitteln wir den Kindern: &#8222;Schau, zusammen mit deiner Klasse wirst du auf ein verlassenes Feld kommen. Es wird dabei ein Vorher und Nachher geben. Dieses Nachher wird sich die ganze Zeit vor deinen Augen entwickeln, da es ja in deiner Gegend liegt. Und so wirst du mit der Gewissheit aufwachsen, dass du Dinge ver\u00e4ndern kannst, wenn du mit den Menschen in deiner Gegend in Kontakt kommst und du Freude daran hast, dich zu engagieren.&#8220; Es geht also um die Idee, Selbstvertrauen in den Herzen der Kinder wachsen zu lassen.<\/p>\n<p>Und der dritte Punkt ist, der j\u00fcngeren Generation die M\u00f6glichkeit zu geben, mit denen in Verbindung zu treten, die uns ern\u00e4hren, den Landwirten. Diese Landwirte brauchen unsere Solidarit\u00e4t und unseren Respekt. Gegenw\u00e4rtig gibt es die Tendenz, mit dem Finger auf andere zu zeigen. Die Landwirte werden f\u00fcr viele aktuelle Probleme verantwortlich gemacht. Nach meiner Logik sind diese Bauern jedoch nur ein Spiegelbild von uns selbst. Deshalb m\u00fcssen wir ihnen helfen, sich zu ver\u00e4ndern. Denn sie sind die H\u00fcter von Wasser, Luft, Boden und der Sch\u00f6nheit der Landschaft. Es ist unsere gemeinsame Aufgabe, bei der wir an ihrer Seite stehen m\u00fcssen.<\/p>\n<p><strong>Cam\u00e4l\u00e9on:<\/strong> Wie wir gesehen haben, engagieren Sie sich besonders f\u00fcr den Schutz der Umwelt und vor allem der B\u00e4ume. K\u00f6nnten Sie uns erkl\u00e4ren, wie, warum und wann Sie sich so sehr f\u00fcr sie begeistert haben?<\/p>\n<p><strong>Marie-France Barrier<\/strong>: Als Teenager bin ich sehr oft in den nahen Wald gegangen. Dabei hatte ich immer das Gef\u00fchl, dass ich zu meiner Familie zur\u00fcckkomme und dass die B\u00e4ume uns sehr nahe sind. Ich habe gerade meinen Film \u201eLe monde d\u2018apr\u00e8s\u201c (\u201eDie Welt danach\u201c) fertiggestellt, in dem ich die Verbindung zu B\u00e4umen weiter recherchiert habe. Tats\u00e4chlich hat die Menschheit 65 Millionen Jahre in B\u00e4umen verbracht. B\u00e4ume haben uns gepr\u00e4gt. Sie haben unseren K\u00f6rper gepr\u00e4gt, unsere Augen, die Art, wie wir Farben wahrnehmen, unser Gehirn, unser Verh\u00e4ltnis zur Welt. Wir haben den Eindruck, dass wir auf Beton leben, in H\u00e4usern mit rechten Winkeln, aber in Wirklichkeit ist es so, als h\u00e4tten wir &#8211; auf einer Zeitskala gesehen &#8211; eine Sekunde in H\u00e4usern gelebt und hunderte von Stunden in den B\u00e4umen. Unser eigentliches Zuhause, unser eigentlicher Lebensraum, ist also der Baum.<\/p>\n<blockquote><p>B\u00e4ume haben unseren K\u00f6rper gepr\u00e4gt, unsere Augen, die Art, wie wir Farben wahrnehmen, unser Gehirn, unser Verh\u00e4ltnis zur Welt.<\/p><\/blockquote>\n<figure id=\"attachment_24219\" aria-describedby=\"caption-attachment-24219\" style=\"width: 860px\" class=\"wp-caption aligncenter\"><img loading=\"lazy\" decoding=\"async\" class=\"wp-image-24219 size-large\" src=\"https:\/\/www.camaeleon.org\/wp-content\/uploads\/2021\/03\/trees-3822149_1920-880x586.jpg\" alt=\"\" width=\"860\" height=\"573\" srcset=\"https:\/\/www.camaeleon.org\/wp-content\/uploads\/2021\/03\/trees-3822149_1920-880x586.jpg 880w, https:\/\/www.camaeleon.org\/wp-content\/uploads\/2021\/03\/trees-3822149_1920-300x200.jpg 300w, https:\/\/www.camaeleon.org\/wp-content\/uploads\/2021\/03\/trees-3822149_1920-1536x1022.jpg 1536w, https:\/\/www.camaeleon.org\/wp-content\/uploads\/2021\/03\/trees-3822149_1920.jpg 1920w\" sizes=\"auto, (max-width: 860px) 100vw, 860px\" \/><figcaption id=\"caption-attachment-24219\" class=\"wp-caption-text\">Foto: jplenio \/ pixabay.com<\/figcaption><\/figure>\n<p>Au\u00dferdem spricht mich der Baum an, weil er f\u00fcr mich ein echtes Lebens- und Inspirationsmodell ist. Er lehrt uns, sehr erdverbunden zu sein und gleichzeitig gen Himmel zu streben. E ist ein echter Riese. Zugleich hat er eine gro\u00dfe Bescheidenheit und Demut. Er bewegt sich nicht. Er ist ruhig. Er ist so gro\u00dfz\u00fcgig. Er hat uns genug gegeben, um uns zu w\u00e4rmen, uns Schutz zu gew\u00e4hren, uns Licht zu spenden, uns zu transportieren, zu lesen, zu musizieren, uns zu heilen, zu essen, zu atmen, unseren Boden zu d\u00fcngen. Er ist das Genie der Erde! Ich habe ein sehr kindliches Gem\u00fct. Ich sehe B\u00e4ume wirklich als Genies. Ihr Anblick langweilt mich nie. Wenn man sie anschaut, besonders im Winter, spricht ihre ganze Architektur zu uns \u00fcber unsere innere Architektur: Der Baum ist unser Blutkreislauf, unser Lungennetz, unser Flussnetz&#8230; Ich denke, dass B\u00e4ume zugleich f\u00fcr Sch\u00f6nheit, Geschmack und Know-how stehen. Wir sind bei ihnen zu Gast. Denn die Erde ist ein Planet der B\u00e4ume. Die Menschen haben den Eindruck, dass sie alles erobert haben, aber in Wirklichkeit sind wir bei Ihnen zu Gast. Dass die Erde bewohnbar ist, ist ihnen zu verdanken.<\/p>\n<blockquote><p>Einer der letzten Mythen, die wir uns selbst erz\u00e4hlt haben, ist der Mythos des absoluten Wachstums und der Kontrolle des Menschen \u00fcber die Natur. Dieser Mythos zerbricht gerade.<\/p><\/blockquote>\n<p>Auf meinen Erkundungsreisen habe ich Landwirte und Menschen getroffen, die mit diesen Genies arbeiten. Ich finde es sehr aufregend, Menschen zu sehen, die endlich diesen Wandel vollziehen. Denn der Wandel, den die Menschheit vollziehen muss, besteht darin, ihren rechtm\u00e4\u00dfigen Platz zu finden. Wir sind eine Spezies, die dadurch entstanden ist, dass wir uns gegenseitig Mythen und Geschichten erz\u00e4hlen. Und einer der letzten Mythen, die wir uns selbst erz\u00e4hlt haben, ist der Mythos des absoluten Wachstums und der Kontrolle des Menschen \u00fcber die Natur. Dieser Mythos zerbricht gerade. Die neue Geschichte, die gemeinsam mit eurer Generation geschrieben werden soll, besagt, dass der Mensch seinen richtigen Platz in einem riesigen \u00d6kosystem finden muss, in dem er mit Pflanzen, mit Mineralien, mit der Sonne, mit Regenw\u00fcrmern, mit Meisen und Schuppentieren im Einklang steht. Wir sind alle im selben Team. Ich denke, das wir als Menschheit entspannter leben, wenn wir von unserem Podest herunterkommen. Wir stehen nicht an der Spitze. Es wird uns tats\u00e4chlich entlasten, wenn wir uns von dem Gedanken verabschieden, dass wir alles erledigen m\u00fcssen. Vielleicht lernen wir, weniger und besser zu arbeiten und Trennendes abzubauen, in Baumstrukturen zu denken, ein Team zu sein. Die Landwirte, mit denen ich in meinem Verein zusammenarbeite und die mit B\u00e4umen arbeiten, sind f\u00fcr mich die Vorbilder dieses Paradigmenwechsels. Die traditionelle Landwirtschaft hat die Idee mitgebracht, dass unsere gro\u00dfen Maschinen und Produkte die Dinge zum Wachsen bringen. Das ist eine verr\u00fcckte Anma\u00dfung, denn die Natur wei\u00df, wie man Dinge wachsen l\u00e4sst. Wir wollten die Sonne oder den Regen neu erfinden. Wenn Landwirte nun lernen, mit B\u00e4umen als Dirigenten der Biodiversit\u00e4t zu arbeiten, lernen sie, selbst den richtigen Platz einzunehmen. Sie arbeiten etwa im Team mit dem Regenwurm und den Baumwurzeln. Wenn sie dies umzusetzen k\u00f6nnen, wird sich unsere Gesellschaft ver\u00e4ndern. Wir werden weniger der Vorstellung anh\u00e4ngen, dass wir arbeiten m\u00fcssen, um zu existieren. Wir werden wahrscheinlich in einer toleranteren, ges\u00fcnderen und gelasseneren Gesellschaft leben. Daran glaube ich fest!<\/p>\n<p><strong>Cam\u00e4l\u00e9on:<\/strong> Vorhin haben Sie uns von den B\u00e4umen als Dirigenten der \u00fcbrigen Lebewesen erz\u00e4hlt. Worin besteht diese Rolle genau?<\/p>\n<p><strong>Marie-France Barrier<\/strong>: Meiner Meinung nach ist der Baum tats\u00e4chlich der Dirigent einer Sinfonie des Lebens. Unser Planet ist in erster Linie ein Planet der B\u00e4ume. Wenn die Erde heute ein bewohnbarer Ort ist, dann dank ihres Erbes und dank der Art und Weise, wie sie die verschiedenen Elemente durch das Prinzip der Photosynthese umgewandelt haben, indem sie Wasser, CO2 und Licht aufgenommen und in feste Materie, Holz und Bl\u00e4tter umgewandelt haben. Auf diese Weise schufen sie das Material, das das Gestein unseres Planeten in Erde verwandelte. Sie schufen den Boden mit der Architektur des Lebens, dieser wenig bekannten unterirdischen Welt, die aber den gr\u00f6\u00dften Teil der Artenvielfalt der Erde repr\u00e4sentiert. Sie ist im Untergrund verborgen und noch relativ wenig bekannt.<\/p>\n<p>Und es ist der Baum, der diesen \u00dcbergang zwischen den Elementen und der Erde erm\u00f6glicht, der n\u00e4hrt und diesen Humus schafft. Er l\u00e4sst andere Pflanzen wachsen und ern\u00e4hrt damit Insekten, S\u00e4ugetiere und V\u00f6gel, die ebenfalls auf ihre Weise an diesem Team der Lebewesen teilnehmen. Wenn ich vor einer Klasse Vortr\u00e4ge halte, spreche ich oft von der Fu\u00dfballmannschaft, in der man einen Torwart, einen Verteidiger und einen Angreifer braucht. Es braucht eine Menge sehr unterschiedlicher Talente, damit das Team ein Gewinner ist. Im lebenden Team wei\u00df ich nicht, ob der Baum als Trainer oder Motivator fungiert. Aber das Wichtigste ist der Gedanke, dass vom kleinsten Wurm \u00fcber die Meise, den Marienk\u00e4fer und der riesigen Eiche bis zum Menschen in dieser gro\u00dfen Kette der Lebewesen jeder seinen Platz hat. Und es ist der Baum, der das Gleichgewicht h\u00e4lt.<\/p>\n<p>Heute k\u00f6nnen wir sehr deutlich sehen, dass die Corona-Krise damit zusammenh\u00e4ngt, dass unsere Eroberungshaltung zu Naturr\u00e4umen diese Gleichgewichte st\u00f6rt und den Baum als Puffer zwischen Welten verschwinden l\u00e4sst. Dass das Gleichgewicht gest\u00f6rt ist, l\u00e4sst sich an einer Gesundheitskrise ablesen, die in Wirklichkeit eine sich ausweitende Biodiversit\u00e4tskrise ist. Und die Biodiversit\u00e4t h\u00e4ngt vom Baum ab. Heute verschwinden zum Beispiel die Bienen, weil sie nirgendwo Rast machen k\u00f6nnen, um nach Futter zu suchen. Meine Bestreben ist es, Hecken wieder auf die \u00c4cker zur\u00fcckzubringen. Manchmal fahren wir durch menschenleere Gegenden. Es gibt nichts mehr zu essen f\u00fcr V\u00f6gel, f\u00fcr Bienen, die unsere Verb\u00fcndeten sind. B\u00e4ume neu zu pflanzen, bedeutet, die Chance auf eine fruchtbare Zukunft f\u00fcr eure Generation wiederherzustellen.<\/p>\n<figure id=\"attachment_24217\" aria-describedby=\"caption-attachment-24217\" style=\"width: 860px\" class=\"wp-caption aligncenter\"><img loading=\"lazy\" decoding=\"async\" class=\"wp-image-24217 size-large\" src=\"https:\/\/www.camaeleon.org\/wp-content\/uploads\/2021\/03\/hands-1838658_1920-880x589.jpg\" alt=\"\" width=\"860\" height=\"576\" srcset=\"https:\/\/www.camaeleon.org\/wp-content\/uploads\/2021\/03\/hands-1838658_1920-880x589.jpg 880w, https:\/\/www.camaeleon.org\/wp-content\/uploads\/2021\/03\/hands-1838658_1920-300x200.jpg 300w, https:\/\/www.camaeleon.org\/wp-content\/uploads\/2021\/03\/hands-1838658_1920-1536x1028.jpg 1536w, https:\/\/www.camaeleon.org\/wp-content\/uploads\/2021\/03\/hands-1838658_1920.jpg 1920w\" sizes=\"auto, (max-width: 860px) 100vw, 860px\" \/><figcaption id=\"caption-attachment-24217\" class=\"wp-caption-text\">Foto: pexels \/ pixabay.com<\/figcaption><\/figure>\n<blockquote><p>B\u00e4ume neu zu pflanzen, bedeutet, die Chance auf eine fruchtbare Zukunft f\u00fcr eure Generation wiederherzustellen.<\/p><\/blockquote>\n<p><strong>Cam\u00e4l\u00e9on:<\/strong> Wie genau k\u00f6nnen Kinder etwas bewirken?<\/p>\n<p><strong>Marie-France Barrier<\/strong>: Ich glaube, dass die Kinder von heute die F\u00fchrungskr\u00e4fte von morgen sind, die Eltern von morgen, die B\u00fcrgermeister von morgen, die Verbraucher von morgen. Das Kind ist also ein potenzieller Erwachsener, der sich der Tatsache bewusst sein sollte, dass die \u00fcbellaunigen, alten und konsumorientierten Menschen vor ihm Fehler gemacht haben. Die heutige Neurowissenschaft sagt uns, dass Fehlermachen f\u00fcr das Lernen notwendig ist. Gemeinsam haben wir Fehler gemacht, aus denen meine Generation und vor allem eure Generation lernen k\u00f6nnen, um neue Entscheidungen treffen zu k\u00f6nnen, allerdings in voller Kenntnis der Fakten. Eure Generation muss sich nun auf dieses Wissensfundament st\u00fctzen und sich bewusstwerden, dass die Natur nicht nachtragend ist. Die Kraft des Lebendigen ist so stark, dass sie sich entfaltet, wenn wir das Leben sich selbst neu erschaffen lassen.<\/p>\n<p>Das zeigte sich w\u00e4hrend der Ausgangssperre, wo die Welt zum Stillstand kam, wo Tiere und Pflanzen den Raum hatten, sich wieder auszubreiten. Wir haben sofort gesehen, dass sie zur\u00fcckkommen. Das ist eine sehr gute Nachricht. Wir werden uns umstellen m\u00fcssen. Fr\u00fchere Generationen waren sehr stark in religi\u00f6sen, nationalen, ideologischen Gemeinschaften verbunden. Vielleicht wird eure Generation auf dieser Idee einer Gemeinschaft von Menschen aufbauen. Auf dieser Grundlage kann man sich ebenso unentbehrlich wie klein f\u00fchlen.<\/p>\n<p>F\u00fcr eure Generation ist es vor allem wichtig, die Zukunft zur\u00fcckzuerobern. F\u00fcr Sch\u00fcler und Studenten, die ein wenig isoliert vor ihren Computern leben, ist das nicht einfach. Aber wir ver\u00e4ndern nicht die Welt, sondern die Art und Weise, wie wir die Welt betrachten. Jeder kann sich daf\u00fcr entscheiden, in den Nachrichten nach allem zu suchen, was uns glauben l\u00e4sst, dass alles verloren ist und dass die Menschheit definitiv der wahre Virus ist. Oder aber wir k\u00f6nnen erkennen, dass sich gerade jetzt au\u00dfergew\u00f6hnliche Dinge ereignen. Es gibt eine neue Form der Intelligenz, die sich auf der ganzen Welt ausbreitet, und es liegt an uns, ob wir eine gl\u00fcckliche und fruchtbare Weiterentwicklung finden. F\u00fcr mich sprechen der \u00d6kofeminismus, die &#8222;Me too&#8220;-Bewegung, die &#8222;Black Lives Matter&#8220;-Bewegung oder die &#8222;Extinction Rebellion&#8220;-Bewegung alle das gleiche Thema an: ein Zusammenleben, indem wir uns als unverzichtbare Elemente dieser gro\u00dfen Kette der Lebewesen, der Erdbewohner, betrachten.<\/p>\n<blockquote><p>F\u00fcr mich sprechen der \u00d6kofeminismus, die &#8222;Me too&#8220;-Bewegung, die &#8222;Black Lives Matter&#8220;-Bewegung oder die &#8222;Extinction Rebellion&#8220;-Bewegung alle das gleiche Thema an: ein Zusammenleben, in dem wir uns als unverzichtbare Elemente dieser gro\u00dfen Kette der Lebewesen, der Erdbewohner, betrachten.<\/p><\/blockquote>\n<p><strong>Cam\u00e4l\u00e9on:<\/strong> Vielleicht haben Sie auch eine Botschaft f\u00fcr uns Sch\u00fcler au\u00dferhalb Frankreichs?<\/p>\n<p><strong>Marie-France Barrier<\/strong>: Ihr seid au\u00dferhalb Frankreichs, aber ihr seid zusammen mit uns auf der Erde. Ich habe keine andere Botschaft an euch als die, dass jeder von uns entscheidend ist und das Gesicht der Welt v\u00f6llig ver\u00e4ndern kann. Und sei es nur, indem man die Stimmung in der Klasse oder zu Hause ver\u00e4ndert. Wir alle haben ein Talent oder eine Mission. F\u00fcr mich besteht diese darin, Reden vor Menschen zu halten, Filme zu machen und B\u00e4ume zu pflanzen. Aber diese kann auch darin bestehen, zu lernen, wie man kocht, wie man gute Musik macht, wie man seinen Freunden zuh\u00f6rt&#8230; Es gibt so viele M\u00f6glichkeiten, das Leben besser zu machen und sich daran zu erinnern, dass der Mensch eine gro\u00dfartige Spezies ist, die sich selbst lieben muss, um die anderen Lebewesen lieben zu k\u00f6nnen. Meine Botschaft w\u00e4re also, dass man damit beginnt, seine Talente zu sch\u00e4tzen und sich um sich selbst zu k\u00fcmmern. Dann werden wir unseren Frieden und unseren rechtm\u00e4\u00dfigen Platz in dieser wunderbaren Welt finden.<\/p>\n<p><strong>Cam\u00e4l\u00e9on:<\/strong> Vielen Dank f\u00fcr diese sehr interessanten Antworten!<\/p>\n<p>Mehr Informationen zu &#8222;Des enfants et des arbres&#8220; auf <a href=\"https:\/\/desenfantsetdesarbres.org\/\">https:\/\/desenfantsetdesarbres.org\/ <\/a><\/p>","protected":false},"excerpt":{"rendered":"<p>Marie-France Barrier, Regisseurin und Gr\u00fcnderin des Vereins &#8222;Des enfants et des arbres&#8220; (Kinder und B\u00e4ume) erl\u00e4utert im Interview mit Cam\u00e4l\u00e9on sehr leidenschaftlich und ausf\u00fchrlich die<\/p>\n","protected":false},"author":144,"featured_media":23360,"comment_status":"open","ping_status":"closed","sticky":false,"template":"","format":"standard","meta":{"colormag_page_container_layout":"default_layout","colormag_page_sidebar_layout":"default_layout","footnotes":""},"categories":[5,2039,908],"tags":[1591,1590,1127,1030,290,1592,698,280],"coauthors":[746],"class_list":["post-23357","post","type-post","status-publish","format-standard","has-post-thumbnail","hentry","category-monde","category-zeitlos","category-camaeleon-video","tag-arbres","tag-baeume","tag-ecologie","tag-klimawandel","tag-natur","tag-nature","tag-umwelt","tag-umweltschutz"],"yoast_head":"<!-- This site is optimized with the Yoast SEO plugin v27.5 - https:\/\/yoast.com\/product\/yoast-seo-wordpress\/ -->\n<title>&quot;Vers\u00f6hnung mit der Umwelt&quot;: Interview mit Regisseurin und Aktivistin Marie-France Barrier - Cam\u00e4l\u00e9on<\/title>\n<meta name=\"description\" content=\"Marie-France Barrier, r\u00e9alisatrice et fondatrice de l&#039;association &quot;Des enfants et des arbres&quot;, a accord\u00e9 un entretien \u00e0 Cam\u00e4l\u00e9on.\" \/>\n<meta name=\"robots\" content=\"index, follow, max-snippet:-1, max-image-preview:large, max-video-preview:-1\" \/>\n<link rel=\"canonical\" href=\"https:\/\/www.camaeleon.org\/de\/2021\/03\/17\/la-reconciliation-au-vivant-interview-avec-marie-france-barrier-une-realisatrice-engagee\/\" \/>\n<meta property=\"og:locale\" content=\"de_DE\" \/>\n<meta property=\"og:type\" content=\"article\" \/>\n<meta property=\"og:title\" content=\"&quot;Vers\u00f6hnung mit der Umwelt&quot;: Interview mit Regisseurin und Aktivistin Marie-France Barrier - Cam\u00e4l\u00e9on\" \/>\n<meta property=\"og:description\" content=\"Marie-France Barrier, r\u00e9alisatrice et fondatrice de l&#039;association &quot;Des enfants et des arbres&quot;, a accord\u00e9 un entretien \u00e0 Cam\u00e4l\u00e9on.\" \/>\n<meta property=\"og:url\" content=\"https:\/\/www.camaeleon.org\/de\/2021\/03\/17\/la-reconciliation-au-vivant-interview-avec-marie-france-barrier-une-realisatrice-engagee\/\" \/>\n<meta property=\"og:site_name\" content=\"Cam\u00e4l\u00e9on\" \/>\n<meta property=\"article:publisher\" content=\"https:\/\/www.facebook.com\/camaeleon.org\/\" \/>\n<meta property=\"article:published_time\" content=\"2021-03-17T13:13:42+00:00\" \/>\n<meta property=\"article:modified_time\" content=\"2022-07-21T14:11:31+00:00\" \/>\n<meta property=\"og:image\" content=\"https:\/\/www.camaeleon.org\/wp-content\/uploads\/2021\/02\/Last-still.jpg\" \/>\n\t<meta property=\"og:image:width\" content=\"1920\" \/>\n\t<meta property=\"og:image:height\" content=\"1080\" \/>\n\t<meta property=\"og:image:type\" content=\"image\/jpeg\" \/>\n<meta name=\"author\" content=\"Clara Hoff\" \/>\n<meta name=\"twitter:card\" content=\"summary_large_image\" \/>\n<meta name=\"twitter:creator\" content=\"@camaeleonOrg\" \/>\n<meta name=\"twitter:site\" content=\"@camaeleonOrg\" \/>\n<script type=\"application\/ld+json\" class=\"yoast-schema-graph\">{\"@context\":\"https:\\\/\\\/schema.org\",\"@graph\":[{\"@type\":\"Article\",\"@id\":\"https:\\\/\\\/www.camaeleon.org\\\/2021\\\/03\\\/17\\\/la-reconciliation-au-vivant-interview-avec-marie-france-barrier-une-realisatrice-engagee\\\/#article\",\"isPartOf\":{\"@id\":\"https:\\\/\\\/www.camaeleon.org\\\/2021\\\/03\\\/17\\\/la-reconciliation-au-vivant-interview-avec-marie-france-barrier-une-realisatrice-engagee\\\/\"},\"author\":{\"name\":\"Clara Hoff\",\"@id\":\"https:\\\/\\\/www.camaeleon.org\\\/de\\\/#\\\/schema\\\/person\\\/5ca6f968356e20bf35e9dea8fd95dd06\"},\"headline\":\"&#8220;Vers\u00f6hnung mit der Umwelt&#8220;: Interview mit Regisseurin und Aktivistin Marie-France Barrier\",\"datePublished\":\"2021-03-17T13:13:42+00:00\",\"dateModified\":\"2022-07-21T14:11:31+00:00\",\"mainEntityOfPage\":{\"@id\":\"https:\\\/\\\/www.camaeleon.org\\\/2021\\\/03\\\/17\\\/la-reconciliation-au-vivant-interview-avec-marie-france-barrier-une-realisatrice-engagee\\\/\"},\"wordCount\":3113,\"commentCount\":0,\"publisher\":{\"@id\":\"https:\\\/\\\/www.camaeleon.org\\\/de\\\/#organization\"},\"image\":{\"@id\":\"https:\\\/\\\/www.camaeleon.org\\\/2021\\\/03\\\/17\\\/la-reconciliation-au-vivant-interview-avec-marie-france-barrier-une-realisatrice-engagee\\\/#primaryimage\"},\"thumbnailUrl\":\"https:\\\/\\\/www.camaeleon.org\\\/wp-content\\\/uploads\\\/2021\\\/02\\\/Last-still.jpg\",\"keywords\":[\"arbres\",\"B\u00e4ume\",\"Ecologie\",\"Klimawandel\",\"Natur\",\"nature\",\"Umwelt\",\"Umweltschutz\"],\"articleSection\":[\"Welt\",\"Zeitlos\",\"Video\"],\"inLanguage\":\"de\",\"potentialAction\":[{\"@type\":\"CommentAction\",\"name\":\"Comment\",\"target\":[\"https:\\\/\\\/www.camaeleon.org\\\/2021\\\/03\\\/17\\\/la-reconciliation-au-vivant-interview-avec-marie-france-barrier-une-realisatrice-engagee\\\/#respond\"]}]},{\"@type\":\"WebPage\",\"@id\":\"https:\\\/\\\/www.camaeleon.org\\\/de\\\/2021\\\/03\\\/17\\\/la-reconciliation-au-vivant-interview-avec-marie-france-barrier-une-realisatrice-engagee\\\/\",\"url\":\"https:\\\/\\\/www.camaeleon.org\\\/de\\\/2021\\\/03\\\/17\\\/la-reconciliation-au-vivant-interview-avec-marie-france-barrier-une-realisatrice-engagee\\\/\",\"name\":\"\\\"Vers\u00f6hnung mit der Umwelt\\\": Interview mit Regisseurin und Aktivistin Marie-France Barrier - Cam\u00e4l\u00e9on\",\"isPartOf\":{\"@id\":\"https:\\\/\\\/www.camaeleon.org\\\/de\\\/#website\"},\"primaryImageOfPage\":{\"@id\":\"https:\\\/\\\/www.camaeleon.org\\\/de\\\/2021\\\/03\\\/17\\\/la-reconciliation-au-vivant-interview-avec-marie-france-barrier-une-realisatrice-engagee\\\/#primaryimage\"},\"image\":{\"@id\":\"https:\\\/\\\/www.camaeleon.org\\\/2021\\\/03\\\/17\\\/la-reconciliation-au-vivant-interview-avec-marie-france-barrier-une-realisatrice-engagee\\\/#primaryimage\"},\"thumbnailUrl\":\"https:\\\/\\\/www.camaeleon.org\\\/wp-content\\\/uploads\\\/2021\\\/02\\\/Last-still.jpg\",\"datePublished\":\"2021-03-17T13:13:42+00:00\",\"dateModified\":\"2022-07-21T14:11:31+00:00\",\"description\":\"Marie-France Barrier, r\u00e9alisatrice et fondatrice de l'association \\\"Des enfants et des arbres\\\", a accord\u00e9 un entretien \u00e0 Cam\u00e4l\u00e9on.\",\"breadcrumb\":{\"@id\":\"https:\\\/\\\/www.camaeleon.org\\\/de\\\/2021\\\/03\\\/17\\\/la-reconciliation-au-vivant-interview-avec-marie-france-barrier-une-realisatrice-engagee\\\/#breadcrumb\"},\"inLanguage\":\"de\",\"potentialAction\":[{\"@type\":\"ReadAction\",\"target\":[[\"https:\\\/\\\/www.camaeleon.org\\\/de\\\/2021\\\/03\\\/17\\\/la-reconciliation-au-vivant-interview-avec-marie-france-barrier-une-realisatrice-engagee\\\/\"]]}]},{\"@type\":\"ImageObject\",\"inLanguage\":\"de\",\"@id\":\"https:\\\/\\\/www.camaeleon.org\\\/de\\\/2021\\\/03\\\/17\\\/la-reconciliation-au-vivant-interview-avec-marie-france-barrier-une-realisatrice-engagee\\\/#primaryimage\",\"url\":\"https:\\\/\\\/www.camaeleon.org\\\/wp-content\\\/uploads\\\/2021\\\/02\\\/Last-still.jpg\",\"contentUrl\":\"https:\\\/\\\/www.camaeleon.org\\\/wp-content\\\/uploads\\\/2021\\\/02\\\/Last-still.jpg\",\"width\":1920,\"height\":1080,\"caption\":\"Clara Hoff interviewe Marie-France Barrier.\"},{\"@type\":\"BreadcrumbList\",\"@id\":\"https:\\\/\\\/www.camaeleon.org\\\/de\\\/2021\\\/03\\\/17\\\/la-reconciliation-au-vivant-interview-avec-marie-france-barrier-une-realisatrice-engagee\\\/#breadcrumb\",\"itemListElement\":[{\"@type\":\"ListItem\",\"position\":1,\"name\":\"Home\",\"item\":\"https:\\\/\\\/www.camaeleon.org\\\/de\\\/\"},{\"@type\":\"ListItem\",\"position\":2,\"name\":\"&#8222;Vers\u00f6hnung mit der Umwelt&#8220;: Interview mit Regisseurin und Aktivistin Marie-France Barrier\"}]},{\"@type\":\"WebSite\",\"@id\":\"https:\\\/\\\/www.camaeleon.org\\\/de\\\/#website\",\"url\":\"https:\\\/\\\/www.camaeleon.org\\\/de\\\/\",\"name\":\"Cam\u00e4l\u00e9on\",\"description\":\"Das Sch\u00fclermagazin des Deutsch-Franz\u00f6sischen Gymnasiums Saarbr\u00fccken\",\"publisher\":{\"@id\":\"https:\\\/\\\/www.camaeleon.org\\\/de\\\/#organization\"},\"potentialAction\":[{\"@type\":\"SearchAction\",\"target\":{\"@type\":\"EntryPoint\",\"urlTemplate\":\"https:\\\/\\\/www.camaeleon.org\\\/de\\\/?s={search_term_string}\"},\"query-input\":{\"@type\":\"PropertyValueSpecification\",\"valueRequired\":true,\"valueName\":\"search_term_string\"}}],\"inLanguage\":\"de\"},{\"@type\":\"Organization\",\"@id\":\"https:\\\/\\\/www.camaeleon.org\\\/de\\\/#organization\",\"name\":\"Cam\u00e4l\u00e9on\",\"url\":\"https:\\\/\\\/www.camaeleon.org\\\/de\\\/\",\"logo\":{\"@type\":\"ImageObject\",\"inLanguage\":\"de\",\"@id\":\"https:\\\/\\\/www.camaeleon.org\\\/de\\\/#\\\/schema\\\/logo\\\/image\\\/\",\"url\":\"https:\\\/\\\/www.camaeleon.org\\\/wp-content\\\/uploads\\\/2011\\\/11\\\/CAM\u00c4LEON.jpg\",\"contentUrl\":\"https:\\\/\\\/www.camaeleon.org\\\/wp-content\\\/uploads\\\/2011\\\/11\\\/CAM\u00c4LEON.jpg\",\"width\":959,\"height\":959,\"caption\":\"Cam\u00e4l\u00e9on\"},\"image\":{\"@id\":\"https:\\\/\\\/www.camaeleon.org\\\/de\\\/#\\\/schema\\\/logo\\\/image\\\/\"},\"sameAs\":[\"https:\\\/\\\/www.facebook.com\\\/camaeleon.org\\\/\",\"https:\\\/\\\/x.com\\\/camaeleonOrg\",\"https:\\\/\\\/www.instagram.com\\\/camaeleon.dfg\\\/\",\"https:\\\/\\\/www.youtube.com\\\/channel\\\/UCl3TAUDdGuu_c7CD6ax6hYg\"]},{\"@type\":\"Person\",\"@id\":\"https:\\\/\\\/www.camaeleon.org\\\/de\\\/#\\\/schema\\\/person\\\/5ca6f968356e20bf35e9dea8fd95dd06\",\"name\":\"Clara Hoff\",\"image\":{\"@type\":\"ImageObject\",\"inLanguage\":\"de\",\"@id\":\"https:\\\/\\\/www.camaeleon.org\\\/de\\\/wp-content\\\/uploads\\\/2020\\\/11\\\/clara.jpgbe2064d582ccc0a8eb13af3a323e8dd6\",\"url\":\"https:\\\/\\\/www.camaeleon.org\\\/wp-content\\\/uploads\\\/2020\\\/11\\\/clara.jpg\",\"contentUrl\":\"https:\\\/\\\/www.camaeleon.org\\\/wp-content\\\/uploads\\\/2020\\\/11\\\/clara.jpg\",\"caption\":\"Clara Hoff\"},\"url\":\"https:\\\/\\\/www.camaeleon.org\\\/de\\\/author\\\/clara-hoff\\\/\"}]}<\/script>\n<!-- \/ Yoast SEO plugin. -->","yoast_head_json":{"title":"\"Vers\u00f6hnung mit der Umwelt\": Interview mit Regisseurin und Aktivistin Marie-France Barrier - Cam\u00e4l\u00e9on","description":"Marie-France Barrier, r\u00e9alisatrice et fondatrice de l'association \"Des enfants et des arbres\", a accord\u00e9 un entretien \u00e0 Cam\u00e4l\u00e9on.","robots":{"index":"index","follow":"follow","max-snippet":"max-snippet:-1","max-image-preview":"max-image-preview:large","max-video-preview":"max-video-preview:-1"},"canonical":"https:\/\/www.camaeleon.org\/de\/2021\/03\/17\/la-reconciliation-au-vivant-interview-avec-marie-france-barrier-une-realisatrice-engagee\/","og_locale":"de_DE","og_type":"article","og_title":"\"Vers\u00f6hnung mit der Umwelt\": Interview mit Regisseurin und Aktivistin Marie-France Barrier - Cam\u00e4l\u00e9on","og_description":"Marie-France Barrier, r\u00e9alisatrice et fondatrice de l'association \"Des enfants et des arbres\", a accord\u00e9 un entretien \u00e0 Cam\u00e4l\u00e9on.","og_url":"https:\/\/www.camaeleon.org\/de\/2021\/03\/17\/la-reconciliation-au-vivant-interview-avec-marie-france-barrier-une-realisatrice-engagee\/","og_site_name":"Cam\u00e4l\u00e9on","article_publisher":"https:\/\/www.facebook.com\/camaeleon.org\/","article_published_time":"2021-03-17T13:13:42+00:00","article_modified_time":"2022-07-21T14:11:31+00:00","og_image":[{"width":1920,"height":1080,"url":"https:\/\/www.camaeleon.org\/wp-content\/uploads\/2021\/02\/Last-still.jpg","type":"image\/jpeg"}],"author":"Clara Hoff","twitter_card":"summary_large_image","twitter_creator":"@camaeleonOrg","twitter_site":"@camaeleonOrg","schema":{"@context":"https:\/\/schema.org","@graph":[{"@type":"Article","@id":"https:\/\/www.camaeleon.org\/2021\/03\/17\/la-reconciliation-au-vivant-interview-avec-marie-france-barrier-une-realisatrice-engagee\/#article","isPartOf":{"@id":"https:\/\/www.camaeleon.org\/2021\/03\/17\/la-reconciliation-au-vivant-interview-avec-marie-france-barrier-une-realisatrice-engagee\/"},"author":{"name":"Clara Hoff","@id":"https:\/\/www.camaeleon.org\/de\/#\/schema\/person\/5ca6f968356e20bf35e9dea8fd95dd06"},"headline":"&#8220;Vers\u00f6hnung mit der Umwelt&#8220;: Interview mit Regisseurin und Aktivistin Marie-France Barrier","datePublished":"2021-03-17T13:13:42+00:00","dateModified":"2022-07-21T14:11:31+00:00","mainEntityOfPage":{"@id":"https:\/\/www.camaeleon.org\/2021\/03\/17\/la-reconciliation-au-vivant-interview-avec-marie-france-barrier-une-realisatrice-engagee\/"},"wordCount":3113,"commentCount":0,"publisher":{"@id":"https:\/\/www.camaeleon.org\/de\/#organization"},"image":{"@id":"https:\/\/www.camaeleon.org\/2021\/03\/17\/la-reconciliation-au-vivant-interview-avec-marie-france-barrier-une-realisatrice-engagee\/#primaryimage"},"thumbnailUrl":"https:\/\/www.camaeleon.org\/wp-content\/uploads\/2021\/02\/Last-still.jpg","keywords":["arbres","B\u00e4ume","Ecologie","Klimawandel","Natur","nature","Umwelt","Umweltschutz"],"articleSection":["Welt","Zeitlos","Video"],"inLanguage":"de","potentialAction":[{"@type":"CommentAction","name":"Comment","target":["https:\/\/www.camaeleon.org\/2021\/03\/17\/la-reconciliation-au-vivant-interview-avec-marie-france-barrier-une-realisatrice-engagee\/#respond"]}]},{"@type":"WebPage","@id":"https:\/\/www.camaeleon.org\/de\/2021\/03\/17\/la-reconciliation-au-vivant-interview-avec-marie-france-barrier-une-realisatrice-engagee\/","url":"https:\/\/www.camaeleon.org\/de\/2021\/03\/17\/la-reconciliation-au-vivant-interview-avec-marie-france-barrier-une-realisatrice-engagee\/","name":"\"Vers\u00f6hnung mit der Umwelt\": Interview mit Regisseurin und Aktivistin Marie-France Barrier - Cam\u00e4l\u00e9on","isPartOf":{"@id":"https:\/\/www.camaeleon.org\/de\/#website"},"primaryImageOfPage":{"@id":"https:\/\/www.camaeleon.org\/de\/2021\/03\/17\/la-reconciliation-au-vivant-interview-avec-marie-france-barrier-une-realisatrice-engagee\/#primaryimage"},"image":{"@id":"https:\/\/www.camaeleon.org\/2021\/03\/17\/la-reconciliation-au-vivant-interview-avec-marie-france-barrier-une-realisatrice-engagee\/#primaryimage"},"thumbnailUrl":"https:\/\/www.camaeleon.org\/wp-content\/uploads\/2021\/02\/Last-still.jpg","datePublished":"2021-03-17T13:13:42+00:00","dateModified":"2022-07-21T14:11:31+00:00","description":"Marie-France Barrier, r\u00e9alisatrice et fondatrice de l'association \"Des enfants et des arbres\", a accord\u00e9 un entretien \u00e0 Cam\u00e4l\u00e9on.","breadcrumb":{"@id":"https:\/\/www.camaeleon.org\/de\/2021\/03\/17\/la-reconciliation-au-vivant-interview-avec-marie-france-barrier-une-realisatrice-engagee\/#breadcrumb"},"inLanguage":"de","potentialAction":[{"@type":"ReadAction","target":[["https:\/\/www.camaeleon.org\/de\/2021\/03\/17\/la-reconciliation-au-vivant-interview-avec-marie-france-barrier-une-realisatrice-engagee\/"]]}]},{"@type":"ImageObject","inLanguage":"de","@id":"https:\/\/www.camaeleon.org\/de\/2021\/03\/17\/la-reconciliation-au-vivant-interview-avec-marie-france-barrier-une-realisatrice-engagee\/#primaryimage","url":"https:\/\/www.camaeleon.org\/wp-content\/uploads\/2021\/02\/Last-still.jpg","contentUrl":"https:\/\/www.camaeleon.org\/wp-content\/uploads\/2021\/02\/Last-still.jpg","width":1920,"height":1080,"caption":"Clara Hoff interviewe Marie-France Barrier."},{"@type":"BreadcrumbList","@id":"https:\/\/www.camaeleon.org\/de\/2021\/03\/17\/la-reconciliation-au-vivant-interview-avec-marie-france-barrier-une-realisatrice-engagee\/#breadcrumb","itemListElement":[{"@type":"ListItem","position":1,"name":"Home","item":"https:\/\/www.camaeleon.org\/de\/"},{"@type":"ListItem","position":2,"name":"&#8222;Vers\u00f6hnung mit der Umwelt&#8220;: Interview mit Regisseurin und Aktivistin Marie-France Barrier"}]},{"@type":"WebSite","@id":"https:\/\/www.camaeleon.org\/de\/#website","url":"https:\/\/www.camaeleon.org\/de\/","name":"Cam\u00e4l\u00e9on","description":"Das Sch\u00fclermagazin des Deutsch-Franz\u00f6sischen Gymnasiums Saarbr\u00fccken","publisher":{"@id":"https:\/\/www.camaeleon.org\/de\/#organization"},"potentialAction":[{"@type":"SearchAction","target":{"@type":"EntryPoint","urlTemplate":"https:\/\/www.camaeleon.org\/de\/?s={search_term_string}"},"query-input":{"@type":"PropertyValueSpecification","valueRequired":true,"valueName":"search_term_string"}}],"inLanguage":"de"},{"@type":"Organization","@id":"https:\/\/www.camaeleon.org\/de\/#organization","name":"Cam\u00e4l\u00e9on","url":"https:\/\/www.camaeleon.org\/de\/","logo":{"@type":"ImageObject","inLanguage":"de","@id":"https:\/\/www.camaeleon.org\/de\/#\/schema\/logo\/image\/","url":"https:\/\/www.camaeleon.org\/wp-content\/uploads\/2011\/11\/CAM\u00c4LEON.jpg","contentUrl":"https:\/\/www.camaeleon.org\/wp-content\/uploads\/2011\/11\/CAM\u00c4LEON.jpg","width":959,"height":959,"caption":"Cam\u00e4l\u00e9on"},"image":{"@id":"https:\/\/www.camaeleon.org\/de\/#\/schema\/logo\/image\/"},"sameAs":["https:\/\/www.facebook.com\/camaeleon.org\/","https:\/\/x.com\/camaeleonOrg","https:\/\/www.instagram.com\/camaeleon.dfg\/","https:\/\/www.youtube.com\/channel\/UCl3TAUDdGuu_c7CD6ax6hYg"]},{"@type":"Person","@id":"https:\/\/www.camaeleon.org\/de\/#\/schema\/person\/5ca6f968356e20bf35e9dea8fd95dd06","name":"Clara Hoff","image":{"@type":"ImageObject","inLanguage":"de","@id":"https:\/\/www.camaeleon.org\/de\/wp-content\/uploads\/2020\/11\/clara.jpgbe2064d582ccc0a8eb13af3a323e8dd6","url":"https:\/\/www.camaeleon.org\/wp-content\/uploads\/2020\/11\/clara.jpg","contentUrl":"https:\/\/www.camaeleon.org\/wp-content\/uploads\/2020\/11\/clara.jpg","caption":"Clara Hoff"},"url":"https:\/\/www.camaeleon.org\/de\/author\/clara-hoff\/"}]}},"_links":{"self":[{"href":"https:\/\/www.camaeleon.org\/de\/wp-json\/wp\/v2\/posts\/23357","targetHints":{"allow":["GET"]}}],"collection":[{"href":"https:\/\/www.camaeleon.org\/de\/wp-json\/wp\/v2\/posts"}],"about":[{"href":"https:\/\/www.camaeleon.org\/de\/wp-json\/wp\/v2\/types\/post"}],"author":[{"embeddable":true,"href":"https:\/\/www.camaeleon.org\/de\/wp-json\/wp\/v2\/users\/144"}],"replies":[{"embeddable":true,"href":"https:\/\/www.camaeleon.org\/de\/wp-json\/wp\/v2\/comments?post=23357"}],"version-history":[{"count":0,"href":"https:\/\/www.camaeleon.org\/de\/wp-json\/wp\/v2\/posts\/23357\/revisions"}],"wp:featuredmedia":[{"embeddable":true,"href":"https:\/\/www.camaeleon.org\/de\/wp-json\/wp\/v2\/media\/23360"}],"wp:attachment":[{"href":"https:\/\/www.camaeleon.org\/de\/wp-json\/wp\/v2\/media?parent=23357"}],"wp:term":[{"taxonomy":"category","embeddable":true,"href":"https:\/\/www.camaeleon.org\/de\/wp-json\/wp\/v2\/categories?post=23357"},{"taxonomy":"post_tag","embeddable":true,"href":"https:\/\/www.camaeleon.org\/de\/wp-json\/wp\/v2\/tags?post=23357"},{"taxonomy":"author","embeddable":true,"href":"https:\/\/www.camaeleon.org\/de\/wp-json\/wp\/v2\/coauthors?post=23357"}],"curies":[{"name":"wp","href":"https:\/\/api.w.org\/{rel}","templated":true}]}}