{"id":23280,"date":"2021-02-23T16:17:37","date_gmt":"2021-02-23T15:17:37","guid":{"rendered":"https:\/\/www.camaeleon.org\/?p=23280"},"modified":"2021-03-11T23:17:07","modified_gmt":"2021-03-11T22:17:07","slug":"le-mot-de-la-semaine-passeportvaccinal","status":"publish","type":"post","link":"https:\/\/www.camaeleon.org\/de\/2021\/02\/23\/le-mot-de-la-semaine-passeportvaccinal\/","title":{"rendered":"Le mot de la semaine : #passeportvaccinal"},"content":{"rendered":"<p><a href=\"https:\/\/www.camaeleon.org\/2021\/02\/23\/le-mot-de-la-semaine-passeportvaccinal\/website-5213411_1920\/\" rel=\"attachment wp-att-23282\"><img loading=\"lazy\" decoding=\"async\" class=\"alignleft size-medium wp-image-23282\" src=\"https:\/\/www.camaeleon.org\/wp-content\/uploads\/2021\/02\/website-5213411_1920-300x200.jpg\" alt=\"\" width=\"300\" height=\"200\" srcset=\"https:\/\/www.camaeleon.org\/wp-content\/uploads\/2021\/02\/website-5213411_1920-300x200.jpg 300w, https:\/\/www.camaeleon.org\/wp-content\/uploads\/2021\/02\/website-5213411_1920-880x587.jpg 880w, https:\/\/www.camaeleon.org\/wp-content\/uploads\/2021\/02\/website-5213411_1920-1536x1024.jpg 1536w, https:\/\/www.camaeleon.org\/wp-content\/uploads\/2021\/02\/website-5213411_1920.jpg 1920w\" sizes=\"auto, (max-width: 300px) 100vw, 300px\" \/><\/a>Vous l\u2019aurez peut-\u00eatre remarqu\u00e9, en ce moment, il n\u2019y a plus qu\u2019un seul mot sur toutes les l\u00e8vres : vaccin. De plus en plus de gens (majoritairement au-del\u00e0 de soixante ans) re\u00e7oivent une dose voire les deux doses du vaccin qui sont cens\u00e9es garantir l\u2019immunit\u00e9 contre la maladie du covid 19. Ces derniers jours, tous les regards sont tourn\u00e9s vers Isra\u00ebl, le pays le plus avanc\u00e9 dans sa campagne de vaccination, avec plus de la moiti\u00e9 de la population immunis\u00e9e. L\u00e0-bas, le confinement prend peu \u00e0 peu fin, laissant enfin apercevoir la lumi\u00e8re au bout du tunnel. Dans le monde entier, c\u2019est l\u2019espoir de libert\u00e9s retrouv\u00e9es qui rena\u00eet.<\/p>\n<p>Mais un probl\u00e8me survient alors : que fait-on de la moiti\u00e9 restante non vaccin\u00e9e ? Les Isra\u00e9liens ont opt\u00e9 pour un syst\u00e8me de passeport vaccinal qu\u2019ils ont nomm\u00e9 \u00ab passeport vert \u00bb, ou \u00ab badge vert \u00bb. On l\u2019obtient une fois les deux doses re\u00e7ues, il est t\u00e9l\u00e9chargeable sur son t\u00e9l\u00e9phone portable, et il permet par exemple de retourner \u00e0 la salle de sport, \u00e0 la piscine, ou dans divers lieux publics. La question d\u2019une application de cette pratique en Allemagne, en France et ailleurs dans le monde, se pose d\u00e9sormais. Cependant, des soucis \u00e9thiques \u00e9vidents sont soulev\u00e9s. \u00c0 quel point est-ce handicapant pour ceux qui ne veulent ou ne peuvent pas se faire vacciner ? \u00c0 ce stade, dispose-t-on encore d\u2019un libre arbitre concernant la vaccination ? Et est-ce l\u00e0 le point de d\u00e9part d\u2019une nouvelle classe sociale privil\u00e9gi\u00e9e ?<\/p>\n<div id=\"polls-100\" class=\"wp-polls\">\n\t<form id=\"polls_form_100\" class=\"wp-polls-form\" action=\"\/index.php\" method=\"post\">\n\t\t<p style=\"display: none;\"><input type=\"hidden\" id=\"poll_100_nonce\" name=\"wp-polls-nonce\" value=\"15ae814b4b\" \/><\/p>\n\t\t<p style=\"display: none;\"><input type=\"hidden\" name=\"poll_id\" value=\"100\" \/><\/p>\n\t\t<p style=\"text-align: left\"><strong>Que pensez-vous du passeport vaccinal qui ouvre des droits \u00e0 ceux qui le poss\u00e8dent?<\/strong><\/p><div id=\"polls-100-ans\" class=\"wp-polls-ans\"><ul class=\"wp-polls-ul\"><br>\n\t\t<li><input type=\"radio\" id=\"poll-answer-383\" name=\"poll_100\" value=\"383\" \/> <label for=\"poll-answer-383\">Je pense que c'est une tr\u00e8s bonne id\u00e9e!<\/label><\/li><br>\n\t\t<li><input type=\"radio\" id=\"poll-answer-384\" name=\"poll_100\" value=\"384\" \/> <label for=\"poll-answer-384\">Je suis totalement contre.<\/label><\/li><br>\n\t\t<li><input type=\"radio\" id=\"poll-answer-385\" name=\"poll_100\" value=\"385\" \/> <label for=\"poll-answer-385\">Je suis mitig\u00e9.e.<\/label><\/li><br>\n\t\t<p style=\"text-align: left\"><input type=\"button\" name=\"vote\" value=\"   Abstimmen   \" class=\"Buttons\" onclick=\"poll_vote(100);\" \/><\/p>\r\n<p style=\"text-align: left\"><a href=\"#ViewPollResults\" onclick=\"poll_result(100); return false;\" title=\"Ergebnisse dieser Umfrage sehen\">Ergebnisse ansehen<\/a><\/p>\n\t<\/form>\n<\/div>\n<div id=\"polls-100-loading\" class=\"wp-polls-loading\"><img loading=\"lazy\" decoding=\"async\" src=\"https:\/\/www.camaeleon.org\/wp-content\/plugins\/wp-polls\/images\/loading.gif\" width=\"16\" height=\"16\" alt=\"Wird geladen ...\" title=\"Wird geladen ...\" class=\"wp-polls-image\" \/>&nbsp;Wird geladen ...<\/div>\n\n<p>&nbsp;<\/p>\n","protected":false},"excerpt":{"rendered":"<p>Vous l\u2019aurez peut-\u00eatre remarqu\u00e9, en ce moment, il n\u2019y a plus qu\u2019un seul mot sur toutes les l\u00e8vres : vaccin. De plus en plus de<\/p>\n","protected":false},"author":144,"featured_media":23282,"comment_status":"open","ping_status":"closed","sticky":false,"template":"","format":"standard","meta":{"colormag_page_container_layout":"default_layout","colormag_page_sidebar_layout":"default_layout","footnotes":""},"categories":[1173,864],"tags":[1166,1169,1572,1573,1571,1574],"coauthors":[746],"class_list":["post-23280","post","type-post","status-publish","format-standard","has-post-thumbnail","hentry","category-corona","category-le-mot-de-la-semaine","tag-corona","tag-covid-19","tag-impfausweis","tag-impren","tag-passeport-vaccinal","tag-vaccination"],"yoast_head":"<!-- This site is optimized with the Yoast SEO plugin v27.5 - https:\/\/yoast.com\/product\/yoast-seo-wordpress\/ -->\n<title>Le mot de la semaine : #passeportvaccinal - Cam\u00e4l\u00e9on<\/title>\n<meta name=\"description\" content=\"Les Isra\u00e9liens ont opt\u00e9 pour un syst\u00e8me de passeport vaccinal qu\u2019ils ont nomm\u00e9 \u00ab passeport vert \u00bb, ou \u00ab badge vert \u00bb.\" \/>\n<meta name=\"robots\" content=\"index, follow, max-snippet:-1, max-image-preview:large, max-video-preview:-1\" \/>\n<link rel=\"canonical\" href=\"https:\/\/www.camaeleon.org\/de\/2021\/02\/23\/le-mot-de-la-semaine-passeportvaccinal\/\" \/>\n<meta property=\"og:locale\" content=\"de_DE\" \/>\n<meta property=\"og:type\" content=\"article\" \/>\n<meta property=\"og:title\" content=\"Le mot de la semaine : #passeportvaccinal - Cam\u00e4l\u00e9on\" \/>\n<meta property=\"og:description\" content=\"Les Isra\u00e9liens ont opt\u00e9 pour un syst\u00e8me de passeport vaccinal qu\u2019ils ont nomm\u00e9 \u00ab passeport vert \u00bb, ou \u00ab badge vert \u00bb.\" \/>\n<meta property=\"og:url\" content=\"https:\/\/www.camaeleon.org\/de\/2021\/02\/23\/le-mot-de-la-semaine-passeportvaccinal\/\" \/>\n<meta property=\"og:site_name\" content=\"Cam\u00e4l\u00e9on\" \/>\n<meta property=\"article:publisher\" content=\"https:\/\/www.facebook.com\/camaeleon.org\/\" \/>\n<meta property=\"article:published_time\" content=\"2021-02-23T15:17:37+00:00\" \/>\n<meta property=\"article:modified_time\" content=\"2021-03-11T22:17:07+00:00\" \/>\n<meta property=\"og:image\" content=\"https:\/\/www.camaeleon.org\/wp-content\/uploads\/2021\/02\/website-5213411_1920.jpg\" \/>\n\t<meta property=\"og:image:width\" content=\"1920\" \/>\n\t<meta property=\"og:image:height\" content=\"1280\" \/>\n\t<meta property=\"og:image:type\" content=\"image\/jpeg\" \/>\n<meta name=\"author\" content=\"Clara Hoff\" \/>\n<meta name=\"twitter:card\" content=\"summary_large_image\" \/>\n<meta name=\"twitter:creator\" content=\"@camaeleonOrg\" \/>\n<meta name=\"twitter:site\" content=\"@camaeleonOrg\" \/>\n<script type=\"application\/ld+json\" class=\"yoast-schema-graph\">{\"@context\":\"https:\\\/\\\/schema.org\",\"@graph\":[{\"@type\":\"Article\",\"@id\":\"https:\\\/\\\/www.camaeleon.org\\\/de\\\/2021\\\/02\\\/23\\\/le-mot-de-la-semaine-passeportvaccinal\\\/#article\",\"isPartOf\":{\"@id\":\"https:\\\/\\\/www.camaeleon.org\\\/de\\\/2021\\\/02\\\/23\\\/le-mot-de-la-semaine-passeportvaccinal\\\/\"},\"author\":{\"name\":\"Clara Hoff\",\"@id\":\"https:\\\/\\\/www.camaeleon.org\\\/de\\\/#\\\/schema\\\/person\\\/5ca6f968356e20bf35e9dea8fd95dd06\"},\"headline\":\"Le mot de la semaine : #passeportvaccinal\",\"datePublished\":\"2021-02-23T15:17:37+00:00\",\"dateModified\":\"2021-03-11T22:17:07+00:00\",\"mainEntityOfPage\":{\"@id\":\"https:\\\/\\\/www.camaeleon.org\\\/de\\\/2021\\\/02\\\/23\\\/le-mot-de-la-semaine-passeportvaccinal\\\/\"},\"wordCount\":279,\"commentCount\":0,\"publisher\":{\"@id\":\"https:\\\/\\\/www.camaeleon.org\\\/de\\\/#organization\"},\"image\":{\"@id\":\"https:\\\/\\\/www.camaeleon.org\\\/de\\\/2021\\\/02\\\/23\\\/le-mot-de-la-semaine-passeportvaccinal\\\/#primaryimage\"},\"thumbnailUrl\":\"https:\\\/\\\/www.camaeleon.org\\\/wp-content\\\/uploads\\\/2021\\\/02\\\/website-5213411_1920.jpg\",\"keywords\":[\"Corona\",\"COVID-19\",\"Impfausweis\",\"Impren\",\"passeport vaccinal\",\"Vaccination\"],\"articleSection\":[\"Corona-Krise\",\"Das Wort der Woche\"],\"inLanguage\":\"de\",\"potentialAction\":[{\"@type\":\"CommentAction\",\"name\":\"Comment\",\"target\":[\"https:\\\/\\\/www.camaeleon.org\\\/de\\\/2021\\\/02\\\/23\\\/le-mot-de-la-semaine-passeportvaccinal\\\/#respond\"]}]},{\"@type\":\"WebPage\",\"@id\":\"https:\\\/\\\/www.camaeleon.org\\\/de\\\/2021\\\/02\\\/23\\\/le-mot-de-la-semaine-passeportvaccinal\\\/\",\"url\":\"https:\\\/\\\/www.camaeleon.org\\\/de\\\/2021\\\/02\\\/23\\\/le-mot-de-la-semaine-passeportvaccinal\\\/\",\"name\":\"Le mot de la semaine : #passeportvaccinal - Cam\u00e4l\u00e9on\",\"isPartOf\":{\"@id\":\"https:\\\/\\\/www.camaeleon.org\\\/de\\\/#website\"},\"primaryImageOfPage\":{\"@id\":\"https:\\\/\\\/www.camaeleon.org\\\/de\\\/2021\\\/02\\\/23\\\/le-mot-de-la-semaine-passeportvaccinal\\\/#primaryimage\"},\"image\":{\"@id\":\"https:\\\/\\\/www.camaeleon.org\\\/de\\\/2021\\\/02\\\/23\\\/le-mot-de-la-semaine-passeportvaccinal\\\/#primaryimage\"},\"thumbnailUrl\":\"https:\\\/\\\/www.camaeleon.org\\\/wp-content\\\/uploads\\\/2021\\\/02\\\/website-5213411_1920.jpg\",\"datePublished\":\"2021-02-23T15:17:37+00:00\",\"dateModified\":\"2021-03-11T22:17:07+00:00\",\"description\":\"Les Isra\u00e9liens ont opt\u00e9 pour un syst\u00e8me de passeport vaccinal qu\u2019ils ont nomm\u00e9 \u00ab passeport vert \u00bb, ou \u00ab badge vert \u00bb.\",\"breadcrumb\":{\"@id\":\"https:\\\/\\\/www.camaeleon.org\\\/de\\\/2021\\\/02\\\/23\\\/le-mot-de-la-semaine-passeportvaccinal\\\/#breadcrumb\"},\"inLanguage\":\"de\",\"potentialAction\":[{\"@type\":\"ReadAction\",\"target\":[[\"https:\\\/\\\/www.camaeleon.org\\\/de\\\/2021\\\/02\\\/23\\\/le-mot-de-la-semaine-passeportvaccinal\\\/\"]]}]},{\"@type\":\"ImageObject\",\"inLanguage\":\"de\",\"@id\":\"https:\\\/\\\/www.camaeleon.org\\\/de\\\/2021\\\/02\\\/23\\\/le-mot-de-la-semaine-passeportvaccinal\\\/#primaryimage\",\"url\":\"https:\\\/\\\/www.camaeleon.org\\\/wp-content\\\/uploads\\\/2021\\\/02\\\/website-5213411_1920.jpg\",\"contentUrl\":\"https:\\\/\\\/www.camaeleon.org\\\/wp-content\\\/uploads\\\/2021\\\/02\\\/website-5213411_1920.jpg\",\"width\":1920,\"height\":1280,\"caption\":\"passeport vaccinal (source: Pixabay)\"},{\"@type\":\"BreadcrumbList\",\"@id\":\"https:\\\/\\\/www.camaeleon.org\\\/de\\\/2021\\\/02\\\/23\\\/le-mot-de-la-semaine-passeportvaccinal\\\/#breadcrumb\",\"itemListElement\":[{\"@type\":\"ListItem\",\"position\":1,\"name\":\"Home\",\"item\":\"https:\\\/\\\/www.camaeleon.org\\\/de\\\/\"},{\"@type\":\"ListItem\",\"position\":2,\"name\":\"Le mot de la semaine : #passeportvaccinal\"}]},{\"@type\":\"WebSite\",\"@id\":\"https:\\\/\\\/www.camaeleon.org\\\/de\\\/#website\",\"url\":\"https:\\\/\\\/www.camaeleon.org\\\/de\\\/\",\"name\":\"Cam\u00e4l\u00e9on\",\"description\":\"Das Sch\u00fclermagazin des Deutsch-Franz\u00f6sischen Gymnasiums Saarbr\u00fccken\",\"publisher\":{\"@id\":\"https:\\\/\\\/www.camaeleon.org\\\/de\\\/#organization\"},\"potentialAction\":[{\"@type\":\"SearchAction\",\"target\":{\"@type\":\"EntryPoint\",\"urlTemplate\":\"https:\\\/\\\/www.camaeleon.org\\\/de\\\/?s={search_term_string}\"},\"query-input\":{\"@type\":\"PropertyValueSpecification\",\"valueRequired\":true,\"valueName\":\"search_term_string\"}}],\"inLanguage\":\"de\"},{\"@type\":\"Organization\",\"@id\":\"https:\\\/\\\/www.camaeleon.org\\\/de\\\/#organization\",\"name\":\"Cam\u00e4l\u00e9on\",\"url\":\"https:\\\/\\\/www.camaeleon.org\\\/de\\\/\",\"logo\":{\"@type\":\"ImageObject\",\"inLanguage\":\"de\",\"@id\":\"https:\\\/\\\/www.camaeleon.org\\\/de\\\/#\\\/schema\\\/logo\\\/image\\\/\",\"url\":\"https:\\\/\\\/www.camaeleon.org\\\/wp-content\\\/uploads\\\/2011\\\/11\\\/CAM\u00c4LEON.jpg\",\"contentUrl\":\"https:\\\/\\\/www.camaeleon.org\\\/wp-content\\\/uploads\\\/2011\\\/11\\\/CAM\u00c4LEON.jpg\",\"width\":959,\"height\":959,\"caption\":\"Cam\u00e4l\u00e9on\"},\"image\":{\"@id\":\"https:\\\/\\\/www.camaeleon.org\\\/de\\\/#\\\/schema\\\/logo\\\/image\\\/\"},\"sameAs\":[\"https:\\\/\\\/www.facebook.com\\\/camaeleon.org\\\/\",\"https:\\\/\\\/x.com\\\/camaeleonOrg\",\"https:\\\/\\\/www.instagram.com\\\/camaeleon.dfg\\\/\",\"https:\\\/\\\/www.youtube.com\\\/channel\\\/UCl3TAUDdGuu_c7CD6ax6hYg\"]},{\"@type\":\"Person\",\"@id\":\"https:\\\/\\\/www.camaeleon.org\\\/de\\\/#\\\/schema\\\/person\\\/5ca6f968356e20bf35e9dea8fd95dd06\",\"name\":\"Clara Hoff\",\"image\":{\"@type\":\"ImageObject\",\"inLanguage\":\"de\",\"@id\":\"https:\\\/\\\/www.camaeleon.org\\\/de\\\/wp-content\\\/uploads\\\/2020\\\/11\\\/clara.jpgbe2064d582ccc0a8eb13af3a323e8dd6\",\"url\":\"https:\\\/\\\/www.camaeleon.org\\\/wp-content\\\/uploads\\\/2020\\\/11\\\/clara.jpg\",\"contentUrl\":\"https:\\\/\\\/www.camaeleon.org\\\/wp-content\\\/uploads\\\/2020\\\/11\\\/clara.jpg\",\"caption\":\"Clara Hoff\"},\"url\":\"https:\\\/\\\/www.camaeleon.org\\\/de\\\/author\\\/clara-hoff\\\/\"}]}<\/script>\n<!-- \/ Yoast SEO plugin. -->","yoast_head_json":{"title":"Le mot de la semaine : #passeportvaccinal - Cam\u00e4l\u00e9on","description":"Les Isra\u00e9liens ont opt\u00e9 pour un syst\u00e8me de passeport vaccinal qu\u2019ils ont nomm\u00e9 \u00ab passeport vert \u00bb, ou \u00ab badge vert \u00bb.","robots":{"index":"index","follow":"follow","max-snippet":"max-snippet:-1","max-image-preview":"max-image-preview:large","max-video-preview":"max-video-preview:-1"},"canonical":"https:\/\/www.camaeleon.org\/de\/2021\/02\/23\/le-mot-de-la-semaine-passeportvaccinal\/","og_locale":"de_DE","og_type":"article","og_title":"Le mot de la semaine : #passeportvaccinal - Cam\u00e4l\u00e9on","og_description":"Les Isra\u00e9liens ont opt\u00e9 pour un syst\u00e8me de passeport vaccinal qu\u2019ils ont nomm\u00e9 \u00ab passeport vert \u00bb, ou \u00ab badge vert \u00bb.","og_url":"https:\/\/www.camaeleon.org\/de\/2021\/02\/23\/le-mot-de-la-semaine-passeportvaccinal\/","og_site_name":"Cam\u00e4l\u00e9on","article_publisher":"https:\/\/www.facebook.com\/camaeleon.org\/","article_published_time":"2021-02-23T15:17:37+00:00","article_modified_time":"2021-03-11T22:17:07+00:00","og_image":[{"width":1920,"height":1280,"url":"https:\/\/www.camaeleon.org\/wp-content\/uploads\/2021\/02\/website-5213411_1920.jpg","type":"image\/jpeg"}],"author":"Clara Hoff","twitter_card":"summary_large_image","twitter_creator":"@camaeleonOrg","twitter_site":"@camaeleonOrg","schema":{"@context":"https:\/\/schema.org","@graph":[{"@type":"Article","@id":"https:\/\/www.camaeleon.org\/de\/2021\/02\/23\/le-mot-de-la-semaine-passeportvaccinal\/#article","isPartOf":{"@id":"https:\/\/www.camaeleon.org\/de\/2021\/02\/23\/le-mot-de-la-semaine-passeportvaccinal\/"},"author":{"name":"Clara Hoff","@id":"https:\/\/www.camaeleon.org\/de\/#\/schema\/person\/5ca6f968356e20bf35e9dea8fd95dd06"},"headline":"Le mot de la semaine : #passeportvaccinal","datePublished":"2021-02-23T15:17:37+00:00","dateModified":"2021-03-11T22:17:07+00:00","mainEntityOfPage":{"@id":"https:\/\/www.camaeleon.org\/de\/2021\/02\/23\/le-mot-de-la-semaine-passeportvaccinal\/"},"wordCount":279,"commentCount":0,"publisher":{"@id":"https:\/\/www.camaeleon.org\/de\/#organization"},"image":{"@id":"https:\/\/www.camaeleon.org\/de\/2021\/02\/23\/le-mot-de-la-semaine-passeportvaccinal\/#primaryimage"},"thumbnailUrl":"https:\/\/www.camaeleon.org\/wp-content\/uploads\/2021\/02\/website-5213411_1920.jpg","keywords":["Corona","COVID-19","Impfausweis","Impren","passeport vaccinal","Vaccination"],"articleSection":["Corona-Krise","Das Wort der Woche"],"inLanguage":"de","potentialAction":[{"@type":"CommentAction","name":"Comment","target":["https:\/\/www.camaeleon.org\/de\/2021\/02\/23\/le-mot-de-la-semaine-passeportvaccinal\/#respond"]}]},{"@type":"WebPage","@id":"https:\/\/www.camaeleon.org\/de\/2021\/02\/23\/le-mot-de-la-semaine-passeportvaccinal\/","url":"https:\/\/www.camaeleon.org\/de\/2021\/02\/23\/le-mot-de-la-semaine-passeportvaccinal\/","name":"Le mot de la semaine : #passeportvaccinal - Cam\u00e4l\u00e9on","isPartOf":{"@id":"https:\/\/www.camaeleon.org\/de\/#website"},"primaryImageOfPage":{"@id":"https:\/\/www.camaeleon.org\/de\/2021\/02\/23\/le-mot-de-la-semaine-passeportvaccinal\/#primaryimage"},"image":{"@id":"https:\/\/www.camaeleon.org\/de\/2021\/02\/23\/le-mot-de-la-semaine-passeportvaccinal\/#primaryimage"},"thumbnailUrl":"https:\/\/www.camaeleon.org\/wp-content\/uploads\/2021\/02\/website-5213411_1920.jpg","datePublished":"2021-02-23T15:17:37+00:00","dateModified":"2021-03-11T22:17:07+00:00","description":"Les Isra\u00e9liens ont opt\u00e9 pour un syst\u00e8me de passeport vaccinal qu\u2019ils ont nomm\u00e9 \u00ab passeport vert \u00bb, ou \u00ab badge vert \u00bb.","breadcrumb":{"@id":"https:\/\/www.camaeleon.org\/de\/2021\/02\/23\/le-mot-de-la-semaine-passeportvaccinal\/#breadcrumb"},"inLanguage":"de","potentialAction":[{"@type":"ReadAction","target":[["https:\/\/www.camaeleon.org\/de\/2021\/02\/23\/le-mot-de-la-semaine-passeportvaccinal\/"]]}]},{"@type":"ImageObject","inLanguage":"de","@id":"https:\/\/www.camaeleon.org\/de\/2021\/02\/23\/le-mot-de-la-semaine-passeportvaccinal\/#primaryimage","url":"https:\/\/www.camaeleon.org\/wp-content\/uploads\/2021\/02\/website-5213411_1920.jpg","contentUrl":"https:\/\/www.camaeleon.org\/wp-content\/uploads\/2021\/02\/website-5213411_1920.jpg","width":1920,"height":1280,"caption":"passeport vaccinal (source: Pixabay)"},{"@type":"BreadcrumbList","@id":"https:\/\/www.camaeleon.org\/de\/2021\/02\/23\/le-mot-de-la-semaine-passeportvaccinal\/#breadcrumb","itemListElement":[{"@type":"ListItem","position":1,"name":"Home","item":"https:\/\/www.camaeleon.org\/de\/"},{"@type":"ListItem","position":2,"name":"Le mot de la semaine : #passeportvaccinal"}]},{"@type":"WebSite","@id":"https:\/\/www.camaeleon.org\/de\/#website","url":"https:\/\/www.camaeleon.org\/de\/","name":"Cam\u00e4l\u00e9on","description":"Das Sch\u00fclermagazin des Deutsch-Franz\u00f6sischen Gymnasiums Saarbr\u00fccken","publisher":{"@id":"https:\/\/www.camaeleon.org\/de\/#organization"},"potentialAction":[{"@type":"SearchAction","target":{"@type":"EntryPoint","urlTemplate":"https:\/\/www.camaeleon.org\/de\/?s={search_term_string}"},"query-input":{"@type":"PropertyValueSpecification","valueRequired":true,"valueName":"search_term_string"}}],"inLanguage":"de"},{"@type":"Organization","@id":"https:\/\/www.camaeleon.org\/de\/#organization","name":"Cam\u00e4l\u00e9on","url":"https:\/\/www.camaeleon.org\/de\/","logo":{"@type":"ImageObject","inLanguage":"de","@id":"https:\/\/www.camaeleon.org\/de\/#\/schema\/logo\/image\/","url":"https:\/\/www.camaeleon.org\/wp-content\/uploads\/2011\/11\/CAM\u00c4LEON.jpg","contentUrl":"https:\/\/www.camaeleon.org\/wp-content\/uploads\/2011\/11\/CAM\u00c4LEON.jpg","width":959,"height":959,"caption":"Cam\u00e4l\u00e9on"},"image":{"@id":"https:\/\/www.camaeleon.org\/de\/#\/schema\/logo\/image\/"},"sameAs":["https:\/\/www.facebook.com\/camaeleon.org\/","https:\/\/x.com\/camaeleonOrg","https:\/\/www.instagram.com\/camaeleon.dfg\/","https:\/\/www.youtube.com\/channel\/UCl3TAUDdGuu_c7CD6ax6hYg"]},{"@type":"Person","@id":"https:\/\/www.camaeleon.org\/de\/#\/schema\/person\/5ca6f968356e20bf35e9dea8fd95dd06","name":"Clara Hoff","image":{"@type":"ImageObject","inLanguage":"de","@id":"https:\/\/www.camaeleon.org\/de\/wp-content\/uploads\/2020\/11\/clara.jpgbe2064d582ccc0a8eb13af3a323e8dd6","url":"https:\/\/www.camaeleon.org\/wp-content\/uploads\/2020\/11\/clara.jpg","contentUrl":"https:\/\/www.camaeleon.org\/wp-content\/uploads\/2020\/11\/clara.jpg","caption":"Clara Hoff"},"url":"https:\/\/www.camaeleon.org\/de\/author\/clara-hoff\/"}]}},"_links":{"self":[{"href":"https:\/\/www.camaeleon.org\/de\/wp-json\/wp\/v2\/posts\/23280","targetHints":{"allow":["GET"]}}],"collection":[{"href":"https:\/\/www.camaeleon.org\/de\/wp-json\/wp\/v2\/posts"}],"about":[{"href":"https:\/\/www.camaeleon.org\/de\/wp-json\/wp\/v2\/types\/post"}],"author":[{"embeddable":true,"href":"https:\/\/www.camaeleon.org\/de\/wp-json\/wp\/v2\/users\/144"}],"replies":[{"embeddable":true,"href":"https:\/\/www.camaeleon.org\/de\/wp-json\/wp\/v2\/comments?post=23280"}],"version-history":[{"count":0,"href":"https:\/\/www.camaeleon.org\/de\/wp-json\/wp\/v2\/posts\/23280\/revisions"}],"wp:featuredmedia":[{"embeddable":true,"href":"https:\/\/www.camaeleon.org\/de\/wp-json\/wp\/v2\/media\/23282"}],"wp:attachment":[{"href":"https:\/\/www.camaeleon.org\/de\/wp-json\/wp\/v2\/media?parent=23280"}],"wp:term":[{"taxonomy":"category","embeddable":true,"href":"https:\/\/www.camaeleon.org\/de\/wp-json\/wp\/v2\/categories?post=23280"},{"taxonomy":"post_tag","embeddable":true,"href":"https:\/\/www.camaeleon.org\/de\/wp-json\/wp\/v2\/tags?post=23280"},{"taxonomy":"author","embeddable":true,"href":"https:\/\/www.camaeleon.org\/de\/wp-json\/wp\/v2\/coauthors?post=23280"}],"curies":[{"name":"wp","href":"https:\/\/api.w.org\/{rel}","templated":true}]}}