{"id":23262,"date":"2021-02-12T12:23:09","date_gmt":"2021-02-12T11:23:09","guid":{"rendered":"https:\/\/www.camaeleon.org\/?p=23262"},"modified":"2021-03-04T23:32:56","modified_gmt":"2021-03-04T22:32:56","slug":"le-mot-de-la-semaine-minicameleon","status":"publish","type":"post","link":"https:\/\/www.camaeleon.org\/de\/2021\/02\/12\/le-mot-de-la-semaine-minicameleon\/","title":{"rendered":"Le mot de la semaine : #minicam\u00e9l\u00e9on"},"content":{"rendered":"<p><figure id=\"attachment_23266\" aria-describedby=\"caption-attachment-23266\" style=\"width: 300px\" class=\"wp-caption alignleft\"><a href=\"https:\/\/www.camaeleon.org\/wp-content\/uploads\/2021\/02\/Brookesia_nana_Fig4A-e1613126869208.jpg\"><img loading=\"lazy\" decoding=\"async\" class=\"wp-image-23266 size-medium\" src=\"https:\/\/www.camaeleon.org\/wp-content\/uploads\/2021\/02\/Brookesia_nana_Fig4A-300x189.jpg\" alt=\"Brookesia_nana_Fig4A. Photo: wikipedia\" width=\"300\" height=\"189\" \/><\/a><figcaption id=\"caption-attachment-23266\" class=\"wp-caption-text\">Brookesia nana ( Photo: <a href=\"https:\/\/de.wikipedia.org\/wiki\/Brookesia_nana#\/media\/Datei:Brookesia_nana_Fig4A.jpg\">Wikipedia<\/a> \/ <a href=\"https:\/\/creativecommons.org\/licenses\/by\/4.0\/\">CC-BY 4.0<\/a> )<\/figcaption><\/figure><\/p>\n<p>En ce d\u00e9but de vacances : un petit rem\u00e8de \u00e0 la morosit\u00e9 ! Cam\u00e4l\u00e9on a choisi de vous transporter en Afrique et plus exactement \u00e0 Madagascar pour vous pr\u00e9senter un de ses cousins. Figurez-vous que c&#8217;est dans cette superbe \u00eele que des chercheurs ont trouv\u00e9 un cam\u00e9l\u00e9on minuscule qui ne mesure que 13,5 millim\u00e8tres ! Cette d\u00e9couverte date certes d\u00e9j\u00e0 de 2012, mais des scientifiques ont maintenant constat\u00e9, apr\u00e8s avoir examin\u00e9 plusieurs de ces animaux, qu&#8217;ils ont trouv\u00e9 l\u00e0 le plus petit reptile du monde ! Ces petits cam\u00e9l\u00e9ons sont en effet tellement petits qu&#8217;on peut les porter sur un seul doigt. Incroyable, non ?<\/p>\n<p>&nbsp;<\/p>","protected":false},"excerpt":{"rendered":"<p>En ce d\u00e9but de vacances : un petit rem\u00e8de \u00e0 la morosit\u00e9 ! Cam\u00e4l\u00e9on a choisi de vous transporter en Afrique et plus exactement \u00e0<\/p>\n","protected":false},"author":146,"featured_media":23266,"comment_status":"open","ping_status":"closed","sticky":false,"template":"","format":"standard","meta":{"colormag_page_container_layout":"default_layout","colormag_page_sidebar_layout":"default_layout","footnotes":""},"categories":[1579,864,5,1177],"tags":[1566,1569,1565,1570,1567,1568],"coauthors":[1209],"class_list":["post-23262","post","type-post","status-publish","format-standard","has-post-thumbnail","hentry","category-animaux","category-le-mot-de-la-semaine","category-monde","category-science","tag-cameleon","tag-chamaeleon","tag-madagascar","tag-madagaskar","tag-reptile","tag-reptilien"],"yoast_head":"<!-- This site is optimized with the Yoast SEO plugin v27.5 - https:\/\/yoast.com\/product\/yoast-seo-wordpress\/ -->\n<title>Le mot de la semaine : #minicam\u00e9l\u00e9on - Cam\u00e4l\u00e9on<\/title>\n<meta name=\"description\" content=\"Cam\u00e4l\u00e9on a choisi de vous transporter en Afrique et plus exactement \u00e0 Madagascar pour vous pr\u00e9senter un de ses cousins.\" \/>\n<meta name=\"robots\" content=\"index, follow, max-snippet:-1, max-image-preview:large, max-video-preview:-1\" \/>\n<link rel=\"canonical\" href=\"https:\/\/www.camaeleon.org\/de\/2021\/02\/12\/le-mot-de-la-semaine-minicameleon\/\" \/>\n<meta property=\"og:locale\" content=\"de_DE\" \/>\n<meta property=\"og:type\" content=\"article\" \/>\n<meta property=\"og:title\" content=\"Le mot de la semaine : #minicam\u00e9l\u00e9on - Cam\u00e4l\u00e9on\" \/>\n<meta property=\"og:description\" content=\"Cam\u00e4l\u00e9on a choisi de vous transporter en Afrique et plus exactement \u00e0 Madagascar pour vous pr\u00e9senter un de ses cousins.\" \/>\n<meta property=\"og:url\" content=\"https:\/\/www.camaeleon.org\/de\/2021\/02\/12\/le-mot-de-la-semaine-minicameleon\/\" \/>\n<meta property=\"og:site_name\" content=\"Cam\u00e4l\u00e9on\" \/>\n<meta property=\"article:publisher\" content=\"https:\/\/www.facebook.com\/camaeleon.org\/\" \/>\n<meta property=\"article:published_time\" content=\"2021-02-12T11:23:09+00:00\" \/>\n<meta property=\"article:modified_time\" content=\"2021-03-04T22:32:56+00:00\" \/>\n<meta property=\"og:image\" content=\"https:\/\/www.camaeleon.org\/wp-content\/uploads\/2021\/02\/Brookesia_nana_Fig4A-e1613126869208.jpg\" \/>\n\t<meta property=\"og:image:width\" content=\"1500\" \/>\n\t<meta property=\"og:image:height\" content=\"943\" \/>\n\t<meta property=\"og:image:type\" content=\"image\/jpeg\" \/>\n<meta name=\"author\" content=\"Anouk Viero\" \/>\n<meta name=\"twitter:card\" content=\"summary_large_image\" \/>\n<meta name=\"twitter:creator\" content=\"@camaeleonOrg\" \/>\n<meta name=\"twitter:site\" content=\"@camaeleonOrg\" \/>\n<script type=\"application\/ld+json\" class=\"yoast-schema-graph\">{\"@context\":\"https:\\\/\\\/schema.org\",\"@graph\":[{\"@type\":\"Article\",\"@id\":\"https:\\\/\\\/www.camaeleon.org\\\/de\\\/2021\\\/02\\\/12\\\/le-mot-de-la-semaine-minicameleon\\\/#article\",\"isPartOf\":{\"@id\":\"https:\\\/\\\/www.camaeleon.org\\\/de\\\/2021\\\/02\\\/12\\\/le-mot-de-la-semaine-minicameleon\\\/\"},\"author\":{\"name\":\"Anouk Viero\",\"@id\":\"https:\\\/\\\/www.camaeleon.org\\\/de\\\/#\\\/schema\\\/person\\\/34dd43503993f08eb39382df2c5b79b5\"},\"headline\":\"Le mot de la semaine : #minicam\u00e9l\u00e9on\",\"datePublished\":\"2021-02-12T11:23:09+00:00\",\"dateModified\":\"2021-03-04T22:32:56+00:00\",\"mainEntityOfPage\":{\"@id\":\"https:\\\/\\\/www.camaeleon.org\\\/de\\\/2021\\\/02\\\/12\\\/le-mot-de-la-semaine-minicameleon\\\/\"},\"wordCount\":386,\"commentCount\":0,\"publisher\":{\"@id\":\"https:\\\/\\\/www.camaeleon.org\\\/de\\\/#organization\"},\"image\":{\"@id\":\"https:\\\/\\\/www.camaeleon.org\\\/de\\\/2021\\\/02\\\/12\\\/le-mot-de-la-semaine-minicameleon\\\/#primaryimage\"},\"thumbnailUrl\":\"https:\\\/\\\/www.camaeleon.org\\\/wp-content\\\/uploads\\\/2021\\\/02\\\/Brookesia_nana_Fig4A-e1613126869208.jpg\",\"keywords\":[\"cam\u00e9l\u00e9on\",\"Cham\u00e4leon\",\"Madagascar\",\"Madagaskar\",\"reptile\",\"Reptilien\"],\"articleSection\":[\"Tiere\",\"Das Wort der Woche\",\"Welt\",\"Wissenschaft\"],\"inLanguage\":\"de\",\"potentialAction\":[{\"@type\":\"CommentAction\",\"name\":\"Comment\",\"target\":[\"https:\\\/\\\/www.camaeleon.org\\\/de\\\/2021\\\/02\\\/12\\\/le-mot-de-la-semaine-minicameleon\\\/#respond\"]}]},{\"@type\":\"WebPage\",\"@id\":\"https:\\\/\\\/www.camaeleon.org\\\/de\\\/2021\\\/02\\\/12\\\/le-mot-de-la-semaine-minicameleon\\\/\",\"url\":\"https:\\\/\\\/www.camaeleon.org\\\/de\\\/2021\\\/02\\\/12\\\/le-mot-de-la-semaine-minicameleon\\\/\",\"name\":\"Le mot de la semaine : #minicam\u00e9l\u00e9on - Cam\u00e4l\u00e9on\",\"isPartOf\":{\"@id\":\"https:\\\/\\\/www.camaeleon.org\\\/de\\\/#website\"},\"primaryImageOfPage\":{\"@id\":\"https:\\\/\\\/www.camaeleon.org\\\/de\\\/2021\\\/02\\\/12\\\/le-mot-de-la-semaine-minicameleon\\\/#primaryimage\"},\"image\":{\"@id\":\"https:\\\/\\\/www.camaeleon.org\\\/de\\\/2021\\\/02\\\/12\\\/le-mot-de-la-semaine-minicameleon\\\/#primaryimage\"},\"thumbnailUrl\":\"https:\\\/\\\/www.camaeleon.org\\\/wp-content\\\/uploads\\\/2021\\\/02\\\/Brookesia_nana_Fig4A-e1613126869208.jpg\",\"datePublished\":\"2021-02-12T11:23:09+00:00\",\"dateModified\":\"2021-03-04T22:32:56+00:00\",\"description\":\"Cam\u00e4l\u00e9on a choisi de vous transporter en Afrique et plus exactement \u00e0 Madagascar pour vous pr\u00e9senter un de ses cousins.\",\"breadcrumb\":{\"@id\":\"https:\\\/\\\/www.camaeleon.org\\\/de\\\/2021\\\/02\\\/12\\\/le-mot-de-la-semaine-minicameleon\\\/#breadcrumb\"},\"inLanguage\":\"de\",\"potentialAction\":[{\"@type\":\"ReadAction\",\"target\":[[\"https:\\\/\\\/www.camaeleon.org\\\/de\\\/2021\\\/02\\\/12\\\/le-mot-de-la-semaine-minicameleon\\\/\"]]}]},{\"@type\":\"ImageObject\",\"inLanguage\":\"de\",\"@id\":\"https:\\\/\\\/www.camaeleon.org\\\/de\\\/2021\\\/02\\\/12\\\/le-mot-de-la-semaine-minicameleon\\\/#primaryimage\",\"url\":\"https:\\\/\\\/www.camaeleon.org\\\/wp-content\\\/uploads\\\/2021\\\/02\\\/Brookesia_nana_Fig4A-e1613126869208.jpg\",\"contentUrl\":\"https:\\\/\\\/www.camaeleon.org\\\/wp-content\\\/uploads\\\/2021\\\/02\\\/Brookesia_nana_Fig4A-e1613126869208.jpg\",\"width\":1500,\"height\":943,\"caption\":\"[:fr]Brookesia nana ( Photo: Wikipedia \\\/ CC-BY 4.0)[:]\"},{\"@type\":\"BreadcrumbList\",\"@id\":\"https:\\\/\\\/www.camaeleon.org\\\/de\\\/2021\\\/02\\\/12\\\/le-mot-de-la-semaine-minicameleon\\\/#breadcrumb\",\"itemListElement\":[{\"@type\":\"ListItem\",\"position\":1,\"name\":\"Home\",\"item\":\"https:\\\/\\\/www.camaeleon.org\\\/de\\\/\"},{\"@type\":\"ListItem\",\"position\":2,\"name\":\"Le mot de la semaine : #minicam\u00e9l\u00e9on\"}]},{\"@type\":\"WebSite\",\"@id\":\"https:\\\/\\\/www.camaeleon.org\\\/de\\\/#website\",\"url\":\"https:\\\/\\\/www.camaeleon.org\\\/de\\\/\",\"name\":\"Cam\u00e4l\u00e9on\",\"description\":\"Das Sch\u00fclermagazin des Deutsch-Franz\u00f6sischen Gymnasiums Saarbr\u00fccken\",\"publisher\":{\"@id\":\"https:\\\/\\\/www.camaeleon.org\\\/de\\\/#organization\"},\"potentialAction\":[{\"@type\":\"SearchAction\",\"target\":{\"@type\":\"EntryPoint\",\"urlTemplate\":\"https:\\\/\\\/www.camaeleon.org\\\/de\\\/?s={search_term_string}\"},\"query-input\":{\"@type\":\"PropertyValueSpecification\",\"valueRequired\":true,\"valueName\":\"search_term_string\"}}],\"inLanguage\":\"de\"},{\"@type\":\"Organization\",\"@id\":\"https:\\\/\\\/www.camaeleon.org\\\/de\\\/#organization\",\"name\":\"Cam\u00e4l\u00e9on\",\"url\":\"https:\\\/\\\/www.camaeleon.org\\\/de\\\/\",\"logo\":{\"@type\":\"ImageObject\",\"inLanguage\":\"de\",\"@id\":\"https:\\\/\\\/www.camaeleon.org\\\/de\\\/#\\\/schema\\\/logo\\\/image\\\/\",\"url\":\"https:\\\/\\\/www.camaeleon.org\\\/wp-content\\\/uploads\\\/2011\\\/11\\\/CAM\u00c4LEON.jpg\",\"contentUrl\":\"https:\\\/\\\/www.camaeleon.org\\\/wp-content\\\/uploads\\\/2011\\\/11\\\/CAM\u00c4LEON.jpg\",\"width\":959,\"height\":959,\"caption\":\"Cam\u00e4l\u00e9on\"},\"image\":{\"@id\":\"https:\\\/\\\/www.camaeleon.org\\\/de\\\/#\\\/schema\\\/logo\\\/image\\\/\"},\"sameAs\":[\"https:\\\/\\\/www.facebook.com\\\/camaeleon.org\\\/\",\"https:\\\/\\\/x.com\\\/camaeleonOrg\",\"https:\\\/\\\/www.instagram.com\\\/camaeleon.dfg\\\/\",\"https:\\\/\\\/www.youtube.com\\\/channel\\\/UCl3TAUDdGuu_c7CD6ax6hYg\"]},{\"@type\":\"Person\",\"@id\":\"https:\\\/\\\/www.camaeleon.org\\\/de\\\/#\\\/schema\\\/person\\\/34dd43503993f08eb39382df2c5b79b5\",\"name\":\"Anouk Viero\",\"image\":{\"@type\":\"ImageObject\",\"inLanguage\":\"de\",\"@id\":\"https:\\\/\\\/www.camaeleon.org\\\/de\\\/wp-content\\\/uploads\\\/2023\\\/09\\\/0019AA6C-0ACA-452F-B897-A6B732B81B93-150x150.jpegeca926063efc1e3c52e5e4881ccb2d47\",\"url\":\"https:\\\/\\\/www.camaeleon.org\\\/wp-content\\\/uploads\\\/2023\\\/09\\\/0019AA6C-0ACA-452F-B897-A6B732B81B93-150x150.jpeg\",\"contentUrl\":\"https:\\\/\\\/www.camaeleon.org\\\/wp-content\\\/uploads\\\/2023\\\/09\\\/0019AA6C-0ACA-452F-B897-A6B732B81B93-150x150.jpeg\",\"caption\":\"Anouk Viero\"},\"description\":\"Hi, ich bin Anouk! Hier ein paar Infos \u00fcber mich: - Seit 2020 bei Cam\u00e4l\u00e9on - 15 Jahre alt - Klasse 1L Ich schreibe gerne Artikel im Bereich Kultur, Politik, Ern\u00e4hrung und privat tanze ich gerne Jazz Modern und spiele Gitarre.\",\"url\":\"https:\\\/\\\/www.camaeleon.org\\\/de\\\/author\\\/anouk-viero\\\/\"}]}<\/script>\n<!-- \/ Yoast SEO plugin. -->","yoast_head_json":{"title":"Le mot de la semaine : #minicam\u00e9l\u00e9on - Cam\u00e4l\u00e9on","description":"Cam\u00e4l\u00e9on a choisi de vous transporter en Afrique et plus exactement \u00e0 Madagascar pour vous pr\u00e9senter un de ses cousins.","robots":{"index":"index","follow":"follow","max-snippet":"max-snippet:-1","max-image-preview":"max-image-preview:large","max-video-preview":"max-video-preview:-1"},"canonical":"https:\/\/www.camaeleon.org\/de\/2021\/02\/12\/le-mot-de-la-semaine-minicameleon\/","og_locale":"de_DE","og_type":"article","og_title":"Le mot de la semaine : #minicam\u00e9l\u00e9on - Cam\u00e4l\u00e9on","og_description":"Cam\u00e4l\u00e9on a choisi de vous transporter en Afrique et plus exactement \u00e0 Madagascar pour vous pr\u00e9senter un de ses cousins.","og_url":"https:\/\/www.camaeleon.org\/de\/2021\/02\/12\/le-mot-de-la-semaine-minicameleon\/","og_site_name":"Cam\u00e4l\u00e9on","article_publisher":"https:\/\/www.facebook.com\/camaeleon.org\/","article_published_time":"2021-02-12T11:23:09+00:00","article_modified_time":"2021-03-04T22:32:56+00:00","og_image":[{"width":1500,"height":943,"url":"https:\/\/www.camaeleon.org\/wp-content\/uploads\/2021\/02\/Brookesia_nana_Fig4A-e1613126869208.jpg","type":"image\/jpeg"}],"author":"Anouk Viero","twitter_card":"summary_large_image","twitter_creator":"@camaeleonOrg","twitter_site":"@camaeleonOrg","schema":{"@context":"https:\/\/schema.org","@graph":[{"@type":"Article","@id":"https:\/\/www.camaeleon.org\/de\/2021\/02\/12\/le-mot-de-la-semaine-minicameleon\/#article","isPartOf":{"@id":"https:\/\/www.camaeleon.org\/de\/2021\/02\/12\/le-mot-de-la-semaine-minicameleon\/"},"author":{"name":"Anouk Viero","@id":"https:\/\/www.camaeleon.org\/de\/#\/schema\/person\/34dd43503993f08eb39382df2c5b79b5"},"headline":"Le mot de la semaine : #minicam\u00e9l\u00e9on","datePublished":"2021-02-12T11:23:09+00:00","dateModified":"2021-03-04T22:32:56+00:00","mainEntityOfPage":{"@id":"https:\/\/www.camaeleon.org\/de\/2021\/02\/12\/le-mot-de-la-semaine-minicameleon\/"},"wordCount":386,"commentCount":0,"publisher":{"@id":"https:\/\/www.camaeleon.org\/de\/#organization"},"image":{"@id":"https:\/\/www.camaeleon.org\/de\/2021\/02\/12\/le-mot-de-la-semaine-minicameleon\/#primaryimage"},"thumbnailUrl":"https:\/\/www.camaeleon.org\/wp-content\/uploads\/2021\/02\/Brookesia_nana_Fig4A-e1613126869208.jpg","keywords":["cam\u00e9l\u00e9on","Cham\u00e4leon","Madagascar","Madagaskar","reptile","Reptilien"],"articleSection":["Tiere","Das Wort der Woche","Welt","Wissenschaft"],"inLanguage":"de","potentialAction":[{"@type":"CommentAction","name":"Comment","target":["https:\/\/www.camaeleon.org\/de\/2021\/02\/12\/le-mot-de-la-semaine-minicameleon\/#respond"]}]},{"@type":"WebPage","@id":"https:\/\/www.camaeleon.org\/de\/2021\/02\/12\/le-mot-de-la-semaine-minicameleon\/","url":"https:\/\/www.camaeleon.org\/de\/2021\/02\/12\/le-mot-de-la-semaine-minicameleon\/","name":"Le mot de la semaine : #minicam\u00e9l\u00e9on - Cam\u00e4l\u00e9on","isPartOf":{"@id":"https:\/\/www.camaeleon.org\/de\/#website"},"primaryImageOfPage":{"@id":"https:\/\/www.camaeleon.org\/de\/2021\/02\/12\/le-mot-de-la-semaine-minicameleon\/#primaryimage"},"image":{"@id":"https:\/\/www.camaeleon.org\/de\/2021\/02\/12\/le-mot-de-la-semaine-minicameleon\/#primaryimage"},"thumbnailUrl":"https:\/\/www.camaeleon.org\/wp-content\/uploads\/2021\/02\/Brookesia_nana_Fig4A-e1613126869208.jpg","datePublished":"2021-02-12T11:23:09+00:00","dateModified":"2021-03-04T22:32:56+00:00","description":"Cam\u00e4l\u00e9on a choisi de vous transporter en Afrique et plus exactement \u00e0 Madagascar pour vous pr\u00e9senter un de ses cousins.","breadcrumb":{"@id":"https:\/\/www.camaeleon.org\/de\/2021\/02\/12\/le-mot-de-la-semaine-minicameleon\/#breadcrumb"},"inLanguage":"de","potentialAction":[{"@type":"ReadAction","target":[["https:\/\/www.camaeleon.org\/de\/2021\/02\/12\/le-mot-de-la-semaine-minicameleon\/"]]}]},{"@type":"ImageObject","inLanguage":"de","@id":"https:\/\/www.camaeleon.org\/de\/2021\/02\/12\/le-mot-de-la-semaine-minicameleon\/#primaryimage","url":"https:\/\/www.camaeleon.org\/wp-content\/uploads\/2021\/02\/Brookesia_nana_Fig4A-e1613126869208.jpg","contentUrl":"https:\/\/www.camaeleon.org\/wp-content\/uploads\/2021\/02\/Brookesia_nana_Fig4A-e1613126869208.jpg","width":1500,"height":943,"caption":"[:fr]Brookesia nana ( Photo: Wikipedia \/ CC-BY 4.0)[:]"},{"@type":"BreadcrumbList","@id":"https:\/\/www.camaeleon.org\/de\/2021\/02\/12\/le-mot-de-la-semaine-minicameleon\/#breadcrumb","itemListElement":[{"@type":"ListItem","position":1,"name":"Home","item":"https:\/\/www.camaeleon.org\/de\/"},{"@type":"ListItem","position":2,"name":"Le mot de la semaine : #minicam\u00e9l\u00e9on"}]},{"@type":"WebSite","@id":"https:\/\/www.camaeleon.org\/de\/#website","url":"https:\/\/www.camaeleon.org\/de\/","name":"Cam\u00e4l\u00e9on","description":"Das Sch\u00fclermagazin des Deutsch-Franz\u00f6sischen Gymnasiums Saarbr\u00fccken","publisher":{"@id":"https:\/\/www.camaeleon.org\/de\/#organization"},"potentialAction":[{"@type":"SearchAction","target":{"@type":"EntryPoint","urlTemplate":"https:\/\/www.camaeleon.org\/de\/?s={search_term_string}"},"query-input":{"@type":"PropertyValueSpecification","valueRequired":true,"valueName":"search_term_string"}}],"inLanguage":"de"},{"@type":"Organization","@id":"https:\/\/www.camaeleon.org\/de\/#organization","name":"Cam\u00e4l\u00e9on","url":"https:\/\/www.camaeleon.org\/de\/","logo":{"@type":"ImageObject","inLanguage":"de","@id":"https:\/\/www.camaeleon.org\/de\/#\/schema\/logo\/image\/","url":"https:\/\/www.camaeleon.org\/wp-content\/uploads\/2011\/11\/CAM\u00c4LEON.jpg","contentUrl":"https:\/\/www.camaeleon.org\/wp-content\/uploads\/2011\/11\/CAM\u00c4LEON.jpg","width":959,"height":959,"caption":"Cam\u00e4l\u00e9on"},"image":{"@id":"https:\/\/www.camaeleon.org\/de\/#\/schema\/logo\/image\/"},"sameAs":["https:\/\/www.facebook.com\/camaeleon.org\/","https:\/\/x.com\/camaeleonOrg","https:\/\/www.instagram.com\/camaeleon.dfg\/","https:\/\/www.youtube.com\/channel\/UCl3TAUDdGuu_c7CD6ax6hYg"]},{"@type":"Person","@id":"https:\/\/www.camaeleon.org\/de\/#\/schema\/person\/34dd43503993f08eb39382df2c5b79b5","name":"Anouk Viero","image":{"@type":"ImageObject","inLanguage":"de","@id":"https:\/\/www.camaeleon.org\/de\/wp-content\/uploads\/2023\/09\/0019AA6C-0ACA-452F-B897-A6B732B81B93-150x150.jpegeca926063efc1e3c52e5e4881ccb2d47","url":"https:\/\/www.camaeleon.org\/wp-content\/uploads\/2023\/09\/0019AA6C-0ACA-452F-B897-A6B732B81B93-150x150.jpeg","contentUrl":"https:\/\/www.camaeleon.org\/wp-content\/uploads\/2023\/09\/0019AA6C-0ACA-452F-B897-A6B732B81B93-150x150.jpeg","caption":"Anouk Viero"},"description":"Hi, ich bin Anouk! Hier ein paar Infos \u00fcber mich: - Seit 2020 bei Cam\u00e4l\u00e9on - 15 Jahre alt - Klasse 1L Ich schreibe gerne Artikel im Bereich Kultur, Politik, Ern\u00e4hrung und privat tanze ich gerne Jazz Modern und spiele Gitarre.","url":"https:\/\/www.camaeleon.org\/de\/author\/anouk-viero\/"}]}},"_links":{"self":[{"href":"https:\/\/www.camaeleon.org\/de\/wp-json\/wp\/v2\/posts\/23262","targetHints":{"allow":["GET"]}}],"collection":[{"href":"https:\/\/www.camaeleon.org\/de\/wp-json\/wp\/v2\/posts"}],"about":[{"href":"https:\/\/www.camaeleon.org\/de\/wp-json\/wp\/v2\/types\/post"}],"author":[{"embeddable":true,"href":"https:\/\/www.camaeleon.org\/de\/wp-json\/wp\/v2\/users\/146"}],"replies":[{"embeddable":true,"href":"https:\/\/www.camaeleon.org\/de\/wp-json\/wp\/v2\/comments?post=23262"}],"version-history":[{"count":0,"href":"https:\/\/www.camaeleon.org\/de\/wp-json\/wp\/v2\/posts\/23262\/revisions"}],"wp:featuredmedia":[{"embeddable":true,"href":"https:\/\/www.camaeleon.org\/de\/wp-json\/wp\/v2\/media\/23266"}],"wp:attachment":[{"href":"https:\/\/www.camaeleon.org\/de\/wp-json\/wp\/v2\/media?parent=23262"}],"wp:term":[{"taxonomy":"category","embeddable":true,"href":"https:\/\/www.camaeleon.org\/de\/wp-json\/wp\/v2\/categories?post=23262"},{"taxonomy":"post_tag","embeddable":true,"href":"https:\/\/www.camaeleon.org\/de\/wp-json\/wp\/v2\/tags?post=23262"},{"taxonomy":"author","embeddable":true,"href":"https:\/\/www.camaeleon.org\/de\/wp-json\/wp\/v2\/coauthors?post=23262"}],"curies":[{"name":"wp","href":"https:\/\/api.w.org\/{rel}","templated":true}]}}