{"id":23075,"date":"2021-01-16T11:40:15","date_gmt":"2021-01-16T10:40:15","guid":{"rendered":"https:\/\/www.camaeleon.org\/?p=23075"},"modified":"2022-07-21T16:13:21","modified_gmt":"2022-07-21T14:13:21","slug":"bombardierte-krankenhaeuser-und-verletzte-kinder-buergerkrieg-im-jemen-interview-mit-tankred-stoebe","status":"publish","type":"post","link":"https:\/\/www.camaeleon.org\/de\/2021\/01\/16\/bombardierte-krankenhaeuser-und-verletzte-kinder-buergerkrieg-im-jemen-interview-mit-tankred-stoebe\/","title":{"rendered":"Bombardierte Krankenh\u00e4user und verletzte Kinder &#8211; B\u00fcrgerkrieg im Jemen: Interview mit Tankred St\u00f6be"},"content":{"rendered":"<p>In der Republik Jemen herrscht schon seit f\u00fcnf Jahren ein B\u00fcrgerkrieg. Die Menschen leiden nun auch noch unter der Coronapandemie. Es handelt sich um die gr\u00f6\u00dfte humanit\u00e4re Krise weltweit &#8211; schon vor der Coronapandemie. Wie schlimm die aktuelle Lage im Jemen ist, das hat der Intensiv- und Notfallmediziner Tankred St\u00f6be Cam\u00e4l\u00e9on-Redakteur Julian Bidot erkl\u00e4rt.<\/p>\n<p><em>Tankred St\u00f6be engagiert sich f\u00fcr &#8222;\u00c4rzte ohne Grenzen&#8220; und hat unter anderem im Jemen geholfen. Au\u00dferdem hat er ein Buch geschrieben: &#8222;<a href=\"https:\/\/www.fischerverlage.de\/buch\/tankred-stoebe-mut-und-menschlichkeit-9783596704392\">Mut und Menschlichkeit: Als Arzt weltweit in Grenzsituationen<\/a>&#8222;, das im Fischer Verlag erschienen ist.<\/em><\/p>\n<p><strong>Cam\u00e4l\u00e9on<\/strong>: K\u00f6nnten Sie sich kurz vorstellen?<\/p>\n<p><strong>Tankred St\u00f6be<\/strong>: Ich hei\u00dfe Tankred St\u00f6be, bin Internist, Intensiv- und Notfallmediziner in einer Berliner Klinik, zudem seit 2002 in \u00fcber 20 Eins\u00e4tzen mit \u00c4rzte ohne Grenzen im Ausland gewesen, zuletzt 2020 im Jemen und S\u00fcdasien, zuvor in Venezuela, Libyen und Syrien. Einige dieser Erfahrungen wurden im Buch &#8222;Mut und Menschlichkeit&#8220; ver\u00f6ffentlicht.<\/p>\n<figure id=\"attachment_23080\" aria-describedby=\"caption-attachment-23080\" style=\"width: 860px\" class=\"wp-caption aligncenter\"><img loading=\"lazy\" decoding=\"async\" class=\"size-large wp-image-23080\" src=\"https:\/\/www.camaeleon.org\/wp-content\/uploads\/2021\/01\/DSC01003-880x587.jpg\" alt=\"Tankred St\u00f6be im OP (Foto: St\u00f6be)\" width=\"860\" height=\"574\" srcset=\"https:\/\/www.camaeleon.org\/wp-content\/uploads\/2021\/01\/DSC01003-880x587.jpg 880w, https:\/\/www.camaeleon.org\/wp-content\/uploads\/2021\/01\/DSC01003-300x200.jpg 300w, https:\/\/www.camaeleon.org\/wp-content\/uploads\/2021\/01\/DSC01003-1536x1024.jpg 1536w, https:\/\/www.camaeleon.org\/wp-content\/uploads\/2021\/01\/DSC01003.jpg 2000w\" sizes=\"auto, (max-width: 860px) 100vw, 860px\" \/><figcaption id=\"caption-attachment-23080\" class=\"wp-caption-text\">Tankred St\u00f6be im OP (Foto: St\u00f6be)<\/figcaption><\/figure>\n<p><strong>Cam\u00e4l\u00e9on<\/strong>: Wie ist die aktuelle Lage im Jemen?<\/p>\n<blockquote><p>&#8222;Die Lage ist katastrophal.&#8220;<\/p><\/blockquote>\n<p><strong>St\u00f6be<\/strong>: Seit sechs Jahren herrscht im Land ein t\u00f6dlicher B\u00fcrgerkrieg, t\u00e4glich fallen Bomben, werden Zivilisten get\u00f6tet und verwundet. \u00dcber die H\u00e4lfte aller Krankenh\u00e4user sind zerst\u00f6rt, bei steigendem Behandlungsbedarf gibt es immer weniger Behandlungsm\u00f6glichkeiten. Auch werden \u00c4rzte und Lehrer seit Jahren nicht mehr bezahlt, die Lebensmittelpreise sind enorm gestiegen, sodass sich die Menschen nicht mehr ausreichend ern\u00e4hren k\u00f6nnen und hungern. Die Lage ist so katastrophal, dass niemand genau sagen kann, wie viele Menschen in dem Konflikt tats\u00e4chlich ums Leben gekommen sind \u2013 Sch\u00e4tzungen gehen in die Zehntausende.<\/p>\n<p><strong>Cam\u00e4l\u00e9on<\/strong>: Inwiefern hat sich die Lage durch die Coronapandemie verschlechtert?<\/p>\n<p><strong>St\u00f6be<\/strong>: Das Land war nicht vorbereitet. Dazu fehlten verl\u00e4ssliche Informationsquellen, nicht ausreichende Testkapazit\u00e4ten und auch kaum Behandlungsoptionen. Offiziell sind nur 2000 Jeminiten infiziert und \u00fcber 600 gestorben, aber die wirklichen Zahlen und das menschliche Leid durch Covid-19 ist sehr viel h\u00f6her. Kaum eine Familie ist nicht betroffen. Die meisten Infizierten sind zuhause gestorben, weil die Krankenh\u00e4user sich weigerten, Patienten aufzunehmen. Es bedurfte einer Studie mit Satelliten-Aufnahmen, um Friedh\u00f6fe vor der Pandemie und jetzt zu vergleichen und um zu sehen, wie viel mehr Gr\u00e4ber in diesem Jahr ausgehoben wurden. Die \u00dcbersterblichkeit ist gro\u00df.<\/p>\n<p><strong>Cam\u00e4l\u00e9on<\/strong>: Wie kann &#8222;\u00c4rzte ohne Grenzen&#8220; den Menschen vor Ort helfen?<\/p>\n<p><strong>St\u00f6be<\/strong>: F\u00fcr uns ist der Jemen mittlerweile das drittwichtigste Krisengebiet. Viele unserer \u00c4rztinnen, Pfleger, Koordinatorinnen und Logistiker arbeiten dort. Zudem bringen wir kontinuierlich Tonnen von Medikamenten und medizinischem Material in den Jemen. &#8222;\u00c4rzte ohne Grenzen&#8220; betreibt etwa ein Dutzend eigener Kliniken und unterst\u00fctzt weitere Gesundheitseinrichtungen. Es geht um die Versorgung von Menschen mit Kriegsverletzungen, nach Verkehrsunf\u00e4llen, Schwangerschaftskomplikationen. Aber auch eigentlich ausgerottete Krankheiten wie Polio und Diphterie kehren zur\u00fcck, weil Kinder nicht mehr geimpft werden k\u00f6nnen. Im Mai er\u00f6ffneten wir die einzige Covid-Klinik im s\u00fcdlichen Jemen und konnten dort \u00fcber 350 schwerkranke Patienten behandeln.<\/p>\n<figure id=\"attachment_23081\" aria-describedby=\"caption-attachment-23081\" style=\"width: 860px\" class=\"wp-caption aligncenter\"><img loading=\"lazy\" decoding=\"async\" class=\"size-large wp-image-23081\" src=\"https:\/\/www.camaeleon.org\/wp-content\/uploads\/2021\/01\/DSC00863-880x587.jpg\" alt=\"Tankred St\u00f6be im Patientengespr\u00e4ch (Foto: St\u00f6be)\" width=\"860\" height=\"574\" srcset=\"https:\/\/www.camaeleon.org\/wp-content\/uploads\/2021\/01\/DSC00863-880x587.jpg 880w, https:\/\/www.camaeleon.org\/wp-content\/uploads\/2021\/01\/DSC00863-300x200.jpg 300w, https:\/\/www.camaeleon.org\/wp-content\/uploads\/2021\/01\/DSC00863-1536x1024.jpg 1536w, https:\/\/www.camaeleon.org\/wp-content\/uploads\/2021\/01\/DSC00863.jpg 2000w\" sizes=\"auto, (max-width: 860px) 100vw, 860px\" \/><figcaption id=\"caption-attachment-23081\" class=\"wp-caption-text\">Tankred St\u00f6be im Patientengespr\u00e4ch (Foto: St\u00f6be)<\/figcaption><\/figure>\n<p><strong>Cam\u00e4l\u00e9on<\/strong>: Wie kann man \u00c4rzte ohne Grenzen und somit die Menschen im Jemen unterst\u00fctzen?<\/p>\n<blockquote><p>&#8222;Wichtig finde ich es, das Land und seine Menschen nicht zu vergessen.&#8220;<\/p><\/blockquote>\n<p><strong>St\u00f6be:<\/strong> Wichtig finde ich, das Land und seine Menschen nicht zu vergessen und somit ist dieser Beitrag in Eurer Sch\u00fclerzeitung eine wichtige Geste. Ansonsten suchen wir immer medizinische und nicht-medizinische Helfer, aber auch Spenden sind willkommen.<\/p>\n<p><em>Spendenaufruf: siehe unten!<\/em><\/p>\n<p><strong>Cam\u00e4l\u00e9on<\/strong>: Warum wird Ihrer Meinung nach so wenig \u00fcber die schreckliche Situation im Jemen berichtet?<\/p>\n<p><strong>St\u00f6be<\/strong>: Das Land ist isoliert und abgeriegelt: von zwei Seiten vom Meer umschlossen, im Osten eine gro\u00dfe W\u00fcste zum Nachbarland Oman und der neue Erzfeind Saudi-Arabien hat die n\u00f6rdliche Grenze geschlossen. Jemeniten werden an der Flucht gehindert, Journalisten nichts ins Land gelassen. Daher freue ich mich \u00fcber Euer Interesse, von diesem Konflikt zu berichten. Als humanit\u00e4rer Helfer darf ich einreisen und war bereits 2017 im Jemen. Somit geh\u00f6re ich zu den wenigen Deutschen, die das Land aktuell besuchen k\u00f6nnen.<\/p>\n<p><strong>Cam\u00e4l\u00e9on<\/strong>: Sie haben doch sicher schreckliche Bilder im Kopf. Wie k\u00f6nnen Sie diese verarbeiten?<\/p>\n<p><strong>St\u00f6be<\/strong>: Gut erinnere ich mich an die Geschichte von Aya, einem vierj\u00e4hriges M\u00e4dchen, das im Sommer von einem Auto \u00fcberfahren wurde. Sie litt an schweren abdominellen Blutungen und Rippenbr\u00fcchen und eigentlich h\u00e4tte sie diesen Unfall nicht \u00fcberleben k\u00f6nnen. Aber Aya hatte Gl\u00fcck im Ungl\u00fcck: Sie \u00fcberlebte und die wichtigen Bauchorgane wie Darm, Leber und Milz blieben intakt. Nach der mehrst\u00fcndigen Operation mussten wir sie noch einige Tage auf der Intensivstation behandeln, aber ihre Prognose ist gut.<\/p>\n<p><strong>Cam\u00e4l\u00e9on<\/strong>: Im Jemen herrscht B\u00fcrgerkrieg. Hatten Sie keine Angst, angegriffen zu werden?<\/p>\n<p><strong>St\u00f6be<\/strong>: Die Gefahr besteht immer, gerade in Kriegsgebieten. Besonders grausam ist es, wenn Krankenh\u00e4user bombardiert werden. Das kommt im Jemen immer wieder vor. Bei meiner ersten Projektmitarbeit vor drei Jahren kam es zu einer Schie\u00dferei im Krankenhaus. Da hatten wir alle gro\u00dfe Angst. Als das vor\u00fcber war und klar wurde, dass dies kein Angriff auf das Krankenhaus oder die Organisation war, konnten wir weiterarbeiten. Aber solche Zwischenf\u00e4lle sind selten. Die positiven Erfahrungen \u00fcberwiegen deutlich. Auch deshalb werde ich nicht m\u00fcde. Vielleicht klappt es schon bald mit einem n\u00e4chsten Einsatz. Wohin der gehen wird? Das wei\u00df ich nicht. Manchmal entscheidet sich das erst wenige Stunden vor Abflug.<\/p>\n<p><em>Link zur Internetseite von &#8222;\u00c4rzte ohne Grenzen&#8220;: <a href=\"https:\/\/www.aerzte-ohne-grenzen.de\/\">https:\/\/www.aerzte-ohne-grenzen.de\/<\/a><\/em><\/p>\n<p><em>Das Spendenkonto von &#8222;\u00c4rzte ohne Grenzen&#8220; lautet:<\/em><\/p>\n<p><em>\u00c4rzte ohne Grenzen e.V.<\/em><br \/>\n<em>IBAN: DE72 3702 0500 0009 7097 00<\/em><br \/>\n<em>BIC: BFSWDE33XXX<\/em><br \/>\n<em>Bank f\u00fcr Sozialwirtschaft<\/em><\/p>\n","protected":false},"excerpt":{"rendered":"<p>In der Republik Jemen herrscht schon seit f\u00fcnf Jahren ein B\u00fcrgerkrieg. Die Menschen leiden nun auch noch unter der Coronapandemie. Es handelt sich um die<\/p>\n","protected":false},"author":143,"featured_media":23080,"comment_status":"open","ping_status":"closed","sticky":false,"template":"","format":"standard","meta":{"colormag_page_container_layout":"default_layout","colormag_page_sidebar_layout":"default_layout","footnotes":""},"categories":[1173,5,2039],"tags":[1524,1528,1525,1523],"coauthors":[1208],"class_list":["post-23075","post","type-post","status-publish","format-standard","has-post-thumbnail","hentry","category-corona","category-monde","category-zeitlos","tag-aerzte-ohne-grenzen","tag-buergerkrieg","tag-jemen","tag-tankred-stoebe"],"yoast_head":"<!-- This site is optimized with the Yoast SEO plugin v27.5 - https:\/\/yoast.com\/product\/yoast-seo-wordpress\/ -->\n<title>Bombardierte Krankenh\u00e4user und verletzte Kinder - B\u00fcrgerkrieg im Jemen: Interview mit Tankred St\u00f6be - Cam\u00e4l\u00e9on<\/title>\n<meta name=\"description\" content=\"In der Republik Jemen herrscht schon seit f\u00fcnf Jahren ein B\u00fcrgerkrieg, die Menschen leiden nun auch noch unter der Coronapandemie.\" \/>\n<meta name=\"robots\" content=\"index, follow, max-snippet:-1, max-image-preview:large, max-video-preview:-1\" \/>\n<link rel=\"canonical\" href=\"https:\/\/www.camaeleon.org\/de\/2021\/01\/16\/bombardierte-krankenhaeuser-und-verletzte-kinder-buergerkrieg-im-jemen-interview-mit-tankred-stoebe\/\" \/>\n<meta property=\"og:locale\" content=\"de_DE\" \/>\n<meta property=\"og:type\" content=\"article\" \/>\n<meta property=\"og:title\" content=\"Bombardierte Krankenh\u00e4user und verletzte Kinder - B\u00fcrgerkrieg im Jemen: Interview mit Tankred St\u00f6be - Cam\u00e4l\u00e9on\" \/>\n<meta property=\"og:description\" content=\"In der Republik Jemen herrscht schon seit f\u00fcnf Jahren ein B\u00fcrgerkrieg, die Menschen leiden nun auch noch unter der Coronapandemie.\" \/>\n<meta property=\"og:url\" content=\"https:\/\/www.camaeleon.org\/de\/2021\/01\/16\/bombardierte-krankenhaeuser-und-verletzte-kinder-buergerkrieg-im-jemen-interview-mit-tankred-stoebe\/\" \/>\n<meta property=\"og:site_name\" content=\"Cam\u00e4l\u00e9on\" \/>\n<meta property=\"article:publisher\" content=\"https:\/\/www.facebook.com\/camaeleon.org\/\" \/>\n<meta property=\"article:published_time\" content=\"2021-01-16T10:40:15+00:00\" \/>\n<meta property=\"article:modified_time\" content=\"2022-07-21T14:13:21+00:00\" \/>\n<meta property=\"og:image\" content=\"https:\/\/www.camaeleon.org\/wp-content\/uploads\/2021\/01\/DSC01003.jpg\" \/>\n\t<meta property=\"og:image:width\" content=\"2000\" \/>\n\t<meta property=\"og:image:height\" content=\"1333\" \/>\n\t<meta property=\"og:image:type\" content=\"image\/jpeg\" \/>\n<meta name=\"author\" content=\"Julian Bidot\" \/>\n<meta name=\"twitter:card\" content=\"summary_large_image\" \/>\n<meta name=\"twitter:creator\" content=\"@camaeleonOrg\" \/>\n<meta name=\"twitter:site\" content=\"@camaeleonOrg\" \/>\n<script type=\"application\/ld+json\" class=\"yoast-schema-graph\">{\"@context\":\"https:\\\/\\\/schema.org\",\"@graph\":[{\"@type\":\"Article\",\"@id\":\"https:\\\/\\\/www.camaeleon.org\\\/2021\\\/01\\\/16\\\/bombardierte-krankenhaeuser-und-verletzte-kinder-buergerkrieg-im-jemen-interview-mit-tankred-stoebe\\\/#article\",\"isPartOf\":{\"@id\":\"https:\\\/\\\/www.camaeleon.org\\\/2021\\\/01\\\/16\\\/bombardierte-krankenhaeuser-und-verletzte-kinder-buergerkrieg-im-jemen-interview-mit-tankred-stoebe\\\/\"},\"author\":{\"name\":\"Julian Bidot\",\"@id\":\"https:\\\/\\\/www.camaeleon.org\\\/de\\\/#\\\/schema\\\/person\\\/4df212263ca8d70a0a60b3cdf9cb792e\"},\"headline\":\"Bombardierte Krankenh\u00e4user und verletzte Kinder &#8211; B\u00fcrgerkrieg im Jemen: Interview mit Tankred St\u00f6be\",\"datePublished\":\"2021-01-16T10:40:15+00:00\",\"dateModified\":\"2022-07-21T14:13:21+00:00\",\"mainEntityOfPage\":{\"@id\":\"https:\\\/\\\/www.camaeleon.org\\\/2021\\\/01\\\/16\\\/bombardierte-krankenhaeuser-und-verletzte-kinder-buergerkrieg-im-jemen-interview-mit-tankred-stoebe\\\/\"},\"wordCount\":979,\"commentCount\":0,\"publisher\":{\"@id\":\"https:\\\/\\\/www.camaeleon.org\\\/de\\\/#organization\"},\"image\":{\"@id\":\"https:\\\/\\\/www.camaeleon.org\\\/2021\\\/01\\\/16\\\/bombardierte-krankenhaeuser-und-verletzte-kinder-buergerkrieg-im-jemen-interview-mit-tankred-stoebe\\\/#primaryimage\"},\"thumbnailUrl\":\"https:\\\/\\\/www.camaeleon.org\\\/wp-content\\\/uploads\\\/2021\\\/01\\\/DSC01003.jpg\",\"keywords\":[\"\u00c4rzte ohne Grenzen\",\"B\u00fcrgerkrieg\",\"Jemen\",\"Tankred St\u00f6be\"],\"articleSection\":[\"Corona-Krise\",\"Welt\",\"Zeitlos\"],\"inLanguage\":\"de\",\"potentialAction\":[{\"@type\":\"CommentAction\",\"name\":\"Comment\",\"target\":[\"https:\\\/\\\/www.camaeleon.org\\\/2021\\\/01\\\/16\\\/bombardierte-krankenhaeuser-und-verletzte-kinder-buergerkrieg-im-jemen-interview-mit-tankred-stoebe\\\/#respond\"]}]},{\"@type\":\"WebPage\",\"@id\":\"https:\\\/\\\/www.camaeleon.org\\\/de\\\/2021\\\/01\\\/16\\\/bombardierte-krankenhaeuser-und-verletzte-kinder-buergerkrieg-im-jemen-interview-mit-tankred-stoebe\\\/\",\"url\":\"https:\\\/\\\/www.camaeleon.org\\\/de\\\/2021\\\/01\\\/16\\\/bombardierte-krankenhaeuser-und-verletzte-kinder-buergerkrieg-im-jemen-interview-mit-tankred-stoebe\\\/\",\"name\":\"Bombardierte Krankenh\u00e4user und verletzte Kinder - B\u00fcrgerkrieg im Jemen: Interview mit Tankred St\u00f6be - Cam\u00e4l\u00e9on\",\"isPartOf\":{\"@id\":\"https:\\\/\\\/www.camaeleon.org\\\/de\\\/#website\"},\"primaryImageOfPage\":{\"@id\":\"https:\\\/\\\/www.camaeleon.org\\\/de\\\/2021\\\/01\\\/16\\\/bombardierte-krankenhaeuser-und-verletzte-kinder-buergerkrieg-im-jemen-interview-mit-tankred-stoebe\\\/#primaryimage\"},\"image\":{\"@id\":\"https:\\\/\\\/www.camaeleon.org\\\/2021\\\/01\\\/16\\\/bombardierte-krankenhaeuser-und-verletzte-kinder-buergerkrieg-im-jemen-interview-mit-tankred-stoebe\\\/#primaryimage\"},\"thumbnailUrl\":\"https:\\\/\\\/www.camaeleon.org\\\/wp-content\\\/uploads\\\/2021\\\/01\\\/DSC01003.jpg\",\"datePublished\":\"2021-01-16T10:40:15+00:00\",\"dateModified\":\"2022-07-21T14:13:21+00:00\",\"description\":\"In der Republik Jemen herrscht schon seit f\u00fcnf Jahren ein B\u00fcrgerkrieg, die Menschen leiden nun auch noch unter der Coronapandemie.\",\"breadcrumb\":{\"@id\":\"https:\\\/\\\/www.camaeleon.org\\\/de\\\/2021\\\/01\\\/16\\\/bombardierte-krankenhaeuser-und-verletzte-kinder-buergerkrieg-im-jemen-interview-mit-tankred-stoebe\\\/#breadcrumb\"},\"inLanguage\":\"de\",\"potentialAction\":[{\"@type\":\"ReadAction\",\"target\":[[\"https:\\\/\\\/www.camaeleon.org\\\/de\\\/2021\\\/01\\\/16\\\/bombardierte-krankenhaeuser-und-verletzte-kinder-buergerkrieg-im-jemen-interview-mit-tankred-stoebe\\\/\"]]}]},{\"@type\":\"ImageObject\",\"inLanguage\":\"de\",\"@id\":\"https:\\\/\\\/www.camaeleon.org\\\/de\\\/2021\\\/01\\\/16\\\/bombardierte-krankenhaeuser-und-verletzte-kinder-buergerkrieg-im-jemen-interview-mit-tankred-stoebe\\\/#primaryimage\",\"url\":\"https:\\\/\\\/www.camaeleon.org\\\/wp-content\\\/uploads\\\/2021\\\/01\\\/DSC01003.jpg\",\"contentUrl\":\"https:\\\/\\\/www.camaeleon.org\\\/wp-content\\\/uploads\\\/2021\\\/01\\\/DSC01003.jpg\",\"width\":2000,\"height\":1333,\"caption\":\"Tankred St\u00f6be im OP (Foto: St\u00f6be)\"},{\"@type\":\"BreadcrumbList\",\"@id\":\"https:\\\/\\\/www.camaeleon.org\\\/de\\\/2021\\\/01\\\/16\\\/bombardierte-krankenhaeuser-und-verletzte-kinder-buergerkrieg-im-jemen-interview-mit-tankred-stoebe\\\/#breadcrumb\",\"itemListElement\":[{\"@type\":\"ListItem\",\"position\":1,\"name\":\"Home\",\"item\":\"https:\\\/\\\/www.camaeleon.org\\\/de\\\/\"},{\"@type\":\"ListItem\",\"position\":2,\"name\":\"Bombardierte Krankenh\u00e4user und verletzte Kinder &#8211; B\u00fcrgerkrieg im Jemen: Interview mit Tankred St\u00f6be\"}]},{\"@type\":\"WebSite\",\"@id\":\"https:\\\/\\\/www.camaeleon.org\\\/de\\\/#website\",\"url\":\"https:\\\/\\\/www.camaeleon.org\\\/de\\\/\",\"name\":\"Cam\u00e4l\u00e9on\",\"description\":\"Das Sch\u00fclermagazin des Deutsch-Franz\u00f6sischen Gymnasiums Saarbr\u00fccken\",\"publisher\":{\"@id\":\"https:\\\/\\\/www.camaeleon.org\\\/de\\\/#organization\"},\"potentialAction\":[{\"@type\":\"SearchAction\",\"target\":{\"@type\":\"EntryPoint\",\"urlTemplate\":\"https:\\\/\\\/www.camaeleon.org\\\/de\\\/?s={search_term_string}\"},\"query-input\":{\"@type\":\"PropertyValueSpecification\",\"valueRequired\":true,\"valueName\":\"search_term_string\"}}],\"inLanguage\":\"de\"},{\"@type\":\"Organization\",\"@id\":\"https:\\\/\\\/www.camaeleon.org\\\/de\\\/#organization\",\"name\":\"Cam\u00e4l\u00e9on\",\"url\":\"https:\\\/\\\/www.camaeleon.org\\\/de\\\/\",\"logo\":{\"@type\":\"ImageObject\",\"inLanguage\":\"de\",\"@id\":\"https:\\\/\\\/www.camaeleon.org\\\/de\\\/#\\\/schema\\\/logo\\\/image\\\/\",\"url\":\"https:\\\/\\\/www.camaeleon.org\\\/wp-content\\\/uploads\\\/2011\\\/11\\\/CAM\u00c4LEON.jpg\",\"contentUrl\":\"https:\\\/\\\/www.camaeleon.org\\\/wp-content\\\/uploads\\\/2011\\\/11\\\/CAM\u00c4LEON.jpg\",\"width\":959,\"height\":959,\"caption\":\"Cam\u00e4l\u00e9on\"},\"image\":{\"@id\":\"https:\\\/\\\/www.camaeleon.org\\\/de\\\/#\\\/schema\\\/logo\\\/image\\\/\"},\"sameAs\":[\"https:\\\/\\\/www.facebook.com\\\/camaeleon.org\\\/\",\"https:\\\/\\\/x.com\\\/camaeleonOrg\",\"https:\\\/\\\/www.instagram.com\\\/camaeleon.dfg\\\/\",\"https:\\\/\\\/www.youtube.com\\\/channel\\\/UCl3TAUDdGuu_c7CD6ax6hYg\"]},{\"@type\":\"Person\",\"@id\":\"https:\\\/\\\/www.camaeleon.org\\\/de\\\/#\\\/schema\\\/person\\\/4df212263ca8d70a0a60b3cdf9cb792e\",\"name\":\"Julian Bidot\",\"image\":{\"@type\":\"ImageObject\",\"inLanguage\":\"de\",\"@id\":\"https:\\\/\\\/www.camaeleon.org\\\/de\\\/wp-content\\\/uploads\\\/2020\\\/12\\\/julian.jpgeeb77fb6f9ba90c8300a9123a3909722\",\"url\":\"https:\\\/\\\/www.camaeleon.org\\\/wp-content\\\/uploads\\\/2020\\\/12\\\/julian.jpg\",\"contentUrl\":\"https:\\\/\\\/www.camaeleon.org\\\/wp-content\\\/uploads\\\/2020\\\/12\\\/julian.jpg\",\"caption\":\"Julian Bidot\"},\"description\":\"Hallo! Ich bin Julian und 18 Jahre alt. Seit 2020 bin ich bei Cam\u00e4l\u00e9on aktiv. Gerade Politik interessiert mich sehr; aber auch Ver\u00e4nderungen an unserer Schule bzw. in der Region. Mittlerweile gehe ich in die TL. Schreibt mir gerne Kommentare oder eine Mail! Viel Spa\u00df auf Cam\u00e4l\u00e9on!\",\"url\":\"https:\\\/\\\/www.camaeleon.org\\\/de\\\/author\\\/julian-bidot\\\/\"}]}<\/script>\n<!-- \/ Yoast SEO plugin. -->","yoast_head_json":{"title":"Bombardierte Krankenh\u00e4user und verletzte Kinder - B\u00fcrgerkrieg im Jemen: Interview mit Tankred St\u00f6be - Cam\u00e4l\u00e9on","description":"In der Republik Jemen herrscht schon seit f\u00fcnf Jahren ein B\u00fcrgerkrieg, die Menschen leiden nun auch noch unter der Coronapandemie.","robots":{"index":"index","follow":"follow","max-snippet":"max-snippet:-1","max-image-preview":"max-image-preview:large","max-video-preview":"max-video-preview:-1"},"canonical":"https:\/\/www.camaeleon.org\/de\/2021\/01\/16\/bombardierte-krankenhaeuser-und-verletzte-kinder-buergerkrieg-im-jemen-interview-mit-tankred-stoebe\/","og_locale":"de_DE","og_type":"article","og_title":"Bombardierte Krankenh\u00e4user und verletzte Kinder - B\u00fcrgerkrieg im Jemen: Interview mit Tankred St\u00f6be - Cam\u00e4l\u00e9on","og_description":"In der Republik Jemen herrscht schon seit f\u00fcnf Jahren ein B\u00fcrgerkrieg, die Menschen leiden nun auch noch unter der Coronapandemie.","og_url":"https:\/\/www.camaeleon.org\/de\/2021\/01\/16\/bombardierte-krankenhaeuser-und-verletzte-kinder-buergerkrieg-im-jemen-interview-mit-tankred-stoebe\/","og_site_name":"Cam\u00e4l\u00e9on","article_publisher":"https:\/\/www.facebook.com\/camaeleon.org\/","article_published_time":"2021-01-16T10:40:15+00:00","article_modified_time":"2022-07-21T14:13:21+00:00","og_image":[{"width":2000,"height":1333,"url":"https:\/\/www.camaeleon.org\/wp-content\/uploads\/2021\/01\/DSC01003.jpg","type":"image\/jpeg"}],"author":"Julian Bidot","twitter_card":"summary_large_image","twitter_creator":"@camaeleonOrg","twitter_site":"@camaeleonOrg","schema":{"@context":"https:\/\/schema.org","@graph":[{"@type":"Article","@id":"https:\/\/www.camaeleon.org\/2021\/01\/16\/bombardierte-krankenhaeuser-und-verletzte-kinder-buergerkrieg-im-jemen-interview-mit-tankred-stoebe\/#article","isPartOf":{"@id":"https:\/\/www.camaeleon.org\/2021\/01\/16\/bombardierte-krankenhaeuser-und-verletzte-kinder-buergerkrieg-im-jemen-interview-mit-tankred-stoebe\/"},"author":{"name":"Julian Bidot","@id":"https:\/\/www.camaeleon.org\/de\/#\/schema\/person\/4df212263ca8d70a0a60b3cdf9cb792e"},"headline":"Bombardierte Krankenh\u00e4user und verletzte Kinder &#8211; B\u00fcrgerkrieg im Jemen: Interview mit Tankred St\u00f6be","datePublished":"2021-01-16T10:40:15+00:00","dateModified":"2022-07-21T14:13:21+00:00","mainEntityOfPage":{"@id":"https:\/\/www.camaeleon.org\/2021\/01\/16\/bombardierte-krankenhaeuser-und-verletzte-kinder-buergerkrieg-im-jemen-interview-mit-tankred-stoebe\/"},"wordCount":979,"commentCount":0,"publisher":{"@id":"https:\/\/www.camaeleon.org\/de\/#organization"},"image":{"@id":"https:\/\/www.camaeleon.org\/2021\/01\/16\/bombardierte-krankenhaeuser-und-verletzte-kinder-buergerkrieg-im-jemen-interview-mit-tankred-stoebe\/#primaryimage"},"thumbnailUrl":"https:\/\/www.camaeleon.org\/wp-content\/uploads\/2021\/01\/DSC01003.jpg","keywords":["\u00c4rzte ohne Grenzen","B\u00fcrgerkrieg","Jemen","Tankred St\u00f6be"],"articleSection":["Corona-Krise","Welt","Zeitlos"],"inLanguage":"de","potentialAction":[{"@type":"CommentAction","name":"Comment","target":["https:\/\/www.camaeleon.org\/2021\/01\/16\/bombardierte-krankenhaeuser-und-verletzte-kinder-buergerkrieg-im-jemen-interview-mit-tankred-stoebe\/#respond"]}]},{"@type":"WebPage","@id":"https:\/\/www.camaeleon.org\/de\/2021\/01\/16\/bombardierte-krankenhaeuser-und-verletzte-kinder-buergerkrieg-im-jemen-interview-mit-tankred-stoebe\/","url":"https:\/\/www.camaeleon.org\/de\/2021\/01\/16\/bombardierte-krankenhaeuser-und-verletzte-kinder-buergerkrieg-im-jemen-interview-mit-tankred-stoebe\/","name":"Bombardierte Krankenh\u00e4user und verletzte Kinder - B\u00fcrgerkrieg im Jemen: Interview mit Tankred St\u00f6be - Cam\u00e4l\u00e9on","isPartOf":{"@id":"https:\/\/www.camaeleon.org\/de\/#website"},"primaryImageOfPage":{"@id":"https:\/\/www.camaeleon.org\/de\/2021\/01\/16\/bombardierte-krankenhaeuser-und-verletzte-kinder-buergerkrieg-im-jemen-interview-mit-tankred-stoebe\/#primaryimage"},"image":{"@id":"https:\/\/www.camaeleon.org\/2021\/01\/16\/bombardierte-krankenhaeuser-und-verletzte-kinder-buergerkrieg-im-jemen-interview-mit-tankred-stoebe\/#primaryimage"},"thumbnailUrl":"https:\/\/www.camaeleon.org\/wp-content\/uploads\/2021\/01\/DSC01003.jpg","datePublished":"2021-01-16T10:40:15+00:00","dateModified":"2022-07-21T14:13:21+00:00","description":"In der Republik Jemen herrscht schon seit f\u00fcnf Jahren ein B\u00fcrgerkrieg, die Menschen leiden nun auch noch unter der Coronapandemie.","breadcrumb":{"@id":"https:\/\/www.camaeleon.org\/de\/2021\/01\/16\/bombardierte-krankenhaeuser-und-verletzte-kinder-buergerkrieg-im-jemen-interview-mit-tankred-stoebe\/#breadcrumb"},"inLanguage":"de","potentialAction":[{"@type":"ReadAction","target":[["https:\/\/www.camaeleon.org\/de\/2021\/01\/16\/bombardierte-krankenhaeuser-und-verletzte-kinder-buergerkrieg-im-jemen-interview-mit-tankred-stoebe\/"]]}]},{"@type":"ImageObject","inLanguage":"de","@id":"https:\/\/www.camaeleon.org\/de\/2021\/01\/16\/bombardierte-krankenhaeuser-und-verletzte-kinder-buergerkrieg-im-jemen-interview-mit-tankred-stoebe\/#primaryimage","url":"https:\/\/www.camaeleon.org\/wp-content\/uploads\/2021\/01\/DSC01003.jpg","contentUrl":"https:\/\/www.camaeleon.org\/wp-content\/uploads\/2021\/01\/DSC01003.jpg","width":2000,"height":1333,"caption":"Tankred St\u00f6be im OP (Foto: St\u00f6be)"},{"@type":"BreadcrumbList","@id":"https:\/\/www.camaeleon.org\/de\/2021\/01\/16\/bombardierte-krankenhaeuser-und-verletzte-kinder-buergerkrieg-im-jemen-interview-mit-tankred-stoebe\/#breadcrumb","itemListElement":[{"@type":"ListItem","position":1,"name":"Home","item":"https:\/\/www.camaeleon.org\/de\/"},{"@type":"ListItem","position":2,"name":"Bombardierte Krankenh\u00e4user und verletzte Kinder &#8211; B\u00fcrgerkrieg im Jemen: Interview mit Tankred St\u00f6be"}]},{"@type":"WebSite","@id":"https:\/\/www.camaeleon.org\/de\/#website","url":"https:\/\/www.camaeleon.org\/de\/","name":"Cam\u00e4l\u00e9on","description":"Das Sch\u00fclermagazin des Deutsch-Franz\u00f6sischen Gymnasiums Saarbr\u00fccken","publisher":{"@id":"https:\/\/www.camaeleon.org\/de\/#organization"},"potentialAction":[{"@type":"SearchAction","target":{"@type":"EntryPoint","urlTemplate":"https:\/\/www.camaeleon.org\/de\/?s={search_term_string}"},"query-input":{"@type":"PropertyValueSpecification","valueRequired":true,"valueName":"search_term_string"}}],"inLanguage":"de"},{"@type":"Organization","@id":"https:\/\/www.camaeleon.org\/de\/#organization","name":"Cam\u00e4l\u00e9on","url":"https:\/\/www.camaeleon.org\/de\/","logo":{"@type":"ImageObject","inLanguage":"de","@id":"https:\/\/www.camaeleon.org\/de\/#\/schema\/logo\/image\/","url":"https:\/\/www.camaeleon.org\/wp-content\/uploads\/2011\/11\/CAM\u00c4LEON.jpg","contentUrl":"https:\/\/www.camaeleon.org\/wp-content\/uploads\/2011\/11\/CAM\u00c4LEON.jpg","width":959,"height":959,"caption":"Cam\u00e4l\u00e9on"},"image":{"@id":"https:\/\/www.camaeleon.org\/de\/#\/schema\/logo\/image\/"},"sameAs":["https:\/\/www.facebook.com\/camaeleon.org\/","https:\/\/x.com\/camaeleonOrg","https:\/\/www.instagram.com\/camaeleon.dfg\/","https:\/\/www.youtube.com\/channel\/UCl3TAUDdGuu_c7CD6ax6hYg"]},{"@type":"Person","@id":"https:\/\/www.camaeleon.org\/de\/#\/schema\/person\/4df212263ca8d70a0a60b3cdf9cb792e","name":"Julian Bidot","image":{"@type":"ImageObject","inLanguage":"de","@id":"https:\/\/www.camaeleon.org\/de\/wp-content\/uploads\/2020\/12\/julian.jpgeeb77fb6f9ba90c8300a9123a3909722","url":"https:\/\/www.camaeleon.org\/wp-content\/uploads\/2020\/12\/julian.jpg","contentUrl":"https:\/\/www.camaeleon.org\/wp-content\/uploads\/2020\/12\/julian.jpg","caption":"Julian Bidot"},"description":"Hallo! Ich bin Julian und 18 Jahre alt. Seit 2020 bin ich bei Cam\u00e4l\u00e9on aktiv. Gerade Politik interessiert mich sehr; aber auch Ver\u00e4nderungen an unserer Schule bzw. in der Region. Mittlerweile gehe ich in die TL. Schreibt mir gerne Kommentare oder eine Mail! Viel Spa\u00df auf Cam\u00e4l\u00e9on!","url":"https:\/\/www.camaeleon.org\/de\/author\/julian-bidot\/"}]}},"_links":{"self":[{"href":"https:\/\/www.camaeleon.org\/de\/wp-json\/wp\/v2\/posts\/23075","targetHints":{"allow":["GET"]}}],"collection":[{"href":"https:\/\/www.camaeleon.org\/de\/wp-json\/wp\/v2\/posts"}],"about":[{"href":"https:\/\/www.camaeleon.org\/de\/wp-json\/wp\/v2\/types\/post"}],"author":[{"embeddable":true,"href":"https:\/\/www.camaeleon.org\/de\/wp-json\/wp\/v2\/users\/143"}],"replies":[{"embeddable":true,"href":"https:\/\/www.camaeleon.org\/de\/wp-json\/wp\/v2\/comments?post=23075"}],"version-history":[{"count":0,"href":"https:\/\/www.camaeleon.org\/de\/wp-json\/wp\/v2\/posts\/23075\/revisions"}],"wp:featuredmedia":[{"embeddable":true,"href":"https:\/\/www.camaeleon.org\/de\/wp-json\/wp\/v2\/media\/23080"}],"wp:attachment":[{"href":"https:\/\/www.camaeleon.org\/de\/wp-json\/wp\/v2\/media?parent=23075"}],"wp:term":[{"taxonomy":"category","embeddable":true,"href":"https:\/\/www.camaeleon.org\/de\/wp-json\/wp\/v2\/categories?post=23075"},{"taxonomy":"post_tag","embeddable":true,"href":"https:\/\/www.camaeleon.org\/de\/wp-json\/wp\/v2\/tags?post=23075"},{"taxonomy":"author","embeddable":true,"href":"https:\/\/www.camaeleon.org\/de\/wp-json\/wp\/v2\/coauthors?post=23075"}],"curies":[{"name":"wp","href":"https:\/\/api.w.org\/{rel}","templated":true}]}}