{"id":21965,"date":"2020-12-04T08:00:35","date_gmt":"2020-12-04T07:00:35","guid":{"rendered":"https:\/\/www.camaeleon.org\/?p=21965"},"modified":"2020-12-23T12:32:21","modified_gmt":"2020-12-23T11:32:21","slug":"das-wort-der-woche-schnee","status":"publish","type":"post","link":"https:\/\/www.camaeleon.org\/de\/2020\/12\/04\/das-wort-der-woche-schnee\/","title":{"rendered":"Das Wort der Woche: #Schnee"},"content":{"rendered":"<figure id=\"attachment_21975\" aria-describedby=\"caption-attachment-21975\" style=\"width: 300px\" class=\"wp-caption alignleft\"><img loading=\"lazy\" decoding=\"async\" class=\"size-medium wp-image-21975\" src=\"https:\/\/www.camaeleon.org\/wp-content\/uploads\/2020\/12\/PC010272-300x225.jpg\" alt=\"Foto: Bidot \/ Cam\u00e4l\u00e9on\" width=\"300\" height=\"225\" srcset=\"https:\/\/www.camaeleon.org\/wp-content\/uploads\/2020\/12\/PC010272-300x225.jpg 300w, https:\/\/www.camaeleon.org\/wp-content\/uploads\/2020\/12\/PC010272-800x600.jpg 800w, https:\/\/www.camaeleon.org\/wp-content\/uploads\/2020\/12\/PC010272.jpg 1000w\" sizes=\"auto, (max-width: 300px) 100vw, 300px\" \/><figcaption id=\"caption-attachment-21975\" class=\"wp-caption-text\">Foto: Bidot \/ Cam\u00e4l\u00e9on<\/figcaption><\/figure>\n<p>Am Dienstagmorgen haben sich sicherlich alle Winterfans gefreut: Morgens war zumindest ein bisschen wei\u00dfer Schnee in Saarbr\u00fccken zu sehen. Was ein Wunder! Leider blieb der Schnee nicht wei\u00df, zumindest nicht dort, wo Autos, Fu\u00dfg\u00e4nger oder Radfahrer in der N\u00e4he waren. Nachmittags blieb nur noch ein kleiner Rest zur\u00fcck.<\/p>\n<figure id=\"attachment_21976\" aria-describedby=\"caption-attachment-21976\" style=\"width: 300px\" class=\"wp-caption alignright\"><img loading=\"lazy\" decoding=\"async\" class=\"size-medium wp-image-21976\" src=\"https:\/\/www.camaeleon.org\/wp-content\/uploads\/2020\/12\/PC010257-300x225.jpg\" alt=\"Foto: Bidot \/ Cam\u00e4l\u00e9on\" width=\"300\" height=\"225\" srcset=\"https:\/\/www.camaeleon.org\/wp-content\/uploads\/2020\/12\/PC010257-300x225.jpg 300w, https:\/\/www.camaeleon.org\/wp-content\/uploads\/2020\/12\/PC010257-800x600.jpg 800w, https:\/\/www.camaeleon.org\/wp-content\/uploads\/2020\/12\/PC010257.jpg 1000w\" sizes=\"auto, (max-width: 300px) 100vw, 300px\" \/><figcaption id=\"caption-attachment-21976\" class=\"wp-caption-text\">Foto: Bidot \/ Cam\u00e4l\u00e9on<\/figcaption><\/figure>\n<p>Allerdings regnete es am Abend zuvor, der Regen gefror teilweise auf der Stra\u00dfe: Ein Problem f\u00fcr Auto- und Busfahrer, da teils die Stra\u00dfe glatt wurde. Bis circa 9 Uhr am Morgen passierten 41 Unf\u00e4lle. Zum Gl\u00fcck kam es in den meisten F\u00e4llen nur zu Blechsch\u00e4den.<\/p>\n<p>Trotzdem: Ein bisschen vorweihnachtlicher hat uns dieser Schnee gestimmt \u2013 p\u00fcnktlich zum ersten Dezembertag.<\/p>\n","protected":false},"excerpt":{"rendered":"<p>Am Dienstagmorgen haben sich sicherlich alle Winterfans gefreut: Morgens war zumindest ein bisschen wei\u00dfer Schnee in Saarbr\u00fccken zu sehen. Was ein Wunder! Leider blieb der<\/p>\n","protected":false},"author":143,"featured_media":21975,"comment_status":"open","ping_status":"closed","sticky":false,"template":"","format":"standard","meta":{"colormag_page_container_layout":"default_layout","colormag_page_sidebar_layout":"default_layout","footnotes":""},"categories":[864],"tags":[219,1246],"coauthors":[1208],"class_list":["post-21965","post","type-post","status-publish","format-standard","has-post-thumbnail","hentry","category-le-mot-de-la-semaine","tag-schnee","tag-wetter"],"yoast_head":"<!-- This site is optimized with the Yoast SEO plugin v27.5 - https:\/\/yoast.com\/product\/yoast-seo-wordpress\/ -->\n<title>Das Wort der Woche: #Schnee - Cam\u00e4l\u00e9on<\/title>\n<meta name=\"description\" content=\"Am Dienstagmorgen haben sich sicherlich alle Winterfans gefreut: Morgens war zumindest ein bisschen wei\u00dfer Schnee in Saarbr\u00fccken zu sehen.\" \/>\n<meta name=\"robots\" content=\"index, follow, max-snippet:-1, max-image-preview:large, max-video-preview:-1\" \/>\n<link rel=\"canonical\" href=\"https:\/\/www.camaeleon.org\/de\/2020\/12\/04\/das-wort-der-woche-schnee\/\" \/>\n<meta property=\"og:locale\" content=\"de_DE\" \/>\n<meta property=\"og:type\" content=\"article\" \/>\n<meta property=\"og:title\" content=\"Das Wort der Woche: #Schnee - Cam\u00e4l\u00e9on\" \/>\n<meta property=\"og:description\" content=\"Am Dienstagmorgen haben sich sicherlich alle Winterfans gefreut: Morgens war zumindest ein bisschen wei\u00dfer Schnee in Saarbr\u00fccken zu sehen.\" \/>\n<meta property=\"og:url\" content=\"https:\/\/www.camaeleon.org\/de\/2020\/12\/04\/das-wort-der-woche-schnee\/\" \/>\n<meta property=\"og:site_name\" content=\"Cam\u00e4l\u00e9on\" \/>\n<meta property=\"article:publisher\" content=\"https:\/\/www.facebook.com\/camaeleon.org\/\" \/>\n<meta property=\"article:published_time\" content=\"2020-12-04T07:00:35+00:00\" \/>\n<meta property=\"article:modified_time\" content=\"2020-12-23T11:32:21+00:00\" \/>\n<meta property=\"og:image\" content=\"https:\/\/www.camaeleon.org\/wp-content\/uploads\/2020\/12\/PC010272.jpg\" \/>\n\t<meta property=\"og:image:width\" content=\"1000\" \/>\n\t<meta property=\"og:image:height\" content=\"750\" \/>\n\t<meta property=\"og:image:type\" content=\"image\/jpeg\" \/>\n<meta name=\"author\" content=\"Julian Bidot\" \/>\n<meta name=\"twitter:card\" content=\"summary_large_image\" \/>\n<meta name=\"twitter:creator\" content=\"@camaeleonOrg\" \/>\n<meta name=\"twitter:site\" content=\"@camaeleonOrg\" \/>\n<script type=\"application\/ld+json\" class=\"yoast-schema-graph\">{\"@context\":\"https:\\\/\\\/schema.org\",\"@graph\":[{\"@type\":\"Article\",\"@id\":\"https:\\\/\\\/www.camaeleon.org\\\/de\\\/2020\\\/12\\\/04\\\/das-wort-der-woche-schnee\\\/#article\",\"isPartOf\":{\"@id\":\"https:\\\/\\\/www.camaeleon.org\\\/de\\\/2020\\\/12\\\/04\\\/das-wort-der-woche-schnee\\\/\"},\"author\":{\"name\":\"Julian Bidot\",\"@id\":\"https:\\\/\\\/www.camaeleon.org\\\/de\\\/#\\\/schema\\\/person\\\/4df212263ca8d70a0a60b3cdf9cb792e\"},\"headline\":\"Das Wort der Woche: #Schnee\",\"datePublished\":\"2020-12-04T07:00:35+00:00\",\"dateModified\":\"2020-12-23T11:32:21+00:00\",\"mainEntityOfPage\":{\"@id\":\"https:\\\/\\\/www.camaeleon.org\\\/de\\\/2020\\\/12\\\/04\\\/das-wort-der-woche-schnee\\\/\"},\"wordCount\":147,\"commentCount\":0,\"publisher\":{\"@id\":\"https:\\\/\\\/www.camaeleon.org\\\/de\\\/#organization\"},\"image\":{\"@id\":\"https:\\\/\\\/www.camaeleon.org\\\/de\\\/2020\\\/12\\\/04\\\/das-wort-der-woche-schnee\\\/#primaryimage\"},\"thumbnailUrl\":\"https:\\\/\\\/www.camaeleon.org\\\/wp-content\\\/uploads\\\/2020\\\/12\\\/PC010272.jpg\",\"keywords\":[\"Schnee\",\"Wetter\"],\"articleSection\":[\"Das Wort der Woche\"],\"inLanguage\":\"de\",\"potentialAction\":[{\"@type\":\"CommentAction\",\"name\":\"Comment\",\"target\":[\"https:\\\/\\\/www.camaeleon.org\\\/de\\\/2020\\\/12\\\/04\\\/das-wort-der-woche-schnee\\\/#respond\"]}]},{\"@type\":\"WebPage\",\"@id\":\"https:\\\/\\\/www.camaeleon.org\\\/de\\\/2020\\\/12\\\/04\\\/das-wort-der-woche-schnee\\\/\",\"url\":\"https:\\\/\\\/www.camaeleon.org\\\/de\\\/2020\\\/12\\\/04\\\/das-wort-der-woche-schnee\\\/\",\"name\":\"Das Wort der Woche: #Schnee - Cam\u00e4l\u00e9on\",\"isPartOf\":{\"@id\":\"https:\\\/\\\/www.camaeleon.org\\\/de\\\/#website\"},\"primaryImageOfPage\":{\"@id\":\"https:\\\/\\\/www.camaeleon.org\\\/de\\\/2020\\\/12\\\/04\\\/das-wort-der-woche-schnee\\\/#primaryimage\"},\"image\":{\"@id\":\"https:\\\/\\\/www.camaeleon.org\\\/de\\\/2020\\\/12\\\/04\\\/das-wort-der-woche-schnee\\\/#primaryimage\"},\"thumbnailUrl\":\"https:\\\/\\\/www.camaeleon.org\\\/wp-content\\\/uploads\\\/2020\\\/12\\\/PC010272.jpg\",\"datePublished\":\"2020-12-04T07:00:35+00:00\",\"dateModified\":\"2020-12-23T11:32:21+00:00\",\"description\":\"Am Dienstagmorgen haben sich sicherlich alle Winterfans gefreut: Morgens war zumindest ein bisschen wei\u00dfer Schnee in Saarbr\u00fccken zu sehen.\",\"breadcrumb\":{\"@id\":\"https:\\\/\\\/www.camaeleon.org\\\/de\\\/2020\\\/12\\\/04\\\/das-wort-der-woche-schnee\\\/#breadcrumb\"},\"inLanguage\":\"de\",\"potentialAction\":[{\"@type\":\"ReadAction\",\"target\":[[\"https:\\\/\\\/www.camaeleon.org\\\/de\\\/2020\\\/12\\\/04\\\/das-wort-der-woche-schnee\\\/\"]]}]},{\"@type\":\"ImageObject\",\"inLanguage\":\"de\",\"@id\":\"https:\\\/\\\/www.camaeleon.org\\\/de\\\/2020\\\/12\\\/04\\\/das-wort-der-woche-schnee\\\/#primaryimage\",\"url\":\"https:\\\/\\\/www.camaeleon.org\\\/wp-content\\\/uploads\\\/2020\\\/12\\\/PC010272.jpg\",\"contentUrl\":\"https:\\\/\\\/www.camaeleon.org\\\/wp-content\\\/uploads\\\/2020\\\/12\\\/PC010272.jpg\",\"width\":1000,\"height\":750,\"caption\":\"Foto: Bidot \\\/ Cam\u00e4l\u00e9on\"},{\"@type\":\"BreadcrumbList\",\"@id\":\"https:\\\/\\\/www.camaeleon.org\\\/de\\\/2020\\\/12\\\/04\\\/das-wort-der-woche-schnee\\\/#breadcrumb\",\"itemListElement\":[{\"@type\":\"ListItem\",\"position\":1,\"name\":\"Home\",\"item\":\"https:\\\/\\\/www.camaeleon.org\\\/de\\\/\"},{\"@type\":\"ListItem\",\"position\":2,\"name\":\"Das Wort der Woche: #Schnee\"}]},{\"@type\":\"WebSite\",\"@id\":\"https:\\\/\\\/www.camaeleon.org\\\/de\\\/#website\",\"url\":\"https:\\\/\\\/www.camaeleon.org\\\/de\\\/\",\"name\":\"Cam\u00e4l\u00e9on\",\"description\":\"Das Sch\u00fclermagazin des Deutsch-Franz\u00f6sischen Gymnasiums Saarbr\u00fccken\",\"publisher\":{\"@id\":\"https:\\\/\\\/www.camaeleon.org\\\/de\\\/#organization\"},\"potentialAction\":[{\"@type\":\"SearchAction\",\"target\":{\"@type\":\"EntryPoint\",\"urlTemplate\":\"https:\\\/\\\/www.camaeleon.org\\\/de\\\/?s={search_term_string}\"},\"query-input\":{\"@type\":\"PropertyValueSpecification\",\"valueRequired\":true,\"valueName\":\"search_term_string\"}}],\"inLanguage\":\"de\"},{\"@type\":\"Organization\",\"@id\":\"https:\\\/\\\/www.camaeleon.org\\\/de\\\/#organization\",\"name\":\"Cam\u00e4l\u00e9on\",\"url\":\"https:\\\/\\\/www.camaeleon.org\\\/de\\\/\",\"logo\":{\"@type\":\"ImageObject\",\"inLanguage\":\"de\",\"@id\":\"https:\\\/\\\/www.camaeleon.org\\\/de\\\/#\\\/schema\\\/logo\\\/image\\\/\",\"url\":\"https:\\\/\\\/www.camaeleon.org\\\/wp-content\\\/uploads\\\/2011\\\/11\\\/CAM\u00c4LEON.jpg\",\"contentUrl\":\"https:\\\/\\\/www.camaeleon.org\\\/wp-content\\\/uploads\\\/2011\\\/11\\\/CAM\u00c4LEON.jpg\",\"width\":959,\"height\":959,\"caption\":\"Cam\u00e4l\u00e9on\"},\"image\":{\"@id\":\"https:\\\/\\\/www.camaeleon.org\\\/de\\\/#\\\/schema\\\/logo\\\/image\\\/\"},\"sameAs\":[\"https:\\\/\\\/www.facebook.com\\\/camaeleon.org\\\/\",\"https:\\\/\\\/x.com\\\/camaeleonOrg\",\"https:\\\/\\\/www.instagram.com\\\/camaeleon.dfg\\\/\",\"https:\\\/\\\/www.youtube.com\\\/channel\\\/UCl3TAUDdGuu_c7CD6ax6hYg\"]},{\"@type\":\"Person\",\"@id\":\"https:\\\/\\\/www.camaeleon.org\\\/de\\\/#\\\/schema\\\/person\\\/4df212263ca8d70a0a60b3cdf9cb792e\",\"name\":\"Julian Bidot\",\"image\":{\"@type\":\"ImageObject\",\"inLanguage\":\"de\",\"@id\":\"https:\\\/\\\/www.camaeleon.org\\\/de\\\/wp-content\\\/uploads\\\/2020\\\/12\\\/julian.jpgeeb77fb6f9ba90c8300a9123a3909722\",\"url\":\"https:\\\/\\\/www.camaeleon.org\\\/wp-content\\\/uploads\\\/2020\\\/12\\\/julian.jpg\",\"contentUrl\":\"https:\\\/\\\/www.camaeleon.org\\\/wp-content\\\/uploads\\\/2020\\\/12\\\/julian.jpg\",\"caption\":\"Julian Bidot\"},\"description\":\"Hallo! Ich bin Julian und 18 Jahre alt. Seit 2020 bin ich bei Cam\u00e4l\u00e9on aktiv. Gerade Politik interessiert mich sehr; aber auch Ver\u00e4nderungen an unserer Schule bzw. in der Region. Mittlerweile gehe ich in die TL. Schreibt mir gerne Kommentare oder eine Mail! Viel Spa\u00df auf Cam\u00e4l\u00e9on!\",\"url\":\"https:\\\/\\\/www.camaeleon.org\\\/de\\\/author\\\/julian-bidot\\\/\"}]}<\/script>\n<!-- \/ Yoast SEO plugin. -->","yoast_head_json":{"title":"Das Wort der Woche: #Schnee - Cam\u00e4l\u00e9on","description":"Am Dienstagmorgen haben sich sicherlich alle Winterfans gefreut: Morgens war zumindest ein bisschen wei\u00dfer Schnee in Saarbr\u00fccken zu sehen.","robots":{"index":"index","follow":"follow","max-snippet":"max-snippet:-1","max-image-preview":"max-image-preview:large","max-video-preview":"max-video-preview:-1"},"canonical":"https:\/\/www.camaeleon.org\/de\/2020\/12\/04\/das-wort-der-woche-schnee\/","og_locale":"de_DE","og_type":"article","og_title":"Das Wort der Woche: #Schnee - Cam\u00e4l\u00e9on","og_description":"Am Dienstagmorgen haben sich sicherlich alle Winterfans gefreut: Morgens war zumindest ein bisschen wei\u00dfer Schnee in Saarbr\u00fccken zu sehen.","og_url":"https:\/\/www.camaeleon.org\/de\/2020\/12\/04\/das-wort-der-woche-schnee\/","og_site_name":"Cam\u00e4l\u00e9on","article_publisher":"https:\/\/www.facebook.com\/camaeleon.org\/","article_published_time":"2020-12-04T07:00:35+00:00","article_modified_time":"2020-12-23T11:32:21+00:00","og_image":[{"width":1000,"height":750,"url":"https:\/\/www.camaeleon.org\/wp-content\/uploads\/2020\/12\/PC010272.jpg","type":"image\/jpeg"}],"author":"Julian Bidot","twitter_card":"summary_large_image","twitter_creator":"@camaeleonOrg","twitter_site":"@camaeleonOrg","schema":{"@context":"https:\/\/schema.org","@graph":[{"@type":"Article","@id":"https:\/\/www.camaeleon.org\/de\/2020\/12\/04\/das-wort-der-woche-schnee\/#article","isPartOf":{"@id":"https:\/\/www.camaeleon.org\/de\/2020\/12\/04\/das-wort-der-woche-schnee\/"},"author":{"name":"Julian Bidot","@id":"https:\/\/www.camaeleon.org\/de\/#\/schema\/person\/4df212263ca8d70a0a60b3cdf9cb792e"},"headline":"Das Wort der Woche: #Schnee","datePublished":"2020-12-04T07:00:35+00:00","dateModified":"2020-12-23T11:32:21+00:00","mainEntityOfPage":{"@id":"https:\/\/www.camaeleon.org\/de\/2020\/12\/04\/das-wort-der-woche-schnee\/"},"wordCount":147,"commentCount":0,"publisher":{"@id":"https:\/\/www.camaeleon.org\/de\/#organization"},"image":{"@id":"https:\/\/www.camaeleon.org\/de\/2020\/12\/04\/das-wort-der-woche-schnee\/#primaryimage"},"thumbnailUrl":"https:\/\/www.camaeleon.org\/wp-content\/uploads\/2020\/12\/PC010272.jpg","keywords":["Schnee","Wetter"],"articleSection":["Das Wort der Woche"],"inLanguage":"de","potentialAction":[{"@type":"CommentAction","name":"Comment","target":["https:\/\/www.camaeleon.org\/de\/2020\/12\/04\/das-wort-der-woche-schnee\/#respond"]}]},{"@type":"WebPage","@id":"https:\/\/www.camaeleon.org\/de\/2020\/12\/04\/das-wort-der-woche-schnee\/","url":"https:\/\/www.camaeleon.org\/de\/2020\/12\/04\/das-wort-der-woche-schnee\/","name":"Das Wort der Woche: #Schnee - Cam\u00e4l\u00e9on","isPartOf":{"@id":"https:\/\/www.camaeleon.org\/de\/#website"},"primaryImageOfPage":{"@id":"https:\/\/www.camaeleon.org\/de\/2020\/12\/04\/das-wort-der-woche-schnee\/#primaryimage"},"image":{"@id":"https:\/\/www.camaeleon.org\/de\/2020\/12\/04\/das-wort-der-woche-schnee\/#primaryimage"},"thumbnailUrl":"https:\/\/www.camaeleon.org\/wp-content\/uploads\/2020\/12\/PC010272.jpg","datePublished":"2020-12-04T07:00:35+00:00","dateModified":"2020-12-23T11:32:21+00:00","description":"Am Dienstagmorgen haben sich sicherlich alle Winterfans gefreut: Morgens war zumindest ein bisschen wei\u00dfer Schnee in Saarbr\u00fccken zu sehen.","breadcrumb":{"@id":"https:\/\/www.camaeleon.org\/de\/2020\/12\/04\/das-wort-der-woche-schnee\/#breadcrumb"},"inLanguage":"de","potentialAction":[{"@type":"ReadAction","target":[["https:\/\/www.camaeleon.org\/de\/2020\/12\/04\/das-wort-der-woche-schnee\/"]]}]},{"@type":"ImageObject","inLanguage":"de","@id":"https:\/\/www.camaeleon.org\/de\/2020\/12\/04\/das-wort-der-woche-schnee\/#primaryimage","url":"https:\/\/www.camaeleon.org\/wp-content\/uploads\/2020\/12\/PC010272.jpg","contentUrl":"https:\/\/www.camaeleon.org\/wp-content\/uploads\/2020\/12\/PC010272.jpg","width":1000,"height":750,"caption":"Foto: Bidot \/ Cam\u00e4l\u00e9on"},{"@type":"BreadcrumbList","@id":"https:\/\/www.camaeleon.org\/de\/2020\/12\/04\/das-wort-der-woche-schnee\/#breadcrumb","itemListElement":[{"@type":"ListItem","position":1,"name":"Home","item":"https:\/\/www.camaeleon.org\/de\/"},{"@type":"ListItem","position":2,"name":"Das Wort der Woche: #Schnee"}]},{"@type":"WebSite","@id":"https:\/\/www.camaeleon.org\/de\/#website","url":"https:\/\/www.camaeleon.org\/de\/","name":"Cam\u00e4l\u00e9on","description":"Das Sch\u00fclermagazin des Deutsch-Franz\u00f6sischen Gymnasiums Saarbr\u00fccken","publisher":{"@id":"https:\/\/www.camaeleon.org\/de\/#organization"},"potentialAction":[{"@type":"SearchAction","target":{"@type":"EntryPoint","urlTemplate":"https:\/\/www.camaeleon.org\/de\/?s={search_term_string}"},"query-input":{"@type":"PropertyValueSpecification","valueRequired":true,"valueName":"search_term_string"}}],"inLanguage":"de"},{"@type":"Organization","@id":"https:\/\/www.camaeleon.org\/de\/#organization","name":"Cam\u00e4l\u00e9on","url":"https:\/\/www.camaeleon.org\/de\/","logo":{"@type":"ImageObject","inLanguage":"de","@id":"https:\/\/www.camaeleon.org\/de\/#\/schema\/logo\/image\/","url":"https:\/\/www.camaeleon.org\/wp-content\/uploads\/2011\/11\/CAM\u00c4LEON.jpg","contentUrl":"https:\/\/www.camaeleon.org\/wp-content\/uploads\/2011\/11\/CAM\u00c4LEON.jpg","width":959,"height":959,"caption":"Cam\u00e4l\u00e9on"},"image":{"@id":"https:\/\/www.camaeleon.org\/de\/#\/schema\/logo\/image\/"},"sameAs":["https:\/\/www.facebook.com\/camaeleon.org\/","https:\/\/x.com\/camaeleonOrg","https:\/\/www.instagram.com\/camaeleon.dfg\/","https:\/\/www.youtube.com\/channel\/UCl3TAUDdGuu_c7CD6ax6hYg"]},{"@type":"Person","@id":"https:\/\/www.camaeleon.org\/de\/#\/schema\/person\/4df212263ca8d70a0a60b3cdf9cb792e","name":"Julian Bidot","image":{"@type":"ImageObject","inLanguage":"de","@id":"https:\/\/www.camaeleon.org\/de\/wp-content\/uploads\/2020\/12\/julian.jpgeeb77fb6f9ba90c8300a9123a3909722","url":"https:\/\/www.camaeleon.org\/wp-content\/uploads\/2020\/12\/julian.jpg","contentUrl":"https:\/\/www.camaeleon.org\/wp-content\/uploads\/2020\/12\/julian.jpg","caption":"Julian Bidot"},"description":"Hallo! Ich bin Julian und 18 Jahre alt. Seit 2020 bin ich bei Cam\u00e4l\u00e9on aktiv. Gerade Politik interessiert mich sehr; aber auch Ver\u00e4nderungen an unserer Schule bzw. in der Region. Mittlerweile gehe ich in die TL. Schreibt mir gerne Kommentare oder eine Mail! Viel Spa\u00df auf Cam\u00e4l\u00e9on!","url":"https:\/\/www.camaeleon.org\/de\/author\/julian-bidot\/"}]}},"_links":{"self":[{"href":"https:\/\/www.camaeleon.org\/de\/wp-json\/wp\/v2\/posts\/21965","targetHints":{"allow":["GET"]}}],"collection":[{"href":"https:\/\/www.camaeleon.org\/de\/wp-json\/wp\/v2\/posts"}],"about":[{"href":"https:\/\/www.camaeleon.org\/de\/wp-json\/wp\/v2\/types\/post"}],"author":[{"embeddable":true,"href":"https:\/\/www.camaeleon.org\/de\/wp-json\/wp\/v2\/users\/143"}],"replies":[{"embeddable":true,"href":"https:\/\/www.camaeleon.org\/de\/wp-json\/wp\/v2\/comments?post=21965"}],"version-history":[{"count":0,"href":"https:\/\/www.camaeleon.org\/de\/wp-json\/wp\/v2\/posts\/21965\/revisions"}],"wp:featuredmedia":[{"embeddable":true,"href":"https:\/\/www.camaeleon.org\/de\/wp-json\/wp\/v2\/media\/21975"}],"wp:attachment":[{"href":"https:\/\/www.camaeleon.org\/de\/wp-json\/wp\/v2\/media?parent=21965"}],"wp:term":[{"taxonomy":"category","embeddable":true,"href":"https:\/\/www.camaeleon.org\/de\/wp-json\/wp\/v2\/categories?post=21965"},{"taxonomy":"post_tag","embeddable":true,"href":"https:\/\/www.camaeleon.org\/de\/wp-json\/wp\/v2\/tags?post=21965"},{"taxonomy":"author","embeddable":true,"href":"https:\/\/www.camaeleon.org\/de\/wp-json\/wp\/v2\/coauthors?post=21965"}],"curies":[{"name":"wp","href":"https:\/\/api.w.org\/{rel}","templated":true}]}}