{"id":21801,"date":"2020-11-20T16:51:11","date_gmt":"2020-11-20T15:51:11","guid":{"rendered":"https:\/\/www.camaeleon.org\/?p=21801"},"modified":"2020-12-23T12:16:00","modified_gmt":"2020-12-23T11:16:00","slug":"pourquoi-on-peut-avoir-15-ans-et-aimer-schubert","status":"publish","type":"post","link":"https:\/\/www.camaeleon.org\/de\/2020\/11\/20\/pourquoi-on-peut-avoir-15-ans-et-aimer-schubert\/","title":{"rendered":"Pourquoi on peut avoir 15 ans et aimer Schubert\u2026"},"content":{"rendered":"<figure id=\"attachment_21803\" aria-describedby=\"caption-attachment-21803\" style=\"width: 246px\" class=\"wp-caption alignleft\"><a href=\"https:\/\/www.camaeleon.org\/2020\/11\/20\/pourquoi-on-peut-avoir-15-ans-et-aimer-schubert\/the-young-schubert-oil-on-canvas-833-x-70-cm-early-19th-century\/\" rel=\"attachment wp-att-21803\"><img loading=\"lazy\" decoding=\"async\" class=\"size-medium wp-image-21803\" src=\"https:\/\/www.camaeleon.org\/wp-content\/uploads\/2020\/11\/1024px-The_young_Schubert_by_Josef_Abel-246x300.jpg\" alt=\"\" width=\"246\" height=\"300\" srcset=\"https:\/\/www.camaeleon.org\/wp-content\/uploads\/2020\/11\/1024px-The_young_Schubert_by_Josef_Abel-246x300.jpg 246w, https:\/\/www.camaeleon.org\/wp-content\/uploads\/2020\/11\/1024px-The_young_Schubert_by_Josef_Abel-492x600.jpg 492w, https:\/\/www.camaeleon.org\/wp-content\/uploads\/2020\/11\/1024px-The_young_Schubert_by_Josef_Abel.jpg 820w\" sizes=\"auto, (max-width: 246px) 100vw, 246px\" \/><\/a><figcaption id=\"caption-attachment-21803\" class=\"wp-caption-text\">Der junge Schubert (Josef Abel. Source: wikipedia)<\/figcaption><\/figure>\n<p>Schubert, vous avez dit Schubert\u00a0???\u00a0Derni\u00e8rement, en discutant avec une amie de mon \u00e2ge, j&#8217;ai d\u00e9couvert que nous partagions le m\u00eame enthousiasme pour les \u0153uvres de Schubert. C\u2019est pourquoi j\u2019ai eu envie d\u2019explorer le lien entre la musique de Schubert et la jeunesse d\u2019aujourd\u2019hui, pour vous, lecteurs de Cam\u00e4l\u00e9on.<\/p>\n<p>Franz Peter Schubert est un compositeur de musique classique. Il est n\u00e9 le 31 janvier 1797 dans un quartier de Vienne, la ville o\u00f9 il a pass\u00e9 l\u2019enti\u00e8ret\u00e9 de sa vie, et o\u00f9 il est mort au jeune \u00e2ge de 31 ans, le 19 novembre 1828. Il chantait, jouait de l\u2019orgue, du piano, de l\u2019alto et du violon. D\u00e9j\u00e0 tr\u00e8s jeune, il a un don pour la composition. Il a \u00e9crit la premi\u00e8re de ses \u0153uvres (\u00ab\u00a0 Eine Klavierfantasie G-Dur zu vier H\u00e4nden\u00a0\u00bb ou \u00ab\u00a0fantaisie \u00e0 quatre mains pour piano en sol majeur\u00a0\u00bb), une pi\u00e8ce pour piano extr\u00eamement belle et d\u2019une incroyable richesse, alors qu\u2019il n\u2019avait que treize ans.<\/p>\n<p>Celle-ci est rapidement suivie de 1008 autres \u0153uvres, dont une belle quantit\u00e9 de Lieder, 12 symphonies, de la musique de chambre, plusieurs quatuors, de la musique religieuse, etc. Compositeur prolifique, Schubert aborde souvent dans ses \u0153uvres les th\u00e8mes de l\u2019amour (\u00abGretchen\u00a0am Spinnrade\u00a0\u00bb ou \u00ab\u00a0Marguerite au rouet\u00a0\u00bb), la mort, la solitude et la nature (\u00ab\u00a0Ellens dritter Gesang\u00a0\u00bb ou \u00ab\u00a0L\u2019hymne \u00e0 la vierge\u00a0\u00bb, inspir\u00e9 par le po\u00e8me de Walter Scott), comme il \u00e9tait coutume \u00e0 la p\u00e9riode romantique.<\/p>\n<p>Pourquoi est-ce que Schubert peut nous para\u00eetre encore tr\u00e8s actuel, \u00e0 nous, adolescents du XXI<sup>\u00e8me<\/sup> si\u00e8cle\u00a0? Tout d\u2019abord, comme Schubert est mort tr\u00e8s jeune, Il n\u2019a pas pu m\u00fbrir ses oeuvres, les transformer par l\u2019exp\u00e9rience, et il nous les livre avec toute la fra\u00eecheur de la jeunesse, et je pense que beaucoup d\u2019entre nous peuvent s\u2019identifier \u00e0 cela.<\/p>\n<p>Effectivement, pour une grande majorit\u00e9 de gens, l\u2019adolescence est une p\u00e9riode difficile. Il est courant d\u2019\u00e9prouver une multitudes de sentiments contradictoires, allant de la souffrance psychologique, \u00e0 une sorte de m\u00e9lancolie ou \u00e0 une na\u00efvet\u00e9 encore enfantine, mais aussi \u00e0 un sentiment de solitude, une envie d\u2019appartenance ou bien l\u2019impression de ne pas pouvoir \u00eatre aim\u00e9. Schubert \u00e9crit lui-m\u00eame dans son journal que \u00ab\u00a0[ses] cr\u00e9ations existent par la connaissance de la musique et par celle de [sa] douleur\u00a0\u00bb.<\/p>\n<p>De plus, les th\u00e8mes abord\u00e9s dans le romantisme, le courant auquel appartient Schubert, entrent en r\u00e9sonance avec certains sujets d\u2019actualit\u00e9 qui pr\u00e9occupent la jeunesse d\u2019aujourd\u2019hui. En effet, comme \u00e0 l\u2019\u00e9poque de la jeunesse romantique, nous ressentons une envie croissante d\u2019harmonie avec la nature et de respect pour elle, une passion des voyages et de l\u2019ouverture, et un souhait de nous identifier \u00e0 des standards de beaut\u00e9 plus inclusifs.<\/p>\n<p>De nos jours, ces envies et ces tendances s\u2019expriment dans des mouvements comme \u00ab\u00a0Fridays for future\u00a0\u00bb, qui oeuvre \u00e0 \u00e9veiller les consciences sur la n\u00e9cessit\u00e9 de prot\u00e9ger l\u2019environnement. Ou bien dans le concept de \u00ab\u00a0body posivity\u00a0\u00bb (regard positif sur le corps), une tendance qui promeut l\u2019acceptation de nos \u00ab\u00a0imperfections\u00a0\u00bb et de standard plus accessibles. Enfin, le \u00ab\u00a0cottagecore\u00a0\u00bb, une tendance qui pr\u00f4ne le retour \u00e0 la nature, nous fait partager l\u2019envie de Schubert de sortir des grandes villes pour aller dans la campagne profonde, dans une communaut\u00e9 soud\u00e9e et proche de valeurs plus simples. Ainsi, nous remarquons bien des \u00e9chos entre la g\u00e9n\u00e9ration du compositeur romantique et la n\u00f4tre.<\/p>\n<p>Enfin, Schubert peut s\u2019adresser aux jeunes gr\u00e2ce \u00e0 son impressionnante diversit\u00e9. Il a compos\u00e9 des morceaux extr\u00eamement divers, ce qui permet de toucher un public tr\u00e8s large. Par exemple, ses impromptus n\u2019ont pas de parties chant\u00e9es, contrairement \u00e0 ses Lieder ou ses op\u00e9ras, et cet artiste hors normes a compos\u00e9 pour des instruments et ensembles tous unique en leur genre. Bref, quand on parle de Schubert, il y en a vraiment pour tout le monde\u00a0!<\/p>\n<p>Pour conclure, je conseille aux lecteurs d\u2019aller \u00e9couter les oeuvres de cet artiste pour se cr\u00e9er leur propre opinion. Comme vous l\u2019avez compris, moi, je suis fan de Schubert et de ses oeuvres, m\u00eame 200 ans apr\u00e8s leur composition. La musique classique n\u2019est pas forc\u00e9ment d\u00e9connect\u00e9e de notre \u00e9poque, allez donc d\u00e9couvrir un peu ce compositeur toujours d\u2019actualit\u00e9, et donnez nous votre avis\u00a0!<\/p>\n<p>A bient\u00f4t sur Cam\u00e4l\u00e9on\u00a0!\u00a0\ud83d\ude09<\/p>\n<p>Ma s\u00e9lection pour s\u2019initier \u00e0 Schubert\u00a0:<\/p>\n<ul>\n<li>Hilary Hahn, c\u00e9l\u00e8bre violoniste, nous introduit au <a href=\"https:\/\/www.youtube.com\/watch?v=fgWHrYC4LEs\">\u00ab\u00a0Roi des aulnes\u00a0\u00bb<\/a> (der Erlk\u00f6nig, po\u00e8me de Goethe).<\/li>\n<li><a href=\"https:\/\/www.youtube.com\/watch?v=c8UDOmUcxCk\">\u00ab\u00a0Le voyage d\u2019hiver\u00a0\u00bb<\/a> (Die Winterreise, dont les textes sont de Wilhelm M\u00fcller) est une s\u00e9rie de Lieder tr\u00e8s c\u00e9l\u00e8bres.<\/li>\n<li>D\u00e9couvrez la grande pianiste Maria Joao Pires interpr\u00e9ter des <a href=\"https:\/\/www.youtube.com\/watch?v=5yVZu05WZ9o\">impromptus<\/a> de Schubert.<\/li>\n<li>Pour finir, \u00e9coutez l\u2019incontournable Leonard Bernstein dans la <a href=\"https:\/\/www.youtube.com\/watch?v=uWnKMzAedK4\">symphonie n\u00b08<\/a>.<\/li>\n<\/ul>\n","protected":false},"excerpt":{"rendered":"<p>Schubert, vous avez dit Schubert\u00a0???\u00a0Derni\u00e8rement, en discutant avec une amie de mon \u00e2ge, j&#8217;ai d\u00e9couvert que nous partagions le m\u00eame enthousiasme pour les \u0153uvres de<\/p>\n","protected":false},"author":145,"featured_media":21866,"comment_status":"open","ping_status":"closed","sticky":false,"template":"","format":"standard","meta":{"colormag_page_container_layout":"default_layout","colormag_page_sidebar_layout":"default_layout","footnotes":""},"categories":[8,195],"tags":[1282,1283,1064,1281,1284,1280],"coauthors":[1213],"class_list":["post-21801","post","type-post","status-publish","format-standard","has-post-thumbnail","hentry","category-culture","category-musique","tag-klassische-musik","tag-klavier","tag-musique","tag-musique-classique","tag-piano","tag-schubert"],"yoast_head":"<!-- This site is optimized with the Yoast SEO plugin v27.5 - https:\/\/yoast.com\/product\/yoast-seo-wordpress\/ -->\n<title>Pourquoi on peut avoir 15 ans et aimer Schubert\u2026 - Cam\u00e4l\u00e9on<\/title>\n<meta name=\"description\" content=\"J\u2019ai eu envie d\u2019explorer le lien entre la musique de Schubert et la jeunesse d\u2019aujourd\u2019hui.\" \/>\n<meta name=\"robots\" content=\"index, follow, max-snippet:-1, max-image-preview:large, max-video-preview:-1\" \/>\n<link rel=\"canonical\" href=\"https:\/\/www.camaeleon.org\/de\/2020\/11\/20\/pourquoi-on-peut-avoir-15-ans-et-aimer-schubert\/\" \/>\n<meta property=\"og:locale\" content=\"de_DE\" \/>\n<meta property=\"og:type\" content=\"article\" \/>\n<meta property=\"og:title\" content=\"Pourquoi on peut avoir 15 ans et aimer Schubert\u2026 - Cam\u00e4l\u00e9on\" \/>\n<meta property=\"og:description\" content=\"J\u2019ai eu envie d\u2019explorer le lien entre la musique de Schubert et la jeunesse d\u2019aujourd\u2019hui.\" \/>\n<meta property=\"og:url\" content=\"https:\/\/www.camaeleon.org\/de\/2020\/11\/20\/pourquoi-on-peut-avoir-15-ans-et-aimer-schubert\/\" \/>\n<meta property=\"og:site_name\" content=\"Cam\u00e4l\u00e9on\" \/>\n<meta property=\"article:publisher\" content=\"https:\/\/www.facebook.com\/camaeleon.org\/\" \/>\n<meta property=\"article:published_time\" content=\"2020-11-20T15:51:11+00:00\" \/>\n<meta property=\"article:modified_time\" content=\"2020-12-23T11:16:00+00:00\" \/>\n<meta property=\"og:image\" content=\"https:\/\/www.camaeleon.org\/wp-content\/uploads\/2020\/11\/Franz-Schubert.jpg\" \/>\n\t<meta property=\"og:image:width\" content=\"820\" \/>\n\t<meta property=\"og:image:height\" content=\"326\" \/>\n\t<meta property=\"og:image:type\" content=\"image\/jpeg\" \/>\n<meta name=\"author\" content=\"Nina Scherer\" \/>\n<meta name=\"twitter:card\" content=\"summary_large_image\" \/>\n<meta name=\"twitter:creator\" content=\"@camaeleonOrg\" \/>\n<meta name=\"twitter:site\" content=\"@camaeleonOrg\" \/>\n<script type=\"application\/ld+json\" class=\"yoast-schema-graph\">{\"@context\":\"https:\\\/\\\/schema.org\",\"@graph\":[{\"@type\":\"Article\",\"@id\":\"https:\\\/\\\/www.camaeleon.org\\\/de\\\/2020\\\/11\\\/20\\\/pourquoi-on-peut-avoir-15-ans-et-aimer-schubert\\\/#article\",\"isPartOf\":{\"@id\":\"https:\\\/\\\/www.camaeleon.org\\\/de\\\/2020\\\/11\\\/20\\\/pourquoi-on-peut-avoir-15-ans-et-aimer-schubert\\\/\"},\"author\":{\"name\":\"Nina Scherer\",\"@id\":\"https:\\\/\\\/www.camaeleon.org\\\/de\\\/#\\\/schema\\\/person\\\/4708169c9d2ac460f3d901477656d7c3\"},\"headline\":\"Pourquoi on peut avoir 15 ans et aimer Schubert\u2026\",\"datePublished\":\"2020-11-20T15:51:11+00:00\",\"dateModified\":\"2020-12-23T11:16:00+00:00\",\"mainEntityOfPage\":{\"@id\":\"https:\\\/\\\/www.camaeleon.org\\\/de\\\/2020\\\/11\\\/20\\\/pourquoi-on-peut-avoir-15-ans-et-aimer-schubert\\\/\"},\"wordCount\":857,\"commentCount\":0,\"publisher\":{\"@id\":\"https:\\\/\\\/www.camaeleon.org\\\/de\\\/#organization\"},\"image\":{\"@id\":\"https:\\\/\\\/www.camaeleon.org\\\/de\\\/2020\\\/11\\\/20\\\/pourquoi-on-peut-avoir-15-ans-et-aimer-schubert\\\/#primaryimage\"},\"thumbnailUrl\":\"https:\\\/\\\/www.camaeleon.org\\\/wp-content\\\/uploads\\\/2020\\\/11\\\/Franz-Schubert.jpg\",\"keywords\":[\"klassische Musik\",\"Klavier\",\"musique\",\"musique classique\",\"piano\",\"Schubert\"],\"articleSection\":[\"Kultur\",\"Musik\"],\"inLanguage\":\"de\",\"potentialAction\":[{\"@type\":\"CommentAction\",\"name\":\"Comment\",\"target\":[\"https:\\\/\\\/www.camaeleon.org\\\/de\\\/2020\\\/11\\\/20\\\/pourquoi-on-peut-avoir-15-ans-et-aimer-schubert\\\/#respond\"]}]},{\"@type\":\"WebPage\",\"@id\":\"https:\\\/\\\/www.camaeleon.org\\\/de\\\/2020\\\/11\\\/20\\\/pourquoi-on-peut-avoir-15-ans-et-aimer-schubert\\\/\",\"url\":\"https:\\\/\\\/www.camaeleon.org\\\/de\\\/2020\\\/11\\\/20\\\/pourquoi-on-peut-avoir-15-ans-et-aimer-schubert\\\/\",\"name\":\"Pourquoi on peut avoir 15 ans et aimer Schubert\u2026 - Cam\u00e4l\u00e9on\",\"isPartOf\":{\"@id\":\"https:\\\/\\\/www.camaeleon.org\\\/de\\\/#website\"},\"primaryImageOfPage\":{\"@id\":\"https:\\\/\\\/www.camaeleon.org\\\/de\\\/2020\\\/11\\\/20\\\/pourquoi-on-peut-avoir-15-ans-et-aimer-schubert\\\/#primaryimage\"},\"image\":{\"@id\":\"https:\\\/\\\/www.camaeleon.org\\\/de\\\/2020\\\/11\\\/20\\\/pourquoi-on-peut-avoir-15-ans-et-aimer-schubert\\\/#primaryimage\"},\"thumbnailUrl\":\"https:\\\/\\\/www.camaeleon.org\\\/wp-content\\\/uploads\\\/2020\\\/11\\\/Franz-Schubert.jpg\",\"datePublished\":\"2020-11-20T15:51:11+00:00\",\"dateModified\":\"2020-12-23T11:16:00+00:00\",\"description\":\"J\u2019ai eu envie d\u2019explorer le lien entre la musique de Schubert et la jeunesse d\u2019aujourd\u2019hui.\",\"breadcrumb\":{\"@id\":\"https:\\\/\\\/www.camaeleon.org\\\/de\\\/2020\\\/11\\\/20\\\/pourquoi-on-peut-avoir-15-ans-et-aimer-schubert\\\/#breadcrumb\"},\"inLanguage\":\"de\",\"potentialAction\":[{\"@type\":\"ReadAction\",\"target\":[[\"https:\\\/\\\/www.camaeleon.org\\\/de\\\/2020\\\/11\\\/20\\\/pourquoi-on-peut-avoir-15-ans-et-aimer-schubert\\\/\"]]}]},{\"@type\":\"ImageObject\",\"inLanguage\":\"de\",\"@id\":\"https:\\\/\\\/www.camaeleon.org\\\/de\\\/2020\\\/11\\\/20\\\/pourquoi-on-peut-avoir-15-ans-et-aimer-schubert\\\/#primaryimage\",\"url\":\"https:\\\/\\\/www.camaeleon.org\\\/wp-content\\\/uploads\\\/2020\\\/11\\\/Franz-Schubert.jpg\",\"contentUrl\":\"https:\\\/\\\/www.camaeleon.org\\\/wp-content\\\/uploads\\\/2020\\\/11\\\/Franz-Schubert.jpg\",\"width\":820,\"height\":326,\"caption\":\"Franz Schubert\"},{\"@type\":\"BreadcrumbList\",\"@id\":\"https:\\\/\\\/www.camaeleon.org\\\/de\\\/2020\\\/11\\\/20\\\/pourquoi-on-peut-avoir-15-ans-et-aimer-schubert\\\/#breadcrumb\",\"itemListElement\":[{\"@type\":\"ListItem\",\"position\":1,\"name\":\"Home\",\"item\":\"https:\\\/\\\/www.camaeleon.org\\\/de\\\/\"},{\"@type\":\"ListItem\",\"position\":2,\"name\":\"Pourquoi on peut avoir 15 ans et aimer Schubert\u2026\"}]},{\"@type\":\"WebSite\",\"@id\":\"https:\\\/\\\/www.camaeleon.org\\\/de\\\/#website\",\"url\":\"https:\\\/\\\/www.camaeleon.org\\\/de\\\/\",\"name\":\"Cam\u00e4l\u00e9on\",\"description\":\"Das Sch\u00fclermagazin des Deutsch-Franz\u00f6sischen Gymnasiums Saarbr\u00fccken\",\"publisher\":{\"@id\":\"https:\\\/\\\/www.camaeleon.org\\\/de\\\/#organization\"},\"potentialAction\":[{\"@type\":\"SearchAction\",\"target\":{\"@type\":\"EntryPoint\",\"urlTemplate\":\"https:\\\/\\\/www.camaeleon.org\\\/de\\\/?s={search_term_string}\"},\"query-input\":{\"@type\":\"PropertyValueSpecification\",\"valueRequired\":true,\"valueName\":\"search_term_string\"}}],\"inLanguage\":\"de\"},{\"@type\":\"Organization\",\"@id\":\"https:\\\/\\\/www.camaeleon.org\\\/de\\\/#organization\",\"name\":\"Cam\u00e4l\u00e9on\",\"url\":\"https:\\\/\\\/www.camaeleon.org\\\/de\\\/\",\"logo\":{\"@type\":\"ImageObject\",\"inLanguage\":\"de\",\"@id\":\"https:\\\/\\\/www.camaeleon.org\\\/de\\\/#\\\/schema\\\/logo\\\/image\\\/\",\"url\":\"https:\\\/\\\/www.camaeleon.org\\\/wp-content\\\/uploads\\\/2011\\\/11\\\/CAM\u00c4LEON.jpg\",\"contentUrl\":\"https:\\\/\\\/www.camaeleon.org\\\/wp-content\\\/uploads\\\/2011\\\/11\\\/CAM\u00c4LEON.jpg\",\"width\":959,\"height\":959,\"caption\":\"Cam\u00e4l\u00e9on\"},\"image\":{\"@id\":\"https:\\\/\\\/www.camaeleon.org\\\/de\\\/#\\\/schema\\\/logo\\\/image\\\/\"},\"sameAs\":[\"https:\\\/\\\/www.facebook.com\\\/camaeleon.org\\\/\",\"https:\\\/\\\/x.com\\\/camaeleonOrg\",\"https:\\\/\\\/www.instagram.com\\\/camaeleon.dfg\\\/\",\"https:\\\/\\\/www.youtube.com\\\/channel\\\/UCl3TAUDdGuu_c7CD6ax6hYg\"]},{\"@type\":\"Person\",\"@id\":\"https:\\\/\\\/www.camaeleon.org\\\/de\\\/#\\\/schema\\\/person\\\/4708169c9d2ac460f3d901477656d7c3\",\"name\":\"Nina Scherer\",\"image\":{\"@type\":\"ImageObject\",\"inLanguage\":\"de\",\"@id\":\"https:\\\/\\\/www.camaeleon.org\\\/de\\\/wp-content\\\/uploads\\\/2020\\\/12\\\/nina.jpg467463d1c989fb91a7e82d1de2e8a901\",\"url\":\"https:\\\/\\\/www.camaeleon.org\\\/wp-content\\\/uploads\\\/2020\\\/12\\\/nina.jpg\",\"contentUrl\":\"https:\\\/\\\/www.camaeleon.org\\\/wp-content\\\/uploads\\\/2020\\\/12\\\/nina.jpg\",\"caption\":\"Nina Scherer\"},\"url\":\"https:\\\/\\\/www.camaeleon.org\\\/de\\\/author\\\/nina-scherer\\\/\"}]}<\/script>\n<!-- \/ Yoast SEO plugin. -->","yoast_head_json":{"title":"Pourquoi on peut avoir 15 ans et aimer Schubert\u2026 - Cam\u00e4l\u00e9on","description":"J\u2019ai eu envie d\u2019explorer le lien entre la musique de Schubert et la jeunesse d\u2019aujourd\u2019hui.","robots":{"index":"index","follow":"follow","max-snippet":"max-snippet:-1","max-image-preview":"max-image-preview:large","max-video-preview":"max-video-preview:-1"},"canonical":"https:\/\/www.camaeleon.org\/de\/2020\/11\/20\/pourquoi-on-peut-avoir-15-ans-et-aimer-schubert\/","og_locale":"de_DE","og_type":"article","og_title":"Pourquoi on peut avoir 15 ans et aimer Schubert\u2026 - Cam\u00e4l\u00e9on","og_description":"J\u2019ai eu envie d\u2019explorer le lien entre la musique de Schubert et la jeunesse d\u2019aujourd\u2019hui.","og_url":"https:\/\/www.camaeleon.org\/de\/2020\/11\/20\/pourquoi-on-peut-avoir-15-ans-et-aimer-schubert\/","og_site_name":"Cam\u00e4l\u00e9on","article_publisher":"https:\/\/www.facebook.com\/camaeleon.org\/","article_published_time":"2020-11-20T15:51:11+00:00","article_modified_time":"2020-12-23T11:16:00+00:00","og_image":[{"width":820,"height":326,"url":"https:\/\/www.camaeleon.org\/wp-content\/uploads\/2020\/11\/Franz-Schubert.jpg","type":"image\/jpeg"}],"author":"Nina Scherer","twitter_card":"summary_large_image","twitter_creator":"@camaeleonOrg","twitter_site":"@camaeleonOrg","schema":{"@context":"https:\/\/schema.org","@graph":[{"@type":"Article","@id":"https:\/\/www.camaeleon.org\/de\/2020\/11\/20\/pourquoi-on-peut-avoir-15-ans-et-aimer-schubert\/#article","isPartOf":{"@id":"https:\/\/www.camaeleon.org\/de\/2020\/11\/20\/pourquoi-on-peut-avoir-15-ans-et-aimer-schubert\/"},"author":{"name":"Nina Scherer","@id":"https:\/\/www.camaeleon.org\/de\/#\/schema\/person\/4708169c9d2ac460f3d901477656d7c3"},"headline":"Pourquoi on peut avoir 15 ans et aimer Schubert\u2026","datePublished":"2020-11-20T15:51:11+00:00","dateModified":"2020-12-23T11:16:00+00:00","mainEntityOfPage":{"@id":"https:\/\/www.camaeleon.org\/de\/2020\/11\/20\/pourquoi-on-peut-avoir-15-ans-et-aimer-schubert\/"},"wordCount":857,"commentCount":0,"publisher":{"@id":"https:\/\/www.camaeleon.org\/de\/#organization"},"image":{"@id":"https:\/\/www.camaeleon.org\/de\/2020\/11\/20\/pourquoi-on-peut-avoir-15-ans-et-aimer-schubert\/#primaryimage"},"thumbnailUrl":"https:\/\/www.camaeleon.org\/wp-content\/uploads\/2020\/11\/Franz-Schubert.jpg","keywords":["klassische Musik","Klavier","musique","musique classique","piano","Schubert"],"articleSection":["Kultur","Musik"],"inLanguage":"de","potentialAction":[{"@type":"CommentAction","name":"Comment","target":["https:\/\/www.camaeleon.org\/de\/2020\/11\/20\/pourquoi-on-peut-avoir-15-ans-et-aimer-schubert\/#respond"]}]},{"@type":"WebPage","@id":"https:\/\/www.camaeleon.org\/de\/2020\/11\/20\/pourquoi-on-peut-avoir-15-ans-et-aimer-schubert\/","url":"https:\/\/www.camaeleon.org\/de\/2020\/11\/20\/pourquoi-on-peut-avoir-15-ans-et-aimer-schubert\/","name":"Pourquoi on peut avoir 15 ans et aimer Schubert\u2026 - Cam\u00e4l\u00e9on","isPartOf":{"@id":"https:\/\/www.camaeleon.org\/de\/#website"},"primaryImageOfPage":{"@id":"https:\/\/www.camaeleon.org\/de\/2020\/11\/20\/pourquoi-on-peut-avoir-15-ans-et-aimer-schubert\/#primaryimage"},"image":{"@id":"https:\/\/www.camaeleon.org\/de\/2020\/11\/20\/pourquoi-on-peut-avoir-15-ans-et-aimer-schubert\/#primaryimage"},"thumbnailUrl":"https:\/\/www.camaeleon.org\/wp-content\/uploads\/2020\/11\/Franz-Schubert.jpg","datePublished":"2020-11-20T15:51:11+00:00","dateModified":"2020-12-23T11:16:00+00:00","description":"J\u2019ai eu envie d\u2019explorer le lien entre la musique de Schubert et la jeunesse d\u2019aujourd\u2019hui.","breadcrumb":{"@id":"https:\/\/www.camaeleon.org\/de\/2020\/11\/20\/pourquoi-on-peut-avoir-15-ans-et-aimer-schubert\/#breadcrumb"},"inLanguage":"de","potentialAction":[{"@type":"ReadAction","target":[["https:\/\/www.camaeleon.org\/de\/2020\/11\/20\/pourquoi-on-peut-avoir-15-ans-et-aimer-schubert\/"]]}]},{"@type":"ImageObject","inLanguage":"de","@id":"https:\/\/www.camaeleon.org\/de\/2020\/11\/20\/pourquoi-on-peut-avoir-15-ans-et-aimer-schubert\/#primaryimage","url":"https:\/\/www.camaeleon.org\/wp-content\/uploads\/2020\/11\/Franz-Schubert.jpg","contentUrl":"https:\/\/www.camaeleon.org\/wp-content\/uploads\/2020\/11\/Franz-Schubert.jpg","width":820,"height":326,"caption":"Franz Schubert"},{"@type":"BreadcrumbList","@id":"https:\/\/www.camaeleon.org\/de\/2020\/11\/20\/pourquoi-on-peut-avoir-15-ans-et-aimer-schubert\/#breadcrumb","itemListElement":[{"@type":"ListItem","position":1,"name":"Home","item":"https:\/\/www.camaeleon.org\/de\/"},{"@type":"ListItem","position":2,"name":"Pourquoi on peut avoir 15 ans et aimer Schubert\u2026"}]},{"@type":"WebSite","@id":"https:\/\/www.camaeleon.org\/de\/#website","url":"https:\/\/www.camaeleon.org\/de\/","name":"Cam\u00e4l\u00e9on","description":"Das Sch\u00fclermagazin des Deutsch-Franz\u00f6sischen Gymnasiums Saarbr\u00fccken","publisher":{"@id":"https:\/\/www.camaeleon.org\/de\/#organization"},"potentialAction":[{"@type":"SearchAction","target":{"@type":"EntryPoint","urlTemplate":"https:\/\/www.camaeleon.org\/de\/?s={search_term_string}"},"query-input":{"@type":"PropertyValueSpecification","valueRequired":true,"valueName":"search_term_string"}}],"inLanguage":"de"},{"@type":"Organization","@id":"https:\/\/www.camaeleon.org\/de\/#organization","name":"Cam\u00e4l\u00e9on","url":"https:\/\/www.camaeleon.org\/de\/","logo":{"@type":"ImageObject","inLanguage":"de","@id":"https:\/\/www.camaeleon.org\/de\/#\/schema\/logo\/image\/","url":"https:\/\/www.camaeleon.org\/wp-content\/uploads\/2011\/11\/CAM\u00c4LEON.jpg","contentUrl":"https:\/\/www.camaeleon.org\/wp-content\/uploads\/2011\/11\/CAM\u00c4LEON.jpg","width":959,"height":959,"caption":"Cam\u00e4l\u00e9on"},"image":{"@id":"https:\/\/www.camaeleon.org\/de\/#\/schema\/logo\/image\/"},"sameAs":["https:\/\/www.facebook.com\/camaeleon.org\/","https:\/\/x.com\/camaeleonOrg","https:\/\/www.instagram.com\/camaeleon.dfg\/","https:\/\/www.youtube.com\/channel\/UCl3TAUDdGuu_c7CD6ax6hYg"]},{"@type":"Person","@id":"https:\/\/www.camaeleon.org\/de\/#\/schema\/person\/4708169c9d2ac460f3d901477656d7c3","name":"Nina Scherer","image":{"@type":"ImageObject","inLanguage":"de","@id":"https:\/\/www.camaeleon.org\/de\/wp-content\/uploads\/2020\/12\/nina.jpg467463d1c989fb91a7e82d1de2e8a901","url":"https:\/\/www.camaeleon.org\/wp-content\/uploads\/2020\/12\/nina.jpg","contentUrl":"https:\/\/www.camaeleon.org\/wp-content\/uploads\/2020\/12\/nina.jpg","caption":"Nina Scherer"},"url":"https:\/\/www.camaeleon.org\/de\/author\/nina-scherer\/"}]}},"_links":{"self":[{"href":"https:\/\/www.camaeleon.org\/de\/wp-json\/wp\/v2\/posts\/21801","targetHints":{"allow":["GET"]}}],"collection":[{"href":"https:\/\/www.camaeleon.org\/de\/wp-json\/wp\/v2\/posts"}],"about":[{"href":"https:\/\/www.camaeleon.org\/de\/wp-json\/wp\/v2\/types\/post"}],"author":[{"embeddable":true,"href":"https:\/\/www.camaeleon.org\/de\/wp-json\/wp\/v2\/users\/145"}],"replies":[{"embeddable":true,"href":"https:\/\/www.camaeleon.org\/de\/wp-json\/wp\/v2\/comments?post=21801"}],"version-history":[{"count":0,"href":"https:\/\/www.camaeleon.org\/de\/wp-json\/wp\/v2\/posts\/21801\/revisions"}],"wp:featuredmedia":[{"embeddable":true,"href":"https:\/\/www.camaeleon.org\/de\/wp-json\/wp\/v2\/media\/21866"}],"wp:attachment":[{"href":"https:\/\/www.camaeleon.org\/de\/wp-json\/wp\/v2\/media?parent=21801"}],"wp:term":[{"taxonomy":"category","embeddable":true,"href":"https:\/\/www.camaeleon.org\/de\/wp-json\/wp\/v2\/categories?post=21801"},{"taxonomy":"post_tag","embeddable":true,"href":"https:\/\/www.camaeleon.org\/de\/wp-json\/wp\/v2\/tags?post=21801"},{"taxonomy":"author","embeddable":true,"href":"https:\/\/www.camaeleon.org\/de\/wp-json\/wp\/v2\/coauthors?post=21801"}],"curies":[{"name":"wp","href":"https:\/\/api.w.org\/{rel}","templated":true}]}}