{"id":2076,"date":"2012-03-27T11:14:55","date_gmt":"2012-03-27T09:14:55","guid":{"rendered":"http:\/\/www.camaeleon.org\/?p=2076"},"modified":"2020-12-23T18:39:59","modified_gmt":"2020-12-23T17:39:59","slug":"journee-portes-ouvertes-au-l-f-a","status":"publish","type":"post","link":"https:\/\/www.camaeleon.org\/de\/2012\/03\/27\/journee-portes-ouvertes-au-l-f-a\/","title":{"rendered":"Journ\u00e9e portes ouvertes au LFA"},"content":{"rendered":"<p><a href=\"https:\/\/www.camaeleon.org\/2012\/03\/27\/journee-portes-ouvertes-au-l-f-a\/p1000022\/\" rel=\"attachment wp-att-3067\"><img loading=\"lazy\" decoding=\"async\" class=\"alignleft\" title=\"P1000022\" src=\"https:\/\/www.camaeleon.org\/wp-content\/uploads\/2012\/02\/P1000022-150x150.jpg\" alt=\"\" width=\"150\" height=\"150\" \/><\/a>Le 21 janvier&#8230;<\/p>\n<p>Que vous \u00e9voque cette date?<\/p>\n<p>Si vous \u00eates passionn\u00e9 d&#8217;histoire, vous pourriez penser \u00e0 l&#8217;\u00e9x\u00e9cution de Louis XVI ou bien \u00e0 la mort de L\u00e9nine ou m\u00eame\u00a0\u00e0 la proclamation d&#8217;ind\u00e9pendence de l&#8217;Irlande. Mais pour nous, cette date a eu une signification particuli\u00e8re en 2012. En effet, c&#8217;est ce jour l\u00e0 qu&#8217;a eu lieu la journ\u00e9e portes ouvertes du LFA. Elle a permis \u00e0 de nombreux parents de parler avec les professeurs et aux futurs\u00a0\u00e9l\u00e8ves de d\u00e9couvrir cette \u00e9cole.<\/p>\n<p>Vous \u00eates nombreux \u00e0 \u00eatre venus. 16 personnes ont accept\u00e9 de r\u00e9pondre \u00e0 nos questions (cliquez deux fois sur le graphique pour pouvoir lire le d\u00e9tail):<\/p>\n<p><a href=\"https:\/\/www.camaeleon.org\/2012\/03\/27\/journee-portes-ouvertes-au-l-f-a\/graphique-1-5\/\" rel=\"attachment wp-att-3054\"><img loading=\"lazy\" decoding=\"async\" class=\"alignleft\" title=\"Graphique 1\" src=\"https:\/\/www.camaeleon.org\/wp-content\/uploads\/2012\/02\/Graphique-13-300x225.jpg\" alt=\"\" width=\"300\" height=\"225\" \/><\/a><\/p>\n<p><a href=\"https:\/\/www.camaeleon.org\/2012\/03\/27\/journee-portes-ouvertes-au-l-f-a\/graphique-2-2\/\" rel=\"attachment wp-att-3055\"><img loading=\"lazy\" decoding=\"async\" class=\"alignleft\" title=\"Graphique 2\" src=\"https:\/\/www.camaeleon.org\/wp-content\/uploads\/2012\/02\/Graphique-21-300x225.jpg\" alt=\"\" width=\"300\" height=\"225\" \/><\/a><\/p>\n<p>&nbsp;<\/p>\n<p>&nbsp;<\/p>\n<p>&nbsp;<\/p>\n<p>&nbsp;<\/p>\n<p>&nbsp;<\/p>\n<p>&nbsp;<\/p>\n<p>&nbsp;<\/p>\n<p><a href=\"https:\/\/www.camaeleon.org\/2012\/03\/27\/journee-portes-ouvertes-au-l-f-a\/graphique-3-4\/\" rel=\"attachment wp-att-3056\"><img loading=\"lazy\" decoding=\"async\" class=\"alignleft\" title=\"Graphique 3\" src=\"https:\/\/www.camaeleon.org\/wp-content\/uploads\/2012\/02\/Graphique-33-300x225.jpg\" alt=\"\" width=\"300\" height=\"225\" \/><\/a><\/p>\n<p>Plusieurs activit\u00e9s ont \u00e9t\u00e9 mises en place pour permettre aux futurs \u00e9l\u00e8ves de voir comment\u00a0se d\u00e9roulent les cours au lyc\u00e9e.<\/p>\n<p>Par exemple:<\/p>\n<p>&#8211; Pendant 4 p\u00e9riodes, en salle P1, les \u00e9l\u00e8ves de 5\u00e8me avec\u00a0Mme Sauget ont fait une activit\u00e9 de physique qui consistait \u00e0 laisser le nouvel \u00e9l\u00e8ve essayer d&#8217;allumer une lampe a partir de fils,d&#8217;une ampoule et d&#8217;une pile. Les \u00e9l\u00e8ves \u00e9taient l\u00e0 pour v\u00e9rifier si les nouveaux \u00e9l\u00e8ves r\u00e9ussissaient bien.Puis le niveau de difficult\u00e9 de\u00a0cette activit\u00e9 augmentait.<\/p>\n<p><a href=\"https:\/\/www.camaeleon.org\/2012\/03\/27\/journee-portes-ouvertes-au-l-f-a\/p1000026\/\" rel=\"attachment wp-att-3062\"><img loading=\"lazy\" decoding=\"async\" class=\"alignleft\" title=\"P1000026\" src=\"https:\/\/www.camaeleon.org\/wp-content\/uploads\/2012\/02\/P1000026-150x150.jpg\" alt=\"\" width=\"150\" height=\"150\" \/><\/a><\/p>\n<p>&#8211; En salle polyvalente \u00e9taient expos\u00e9s les meilleurs\u00a0travaux artistiques\u00a0des \u00e9l\u00e8ves de Mme Albrecht et Mme Konieczny.<\/p>\n<p>&#8211; En salle informatique (3.09) quelques membres du Club Journal Cam\u00e4leon ont pr\u00e9sent\u00e9 leurs travaux au public.<\/p>\n<p>&#8211; En salle de th\u00e9atre au premier \u00e9tage la classe de 6\u00e8me bi2 a pr\u00e9sent\u00e9 un sketch avec Mme Fischer .<\/p>\n<p>&#8211; En salle 1.24 les \u00e9l\u00e8ves de 2ndeL1 de M.Pfefferle ont visualis\u00e9\u00a0 une vid\u00e9o australienne\u00a0en anglais sur le danger des r\u00e9seaux sociaux.<\/p>\n<p>Il y a eu beaucoup d&#8217;animation au LFA lors de cette journ\u00e9e et on peut esp\u00e9rer que de nombreux parents et enfants rejoindront notre communaut\u00e9 scolaire. Pour ceux qui ne sont pas encore venus nous voir, rendez-vous en janvier 2013!<\/p>","protected":false},"excerpt":{"rendered":"<p>Le 21 janvier&#8230; Que vous \u00e9voque cette date? Si vous \u00eates passionn\u00e9 d&#8217;histoire, vous pourriez penser \u00e0 l&#8217;\u00e9x\u00e9cution de Louis XVI ou bien \u00e0 la<\/p>\n","protected":false},"author":8,"featured_media":3067,"comment_status":"open","ping_status":"open","sticky":false,"template":"","format":"standard","meta":{"colormag_page_container_layout":"default_layout","colormag_page_sidebar_layout":"default_layout","footnotes":""},"categories":[3],"tags":[1493,215],"coauthors":[762],"class_list":["post-2076","post","type-post","status-publish","format-standard","has-post-thumbnail","hentry","category-ecole","tag-journee-portes-ouvertures","tag-tag-der-offenen-tuer"],"yoast_head":"<!-- This site is optimized with the Yoast SEO plugin v27.5 - https:\/\/yoast.com\/product\/yoast-seo-wordpress\/ -->\n<title>Journ\u00e9e portes ouvertes au LFA - Cam\u00e4l\u00e9on<\/title>\n<meta name=\"description\" content=\"Le 21 janvier a eu lieu la journ\u00e9e portes ouvertes du LFA. Elle a permis \u00e0 de nombreux parents de parler avec les professeurs et aux futurs\u00a0\u00e9l\u00e8ves de d\u00e9couvrir cette \u00e9cole.\" \/>\n<meta name=\"robots\" content=\"index, follow, max-snippet:-1, max-image-preview:large, max-video-preview:-1\" \/>\n<link rel=\"canonical\" href=\"https:\/\/www.camaeleon.org\/de\/2012\/03\/27\/journee-portes-ouvertes-au-l-f-a\/\" \/>\n<meta property=\"og:locale\" content=\"de_DE\" \/>\n<meta property=\"og:type\" content=\"article\" \/>\n<meta property=\"og:title\" content=\"Journ\u00e9e portes ouvertes au LFA - Cam\u00e4l\u00e9on\" \/>\n<meta property=\"og:description\" content=\"Le 21 janvier a eu lieu la journ\u00e9e portes ouvertes du LFA. Elle a permis \u00e0 de nombreux parents de parler avec les professeurs et aux futurs\u00a0\u00e9l\u00e8ves de d\u00e9couvrir cette \u00e9cole.\" \/>\n<meta property=\"og:url\" content=\"https:\/\/www.camaeleon.org\/de\/2012\/03\/27\/journee-portes-ouvertes-au-l-f-a\/\" \/>\n<meta property=\"og:site_name\" content=\"Cam\u00e4l\u00e9on\" \/>\n<meta property=\"article:publisher\" content=\"https:\/\/www.facebook.com\/camaeleon.org\/\" \/>\n<meta property=\"article:published_time\" content=\"2012-03-27T09:14:55+00:00\" \/>\n<meta property=\"article:modified_time\" content=\"2020-12-23T17:39:59+00:00\" \/>\n<meta property=\"og:image\" content=\"https:\/\/www.camaeleon.org\/wp-content\/uploads\/2012\/02\/P1000022.jpg\" \/>\n\t<meta property=\"og:image:width\" content=\"2048\" \/>\n\t<meta property=\"og:image:height\" content=\"1153\" \/>\n\t<meta property=\"og:image:type\" content=\"image\/jpeg\" \/>\n<meta name=\"author\" content=\"C\u00e9line\" \/>\n<meta name=\"twitter:card\" content=\"summary_large_image\" \/>\n<meta name=\"twitter:creator\" content=\"@camaeleonOrg\" \/>\n<meta name=\"twitter:site\" content=\"@camaeleonOrg\" \/>\n<script type=\"application\/ld+json\" class=\"yoast-schema-graph\">{\"@context\":\"https:\\\/\\\/schema.org\",\"@graph\":[{\"@type\":\"Article\",\"@id\":\"https:\\\/\\\/www.camaeleon.org\\\/de\\\/2012\\\/03\\\/27\\\/journee-portes-ouvertes-au-l-f-a\\\/#article\",\"isPartOf\":{\"@id\":\"https:\\\/\\\/www.camaeleon.org\\\/de\\\/2012\\\/03\\\/27\\\/journee-portes-ouvertes-au-l-f-a\\\/\"},\"author\":{\"name\":\"C\u00e9line\",\"@id\":\"https:\\\/\\\/www.camaeleon.org\\\/de\\\/#\\\/schema\\\/person\\\/5006283051d09686e525e507dae2f1ae\"},\"headline\":\"Journ\u00e9e portes ouvertes au LFA\",\"datePublished\":\"2012-03-27T09:14:55+00:00\",\"dateModified\":\"2020-12-23T17:39:59+00:00\",\"mainEntityOfPage\":{\"@id\":\"https:\\\/\\\/www.camaeleon.org\\\/de\\\/2012\\\/03\\\/27\\\/journee-portes-ouvertes-au-l-f-a\\\/\"},\"wordCount\":1038,\"commentCount\":0,\"publisher\":{\"@id\":\"https:\\\/\\\/www.camaeleon.org\\\/de\\\/#organization\"},\"image\":{\"@id\":\"https:\\\/\\\/www.camaeleon.org\\\/de\\\/2012\\\/03\\\/27\\\/journee-portes-ouvertes-au-l-f-a\\\/#primaryimage\"},\"thumbnailUrl\":\"https:\\\/\\\/www.camaeleon.org\\\/wp-content\\\/uploads\\\/2012\\\/02\\\/P1000022.jpg\",\"keywords\":[\"Journ\u00e9e portes ouvertures\",\"Tag der Offenen T\u00fcr\"],\"articleSection\":[\"Schule\"],\"inLanguage\":\"de\",\"potentialAction\":[{\"@type\":\"CommentAction\",\"name\":\"Comment\",\"target\":[\"https:\\\/\\\/www.camaeleon.org\\\/de\\\/2012\\\/03\\\/27\\\/journee-portes-ouvertes-au-l-f-a\\\/#respond\"]}]},{\"@type\":\"WebPage\",\"@id\":\"https:\\\/\\\/www.camaeleon.org\\\/de\\\/2012\\\/03\\\/27\\\/journee-portes-ouvertes-au-l-f-a\\\/\",\"url\":\"https:\\\/\\\/www.camaeleon.org\\\/de\\\/2012\\\/03\\\/27\\\/journee-portes-ouvertes-au-l-f-a\\\/\",\"name\":\"Journ\u00e9e portes ouvertes au LFA - Cam\u00e4l\u00e9on\",\"isPartOf\":{\"@id\":\"https:\\\/\\\/www.camaeleon.org\\\/de\\\/#website\"},\"primaryImageOfPage\":{\"@id\":\"https:\\\/\\\/www.camaeleon.org\\\/de\\\/2012\\\/03\\\/27\\\/journee-portes-ouvertes-au-l-f-a\\\/#primaryimage\"},\"image\":{\"@id\":\"https:\\\/\\\/www.camaeleon.org\\\/de\\\/2012\\\/03\\\/27\\\/journee-portes-ouvertes-au-l-f-a\\\/#primaryimage\"},\"thumbnailUrl\":\"https:\\\/\\\/www.camaeleon.org\\\/wp-content\\\/uploads\\\/2012\\\/02\\\/P1000022.jpg\",\"datePublished\":\"2012-03-27T09:14:55+00:00\",\"dateModified\":\"2020-12-23T17:39:59+00:00\",\"description\":\"Le 21 janvier a eu lieu la journ\u00e9e portes ouvertes du LFA. Elle a permis \u00e0 de nombreux parents de parler avec les professeurs et aux futurs\u00a0\u00e9l\u00e8ves de d\u00e9couvrir cette \u00e9cole.\",\"breadcrumb\":{\"@id\":\"https:\\\/\\\/www.camaeleon.org\\\/de\\\/2012\\\/03\\\/27\\\/journee-portes-ouvertes-au-l-f-a\\\/#breadcrumb\"},\"inLanguage\":\"de\",\"potentialAction\":[{\"@type\":\"ReadAction\",\"target\":[[\"https:\\\/\\\/www.camaeleon.org\\\/de\\\/2012\\\/03\\\/27\\\/journee-portes-ouvertes-au-l-f-a\\\/\"]]}]},{\"@type\":\"ImageObject\",\"inLanguage\":\"de\",\"@id\":\"https:\\\/\\\/www.camaeleon.org\\\/de\\\/2012\\\/03\\\/27\\\/journee-portes-ouvertes-au-l-f-a\\\/#primaryimage\",\"url\":\"https:\\\/\\\/www.camaeleon.org\\\/wp-content\\\/uploads\\\/2012\\\/02\\\/P1000022.jpg\",\"contentUrl\":\"https:\\\/\\\/www.camaeleon.org\\\/wp-content\\\/uploads\\\/2012\\\/02\\\/P1000022.jpg\",\"width\":2048,\"height\":1153},{\"@type\":\"BreadcrumbList\",\"@id\":\"https:\\\/\\\/www.camaeleon.org\\\/de\\\/2012\\\/03\\\/27\\\/journee-portes-ouvertes-au-l-f-a\\\/#breadcrumb\",\"itemListElement\":[{\"@type\":\"ListItem\",\"position\":1,\"name\":\"Home\",\"item\":\"https:\\\/\\\/www.camaeleon.org\\\/de\\\/\"},{\"@type\":\"ListItem\",\"position\":2,\"name\":\"Journ\u00e9e portes ouvertes au LFA\"}]},{\"@type\":\"WebSite\",\"@id\":\"https:\\\/\\\/www.camaeleon.org\\\/de\\\/#website\",\"url\":\"https:\\\/\\\/www.camaeleon.org\\\/de\\\/\",\"name\":\"Cam\u00e4l\u00e9on\",\"description\":\"Das Sch\u00fclermagazin des Deutsch-Franz\u00f6sischen Gymnasiums Saarbr\u00fccken\",\"publisher\":{\"@id\":\"https:\\\/\\\/www.camaeleon.org\\\/de\\\/#organization\"},\"potentialAction\":[{\"@type\":\"SearchAction\",\"target\":{\"@type\":\"EntryPoint\",\"urlTemplate\":\"https:\\\/\\\/www.camaeleon.org\\\/de\\\/?s={search_term_string}\"},\"query-input\":{\"@type\":\"PropertyValueSpecification\",\"valueRequired\":true,\"valueName\":\"search_term_string\"}}],\"inLanguage\":\"de\"},{\"@type\":\"Organization\",\"@id\":\"https:\\\/\\\/www.camaeleon.org\\\/de\\\/#organization\",\"name\":\"Cam\u00e4l\u00e9on\",\"url\":\"https:\\\/\\\/www.camaeleon.org\\\/de\\\/\",\"logo\":{\"@type\":\"ImageObject\",\"inLanguage\":\"de\",\"@id\":\"https:\\\/\\\/www.camaeleon.org\\\/de\\\/#\\\/schema\\\/logo\\\/image\\\/\",\"url\":\"https:\\\/\\\/www.camaeleon.org\\\/wp-content\\\/uploads\\\/2011\\\/11\\\/CAM\u00c4LEON.jpg\",\"contentUrl\":\"https:\\\/\\\/www.camaeleon.org\\\/wp-content\\\/uploads\\\/2011\\\/11\\\/CAM\u00c4LEON.jpg\",\"width\":959,\"height\":959,\"caption\":\"Cam\u00e4l\u00e9on\"},\"image\":{\"@id\":\"https:\\\/\\\/www.camaeleon.org\\\/de\\\/#\\\/schema\\\/logo\\\/image\\\/\"},\"sameAs\":[\"https:\\\/\\\/www.facebook.com\\\/camaeleon.org\\\/\",\"https:\\\/\\\/x.com\\\/camaeleonOrg\",\"https:\\\/\\\/www.instagram.com\\\/camaeleon.dfg\\\/\",\"https:\\\/\\\/www.youtube.com\\\/channel\\\/UCl3TAUDdGuu_c7CD6ax6hYg\"]},{\"@type\":\"Person\",\"@id\":\"https:\\\/\\\/www.camaeleon.org\\\/de\\\/#\\\/schema\\\/person\\\/5006283051d09686e525e507dae2f1ae\",\"name\":\"C\u00e9line\",\"image\":{\"@type\":\"ImageObject\",\"inLanguage\":\"de\",\"@id\":\"https:\\\/\\\/www.camaeleon.org\\\/de\\\/wp-content\\\/uploads\\\/2021\\\/10\\\/cropped-android-chrome-512x512-2-150x150.pngb111c6b8db723f506736f05d8fadbe0c\",\"url\":\"https:\\\/\\\/www.camaeleon.org\\\/wp-content\\\/uploads\\\/2021\\\/10\\\/cropped-android-chrome-512x512-2-150x150.png\",\"contentUrl\":\"https:\\\/\\\/www.camaeleon.org\\\/wp-content\\\/uploads\\\/2021\\\/10\\\/cropped-android-chrome-512x512-2-150x150.png\",\"caption\":\"C\u00e9line\"},\"url\":\"https:\\\/\\\/www.camaeleon.org\\\/de\\\/author\\\/celine-dahlem\\\/\"}]}<\/script>\n<!-- \/ Yoast SEO plugin. -->","yoast_head_json":{"title":"Journ\u00e9e portes ouvertes au LFA - Cam\u00e4l\u00e9on","description":"Le 21 janvier a eu lieu la journ\u00e9e portes ouvertes du LFA. Elle a permis \u00e0 de nombreux parents de parler avec les professeurs et aux futurs\u00a0\u00e9l\u00e8ves de d\u00e9couvrir cette \u00e9cole.","robots":{"index":"index","follow":"follow","max-snippet":"max-snippet:-1","max-image-preview":"max-image-preview:large","max-video-preview":"max-video-preview:-1"},"canonical":"https:\/\/www.camaeleon.org\/de\/2012\/03\/27\/journee-portes-ouvertes-au-l-f-a\/","og_locale":"de_DE","og_type":"article","og_title":"Journ\u00e9e portes ouvertes au LFA - Cam\u00e4l\u00e9on","og_description":"Le 21 janvier a eu lieu la journ\u00e9e portes ouvertes du LFA. Elle a permis \u00e0 de nombreux parents de parler avec les professeurs et aux futurs\u00a0\u00e9l\u00e8ves de d\u00e9couvrir cette \u00e9cole.","og_url":"https:\/\/www.camaeleon.org\/de\/2012\/03\/27\/journee-portes-ouvertes-au-l-f-a\/","og_site_name":"Cam\u00e4l\u00e9on","article_publisher":"https:\/\/www.facebook.com\/camaeleon.org\/","article_published_time":"2012-03-27T09:14:55+00:00","article_modified_time":"2020-12-23T17:39:59+00:00","og_image":[{"width":2048,"height":1153,"url":"https:\/\/www.camaeleon.org\/wp-content\/uploads\/2012\/02\/P1000022.jpg","type":"image\/jpeg"}],"author":"C\u00e9line","twitter_card":"summary_large_image","twitter_creator":"@camaeleonOrg","twitter_site":"@camaeleonOrg","schema":{"@context":"https:\/\/schema.org","@graph":[{"@type":"Article","@id":"https:\/\/www.camaeleon.org\/de\/2012\/03\/27\/journee-portes-ouvertes-au-l-f-a\/#article","isPartOf":{"@id":"https:\/\/www.camaeleon.org\/de\/2012\/03\/27\/journee-portes-ouvertes-au-l-f-a\/"},"author":{"name":"C\u00e9line","@id":"https:\/\/www.camaeleon.org\/de\/#\/schema\/person\/5006283051d09686e525e507dae2f1ae"},"headline":"Journ\u00e9e portes ouvertes au LFA","datePublished":"2012-03-27T09:14:55+00:00","dateModified":"2020-12-23T17:39:59+00:00","mainEntityOfPage":{"@id":"https:\/\/www.camaeleon.org\/de\/2012\/03\/27\/journee-portes-ouvertes-au-l-f-a\/"},"wordCount":1038,"commentCount":0,"publisher":{"@id":"https:\/\/www.camaeleon.org\/de\/#organization"},"image":{"@id":"https:\/\/www.camaeleon.org\/de\/2012\/03\/27\/journee-portes-ouvertes-au-l-f-a\/#primaryimage"},"thumbnailUrl":"https:\/\/www.camaeleon.org\/wp-content\/uploads\/2012\/02\/P1000022.jpg","keywords":["Journ\u00e9e portes ouvertures","Tag der Offenen T\u00fcr"],"articleSection":["Schule"],"inLanguage":"de","potentialAction":[{"@type":"CommentAction","name":"Comment","target":["https:\/\/www.camaeleon.org\/de\/2012\/03\/27\/journee-portes-ouvertes-au-l-f-a\/#respond"]}]},{"@type":"WebPage","@id":"https:\/\/www.camaeleon.org\/de\/2012\/03\/27\/journee-portes-ouvertes-au-l-f-a\/","url":"https:\/\/www.camaeleon.org\/de\/2012\/03\/27\/journee-portes-ouvertes-au-l-f-a\/","name":"Journ\u00e9e portes ouvertes au LFA - Cam\u00e4l\u00e9on","isPartOf":{"@id":"https:\/\/www.camaeleon.org\/de\/#website"},"primaryImageOfPage":{"@id":"https:\/\/www.camaeleon.org\/de\/2012\/03\/27\/journee-portes-ouvertes-au-l-f-a\/#primaryimage"},"image":{"@id":"https:\/\/www.camaeleon.org\/de\/2012\/03\/27\/journee-portes-ouvertes-au-l-f-a\/#primaryimage"},"thumbnailUrl":"https:\/\/www.camaeleon.org\/wp-content\/uploads\/2012\/02\/P1000022.jpg","datePublished":"2012-03-27T09:14:55+00:00","dateModified":"2020-12-23T17:39:59+00:00","description":"Le 21 janvier a eu lieu la journ\u00e9e portes ouvertes du LFA. Elle a permis \u00e0 de nombreux parents de parler avec les professeurs et aux futurs\u00a0\u00e9l\u00e8ves de d\u00e9couvrir cette \u00e9cole.","breadcrumb":{"@id":"https:\/\/www.camaeleon.org\/de\/2012\/03\/27\/journee-portes-ouvertes-au-l-f-a\/#breadcrumb"},"inLanguage":"de","potentialAction":[{"@type":"ReadAction","target":[["https:\/\/www.camaeleon.org\/de\/2012\/03\/27\/journee-portes-ouvertes-au-l-f-a\/"]]}]},{"@type":"ImageObject","inLanguage":"de","@id":"https:\/\/www.camaeleon.org\/de\/2012\/03\/27\/journee-portes-ouvertes-au-l-f-a\/#primaryimage","url":"https:\/\/www.camaeleon.org\/wp-content\/uploads\/2012\/02\/P1000022.jpg","contentUrl":"https:\/\/www.camaeleon.org\/wp-content\/uploads\/2012\/02\/P1000022.jpg","width":2048,"height":1153},{"@type":"BreadcrumbList","@id":"https:\/\/www.camaeleon.org\/de\/2012\/03\/27\/journee-portes-ouvertes-au-l-f-a\/#breadcrumb","itemListElement":[{"@type":"ListItem","position":1,"name":"Home","item":"https:\/\/www.camaeleon.org\/de\/"},{"@type":"ListItem","position":2,"name":"Journ\u00e9e portes ouvertes au LFA"}]},{"@type":"WebSite","@id":"https:\/\/www.camaeleon.org\/de\/#website","url":"https:\/\/www.camaeleon.org\/de\/","name":"Cam\u00e4l\u00e9on","description":"Das Sch\u00fclermagazin des Deutsch-Franz\u00f6sischen Gymnasiums Saarbr\u00fccken","publisher":{"@id":"https:\/\/www.camaeleon.org\/de\/#organization"},"potentialAction":[{"@type":"SearchAction","target":{"@type":"EntryPoint","urlTemplate":"https:\/\/www.camaeleon.org\/de\/?s={search_term_string}"},"query-input":{"@type":"PropertyValueSpecification","valueRequired":true,"valueName":"search_term_string"}}],"inLanguage":"de"},{"@type":"Organization","@id":"https:\/\/www.camaeleon.org\/de\/#organization","name":"Cam\u00e4l\u00e9on","url":"https:\/\/www.camaeleon.org\/de\/","logo":{"@type":"ImageObject","inLanguage":"de","@id":"https:\/\/www.camaeleon.org\/de\/#\/schema\/logo\/image\/","url":"https:\/\/www.camaeleon.org\/wp-content\/uploads\/2011\/11\/CAM\u00c4LEON.jpg","contentUrl":"https:\/\/www.camaeleon.org\/wp-content\/uploads\/2011\/11\/CAM\u00c4LEON.jpg","width":959,"height":959,"caption":"Cam\u00e4l\u00e9on"},"image":{"@id":"https:\/\/www.camaeleon.org\/de\/#\/schema\/logo\/image\/"},"sameAs":["https:\/\/www.facebook.com\/camaeleon.org\/","https:\/\/x.com\/camaeleonOrg","https:\/\/www.instagram.com\/camaeleon.dfg\/","https:\/\/www.youtube.com\/channel\/UCl3TAUDdGuu_c7CD6ax6hYg"]},{"@type":"Person","@id":"https:\/\/www.camaeleon.org\/de\/#\/schema\/person\/5006283051d09686e525e507dae2f1ae","name":"C\u00e9line","image":{"@type":"ImageObject","inLanguage":"de","@id":"https:\/\/www.camaeleon.org\/de\/wp-content\/uploads\/2021\/10\/cropped-android-chrome-512x512-2-150x150.pngb111c6b8db723f506736f05d8fadbe0c","url":"https:\/\/www.camaeleon.org\/wp-content\/uploads\/2021\/10\/cropped-android-chrome-512x512-2-150x150.png","contentUrl":"https:\/\/www.camaeleon.org\/wp-content\/uploads\/2021\/10\/cropped-android-chrome-512x512-2-150x150.png","caption":"C\u00e9line"},"url":"https:\/\/www.camaeleon.org\/de\/author\/celine-dahlem\/"}]}},"_links":{"self":[{"href":"https:\/\/www.camaeleon.org\/de\/wp-json\/wp\/v2\/posts\/2076","targetHints":{"allow":["GET"]}}],"collection":[{"href":"https:\/\/www.camaeleon.org\/de\/wp-json\/wp\/v2\/posts"}],"about":[{"href":"https:\/\/www.camaeleon.org\/de\/wp-json\/wp\/v2\/types\/post"}],"author":[{"embeddable":true,"href":"https:\/\/www.camaeleon.org\/de\/wp-json\/wp\/v2\/users\/8"}],"replies":[{"embeddable":true,"href":"https:\/\/www.camaeleon.org\/de\/wp-json\/wp\/v2\/comments?post=2076"}],"version-history":[{"count":0,"href":"https:\/\/www.camaeleon.org\/de\/wp-json\/wp\/v2\/posts\/2076\/revisions"}],"wp:featuredmedia":[{"embeddable":true,"href":"https:\/\/www.camaeleon.org\/de\/wp-json\/wp\/v2\/media\/3067"}],"wp:attachment":[{"href":"https:\/\/www.camaeleon.org\/de\/wp-json\/wp\/v2\/media?parent=2076"}],"wp:term":[{"taxonomy":"category","embeddable":true,"href":"https:\/\/www.camaeleon.org\/de\/wp-json\/wp\/v2\/categories?post=2076"},{"taxonomy":"post_tag","embeddable":true,"href":"https:\/\/www.camaeleon.org\/de\/wp-json\/wp\/v2\/tags?post=2076"},{"taxonomy":"author","embeddable":true,"href":"https:\/\/www.camaeleon.org\/de\/wp-json\/wp\/v2\/coauthors?post=2076"}],"curies":[{"name":"wp","href":"https:\/\/api.w.org\/{rel}","templated":true}]}}