{"id":19735,"date":"2020-03-06T17:36:18","date_gmt":"2020-03-06T16:36:18","guid":{"rendered":"https:\/\/www.camaeleon.org\/?p=19735"},"modified":"2020-12-23T12:23:36","modified_gmt":"2020-12-23T11:23:36","slug":"le-mot-de-la-semaine-mottowoche","status":"publish","type":"post","link":"https:\/\/www.camaeleon.org\/de\/2020\/03\/06\/le-mot-de-la-semaine-mottowoche\/","title":{"rendered":"Le mot de la semaine : #Mottowoche"},"content":{"rendered":"<p><figure id=\"attachment_19744\" aria-describedby=\"caption-attachment-19744\" style=\"width: 293px\" class=\"wp-caption alignleft\"><a href=\"https:\/\/www.camaeleon.org\/2020\/03\/06\/le-mot-de-la-semaine-mottowoche\/img-20200306-wa0013\/\" rel=\"attachment wp-att-19744\"><img loading=\"lazy\" decoding=\"async\" class=\"size-medium wp-image-19744\" src=\"https:\/\/www.camaeleon.org\/wp-content\/uploads\/2020\/03\/IMG-20200306-WA0013-293x300.jpg\" alt=\"\" width=\"293\" height=\"300\" srcset=\"https:\/\/www.camaeleon.org\/wp-content\/uploads\/2020\/03\/IMG-20200306-WA0013-293x300.jpg 293w, https:\/\/www.camaeleon.org\/wp-content\/uploads\/2020\/03\/IMG-20200306-WA0013-585x600.jpg 585w, https:\/\/www.camaeleon.org\/wp-content\/uploads\/2020\/03\/IMG-20200306-WA0013.jpg 880w\" sizes=\"auto, (max-width: 293px) 100vw, 293px\" \/><\/a><figcaption id=\"caption-attachment-19744\" class=\"wp-caption-text\">Mottowoche (photo: Lara Hoffmann)<\/figcaption><\/figure><\/p>\n<p>La derni\u00e8re semaine des terminales&#8230;d\u00e9sespoir pour quelques-uns, cauchemar pour certains profs qui ont ferm\u00e9 les portes \u00e0 cl\u00e9, et <em>highlight<\/em> de l&#8217;ann\u00e9e pour les autres classes, qui, ravies par la musique et les d\u00e9guisements color\u00e9s, ont affich\u00e9 des pancartes TR\u00c8S discr\u00e8tes (<strong>VENEZ AVEC DE LA MUSIQUE, S&#8217;IL VOUS PLA\u00ceT, ON S&#8217;ENNUIE MERCI !<\/strong>) et coll\u00e9 des petites annonces dans le hall d&#8217;entr\u00e9e&#8230;<\/p>\n<p>Voici, pour ceux qui n&#8217;ont pas suivi, les th\u00e8mes repr\u00e9sent\u00e9s cette semaine :<\/p>\n<ul>\n<li>Lundi : horreur (Moins remarqu\u00e9 \u00e0 cause du bac de sport, certains n&#8217;\u00e9taient pas d\u00e9guis\u00e9s)<\/li>\n<li>Mardi : voyage dans le temps<\/li>\n<li>Mercredi : les h\u00e9ros des enfants<\/li>\n<li>Jeudi : les pays du monde<\/li>\n<li>Vendredi : asocial (C&#8217;est le nom du th\u00e8me et je n&#8217;y peux rien !)<\/li>\n<\/ul>\n<p>Ce vendredi, pendant les deux r\u00e9cr\u00e9ations, dans le hall du lyc\u00e9e, \u00e9tait rassembl\u00e9e une immense foule qui chantait, dansait, ou profitait de l&#8217;ambiance. Apr\u00e8s 13h15, la temp\u00e9rature \u00e9tait tellement \u00e9lev\u00e9e que les fent\u00eares du hall se sont retrouv\u00e9es couvertes de bu\u00e9e. De petits malins se sont pr\u00e9cipit\u00e9s pour dessiner des petits mots ou dessins sur les vitres&#8230;<\/p>\n<p>Mais cette semaine de folie n&#8217;a pas que des bons c\u00f4t\u00e9s : certaines classes ont \u00e9t\u00e9 interrompues en plein test ou pleine composition par de joyeux f\u00eatards. De plus, les confettis jet\u00e9s en l&#8217;air dans la joie et la bonne humeur salissent le sol et sont emb\u00eatants \u00e0 enlever.<\/p>\n<p>\u00c9crivez quel th\u00e8me, quel d\u00e9guisement vous a particuli\u00e8rement plu ou simplement votre avis sur la question dans les commentaires !<\/p>\n<p>\u00c0 bient\u00f4t et bonne chance \u00e0 tous et toutes nos terminales pour le baccalaur\u00e9at !<\/p>","protected":false},"excerpt":{"rendered":"<p>La derni\u00e8re semaine des terminales&#8230;d\u00e9sespoir pour quelques-uns, cauchemar pour certains profs qui ont ferm\u00e9 les portes \u00e0 cl\u00e9, et highlight de l&#8217;ann\u00e9e pour les autres<\/p>\n","protected":false},"author":130,"featured_media":19744,"comment_status":"open","ping_status":"closed","sticky":false,"template":"","format":"standard","meta":{"colormag_page_container_layout":"default_layout","colormag_page_sidebar_layout":"default_layout","footnotes":""},"categories":[3,864],"tags":[507,1006],"coauthors":[1004],"class_list":["post-19735","post","type-post","status-publish","format-standard","has-post-thumbnail","hentry","category-ecole","category-le-mot-de-la-semaine","tag-mottowoche","tag-terminale"],"yoast_head":"<!-- This site is optimized with the Yoast SEO plugin v27.5 - https:\/\/yoast.com\/product\/yoast-seo-wordpress\/ -->\n<title>Le mot de la semaine : #Mottowoche - Cam\u00e4l\u00e9on<\/title>\n<meta name=\"description\" content=\"La derni\u00e8re semaine des terminales...d\u00e9sespoir pour quelques-uns, cauchemar pour certains profs , et highlight de l&#039;ann\u00e9e pour les autres classes.\" \/>\n<meta name=\"robots\" content=\"index, follow, max-snippet:-1, max-image-preview:large, max-video-preview:-1\" \/>\n<link rel=\"canonical\" href=\"https:\/\/www.camaeleon.org\/de\/2020\/03\/06\/le-mot-de-la-semaine-mottowoche\/\" \/>\n<meta property=\"og:locale\" content=\"de_DE\" \/>\n<meta property=\"og:type\" content=\"article\" \/>\n<meta property=\"og:title\" content=\"Le mot de la semaine : #Mottowoche - Cam\u00e4l\u00e9on\" \/>\n<meta property=\"og:description\" content=\"La derni\u00e8re semaine des terminales...d\u00e9sespoir pour quelques-uns, cauchemar pour certains profs , et highlight de l&#039;ann\u00e9e pour les autres classes.\" \/>\n<meta property=\"og:url\" content=\"https:\/\/www.camaeleon.org\/de\/2020\/03\/06\/le-mot-de-la-semaine-mottowoche\/\" \/>\n<meta property=\"og:site_name\" content=\"Cam\u00e4l\u00e9on\" \/>\n<meta property=\"article:publisher\" content=\"https:\/\/www.facebook.com\/camaeleon.org\/\" \/>\n<meta property=\"article:published_time\" content=\"2020-03-06T16:36:18+00:00\" \/>\n<meta property=\"article:modified_time\" content=\"2020-12-23T11:23:36+00:00\" \/>\n<meta property=\"og:image\" content=\"https:\/\/www.camaeleon.org\/wp-content\/uploads\/2020\/03\/IMG-20200306-WA0013.jpg\" \/>\n\t<meta property=\"og:image:width\" content=\"880\" \/>\n\t<meta property=\"og:image:height\" content=\"902\" \/>\n\t<meta property=\"og:image:type\" content=\"image\/jpeg\" \/>\n<meta name=\"author\" content=\"Lucie Dima\" \/>\n<meta name=\"twitter:card\" content=\"summary_large_image\" \/>\n<meta name=\"twitter:creator\" content=\"@camaeleonOrg\" \/>\n<meta name=\"twitter:site\" content=\"@camaeleonOrg\" \/>\n<script type=\"application\/ld+json\" class=\"yoast-schema-graph\">{\"@context\":\"https:\\\/\\\/schema.org\",\"@graph\":[{\"@type\":\"Article\",\"@id\":\"https:\\\/\\\/www.camaeleon.org\\\/de\\\/2020\\\/03\\\/06\\\/le-mot-de-la-semaine-mottowoche\\\/#article\",\"isPartOf\":{\"@id\":\"https:\\\/\\\/www.camaeleon.org\\\/de\\\/2020\\\/03\\\/06\\\/le-mot-de-la-semaine-mottowoche\\\/\"},\"author\":{\"name\":\"Lucie Dima\",\"@id\":\"https:\\\/\\\/www.camaeleon.org\\\/de\\\/#\\\/schema\\\/person\\\/fcf99d360e423b29469039c45d97d505\"},\"headline\":\"Le mot de la semaine : #Mottowoche\",\"datePublished\":\"2020-03-06T16:36:18+00:00\",\"dateModified\":\"2020-12-23T11:23:36+00:00\",\"mainEntityOfPage\":{\"@id\":\"https:\\\/\\\/www.camaeleon.org\\\/de\\\/2020\\\/03\\\/06\\\/le-mot-de-la-semaine-mottowoche\\\/\"},\"wordCount\":933,\"commentCount\":0,\"publisher\":{\"@id\":\"https:\\\/\\\/www.camaeleon.org\\\/de\\\/#organization\"},\"image\":{\"@id\":\"https:\\\/\\\/www.camaeleon.org\\\/de\\\/2020\\\/03\\\/06\\\/le-mot-de-la-semaine-mottowoche\\\/#primaryimage\"},\"thumbnailUrl\":\"https:\\\/\\\/www.camaeleon.org\\\/wp-content\\\/uploads\\\/2020\\\/03\\\/IMG-20200306-WA0013.jpg\",\"keywords\":[\"Mottowoche\",\"Terminale\"],\"articleSection\":[\"Schule\",\"Das Wort der Woche\"],\"inLanguage\":\"de\",\"potentialAction\":[{\"@type\":\"CommentAction\",\"name\":\"Comment\",\"target\":[\"https:\\\/\\\/www.camaeleon.org\\\/de\\\/2020\\\/03\\\/06\\\/le-mot-de-la-semaine-mottowoche\\\/#respond\"]}]},{\"@type\":\"WebPage\",\"@id\":\"https:\\\/\\\/www.camaeleon.org\\\/de\\\/2020\\\/03\\\/06\\\/le-mot-de-la-semaine-mottowoche\\\/\",\"url\":\"https:\\\/\\\/www.camaeleon.org\\\/de\\\/2020\\\/03\\\/06\\\/le-mot-de-la-semaine-mottowoche\\\/\",\"name\":\"Le mot de la semaine : #Mottowoche - Cam\u00e4l\u00e9on\",\"isPartOf\":{\"@id\":\"https:\\\/\\\/www.camaeleon.org\\\/de\\\/#website\"},\"primaryImageOfPage\":{\"@id\":\"https:\\\/\\\/www.camaeleon.org\\\/de\\\/2020\\\/03\\\/06\\\/le-mot-de-la-semaine-mottowoche\\\/#primaryimage\"},\"image\":{\"@id\":\"https:\\\/\\\/www.camaeleon.org\\\/de\\\/2020\\\/03\\\/06\\\/le-mot-de-la-semaine-mottowoche\\\/#primaryimage\"},\"thumbnailUrl\":\"https:\\\/\\\/www.camaeleon.org\\\/wp-content\\\/uploads\\\/2020\\\/03\\\/IMG-20200306-WA0013.jpg\",\"datePublished\":\"2020-03-06T16:36:18+00:00\",\"dateModified\":\"2020-12-23T11:23:36+00:00\",\"description\":\"La derni\u00e8re semaine des terminales...d\u00e9sespoir pour quelques-uns, cauchemar pour certains profs , et highlight de l'ann\u00e9e pour les autres classes.\",\"breadcrumb\":{\"@id\":\"https:\\\/\\\/www.camaeleon.org\\\/de\\\/2020\\\/03\\\/06\\\/le-mot-de-la-semaine-mottowoche\\\/#breadcrumb\"},\"inLanguage\":\"de\",\"potentialAction\":[{\"@type\":\"ReadAction\",\"target\":[[\"https:\\\/\\\/www.camaeleon.org\\\/de\\\/2020\\\/03\\\/06\\\/le-mot-de-la-semaine-mottowoche\\\/\"]]}]},{\"@type\":\"ImageObject\",\"inLanguage\":\"de\",\"@id\":\"https:\\\/\\\/www.camaeleon.org\\\/de\\\/2020\\\/03\\\/06\\\/le-mot-de-la-semaine-mottowoche\\\/#primaryimage\",\"url\":\"https:\\\/\\\/www.camaeleon.org\\\/wp-content\\\/uploads\\\/2020\\\/03\\\/IMG-20200306-WA0013.jpg\",\"contentUrl\":\"https:\\\/\\\/www.camaeleon.org\\\/wp-content\\\/uploads\\\/2020\\\/03\\\/IMG-20200306-WA0013.jpg\",\"width\":880,\"height\":902,\"caption\":\"Mottowoche (photo: Lara Hoffmann)\"},{\"@type\":\"BreadcrumbList\",\"@id\":\"https:\\\/\\\/www.camaeleon.org\\\/de\\\/2020\\\/03\\\/06\\\/le-mot-de-la-semaine-mottowoche\\\/#breadcrumb\",\"itemListElement\":[{\"@type\":\"ListItem\",\"position\":1,\"name\":\"Home\",\"item\":\"https:\\\/\\\/www.camaeleon.org\\\/de\\\/\"},{\"@type\":\"ListItem\",\"position\":2,\"name\":\"Le mot de la semaine : #Mottowoche\"}]},{\"@type\":\"WebSite\",\"@id\":\"https:\\\/\\\/www.camaeleon.org\\\/de\\\/#website\",\"url\":\"https:\\\/\\\/www.camaeleon.org\\\/de\\\/\",\"name\":\"Cam\u00e4l\u00e9on\",\"description\":\"Das Sch\u00fclermagazin des Deutsch-Franz\u00f6sischen Gymnasiums Saarbr\u00fccken\",\"publisher\":{\"@id\":\"https:\\\/\\\/www.camaeleon.org\\\/de\\\/#organization\"},\"potentialAction\":[{\"@type\":\"SearchAction\",\"target\":{\"@type\":\"EntryPoint\",\"urlTemplate\":\"https:\\\/\\\/www.camaeleon.org\\\/de\\\/?s={search_term_string}\"},\"query-input\":{\"@type\":\"PropertyValueSpecification\",\"valueRequired\":true,\"valueName\":\"search_term_string\"}}],\"inLanguage\":\"de\"},{\"@type\":\"Organization\",\"@id\":\"https:\\\/\\\/www.camaeleon.org\\\/de\\\/#organization\",\"name\":\"Cam\u00e4l\u00e9on\",\"url\":\"https:\\\/\\\/www.camaeleon.org\\\/de\\\/\",\"logo\":{\"@type\":\"ImageObject\",\"inLanguage\":\"de\",\"@id\":\"https:\\\/\\\/www.camaeleon.org\\\/de\\\/#\\\/schema\\\/logo\\\/image\\\/\",\"url\":\"https:\\\/\\\/www.camaeleon.org\\\/wp-content\\\/uploads\\\/2011\\\/11\\\/CAM\u00c4LEON.jpg\",\"contentUrl\":\"https:\\\/\\\/www.camaeleon.org\\\/wp-content\\\/uploads\\\/2011\\\/11\\\/CAM\u00c4LEON.jpg\",\"width\":959,\"height\":959,\"caption\":\"Cam\u00e4l\u00e9on\"},\"image\":{\"@id\":\"https:\\\/\\\/www.camaeleon.org\\\/de\\\/#\\\/schema\\\/logo\\\/image\\\/\"},\"sameAs\":[\"https:\\\/\\\/www.facebook.com\\\/camaeleon.org\\\/\",\"https:\\\/\\\/x.com\\\/camaeleonOrg\",\"https:\\\/\\\/www.instagram.com\\\/camaeleon.dfg\\\/\",\"https:\\\/\\\/www.youtube.com\\\/channel\\\/UCl3TAUDdGuu_c7CD6ax6hYg\"]},{\"@type\":\"Person\",\"@id\":\"https:\\\/\\\/www.camaeleon.org\\\/de\\\/#\\\/schema\\\/person\\\/fcf99d360e423b29469039c45d97d505\",\"name\":\"Lucie Dima\",\"image\":{\"@type\":\"ImageObject\",\"inLanguage\":\"de\",\"@id\":\"https:\\\/\\\/www.camaeleon.org\\\/de\\\/wp-content\\\/uploads\\\/2018\\\/09\\\/lucie2-120x120.jpgdaf9846639dcfc9a3e32329cf5288e06\",\"url\":\"https:\\\/\\\/www.camaeleon.org\\\/wp-content\\\/uploads\\\/2018\\\/09\\\/lucie2-120x120.jpg\",\"contentUrl\":\"https:\\\/\\\/www.camaeleon.org\\\/wp-content\\\/uploads\\\/2018\\\/09\\\/lucie2-120x120.jpg\",\"caption\":\"Lucie Dima\"},\"url\":\"https:\\\/\\\/www.camaeleon.org\\\/de\\\/author\\\/lucie-dima\\\/\"}]}<\/script>\n<!-- \/ Yoast SEO plugin. -->","yoast_head_json":{"title":"Le mot de la semaine : #Mottowoche - Cam\u00e4l\u00e9on","description":"La derni\u00e8re semaine des terminales...d\u00e9sespoir pour quelques-uns, cauchemar pour certains profs , et highlight de l'ann\u00e9e pour les autres classes.","robots":{"index":"index","follow":"follow","max-snippet":"max-snippet:-1","max-image-preview":"max-image-preview:large","max-video-preview":"max-video-preview:-1"},"canonical":"https:\/\/www.camaeleon.org\/de\/2020\/03\/06\/le-mot-de-la-semaine-mottowoche\/","og_locale":"de_DE","og_type":"article","og_title":"Le mot de la semaine : #Mottowoche - Cam\u00e4l\u00e9on","og_description":"La derni\u00e8re semaine des terminales...d\u00e9sespoir pour quelques-uns, cauchemar pour certains profs , et highlight de l'ann\u00e9e pour les autres classes.","og_url":"https:\/\/www.camaeleon.org\/de\/2020\/03\/06\/le-mot-de-la-semaine-mottowoche\/","og_site_name":"Cam\u00e4l\u00e9on","article_publisher":"https:\/\/www.facebook.com\/camaeleon.org\/","article_published_time":"2020-03-06T16:36:18+00:00","article_modified_time":"2020-12-23T11:23:36+00:00","og_image":[{"width":880,"height":902,"url":"https:\/\/www.camaeleon.org\/wp-content\/uploads\/2020\/03\/IMG-20200306-WA0013.jpg","type":"image\/jpeg"}],"author":"Lucie Dima","twitter_card":"summary_large_image","twitter_creator":"@camaeleonOrg","twitter_site":"@camaeleonOrg","schema":{"@context":"https:\/\/schema.org","@graph":[{"@type":"Article","@id":"https:\/\/www.camaeleon.org\/de\/2020\/03\/06\/le-mot-de-la-semaine-mottowoche\/#article","isPartOf":{"@id":"https:\/\/www.camaeleon.org\/de\/2020\/03\/06\/le-mot-de-la-semaine-mottowoche\/"},"author":{"name":"Lucie Dima","@id":"https:\/\/www.camaeleon.org\/de\/#\/schema\/person\/fcf99d360e423b29469039c45d97d505"},"headline":"Le mot de la semaine : #Mottowoche","datePublished":"2020-03-06T16:36:18+00:00","dateModified":"2020-12-23T11:23:36+00:00","mainEntityOfPage":{"@id":"https:\/\/www.camaeleon.org\/de\/2020\/03\/06\/le-mot-de-la-semaine-mottowoche\/"},"wordCount":933,"commentCount":0,"publisher":{"@id":"https:\/\/www.camaeleon.org\/de\/#organization"},"image":{"@id":"https:\/\/www.camaeleon.org\/de\/2020\/03\/06\/le-mot-de-la-semaine-mottowoche\/#primaryimage"},"thumbnailUrl":"https:\/\/www.camaeleon.org\/wp-content\/uploads\/2020\/03\/IMG-20200306-WA0013.jpg","keywords":["Mottowoche","Terminale"],"articleSection":["Schule","Das Wort der Woche"],"inLanguage":"de","potentialAction":[{"@type":"CommentAction","name":"Comment","target":["https:\/\/www.camaeleon.org\/de\/2020\/03\/06\/le-mot-de-la-semaine-mottowoche\/#respond"]}]},{"@type":"WebPage","@id":"https:\/\/www.camaeleon.org\/de\/2020\/03\/06\/le-mot-de-la-semaine-mottowoche\/","url":"https:\/\/www.camaeleon.org\/de\/2020\/03\/06\/le-mot-de-la-semaine-mottowoche\/","name":"Le mot de la semaine : #Mottowoche - Cam\u00e4l\u00e9on","isPartOf":{"@id":"https:\/\/www.camaeleon.org\/de\/#website"},"primaryImageOfPage":{"@id":"https:\/\/www.camaeleon.org\/de\/2020\/03\/06\/le-mot-de-la-semaine-mottowoche\/#primaryimage"},"image":{"@id":"https:\/\/www.camaeleon.org\/de\/2020\/03\/06\/le-mot-de-la-semaine-mottowoche\/#primaryimage"},"thumbnailUrl":"https:\/\/www.camaeleon.org\/wp-content\/uploads\/2020\/03\/IMG-20200306-WA0013.jpg","datePublished":"2020-03-06T16:36:18+00:00","dateModified":"2020-12-23T11:23:36+00:00","description":"La derni\u00e8re semaine des terminales...d\u00e9sespoir pour quelques-uns, cauchemar pour certains profs , et highlight de l'ann\u00e9e pour les autres classes.","breadcrumb":{"@id":"https:\/\/www.camaeleon.org\/de\/2020\/03\/06\/le-mot-de-la-semaine-mottowoche\/#breadcrumb"},"inLanguage":"de","potentialAction":[{"@type":"ReadAction","target":[["https:\/\/www.camaeleon.org\/de\/2020\/03\/06\/le-mot-de-la-semaine-mottowoche\/"]]}]},{"@type":"ImageObject","inLanguage":"de","@id":"https:\/\/www.camaeleon.org\/de\/2020\/03\/06\/le-mot-de-la-semaine-mottowoche\/#primaryimage","url":"https:\/\/www.camaeleon.org\/wp-content\/uploads\/2020\/03\/IMG-20200306-WA0013.jpg","contentUrl":"https:\/\/www.camaeleon.org\/wp-content\/uploads\/2020\/03\/IMG-20200306-WA0013.jpg","width":880,"height":902,"caption":"Mottowoche (photo: Lara Hoffmann)"},{"@type":"BreadcrumbList","@id":"https:\/\/www.camaeleon.org\/de\/2020\/03\/06\/le-mot-de-la-semaine-mottowoche\/#breadcrumb","itemListElement":[{"@type":"ListItem","position":1,"name":"Home","item":"https:\/\/www.camaeleon.org\/de\/"},{"@type":"ListItem","position":2,"name":"Le mot de la semaine : #Mottowoche"}]},{"@type":"WebSite","@id":"https:\/\/www.camaeleon.org\/de\/#website","url":"https:\/\/www.camaeleon.org\/de\/","name":"Cam\u00e4l\u00e9on","description":"Das Sch\u00fclermagazin des Deutsch-Franz\u00f6sischen Gymnasiums Saarbr\u00fccken","publisher":{"@id":"https:\/\/www.camaeleon.org\/de\/#organization"},"potentialAction":[{"@type":"SearchAction","target":{"@type":"EntryPoint","urlTemplate":"https:\/\/www.camaeleon.org\/de\/?s={search_term_string}"},"query-input":{"@type":"PropertyValueSpecification","valueRequired":true,"valueName":"search_term_string"}}],"inLanguage":"de"},{"@type":"Organization","@id":"https:\/\/www.camaeleon.org\/de\/#organization","name":"Cam\u00e4l\u00e9on","url":"https:\/\/www.camaeleon.org\/de\/","logo":{"@type":"ImageObject","inLanguage":"de","@id":"https:\/\/www.camaeleon.org\/de\/#\/schema\/logo\/image\/","url":"https:\/\/www.camaeleon.org\/wp-content\/uploads\/2011\/11\/CAM\u00c4LEON.jpg","contentUrl":"https:\/\/www.camaeleon.org\/wp-content\/uploads\/2011\/11\/CAM\u00c4LEON.jpg","width":959,"height":959,"caption":"Cam\u00e4l\u00e9on"},"image":{"@id":"https:\/\/www.camaeleon.org\/de\/#\/schema\/logo\/image\/"},"sameAs":["https:\/\/www.facebook.com\/camaeleon.org\/","https:\/\/x.com\/camaeleonOrg","https:\/\/www.instagram.com\/camaeleon.dfg\/","https:\/\/www.youtube.com\/channel\/UCl3TAUDdGuu_c7CD6ax6hYg"]},{"@type":"Person","@id":"https:\/\/www.camaeleon.org\/de\/#\/schema\/person\/fcf99d360e423b29469039c45d97d505","name":"Lucie Dima","image":{"@type":"ImageObject","inLanguage":"de","@id":"https:\/\/www.camaeleon.org\/de\/wp-content\/uploads\/2018\/09\/lucie2-120x120.jpgdaf9846639dcfc9a3e32329cf5288e06","url":"https:\/\/www.camaeleon.org\/wp-content\/uploads\/2018\/09\/lucie2-120x120.jpg","contentUrl":"https:\/\/www.camaeleon.org\/wp-content\/uploads\/2018\/09\/lucie2-120x120.jpg","caption":"Lucie Dima"},"url":"https:\/\/www.camaeleon.org\/de\/author\/lucie-dima\/"}]}},"_links":{"self":[{"href":"https:\/\/www.camaeleon.org\/de\/wp-json\/wp\/v2\/posts\/19735","targetHints":{"allow":["GET"]}}],"collection":[{"href":"https:\/\/www.camaeleon.org\/de\/wp-json\/wp\/v2\/posts"}],"about":[{"href":"https:\/\/www.camaeleon.org\/de\/wp-json\/wp\/v2\/types\/post"}],"author":[{"embeddable":true,"href":"https:\/\/www.camaeleon.org\/de\/wp-json\/wp\/v2\/users\/130"}],"replies":[{"embeddable":true,"href":"https:\/\/www.camaeleon.org\/de\/wp-json\/wp\/v2\/comments?post=19735"}],"version-history":[{"count":0,"href":"https:\/\/www.camaeleon.org\/de\/wp-json\/wp\/v2\/posts\/19735\/revisions"}],"wp:featuredmedia":[{"embeddable":true,"href":"https:\/\/www.camaeleon.org\/de\/wp-json\/wp\/v2\/media\/19744"}],"wp:attachment":[{"href":"https:\/\/www.camaeleon.org\/de\/wp-json\/wp\/v2\/media?parent=19735"}],"wp:term":[{"taxonomy":"category","embeddable":true,"href":"https:\/\/www.camaeleon.org\/de\/wp-json\/wp\/v2\/categories?post=19735"},{"taxonomy":"post_tag","embeddable":true,"href":"https:\/\/www.camaeleon.org\/de\/wp-json\/wp\/v2\/tags?post=19735"},{"taxonomy":"author","embeddable":true,"href":"https:\/\/www.camaeleon.org\/de\/wp-json\/wp\/v2\/coauthors?post=19735"}],"curies":[{"name":"wp","href":"https:\/\/api.w.org\/{rel}","templated":true}]}}