{"id":19689,"date":"2020-02-10T17:02:10","date_gmt":"2020-02-10T16:02:10","guid":{"rendered":"https:\/\/www.camaeleon.org\/?p=19689"},"modified":"2020-12-23T12:24:39","modified_gmt":"2020-12-23T11:24:39","slug":"sturmtief-sabine-der-morgen-danach-am-dfg","status":"publish","type":"post","link":"https:\/\/www.camaeleon.org\/de\/2020\/02\/10\/sturmtief-sabine-der-morgen-danach-am-dfg\/","title":{"rendered":"Sturmtief &#8222;Sabine&#8220; \u2013 Der Morgen danach am DFG"},"content":{"rendered":"<p>Wart ihr am Montag in der Schule? Oder haben eure Eltern euch daheim gelassen?<\/p>\n<p>Aufgrund des Sturmtiefs &#8222;Sabine&#8220; wurde der Schulbesuch laut Administration &#8222;freigestellt&#8220;. Das Ergebnis: Viele Sch\u00fcler fehlten, in vielen Klassen waren nur noch vier oder f\u00fcnf Sch\u00fcler.<\/p>\n<p>Manche Lehrer konnten auch nicht kommen, da auf ihrem Weg B\u00e4ume lagen. Die Folge waren leere G\u00e4nge, leere Klassenr\u00e4ume, ein leerer Pausenhof und eine leere Eingangshalle.<\/p>\n<p>Im Kurzvideo k\u00f6nnt ihr euch davon einen Eindruck machen.<\/p>\n<div class=\"lyte-wrapper\" style=\"width:1280px;max-width:100%;margin:5px auto;\"><div class=\"lyMe hidef\" id=\"WYL_qBpf6Kuh7Zo\"><div id=\"lyte_qBpf6Kuh7Zo\" data-src=\"https:\/\/www.camaeleon.org\/wp-content\/plugins\/wp-youtube-lyte\/lyteCache.php?origThumbUrl=%2F%2Fi.ytimg.com%2Fvi%2FqBpf6Kuh7Zo%2Fhqdefault.jpg\" class=\"pL\"><div class=\"tC\"><div class=\"tT\"><\/div><\/div><div class=\"play\"><\/div><div class=\"ctrl\"><div class=\"Lctrl\"><\/div><div class=\"Rctrl\"><\/div><\/div><\/div><noscript><a href=\"https:\/\/youtu.be\/qBpf6Kuh7Zo\" rel=\"nofollow\"><img loading=\"lazy\" decoding=\"async\" src=\"https:\/\/www.camaeleon.org\/wp-content\/plugins\/wp-youtube-lyte\/lyteCache.php?origThumbUrl=https%3A%2F%2Fi.ytimg.com%2Fvi%2FqBpf6Kuh7Zo%2F0.jpg\" alt=\"YouTube-Video-Vorschaubild\" width=\"1280\" height=\"700\" \/><br \/>Dieses Video auf YouTube ansehen<\/a><\/noscript><\/div><\/div><div class=\"lL\" style=\"max-width:100%;width:1280px;margin:5px auto;\"><br\/><span class=\"lyte_disclaimer\">Mit dem Klick auf das Video wird eine Verbindung zu YouTube hergestellt. Weitere Infos in der <a href=\"https:\/\/www.camaeleon.org\/de\/mentions-legales\/declaration-de-protection-des-donnees\/\">Datenschutzerkl\u00e4rung<\/a>.<\/span><\/div><\/p>\n<p>Schreibt doch gerne mal, ob Ihr im Unterricht wart oder nicht!<\/p>\n","protected":false},"excerpt":{"rendered":"<p>Wart ihr am Montag in der Schule? Oder haben eure Eltern euch daheim gelassen? Aufgrund des Sturmtiefs &#8222;Sabine&#8220; wurde der Schulbesuch laut Administration &#8222;freigestellt&#8220;. Das<\/p>\n","protected":false},"author":128,"featured_media":19690,"comment_status":"open","ping_status":"closed","sticky":false,"template":"","format":"standard","meta":{"colormag_page_container_layout":"default_layout","colormag_page_sidebar_layout":"default_layout","footnotes":""},"categories":[3,908],"tags":[1155,1156],"coauthors":[744],"class_list":["post-19689","post","type-post","status-publish","format-standard","has-post-thumbnail","hentry","category-ecole","category-camaeleon-video","tag-sturm","tag-sturmtief"],"yoast_head":"<!-- This site is optimized with the Yoast SEO plugin v27.5 - https:\/\/yoast.com\/product\/yoast-seo-wordpress\/ -->\n<title>Sturmtief &quot;Sabine&quot; \u2013 Der Morgen danach am DFG - Cam\u00e4l\u00e9on<\/title>\n<meta name=\"description\" content=\"Aufgrund des Sturmtiefs &quot;Sabine&quot; wurde der Schulbesuch laut Administration &quot;freigestellt&quot;. Das Ergebnis: Viele Sch\u00fcler fehlten, in vielen Klassen waren nur noch vier oder f\u00fcnf Sch\u00fcler. Im Kurzvideo k\u00f6nnt ihr euch davon einen Eindruck machen.\" \/>\n<meta name=\"robots\" content=\"index, follow, max-snippet:-1, max-image-preview:large, max-video-preview:-1\" \/>\n<link rel=\"canonical\" href=\"https:\/\/www.camaeleon.org\/de\/2020\/02\/10\/sturmtief-sabine-der-morgen-danach-am-dfg\/\" \/>\n<meta property=\"og:locale\" content=\"de_DE\" \/>\n<meta property=\"og:type\" content=\"article\" \/>\n<meta property=\"og:title\" content=\"Sturmtief &quot;Sabine&quot; \u2013 Der Morgen danach am DFG - Cam\u00e4l\u00e9on\" \/>\n<meta property=\"og:description\" content=\"Aufgrund des Sturmtiefs &quot;Sabine&quot; wurde der Schulbesuch laut Administration &quot;freigestellt&quot;. Das Ergebnis: Viele Sch\u00fcler fehlten, in vielen Klassen waren nur noch vier oder f\u00fcnf Sch\u00fcler. Im Kurzvideo k\u00f6nnt ihr euch davon einen Eindruck machen.\" \/>\n<meta property=\"og:url\" content=\"https:\/\/www.camaeleon.org\/de\/2020\/02\/10\/sturmtief-sabine-der-morgen-danach-am-dfg\/\" \/>\n<meta property=\"og:site_name\" content=\"Cam\u00e4l\u00e9on\" \/>\n<meta property=\"article:publisher\" content=\"https:\/\/www.facebook.com\/camaeleon.org\/\" \/>\n<meta property=\"article:published_time\" content=\"2020-02-10T16:02:10+00:00\" \/>\n<meta property=\"article:modified_time\" content=\"2020-12-23T11:24:39+00:00\" \/>\n<meta property=\"og:image\" content=\"https:\/\/www.camaeleon.org\/wp-content\/uploads\/2020\/02\/DFG-Schulhof.jpg\" \/>\n\t<meta property=\"og:image:width\" content=\"1000\" \/>\n\t<meta property=\"og:image:height\" content=\"750\" \/>\n\t<meta property=\"og:image:type\" content=\"image\/jpeg\" \/>\n<meta name=\"author\" content=\"Max Ernst\" \/>\n<meta name=\"twitter:card\" content=\"summary_large_image\" \/>\n<meta name=\"twitter:creator\" content=\"@camaeleonOrg\" \/>\n<meta name=\"twitter:site\" content=\"@camaeleonOrg\" \/>\n<script type=\"application\/ld+json\" class=\"yoast-schema-graph\">{\"@context\":\"https:\\\/\\\/schema.org\",\"@graph\":[{\"@type\":\"Article\",\"@id\":\"https:\\\/\\\/www.camaeleon.org\\\/de\\\/2020\\\/02\\\/10\\\/sturmtief-sabine-der-morgen-danach-am-dfg\\\/#article\",\"isPartOf\":{\"@id\":\"https:\\\/\\\/www.camaeleon.org\\\/de\\\/2020\\\/02\\\/10\\\/sturmtief-sabine-der-morgen-danach-am-dfg\\\/\"},\"author\":{\"name\":\"Max Ernst\",\"@id\":\"https:\\\/\\\/www.camaeleon.org\\\/de\\\/#\\\/schema\\\/person\\\/052ee327c421b495af4657a44187a959\"},\"headline\":\"Sturmtief &#8222;Sabine&#8220; \u2013 Der Morgen danach am DFG\",\"datePublished\":\"2020-02-10T16:02:10+00:00\",\"dateModified\":\"2020-12-23T11:24:39+00:00\",\"mainEntityOfPage\":{\"@id\":\"https:\\\/\\\/www.camaeleon.org\\\/de\\\/2020\\\/02\\\/10\\\/sturmtief-sabine-der-morgen-danach-am-dfg\\\/\"},\"wordCount\":105,\"commentCount\":0,\"publisher\":{\"@id\":\"https:\\\/\\\/www.camaeleon.org\\\/de\\\/#organization\"},\"image\":{\"@id\":\"https:\\\/\\\/www.camaeleon.org\\\/de\\\/2020\\\/02\\\/10\\\/sturmtief-sabine-der-morgen-danach-am-dfg\\\/#primaryimage\"},\"thumbnailUrl\":\"https:\\\/\\\/www.camaeleon.org\\\/wp-content\\\/uploads\\\/2020\\\/02\\\/DFG-Schulhof.jpg\",\"keywords\":[\"Sturm\",\"Sturmtief\"],\"articleSection\":[\"Schule\",\"Video\"],\"inLanguage\":\"de\",\"potentialAction\":[{\"@type\":\"CommentAction\",\"name\":\"Comment\",\"target\":[\"https:\\\/\\\/www.camaeleon.org\\\/de\\\/2020\\\/02\\\/10\\\/sturmtief-sabine-der-morgen-danach-am-dfg\\\/#respond\"]}]},{\"@type\":\"WebPage\",\"@id\":\"https:\\\/\\\/www.camaeleon.org\\\/de\\\/2020\\\/02\\\/10\\\/sturmtief-sabine-der-morgen-danach-am-dfg\\\/\",\"url\":\"https:\\\/\\\/www.camaeleon.org\\\/de\\\/2020\\\/02\\\/10\\\/sturmtief-sabine-der-morgen-danach-am-dfg\\\/\",\"name\":\"Sturmtief \\\"Sabine\\\" \u2013 Der Morgen danach am DFG - Cam\u00e4l\u00e9on\",\"isPartOf\":{\"@id\":\"https:\\\/\\\/www.camaeleon.org\\\/de\\\/#website\"},\"primaryImageOfPage\":{\"@id\":\"https:\\\/\\\/www.camaeleon.org\\\/de\\\/2020\\\/02\\\/10\\\/sturmtief-sabine-der-morgen-danach-am-dfg\\\/#primaryimage\"},\"image\":{\"@id\":\"https:\\\/\\\/www.camaeleon.org\\\/de\\\/2020\\\/02\\\/10\\\/sturmtief-sabine-der-morgen-danach-am-dfg\\\/#primaryimage\"},\"thumbnailUrl\":\"https:\\\/\\\/www.camaeleon.org\\\/wp-content\\\/uploads\\\/2020\\\/02\\\/DFG-Schulhof.jpg\",\"datePublished\":\"2020-02-10T16:02:10+00:00\",\"dateModified\":\"2020-12-23T11:24:39+00:00\",\"description\":\"Aufgrund des Sturmtiefs \\\"Sabine\\\" wurde der Schulbesuch laut Administration \\\"freigestellt\\\". Das Ergebnis: Viele Sch\u00fcler fehlten, in vielen Klassen waren nur noch vier oder f\u00fcnf Sch\u00fcler. Im Kurzvideo k\u00f6nnt ihr euch davon einen Eindruck machen.\",\"breadcrumb\":{\"@id\":\"https:\\\/\\\/www.camaeleon.org\\\/de\\\/2020\\\/02\\\/10\\\/sturmtief-sabine-der-morgen-danach-am-dfg\\\/#breadcrumb\"},\"inLanguage\":\"de\",\"potentialAction\":[{\"@type\":\"ReadAction\",\"target\":[[\"https:\\\/\\\/www.camaeleon.org\\\/de\\\/2020\\\/02\\\/10\\\/sturmtief-sabine-der-morgen-danach-am-dfg\\\/\"]]}]},{\"@type\":\"ImageObject\",\"inLanguage\":\"de\",\"@id\":\"https:\\\/\\\/www.camaeleon.org\\\/de\\\/2020\\\/02\\\/10\\\/sturmtief-sabine-der-morgen-danach-am-dfg\\\/#primaryimage\",\"url\":\"https:\\\/\\\/www.camaeleon.org\\\/wp-content\\\/uploads\\\/2020\\\/02\\\/DFG-Schulhof.jpg\",\"contentUrl\":\"https:\\\/\\\/www.camaeleon.org\\\/wp-content\\\/uploads\\\/2020\\\/02\\\/DFG-Schulhof.jpg\",\"width\":1000,\"height\":750,\"caption\":\"Foto: Ernst \\\/ Cam\u00e4l\u00e9on\"},{\"@type\":\"BreadcrumbList\",\"@id\":\"https:\\\/\\\/www.camaeleon.org\\\/de\\\/2020\\\/02\\\/10\\\/sturmtief-sabine-der-morgen-danach-am-dfg\\\/#breadcrumb\",\"itemListElement\":[{\"@type\":\"ListItem\",\"position\":1,\"name\":\"Home\",\"item\":\"https:\\\/\\\/www.camaeleon.org\\\/de\\\/\"},{\"@type\":\"ListItem\",\"position\":2,\"name\":\"Sturmtief &#8222;Sabine&#8220; \u2013 Der Morgen danach am DFG\"}]},{\"@type\":\"WebSite\",\"@id\":\"https:\\\/\\\/www.camaeleon.org\\\/de\\\/#website\",\"url\":\"https:\\\/\\\/www.camaeleon.org\\\/de\\\/\",\"name\":\"Cam\u00e4l\u00e9on\",\"description\":\"Das Sch\u00fclermagazin des Deutsch-Franz\u00f6sischen Gymnasiums Saarbr\u00fccken\",\"publisher\":{\"@id\":\"https:\\\/\\\/www.camaeleon.org\\\/de\\\/#organization\"},\"potentialAction\":[{\"@type\":\"SearchAction\",\"target\":{\"@type\":\"EntryPoint\",\"urlTemplate\":\"https:\\\/\\\/www.camaeleon.org\\\/de\\\/?s={search_term_string}\"},\"query-input\":{\"@type\":\"PropertyValueSpecification\",\"valueRequired\":true,\"valueName\":\"search_term_string\"}}],\"inLanguage\":\"de\"},{\"@type\":\"Organization\",\"@id\":\"https:\\\/\\\/www.camaeleon.org\\\/de\\\/#organization\",\"name\":\"Cam\u00e4l\u00e9on\",\"url\":\"https:\\\/\\\/www.camaeleon.org\\\/de\\\/\",\"logo\":{\"@type\":\"ImageObject\",\"inLanguage\":\"de\",\"@id\":\"https:\\\/\\\/www.camaeleon.org\\\/de\\\/#\\\/schema\\\/logo\\\/image\\\/\",\"url\":\"https:\\\/\\\/www.camaeleon.org\\\/wp-content\\\/uploads\\\/2011\\\/11\\\/CAM\u00c4LEON.jpg\",\"contentUrl\":\"https:\\\/\\\/www.camaeleon.org\\\/wp-content\\\/uploads\\\/2011\\\/11\\\/CAM\u00c4LEON.jpg\",\"width\":959,\"height\":959,\"caption\":\"Cam\u00e4l\u00e9on\"},\"image\":{\"@id\":\"https:\\\/\\\/www.camaeleon.org\\\/de\\\/#\\\/schema\\\/logo\\\/image\\\/\"},\"sameAs\":[\"https:\\\/\\\/www.facebook.com\\\/camaeleon.org\\\/\",\"https:\\\/\\\/x.com\\\/camaeleonOrg\",\"https:\\\/\\\/www.instagram.com\\\/camaeleon.dfg\\\/\",\"https:\\\/\\\/www.youtube.com\\\/channel\\\/UCl3TAUDdGuu_c7CD6ax6hYg\"]},{\"@type\":\"Person\",\"@id\":\"https:\\\/\\\/www.camaeleon.org\\\/de\\\/#\\\/schema\\\/person\\\/052ee327c421b495af4657a44187a959\",\"name\":\"Max Ernst\",\"image\":{\"@type\":\"ImageObject\",\"inLanguage\":\"de\",\"@id\":\"https:\\\/\\\/www.camaeleon.org\\\/de\\\/wp-content\\\/uploads\\\/2024\\\/01\\\/IMG-20231204-WA0001-01-150x150.jpeg3fc50e401fd745f06a8339d74db41d5e\",\"url\":\"https:\\\/\\\/www.camaeleon.org\\\/wp-content\\\/uploads\\\/2024\\\/01\\\/IMG-20231204-WA0001-01-150x150.jpeg\",\"contentUrl\":\"https:\\\/\\\/www.camaeleon.org\\\/wp-content\\\/uploads\\\/2024\\\/01\\\/IMG-20231204-WA0001-01-150x150.jpeg\",\"caption\":\"Max Ernst\"},\"description\":\"Hi! Ich bin Max Ernst, 16 Jahre alt, seit 2017 bei Cam\u00e4l\u00e9on dabei und gehe in die Klasse Tle ES. Meine Interessen sind Fotografie, Musik und alles Aktuelle. Mehr \u00fcber mich: www.maxmernst.de.\",\"sameAs\":[\"http:\\\/\\\/www.maxmernst.de\"],\"url\":\"https:\\\/\\\/www.camaeleon.org\\\/de\\\/author\\\/max-ernst\\\/\"}]}<\/script>\n<!-- \/ Yoast SEO plugin. -->","yoast_head_json":{"title":"Sturmtief \"Sabine\" \u2013 Der Morgen danach am DFG - Cam\u00e4l\u00e9on","description":"Aufgrund des Sturmtiefs \"Sabine\" wurde der Schulbesuch laut Administration \"freigestellt\". Das Ergebnis: Viele Sch\u00fcler fehlten, in vielen Klassen waren nur noch vier oder f\u00fcnf Sch\u00fcler. Im Kurzvideo k\u00f6nnt ihr euch davon einen Eindruck machen.","robots":{"index":"index","follow":"follow","max-snippet":"max-snippet:-1","max-image-preview":"max-image-preview:large","max-video-preview":"max-video-preview:-1"},"canonical":"https:\/\/www.camaeleon.org\/de\/2020\/02\/10\/sturmtief-sabine-der-morgen-danach-am-dfg\/","og_locale":"de_DE","og_type":"article","og_title":"Sturmtief \"Sabine\" \u2013 Der Morgen danach am DFG - Cam\u00e4l\u00e9on","og_description":"Aufgrund des Sturmtiefs \"Sabine\" wurde der Schulbesuch laut Administration \"freigestellt\". Das Ergebnis: Viele Sch\u00fcler fehlten, in vielen Klassen waren nur noch vier oder f\u00fcnf Sch\u00fcler. Im Kurzvideo k\u00f6nnt ihr euch davon einen Eindruck machen.","og_url":"https:\/\/www.camaeleon.org\/de\/2020\/02\/10\/sturmtief-sabine-der-morgen-danach-am-dfg\/","og_site_name":"Cam\u00e4l\u00e9on","article_publisher":"https:\/\/www.facebook.com\/camaeleon.org\/","article_published_time":"2020-02-10T16:02:10+00:00","article_modified_time":"2020-12-23T11:24:39+00:00","og_image":[{"width":1000,"height":750,"url":"https:\/\/www.camaeleon.org\/wp-content\/uploads\/2020\/02\/DFG-Schulhof.jpg","type":"image\/jpeg"}],"author":"Max Ernst","twitter_card":"summary_large_image","twitter_creator":"@camaeleonOrg","twitter_site":"@camaeleonOrg","schema":{"@context":"https:\/\/schema.org","@graph":[{"@type":"Article","@id":"https:\/\/www.camaeleon.org\/de\/2020\/02\/10\/sturmtief-sabine-der-morgen-danach-am-dfg\/#article","isPartOf":{"@id":"https:\/\/www.camaeleon.org\/de\/2020\/02\/10\/sturmtief-sabine-der-morgen-danach-am-dfg\/"},"author":{"name":"Max Ernst","@id":"https:\/\/www.camaeleon.org\/de\/#\/schema\/person\/052ee327c421b495af4657a44187a959"},"headline":"Sturmtief &#8222;Sabine&#8220; \u2013 Der Morgen danach am DFG","datePublished":"2020-02-10T16:02:10+00:00","dateModified":"2020-12-23T11:24:39+00:00","mainEntityOfPage":{"@id":"https:\/\/www.camaeleon.org\/de\/2020\/02\/10\/sturmtief-sabine-der-morgen-danach-am-dfg\/"},"wordCount":105,"commentCount":0,"publisher":{"@id":"https:\/\/www.camaeleon.org\/de\/#organization"},"image":{"@id":"https:\/\/www.camaeleon.org\/de\/2020\/02\/10\/sturmtief-sabine-der-morgen-danach-am-dfg\/#primaryimage"},"thumbnailUrl":"https:\/\/www.camaeleon.org\/wp-content\/uploads\/2020\/02\/DFG-Schulhof.jpg","keywords":["Sturm","Sturmtief"],"articleSection":["Schule","Video"],"inLanguage":"de","potentialAction":[{"@type":"CommentAction","name":"Comment","target":["https:\/\/www.camaeleon.org\/de\/2020\/02\/10\/sturmtief-sabine-der-morgen-danach-am-dfg\/#respond"]}]},{"@type":"WebPage","@id":"https:\/\/www.camaeleon.org\/de\/2020\/02\/10\/sturmtief-sabine-der-morgen-danach-am-dfg\/","url":"https:\/\/www.camaeleon.org\/de\/2020\/02\/10\/sturmtief-sabine-der-morgen-danach-am-dfg\/","name":"Sturmtief \"Sabine\" \u2013 Der Morgen danach am DFG - Cam\u00e4l\u00e9on","isPartOf":{"@id":"https:\/\/www.camaeleon.org\/de\/#website"},"primaryImageOfPage":{"@id":"https:\/\/www.camaeleon.org\/de\/2020\/02\/10\/sturmtief-sabine-der-morgen-danach-am-dfg\/#primaryimage"},"image":{"@id":"https:\/\/www.camaeleon.org\/de\/2020\/02\/10\/sturmtief-sabine-der-morgen-danach-am-dfg\/#primaryimage"},"thumbnailUrl":"https:\/\/www.camaeleon.org\/wp-content\/uploads\/2020\/02\/DFG-Schulhof.jpg","datePublished":"2020-02-10T16:02:10+00:00","dateModified":"2020-12-23T11:24:39+00:00","description":"Aufgrund des Sturmtiefs \"Sabine\" wurde der Schulbesuch laut Administration \"freigestellt\". Das Ergebnis: Viele Sch\u00fcler fehlten, in vielen Klassen waren nur noch vier oder f\u00fcnf Sch\u00fcler. Im Kurzvideo k\u00f6nnt ihr euch davon einen Eindruck machen.","breadcrumb":{"@id":"https:\/\/www.camaeleon.org\/de\/2020\/02\/10\/sturmtief-sabine-der-morgen-danach-am-dfg\/#breadcrumb"},"inLanguage":"de","potentialAction":[{"@type":"ReadAction","target":[["https:\/\/www.camaeleon.org\/de\/2020\/02\/10\/sturmtief-sabine-der-morgen-danach-am-dfg\/"]]}]},{"@type":"ImageObject","inLanguage":"de","@id":"https:\/\/www.camaeleon.org\/de\/2020\/02\/10\/sturmtief-sabine-der-morgen-danach-am-dfg\/#primaryimage","url":"https:\/\/www.camaeleon.org\/wp-content\/uploads\/2020\/02\/DFG-Schulhof.jpg","contentUrl":"https:\/\/www.camaeleon.org\/wp-content\/uploads\/2020\/02\/DFG-Schulhof.jpg","width":1000,"height":750,"caption":"Foto: Ernst \/ Cam\u00e4l\u00e9on"},{"@type":"BreadcrumbList","@id":"https:\/\/www.camaeleon.org\/de\/2020\/02\/10\/sturmtief-sabine-der-morgen-danach-am-dfg\/#breadcrumb","itemListElement":[{"@type":"ListItem","position":1,"name":"Home","item":"https:\/\/www.camaeleon.org\/de\/"},{"@type":"ListItem","position":2,"name":"Sturmtief &#8222;Sabine&#8220; \u2013 Der Morgen danach am DFG"}]},{"@type":"WebSite","@id":"https:\/\/www.camaeleon.org\/de\/#website","url":"https:\/\/www.camaeleon.org\/de\/","name":"Cam\u00e4l\u00e9on","description":"Das Sch\u00fclermagazin des Deutsch-Franz\u00f6sischen Gymnasiums Saarbr\u00fccken","publisher":{"@id":"https:\/\/www.camaeleon.org\/de\/#organization"},"potentialAction":[{"@type":"SearchAction","target":{"@type":"EntryPoint","urlTemplate":"https:\/\/www.camaeleon.org\/de\/?s={search_term_string}"},"query-input":{"@type":"PropertyValueSpecification","valueRequired":true,"valueName":"search_term_string"}}],"inLanguage":"de"},{"@type":"Organization","@id":"https:\/\/www.camaeleon.org\/de\/#organization","name":"Cam\u00e4l\u00e9on","url":"https:\/\/www.camaeleon.org\/de\/","logo":{"@type":"ImageObject","inLanguage":"de","@id":"https:\/\/www.camaeleon.org\/de\/#\/schema\/logo\/image\/","url":"https:\/\/www.camaeleon.org\/wp-content\/uploads\/2011\/11\/CAM\u00c4LEON.jpg","contentUrl":"https:\/\/www.camaeleon.org\/wp-content\/uploads\/2011\/11\/CAM\u00c4LEON.jpg","width":959,"height":959,"caption":"Cam\u00e4l\u00e9on"},"image":{"@id":"https:\/\/www.camaeleon.org\/de\/#\/schema\/logo\/image\/"},"sameAs":["https:\/\/www.facebook.com\/camaeleon.org\/","https:\/\/x.com\/camaeleonOrg","https:\/\/www.instagram.com\/camaeleon.dfg\/","https:\/\/www.youtube.com\/channel\/UCl3TAUDdGuu_c7CD6ax6hYg"]},{"@type":"Person","@id":"https:\/\/www.camaeleon.org\/de\/#\/schema\/person\/052ee327c421b495af4657a44187a959","name":"Max Ernst","image":{"@type":"ImageObject","inLanguage":"de","@id":"https:\/\/www.camaeleon.org\/de\/wp-content\/uploads\/2024\/01\/IMG-20231204-WA0001-01-150x150.jpeg3fc50e401fd745f06a8339d74db41d5e","url":"https:\/\/www.camaeleon.org\/wp-content\/uploads\/2024\/01\/IMG-20231204-WA0001-01-150x150.jpeg","contentUrl":"https:\/\/www.camaeleon.org\/wp-content\/uploads\/2024\/01\/IMG-20231204-WA0001-01-150x150.jpeg","caption":"Max Ernst"},"description":"Hi! Ich bin Max Ernst, 16 Jahre alt, seit 2017 bei Cam\u00e4l\u00e9on dabei und gehe in die Klasse Tle ES. Meine Interessen sind Fotografie, Musik und alles Aktuelle. Mehr \u00fcber mich: www.maxmernst.de.","sameAs":["http:\/\/www.maxmernst.de"],"url":"https:\/\/www.camaeleon.org\/de\/author\/max-ernst\/"}]}},"_links":{"self":[{"href":"https:\/\/www.camaeleon.org\/de\/wp-json\/wp\/v2\/posts\/19689","targetHints":{"allow":["GET"]}}],"collection":[{"href":"https:\/\/www.camaeleon.org\/de\/wp-json\/wp\/v2\/posts"}],"about":[{"href":"https:\/\/www.camaeleon.org\/de\/wp-json\/wp\/v2\/types\/post"}],"author":[{"embeddable":true,"href":"https:\/\/www.camaeleon.org\/de\/wp-json\/wp\/v2\/users\/128"}],"replies":[{"embeddable":true,"href":"https:\/\/www.camaeleon.org\/de\/wp-json\/wp\/v2\/comments?post=19689"}],"version-history":[{"count":0,"href":"https:\/\/www.camaeleon.org\/de\/wp-json\/wp\/v2\/posts\/19689\/revisions"}],"wp:featuredmedia":[{"embeddable":true,"href":"https:\/\/www.camaeleon.org\/de\/wp-json\/wp\/v2\/media\/19690"}],"wp:attachment":[{"href":"https:\/\/www.camaeleon.org\/de\/wp-json\/wp\/v2\/media?parent=19689"}],"wp:term":[{"taxonomy":"category","embeddable":true,"href":"https:\/\/www.camaeleon.org\/de\/wp-json\/wp\/v2\/categories?post=19689"},{"taxonomy":"post_tag","embeddable":true,"href":"https:\/\/www.camaeleon.org\/de\/wp-json\/wp\/v2\/tags?post=19689"},{"taxonomy":"author","embeddable":true,"href":"https:\/\/www.camaeleon.org\/de\/wp-json\/wp\/v2\/coauthors?post=19689"}],"curies":[{"name":"wp","href":"https:\/\/api.w.org\/{rel}","templated":true}]}}