{"id":19035,"date":"2019-07-02T15:52:39","date_gmt":"2019-07-02T13:52:39","guid":{"rendered":"https:\/\/www.camaeleon.org\/?p=19035"},"modified":"2022-05-23T19:18:51","modified_gmt":"2022-05-23T17:18:51","slug":"interview-avec-isabelle-picault-un-enthousiasme-communicatif","status":"publish","type":"post","link":"https:\/\/www.camaeleon.org\/de\/2019\/07\/02\/interview-avec-isabelle-picault-un-enthousiasme-communicatif\/","title":{"rendered":"Interview d&#8217;Isabelle Picault : un enthousiasme communicatif"},"content":{"rendered":"<figure id=\"attachment_19044\" aria-describedby=\"caption-attachment-19044\" style=\"width: 300px\" class=\"wp-caption alignleft\"><a href=\"https:\/\/www.camaeleon.org\/2019\/07\/02\/interview-avec-isabelle-picault-un-enthousiasme-communicatif\/mme-picault\/\" rel=\"attachment wp-att-19044\"><img loading=\"lazy\" decoding=\"async\" class=\"size-medium wp-image-19044\" src=\"https:\/\/www.camaeleon.org\/wp-content\/uploads\/2019\/07\/Mme-Picault-300x225.jpg\" alt=\"\" width=\"300\" height=\"225\" srcset=\"https:\/\/www.camaeleon.org\/wp-content\/uploads\/2019\/07\/Mme-Picault-300x225.jpg 300w, https:\/\/www.camaeleon.org\/wp-content\/uploads\/2019\/07\/Mme-Picault-800x600.jpg 800w, https:\/\/www.camaeleon.org\/wp-content\/uploads\/2019\/07\/Mme-Picault.jpg 1000w\" sizes=\"auto, (max-width: 300px) 100vw, 300px\" \/><\/a><figcaption id=\"caption-attachment-19044\" class=\"wp-caption-text\">Mmes Picault et Alofs, et l&#8217;\u00e9quipe de Cam\u00e4l\u00e9on<\/figcaption><\/figure>\n<p>Mardi 18 juin, Isabelle Picault, conseill\u00e8re culturelle adjointe \u00e0 l&#8217;ambassade de Berlin et d\u00e9l\u00e9gu\u00e9e de la direction de l&#8217;AEFE, \u00e9tait pr\u00e9sente dans notre \u00e9cole. A cette occasion, la r\u00e9daction de Cam\u00e4l\u00e9on a pu l&#8217;interviewer.<\/p>\n<p>Elle exerce sa position depuis septembre 2018, et est responsable des lyc\u00e9es fran\u00e7ais en Allemagne, et de plusieurs autres institutions \u00e9ducatives li\u00e9es \u00e0 l&#8217;enseignement du fran\u00e7ais. Auparavant, elle a travaill\u00e9 \u00e0 Paris au si\u00e8ge de l&#8217;AEFE, la tutelle fran\u00e7aise des \u00e9tablissements fran\u00e7ais \u00e0 l&#8217;\u00e9tranger.<\/p>\n<p>Cependant, Madame Picault a une exp\u00e9rience professionnelle riche et vari\u00e9e. Elle est angliciste, mais elle a aussi plusieurs autres experiences dans le commerce ou la g\u00e9riatrie, par exemple. Quant \u00e0 son amour des langues, elle en parle avec une grande passion ! Elle adore en apprendre de nouvelles, et a des notions dans de nombreuses langues, entre autre l&#8217;allemand et l&#8217;anglais (bien s\u00fbr), mais aussi le ga\u00e9lique, le danois, le su\u00e9dois et le grec moderne.<\/p>\n<p>C&#8217;\u00e9tait un plaisir et un honneur de nous entretenir avec Madame Picault, enthousiasm\u00e9e par \u00a0le pluriculturalisme de notre \u00e9cole. Pluriculturalisme et plurilinguisme lui tiennnent \u00e0 coeur, comme \u00e0 la r\u00e9daction de Cam\u00e4l\u00e9on qu&#8217;elle a d&#8217;ailleurs chaudement f\u00e9licit\u00e9e pour son travail, en nous lan\u00e7ant m\u00eame une invitation \u00e0 lui rendre visite si nous repassons par Berlin. Nous ne manquerons pas de lui faire signe si nous avons la chance de retourner dans la capitale !<\/p>\n","protected":false},"excerpt":{"rendered":"<p>Mardi 18 juin, Isabelle Picault, conseill\u00e8re culturelle adjointe \u00e0 l&#8217;ambassade de Berlin et d\u00e9l\u00e9gu\u00e9e de la direction de l&#8217;AEFE, \u00e9tait pr\u00e9sente dans notre \u00e9cole. A<\/p>\n","protected":false},"author":120,"featured_media":19055,"comment_status":"open","ping_status":"closed","sticky":false,"template":"","format":"standard","meta":{"colormag_page_container_layout":"default_layout","colormag_page_sidebar_layout":"default_layout","footnotes":""},"categories":[3],"tags":[689,1309],"coauthors":[764],"class_list":["post-19035","post","type-post","status-publish","format-standard","has-post-thumbnail","hentry","category-ecole","tag-aefe","tag-isabelle-picault"],"yoast_head":"<!-- This site is optimized with the Yoast SEO plugin v27.5 - https:\/\/yoast.com\/product\/yoast-seo-wordpress\/ -->\n<title>Interview d&#039;Isabelle Picault : un enthousiasme communicatif - Cam\u00e4l\u00e9on<\/title>\n<meta name=\"description\" content=\"Isabelle Picault, conseill\u00e8re culturelle adjointe \u00e0 l&#039;ambassade de Berlin et d\u00e9l\u00e9gu\u00e9e de la direction de l&#039;AEFE, \u00e9tait pr\u00e9sente dans notre \u00e9cole.\" \/>\n<meta name=\"robots\" content=\"index, follow, max-snippet:-1, max-image-preview:large, max-video-preview:-1\" \/>\n<link rel=\"canonical\" href=\"https:\/\/www.camaeleon.org\/de\/2019\/07\/02\/interview-avec-isabelle-picault-un-enthousiasme-communicatif\/\" \/>\n<meta property=\"og:locale\" content=\"de_DE\" \/>\n<meta property=\"og:type\" content=\"article\" \/>\n<meta property=\"og:title\" content=\"Interview d&#039;Isabelle Picault : un enthousiasme communicatif - Cam\u00e4l\u00e9on\" \/>\n<meta property=\"og:description\" content=\"Isabelle Picault, conseill\u00e8re culturelle adjointe \u00e0 l&#039;ambassade de Berlin et d\u00e9l\u00e9gu\u00e9e de la direction de l&#039;AEFE, \u00e9tait pr\u00e9sente dans notre \u00e9cole.\" \/>\n<meta property=\"og:url\" content=\"https:\/\/www.camaeleon.org\/de\/2019\/07\/02\/interview-avec-isabelle-picault-un-enthousiasme-communicatif\/\" \/>\n<meta property=\"og:site_name\" content=\"Cam\u00e4l\u00e9on\" \/>\n<meta property=\"article:publisher\" content=\"https:\/\/www.facebook.com\/camaeleon.org\/\" \/>\n<meta property=\"article:published_time\" content=\"2019-07-02T13:52:39+00:00\" \/>\n<meta property=\"article:modified_time\" content=\"2022-05-23T17:18:51+00:00\" \/>\n<meta property=\"og:image\" content=\"https:\/\/www.camaeleon.org\/wp-content\/uploads\/2019\/07\/Mme-Picault-une.jpg\" \/>\n\t<meta property=\"og:image:width\" content=\"880\" \/>\n\t<meta property=\"og:image:height\" content=\"350\" \/>\n\t<meta property=\"og:image:type\" content=\"image\/jpeg\" \/>\n<meta name=\"author\" content=\"Kian Dier\" \/>\n<meta name=\"twitter:card\" content=\"summary_large_image\" \/>\n<meta name=\"twitter:creator\" content=\"@camaeleonOrg\" \/>\n<meta name=\"twitter:site\" content=\"@camaeleonOrg\" \/>\n<script type=\"application\/ld+json\" class=\"yoast-schema-graph\">{\"@context\":\"https:\\\/\\\/schema.org\",\"@graph\":[{\"@type\":\"Article\",\"@id\":\"https:\\\/\\\/www.camaeleon.org\\\/2019\\\/07\\\/02\\\/interview-avec-isabelle-picault-un-enthousiasme-communicatif\\\/#article\",\"isPartOf\":{\"@id\":\"https:\\\/\\\/www.camaeleon.org\\\/2019\\\/07\\\/02\\\/interview-avec-isabelle-picault-un-enthousiasme-communicatif\\\/\"},\"author\":{\"name\":\"Kian Dier\",\"@id\":\"https:\\\/\\\/www.camaeleon.org\\\/de\\\/#\\\/schema\\\/person\\\/77f057676dc1f71afcb61826dd069303\"},\"headline\":\"Interview d&#8217;Isabelle Picault : un enthousiasme communicatif\",\"datePublished\":\"2019-07-02T13:52:39+00:00\",\"dateModified\":\"2022-05-23T17:18:51+00:00\",\"mainEntityOfPage\":{\"@id\":\"https:\\\/\\\/www.camaeleon.org\\\/2019\\\/07\\\/02\\\/interview-avec-isabelle-picault-un-enthousiasme-communicatif\\\/\"},\"wordCount\":280,\"commentCount\":0,\"publisher\":{\"@id\":\"https:\\\/\\\/www.camaeleon.org\\\/de\\\/#organization\"},\"image\":{\"@id\":\"https:\\\/\\\/www.camaeleon.org\\\/2019\\\/07\\\/02\\\/interview-avec-isabelle-picault-un-enthousiasme-communicatif\\\/#primaryimage\"},\"thumbnailUrl\":\"https:\\\/\\\/www.camaeleon.org\\\/wp-content\\\/uploads\\\/2019\\\/07\\\/Mme-Picault-une.jpg\",\"keywords\":[\"AEFE\",\"Isabelle Picault\"],\"articleSection\":[\"Schule\"],\"inLanguage\":\"de\",\"potentialAction\":[{\"@type\":\"CommentAction\",\"name\":\"Comment\",\"target\":[\"https:\\\/\\\/www.camaeleon.org\\\/2019\\\/07\\\/02\\\/interview-avec-isabelle-picault-un-enthousiasme-communicatif\\\/#respond\"]}]},{\"@type\":\"WebPage\",\"@id\":\"https:\\\/\\\/www.camaeleon.org\\\/de\\\/2019\\\/07\\\/02\\\/interview-avec-isabelle-picault-un-enthousiasme-communicatif\\\/\",\"url\":\"https:\\\/\\\/www.camaeleon.org\\\/de\\\/2019\\\/07\\\/02\\\/interview-avec-isabelle-picault-un-enthousiasme-communicatif\\\/\",\"name\":\"Interview d'Isabelle Picault : un enthousiasme communicatif - Cam\u00e4l\u00e9on\",\"isPartOf\":{\"@id\":\"https:\\\/\\\/www.camaeleon.org\\\/de\\\/#website\"},\"primaryImageOfPage\":{\"@id\":\"https:\\\/\\\/www.camaeleon.org\\\/de\\\/2019\\\/07\\\/02\\\/interview-avec-isabelle-picault-un-enthousiasme-communicatif\\\/#primaryimage\"},\"image\":{\"@id\":\"https:\\\/\\\/www.camaeleon.org\\\/2019\\\/07\\\/02\\\/interview-avec-isabelle-picault-un-enthousiasme-communicatif\\\/#primaryimage\"},\"thumbnailUrl\":\"https:\\\/\\\/www.camaeleon.org\\\/wp-content\\\/uploads\\\/2019\\\/07\\\/Mme-Picault-une.jpg\",\"datePublished\":\"2019-07-02T13:52:39+00:00\",\"dateModified\":\"2022-05-23T17:18:51+00:00\",\"description\":\"Isabelle Picault, conseill\u00e8re culturelle adjointe \u00e0 l'ambassade de Berlin et d\u00e9l\u00e9gu\u00e9e de la direction de l'AEFE, \u00e9tait pr\u00e9sente dans notre \u00e9cole.\",\"breadcrumb\":{\"@id\":\"https:\\\/\\\/www.camaeleon.org\\\/de\\\/2019\\\/07\\\/02\\\/interview-avec-isabelle-picault-un-enthousiasme-communicatif\\\/#breadcrumb\"},\"inLanguage\":\"de\",\"potentialAction\":[{\"@type\":\"ReadAction\",\"target\":[[\"https:\\\/\\\/www.camaeleon.org\\\/de\\\/2019\\\/07\\\/02\\\/interview-avec-isabelle-picault-un-enthousiasme-communicatif\\\/\"]]}]},{\"@type\":\"ImageObject\",\"inLanguage\":\"de\",\"@id\":\"https:\\\/\\\/www.camaeleon.org\\\/de\\\/2019\\\/07\\\/02\\\/interview-avec-isabelle-picault-un-enthousiasme-communicatif\\\/#primaryimage\",\"url\":\"https:\\\/\\\/www.camaeleon.org\\\/wp-content\\\/uploads\\\/2019\\\/07\\\/Mme-Picault-une.jpg\",\"contentUrl\":\"https:\\\/\\\/www.camaeleon.org\\\/wp-content\\\/uploads\\\/2019\\\/07\\\/Mme-Picault-une.jpg\",\"width\":880,\"height\":350,\"caption\":\"Photo : Cam\u00e4l\u00e9on\"},{\"@type\":\"BreadcrumbList\",\"@id\":\"https:\\\/\\\/www.camaeleon.org\\\/de\\\/2019\\\/07\\\/02\\\/interview-avec-isabelle-picault-un-enthousiasme-communicatif\\\/#breadcrumb\",\"itemListElement\":[{\"@type\":\"ListItem\",\"position\":1,\"name\":\"Home\",\"item\":\"https:\\\/\\\/www.camaeleon.org\\\/de\\\/\"},{\"@type\":\"ListItem\",\"position\":2,\"name\":\"Interview d&#8217;Isabelle Picault : un enthousiasme communicatif\"}]},{\"@type\":\"WebSite\",\"@id\":\"https:\\\/\\\/www.camaeleon.org\\\/de\\\/#website\",\"url\":\"https:\\\/\\\/www.camaeleon.org\\\/de\\\/\",\"name\":\"Cam\u00e4l\u00e9on\",\"description\":\"Das Sch\u00fclermagazin des Deutsch-Franz\u00f6sischen Gymnasiums Saarbr\u00fccken\",\"publisher\":{\"@id\":\"https:\\\/\\\/www.camaeleon.org\\\/de\\\/#organization\"},\"potentialAction\":[{\"@type\":\"SearchAction\",\"target\":{\"@type\":\"EntryPoint\",\"urlTemplate\":\"https:\\\/\\\/www.camaeleon.org\\\/de\\\/?s={search_term_string}\"},\"query-input\":{\"@type\":\"PropertyValueSpecification\",\"valueRequired\":true,\"valueName\":\"search_term_string\"}}],\"inLanguage\":\"de\"},{\"@type\":\"Organization\",\"@id\":\"https:\\\/\\\/www.camaeleon.org\\\/de\\\/#organization\",\"name\":\"Cam\u00e4l\u00e9on\",\"url\":\"https:\\\/\\\/www.camaeleon.org\\\/de\\\/\",\"logo\":{\"@type\":\"ImageObject\",\"inLanguage\":\"de\",\"@id\":\"https:\\\/\\\/www.camaeleon.org\\\/de\\\/#\\\/schema\\\/logo\\\/image\\\/\",\"url\":\"https:\\\/\\\/www.camaeleon.org\\\/wp-content\\\/uploads\\\/2011\\\/11\\\/CAM\u00c4LEON.jpg\",\"contentUrl\":\"https:\\\/\\\/www.camaeleon.org\\\/wp-content\\\/uploads\\\/2011\\\/11\\\/CAM\u00c4LEON.jpg\",\"width\":959,\"height\":959,\"caption\":\"Cam\u00e4l\u00e9on\"},\"image\":{\"@id\":\"https:\\\/\\\/www.camaeleon.org\\\/de\\\/#\\\/schema\\\/logo\\\/image\\\/\"},\"sameAs\":[\"https:\\\/\\\/www.facebook.com\\\/camaeleon.org\\\/\",\"https:\\\/\\\/x.com\\\/camaeleonOrg\",\"https:\\\/\\\/www.instagram.com\\\/camaeleon.dfg\\\/\",\"https:\\\/\\\/www.youtube.com\\\/channel\\\/UCl3TAUDdGuu_c7CD6ax6hYg\"]},{\"@type\":\"Person\",\"@id\":\"https:\\\/\\\/www.camaeleon.org\\\/de\\\/#\\\/schema\\\/person\\\/77f057676dc1f71afcb61826dd069303\",\"name\":\"Kian Dier\",\"image\":{\"@type\":\"ImageObject\",\"inLanguage\":\"de\",\"@id\":\"https:\\\/\\\/www.camaeleon.org\\\/de\\\/wp-content\\\/uploads\\\/2011\\\/07\\\/Kian-120x120.jpgc3422467ea706140182ca26b28f79354\",\"url\":\"https:\\\/\\\/www.camaeleon.org\\\/wp-content\\\/uploads\\\/2011\\\/07\\\/Kian-120x120.jpg\",\"contentUrl\":\"https:\\\/\\\/www.camaeleon.org\\\/wp-content\\\/uploads\\\/2011\\\/07\\\/Kian-120x120.jpg\",\"caption\":\"Kian Dier\"},\"url\":\"https:\\\/\\\/www.camaeleon.org\\\/de\\\/author\\\/kian-dier\\\/\"}]}<\/script>\n<!-- \/ Yoast SEO plugin. -->","yoast_head_json":{"title":"Interview d'Isabelle Picault : un enthousiasme communicatif - Cam\u00e4l\u00e9on","description":"Isabelle Picault, conseill\u00e8re culturelle adjointe \u00e0 l'ambassade de Berlin et d\u00e9l\u00e9gu\u00e9e de la direction de l'AEFE, \u00e9tait pr\u00e9sente dans notre \u00e9cole.","robots":{"index":"index","follow":"follow","max-snippet":"max-snippet:-1","max-image-preview":"max-image-preview:large","max-video-preview":"max-video-preview:-1"},"canonical":"https:\/\/www.camaeleon.org\/de\/2019\/07\/02\/interview-avec-isabelle-picault-un-enthousiasme-communicatif\/","og_locale":"de_DE","og_type":"article","og_title":"Interview d'Isabelle Picault : un enthousiasme communicatif - Cam\u00e4l\u00e9on","og_description":"Isabelle Picault, conseill\u00e8re culturelle adjointe \u00e0 l'ambassade de Berlin et d\u00e9l\u00e9gu\u00e9e de la direction de l'AEFE, \u00e9tait pr\u00e9sente dans notre \u00e9cole.","og_url":"https:\/\/www.camaeleon.org\/de\/2019\/07\/02\/interview-avec-isabelle-picault-un-enthousiasme-communicatif\/","og_site_name":"Cam\u00e4l\u00e9on","article_publisher":"https:\/\/www.facebook.com\/camaeleon.org\/","article_published_time":"2019-07-02T13:52:39+00:00","article_modified_time":"2022-05-23T17:18:51+00:00","og_image":[{"width":880,"height":350,"url":"https:\/\/www.camaeleon.org\/wp-content\/uploads\/2019\/07\/Mme-Picault-une.jpg","type":"image\/jpeg"}],"author":"Kian Dier","twitter_card":"summary_large_image","twitter_creator":"@camaeleonOrg","twitter_site":"@camaeleonOrg","schema":{"@context":"https:\/\/schema.org","@graph":[{"@type":"Article","@id":"https:\/\/www.camaeleon.org\/2019\/07\/02\/interview-avec-isabelle-picault-un-enthousiasme-communicatif\/#article","isPartOf":{"@id":"https:\/\/www.camaeleon.org\/2019\/07\/02\/interview-avec-isabelle-picault-un-enthousiasme-communicatif\/"},"author":{"name":"Kian Dier","@id":"https:\/\/www.camaeleon.org\/de\/#\/schema\/person\/77f057676dc1f71afcb61826dd069303"},"headline":"Interview d&#8217;Isabelle Picault : un enthousiasme communicatif","datePublished":"2019-07-02T13:52:39+00:00","dateModified":"2022-05-23T17:18:51+00:00","mainEntityOfPage":{"@id":"https:\/\/www.camaeleon.org\/2019\/07\/02\/interview-avec-isabelle-picault-un-enthousiasme-communicatif\/"},"wordCount":280,"commentCount":0,"publisher":{"@id":"https:\/\/www.camaeleon.org\/de\/#organization"},"image":{"@id":"https:\/\/www.camaeleon.org\/2019\/07\/02\/interview-avec-isabelle-picault-un-enthousiasme-communicatif\/#primaryimage"},"thumbnailUrl":"https:\/\/www.camaeleon.org\/wp-content\/uploads\/2019\/07\/Mme-Picault-une.jpg","keywords":["AEFE","Isabelle Picault"],"articleSection":["Schule"],"inLanguage":"de","potentialAction":[{"@type":"CommentAction","name":"Comment","target":["https:\/\/www.camaeleon.org\/2019\/07\/02\/interview-avec-isabelle-picault-un-enthousiasme-communicatif\/#respond"]}]},{"@type":"WebPage","@id":"https:\/\/www.camaeleon.org\/de\/2019\/07\/02\/interview-avec-isabelle-picault-un-enthousiasme-communicatif\/","url":"https:\/\/www.camaeleon.org\/de\/2019\/07\/02\/interview-avec-isabelle-picault-un-enthousiasme-communicatif\/","name":"Interview d'Isabelle Picault : un enthousiasme communicatif - Cam\u00e4l\u00e9on","isPartOf":{"@id":"https:\/\/www.camaeleon.org\/de\/#website"},"primaryImageOfPage":{"@id":"https:\/\/www.camaeleon.org\/de\/2019\/07\/02\/interview-avec-isabelle-picault-un-enthousiasme-communicatif\/#primaryimage"},"image":{"@id":"https:\/\/www.camaeleon.org\/2019\/07\/02\/interview-avec-isabelle-picault-un-enthousiasme-communicatif\/#primaryimage"},"thumbnailUrl":"https:\/\/www.camaeleon.org\/wp-content\/uploads\/2019\/07\/Mme-Picault-une.jpg","datePublished":"2019-07-02T13:52:39+00:00","dateModified":"2022-05-23T17:18:51+00:00","description":"Isabelle Picault, conseill\u00e8re culturelle adjointe \u00e0 l'ambassade de Berlin et d\u00e9l\u00e9gu\u00e9e de la direction de l'AEFE, \u00e9tait pr\u00e9sente dans notre \u00e9cole.","breadcrumb":{"@id":"https:\/\/www.camaeleon.org\/de\/2019\/07\/02\/interview-avec-isabelle-picault-un-enthousiasme-communicatif\/#breadcrumb"},"inLanguage":"de","potentialAction":[{"@type":"ReadAction","target":[["https:\/\/www.camaeleon.org\/de\/2019\/07\/02\/interview-avec-isabelle-picault-un-enthousiasme-communicatif\/"]]}]},{"@type":"ImageObject","inLanguage":"de","@id":"https:\/\/www.camaeleon.org\/de\/2019\/07\/02\/interview-avec-isabelle-picault-un-enthousiasme-communicatif\/#primaryimage","url":"https:\/\/www.camaeleon.org\/wp-content\/uploads\/2019\/07\/Mme-Picault-une.jpg","contentUrl":"https:\/\/www.camaeleon.org\/wp-content\/uploads\/2019\/07\/Mme-Picault-une.jpg","width":880,"height":350,"caption":"Photo : Cam\u00e4l\u00e9on"},{"@type":"BreadcrumbList","@id":"https:\/\/www.camaeleon.org\/de\/2019\/07\/02\/interview-avec-isabelle-picault-un-enthousiasme-communicatif\/#breadcrumb","itemListElement":[{"@type":"ListItem","position":1,"name":"Home","item":"https:\/\/www.camaeleon.org\/de\/"},{"@type":"ListItem","position":2,"name":"Interview d&#8217;Isabelle Picault : un enthousiasme communicatif"}]},{"@type":"WebSite","@id":"https:\/\/www.camaeleon.org\/de\/#website","url":"https:\/\/www.camaeleon.org\/de\/","name":"Cam\u00e4l\u00e9on","description":"Das Sch\u00fclermagazin des Deutsch-Franz\u00f6sischen Gymnasiums Saarbr\u00fccken","publisher":{"@id":"https:\/\/www.camaeleon.org\/de\/#organization"},"potentialAction":[{"@type":"SearchAction","target":{"@type":"EntryPoint","urlTemplate":"https:\/\/www.camaeleon.org\/de\/?s={search_term_string}"},"query-input":{"@type":"PropertyValueSpecification","valueRequired":true,"valueName":"search_term_string"}}],"inLanguage":"de"},{"@type":"Organization","@id":"https:\/\/www.camaeleon.org\/de\/#organization","name":"Cam\u00e4l\u00e9on","url":"https:\/\/www.camaeleon.org\/de\/","logo":{"@type":"ImageObject","inLanguage":"de","@id":"https:\/\/www.camaeleon.org\/de\/#\/schema\/logo\/image\/","url":"https:\/\/www.camaeleon.org\/wp-content\/uploads\/2011\/11\/CAM\u00c4LEON.jpg","contentUrl":"https:\/\/www.camaeleon.org\/wp-content\/uploads\/2011\/11\/CAM\u00c4LEON.jpg","width":959,"height":959,"caption":"Cam\u00e4l\u00e9on"},"image":{"@id":"https:\/\/www.camaeleon.org\/de\/#\/schema\/logo\/image\/"},"sameAs":["https:\/\/www.facebook.com\/camaeleon.org\/","https:\/\/x.com\/camaeleonOrg","https:\/\/www.instagram.com\/camaeleon.dfg\/","https:\/\/www.youtube.com\/channel\/UCl3TAUDdGuu_c7CD6ax6hYg"]},{"@type":"Person","@id":"https:\/\/www.camaeleon.org\/de\/#\/schema\/person\/77f057676dc1f71afcb61826dd069303","name":"Kian Dier","image":{"@type":"ImageObject","inLanguage":"de","@id":"https:\/\/www.camaeleon.org\/de\/wp-content\/uploads\/2011\/07\/Kian-120x120.jpgc3422467ea706140182ca26b28f79354","url":"https:\/\/www.camaeleon.org\/wp-content\/uploads\/2011\/07\/Kian-120x120.jpg","contentUrl":"https:\/\/www.camaeleon.org\/wp-content\/uploads\/2011\/07\/Kian-120x120.jpg","caption":"Kian Dier"},"url":"https:\/\/www.camaeleon.org\/de\/author\/kian-dier\/"}]}},"_links":{"self":[{"href":"https:\/\/www.camaeleon.org\/de\/wp-json\/wp\/v2\/posts\/19035","targetHints":{"allow":["GET"]}}],"collection":[{"href":"https:\/\/www.camaeleon.org\/de\/wp-json\/wp\/v2\/posts"}],"about":[{"href":"https:\/\/www.camaeleon.org\/de\/wp-json\/wp\/v2\/types\/post"}],"author":[{"embeddable":true,"href":"https:\/\/www.camaeleon.org\/de\/wp-json\/wp\/v2\/users\/120"}],"replies":[{"embeddable":true,"href":"https:\/\/www.camaeleon.org\/de\/wp-json\/wp\/v2\/comments?post=19035"}],"version-history":[{"count":0,"href":"https:\/\/www.camaeleon.org\/de\/wp-json\/wp\/v2\/posts\/19035\/revisions"}],"wp:featuredmedia":[{"embeddable":true,"href":"https:\/\/www.camaeleon.org\/de\/wp-json\/wp\/v2\/media\/19055"}],"wp:attachment":[{"href":"https:\/\/www.camaeleon.org\/de\/wp-json\/wp\/v2\/media?parent=19035"}],"wp:term":[{"taxonomy":"category","embeddable":true,"href":"https:\/\/www.camaeleon.org\/de\/wp-json\/wp\/v2\/categories?post=19035"},{"taxonomy":"post_tag","embeddable":true,"href":"https:\/\/www.camaeleon.org\/de\/wp-json\/wp\/v2\/tags?post=19035"},{"taxonomy":"author","embeddable":true,"href":"https:\/\/www.camaeleon.org\/de\/wp-json\/wp\/v2\/coauthors?post=19035"}],"curies":[{"name":"wp","href":"https:\/\/api.w.org\/{rel}","templated":true}]}}