{"id":18403,"date":"2019-03-22T23:10:13","date_gmt":"2019-03-22T22:10:13","guid":{"rendered":"https:\/\/www.camaeleon.org\/?p=18403"},"modified":"2020-12-23T12:54:56","modified_gmt":"2020-12-23T11:54:56","slug":"le-mot-de-la-semaine-printemps","status":"publish","type":"post","link":"https:\/\/www.camaeleon.org\/de\/2019\/03\/22\/le-mot-de-la-semaine-printemps\/","title":{"rendered":"Le mot de la semaine: Printemps"},"content":{"rendered":"<p><figure id=\"attachment_18454\" aria-describedby=\"caption-attachment-18454\" style=\"width: 300px\" class=\"wp-caption alignleft\"><a href=\"https:\/\/www.camaeleon.org\/wp-content\/uploads\/2019\/03\/hand-3833834_1280.jpg\"><img loading=\"lazy\" decoding=\"async\" class=\"size-medium wp-image-18454\" src=\"https:\/\/www.camaeleon.org\/wp-content\/uploads\/2019\/03\/hand-3833834_1280-300x200.jpg\" alt=\"Fr\u00fchling\" width=\"300\" height=\"200\" srcset=\"https:\/\/www.camaeleon.org\/wp-content\/uploads\/2019\/03\/hand-3833834_1280-300x200.jpg 300w, https:\/\/www.camaeleon.org\/wp-content\/uploads\/2019\/03\/hand-3833834_1280-880x586.jpg 880w, https:\/\/www.camaeleon.org\/wp-content\/uploads\/2019\/03\/hand-3833834_1280.jpg 1000w\" sizes=\"auto, (max-width: 300px) 100vw, 300px\" \/><\/a><figcaption id=\"caption-attachment-18454\" class=\"wp-caption-text\">Photo : Linus Sch\u00fctz \/ pixabay.com<\/figcaption><\/figure><\/p>\n<p>\u00abEst ce que tu peux ouvrir la fen\u00eatre ? Il fait super chaud !\u00bb ,\u00abNon il fait froid, je vais attraper un rhume !\u00bb&#8230; Le printemps est enfin de retour !<\/p>\n<p>En effet, fin mars, il fait beau et il fait chaud dehors mais aussi dans les salles de classes du LFA. Certains veulent ouvrir les fen\u00eatres, d&#8217;autre les fermer&#8230; et les disputes arrivent !<\/p>\n<p>Et pour les rideaux, c&#8217;est la m\u00eame histoire: \u00abFermez les rideaux, j&#8217;ai le soleil dans les yeux!\u00bb, \u00abPour une fois qu&#8217;il y a du soleil, laissez-les ouverts !\u00bb<\/p>\n<p>Un des points positifs du printemps: Il fait jour plus t\u00f4t ce qui est plus motivant pour se lever le matin et il fait nuit un peu plus tard ce qui nous permet de rallonger un peu nos journ\u00e9es.<\/p>\n<p>Point n\u00e9gatif: au printemps, les allergies et les rhumes des foins reviennent en force&#8230;<\/p>\n<p>Et vous, qu&#8217;est ce que vous pr\u00e9f\u00e9rez au printemps ? N&#8217;h\u00e9sitez pas \u00e0 nous laisser un commentaire !<\/p>","protected":false},"excerpt":{"rendered":"<p>\u00abEst ce que tu peux ouvrir la fen\u00eatre ? Il fait super chaud !\u00bb ,\u00abNon il fait froid, je vais attraper un rhume !\u00bb&#8230; Le<\/p>\n","protected":false},"author":132,"featured_media":18454,"comment_status":"open","ping_status":"closed","sticky":false,"template":"","format":"standard","meta":{"colormag_page_container_layout":"default_layout","colormag_page_sidebar_layout":"default_layout","footnotes":""},"categories":[3,864],"tags":[1293,1007],"coauthors":[1002],"class_list":["post-18403","post","type-post","status-publish","format-standard","has-post-thumbnail","hentry","category-ecole","category-le-mot-de-la-semaine","tag-fruehling","tag-printemps"],"yoast_head":"<!-- This site is optimized with the Yoast SEO plugin v27.4 - https:\/\/yoast.com\/product\/yoast-seo-wordpress\/ -->\n<title>Le mot de la semaine: Printemps - Cam\u00e4l\u00e9on<\/title>\n<meta name=\"description\" content=\"\u00abEst ce que tu peux ouvrir la fen\u00eatre ? Il fait super chaud !\u00bb ,\u00abNon il fait froid, je vais attraper un rhume !\u00bb... Le printemps est enfin de retour !\" \/>\n<meta name=\"robots\" content=\"index, follow, max-snippet:-1, max-image-preview:large, max-video-preview:-1\" \/>\n<link rel=\"canonical\" href=\"https:\/\/www.camaeleon.org\/de\/2019\/03\/22\/le-mot-de-la-semaine-printemps\/\" \/>\n<meta property=\"og:locale\" content=\"de_DE\" \/>\n<meta property=\"og:type\" content=\"article\" \/>\n<meta property=\"og:title\" content=\"Le mot de la semaine: Printemps - Cam\u00e4l\u00e9on\" \/>\n<meta property=\"og:description\" content=\"\u00abEst ce que tu peux ouvrir la fen\u00eatre ? Il fait super chaud !\u00bb ,\u00abNon il fait froid, je vais attraper un rhume !\u00bb... Le printemps est enfin de retour !\" \/>\n<meta property=\"og:url\" content=\"https:\/\/www.camaeleon.org\/de\/2019\/03\/22\/le-mot-de-la-semaine-printemps\/\" \/>\n<meta property=\"og:site_name\" content=\"Cam\u00e4l\u00e9on\" \/>\n<meta property=\"article:publisher\" content=\"https:\/\/www.facebook.com\/camaeleon.org\/\" \/>\n<meta property=\"article:published_time\" content=\"2019-03-22T22:10:13+00:00\" \/>\n<meta property=\"article:modified_time\" content=\"2020-12-23T11:54:56+00:00\" \/>\n<meta property=\"og:image\" content=\"https:\/\/www.camaeleon.org\/wp-content\/uploads\/2019\/03\/hand-3833834_1280.jpg\" \/>\n\t<meta property=\"og:image:width\" content=\"1000\" \/>\n\t<meta property=\"og:image:height\" content=\"666\" \/>\n\t<meta property=\"og:image:type\" content=\"image\/jpeg\" \/>\n<meta name=\"author\" content=\"Emma Thirion\" \/>\n<meta name=\"twitter:card\" content=\"summary_large_image\" \/>\n<meta name=\"twitter:creator\" content=\"@camaeleonOrg\" \/>\n<meta name=\"twitter:site\" content=\"@camaeleonOrg\" \/>\n<script type=\"application\/ld+json\" class=\"yoast-schema-graph\">{\"@context\":\"https:\\\/\\\/schema.org\",\"@graph\":[{\"@type\":\"Article\",\"@id\":\"https:\\\/\\\/www.camaeleon.org\\\/de\\\/2019\\\/03\\\/22\\\/le-mot-de-la-semaine-printemps\\\/#article\",\"isPartOf\":{\"@id\":\"https:\\\/\\\/www.camaeleon.org\\\/de\\\/2019\\\/03\\\/22\\\/le-mot-de-la-semaine-printemps\\\/\"},\"author\":{\"name\":\"Emma Thirion\",\"@id\":\"https:\\\/\\\/www.camaeleon.org\\\/de\\\/#\\\/schema\\\/person\\\/c112fcecb970def0409d98564654c9e9\"},\"headline\":\"Le mot de la semaine: Printemps\",\"datePublished\":\"2019-03-22T22:10:13+00:00\",\"dateModified\":\"2020-12-23T11:54:56+00:00\",\"mainEntityOfPage\":{\"@id\":\"https:\\\/\\\/www.camaeleon.org\\\/de\\\/2019\\\/03\\\/22\\\/le-mot-de-la-semaine-printemps\\\/\"},\"wordCount\":558,\"commentCount\":0,\"publisher\":{\"@id\":\"https:\\\/\\\/www.camaeleon.org\\\/de\\\/#organization\"},\"image\":{\"@id\":\"https:\\\/\\\/www.camaeleon.org\\\/de\\\/2019\\\/03\\\/22\\\/le-mot-de-la-semaine-printemps\\\/#primaryimage\"},\"thumbnailUrl\":\"https:\\\/\\\/www.camaeleon.org\\\/wp-content\\\/uploads\\\/2019\\\/03\\\/hand-3833834_1280.jpg\",\"keywords\":[\"Fr\u00fchling\",\"printemps\"],\"articleSection\":[\"Schule\",\"Das Wort der Woche\"],\"inLanguage\":\"de\",\"potentialAction\":[{\"@type\":\"CommentAction\",\"name\":\"Comment\",\"target\":[\"https:\\\/\\\/www.camaeleon.org\\\/de\\\/2019\\\/03\\\/22\\\/le-mot-de-la-semaine-printemps\\\/#respond\"]}]},{\"@type\":\"WebPage\",\"@id\":\"https:\\\/\\\/www.camaeleon.org\\\/de\\\/2019\\\/03\\\/22\\\/le-mot-de-la-semaine-printemps\\\/\",\"url\":\"https:\\\/\\\/www.camaeleon.org\\\/de\\\/2019\\\/03\\\/22\\\/le-mot-de-la-semaine-printemps\\\/\",\"name\":\"Le mot de la semaine: Printemps - Cam\u00e4l\u00e9on\",\"isPartOf\":{\"@id\":\"https:\\\/\\\/www.camaeleon.org\\\/de\\\/#website\"},\"primaryImageOfPage\":{\"@id\":\"https:\\\/\\\/www.camaeleon.org\\\/de\\\/2019\\\/03\\\/22\\\/le-mot-de-la-semaine-printemps\\\/#primaryimage\"},\"image\":{\"@id\":\"https:\\\/\\\/www.camaeleon.org\\\/de\\\/2019\\\/03\\\/22\\\/le-mot-de-la-semaine-printemps\\\/#primaryimage\"},\"thumbnailUrl\":\"https:\\\/\\\/www.camaeleon.org\\\/wp-content\\\/uploads\\\/2019\\\/03\\\/hand-3833834_1280.jpg\",\"datePublished\":\"2019-03-22T22:10:13+00:00\",\"dateModified\":\"2020-12-23T11:54:56+00:00\",\"description\":\"\u00abEst ce que tu peux ouvrir la fen\u00eatre ? Il fait super chaud !\u00bb ,\u00abNon il fait froid, je vais attraper un rhume !\u00bb... Le printemps est enfin de retour !\",\"breadcrumb\":{\"@id\":\"https:\\\/\\\/www.camaeleon.org\\\/de\\\/2019\\\/03\\\/22\\\/le-mot-de-la-semaine-printemps\\\/#breadcrumb\"},\"inLanguage\":\"de\",\"potentialAction\":[{\"@type\":\"ReadAction\",\"target\":[[\"https:\\\/\\\/www.camaeleon.org\\\/de\\\/2019\\\/03\\\/22\\\/le-mot-de-la-semaine-printemps\\\/\"]]}]},{\"@type\":\"ImageObject\",\"inLanguage\":\"de\",\"@id\":\"https:\\\/\\\/www.camaeleon.org\\\/de\\\/2019\\\/03\\\/22\\\/le-mot-de-la-semaine-printemps\\\/#primaryimage\",\"url\":\"https:\\\/\\\/www.camaeleon.org\\\/wp-content\\\/uploads\\\/2019\\\/03\\\/hand-3833834_1280.jpg\",\"contentUrl\":\"https:\\\/\\\/www.camaeleon.org\\\/wp-content\\\/uploads\\\/2019\\\/03\\\/hand-3833834_1280.jpg\",\"width\":1000,\"height\":666,\"caption\":\"Photo : Linus Sch\u00fctz \\\/ pixabay.com\"},{\"@type\":\"BreadcrumbList\",\"@id\":\"https:\\\/\\\/www.camaeleon.org\\\/de\\\/2019\\\/03\\\/22\\\/le-mot-de-la-semaine-printemps\\\/#breadcrumb\",\"itemListElement\":[{\"@type\":\"ListItem\",\"position\":1,\"name\":\"Home\",\"item\":\"https:\\\/\\\/www.camaeleon.org\\\/de\\\/\"},{\"@type\":\"ListItem\",\"position\":2,\"name\":\"Le mot de la semaine: Printemps\"}]},{\"@type\":\"WebSite\",\"@id\":\"https:\\\/\\\/www.camaeleon.org\\\/de\\\/#website\",\"url\":\"https:\\\/\\\/www.camaeleon.org\\\/de\\\/\",\"name\":\"Cam\u00e4l\u00e9on\",\"description\":\"Das Sch\u00fclermagazin des Deutsch-Franz\u00f6sischen Gymnasiums Saarbr\u00fccken\",\"publisher\":{\"@id\":\"https:\\\/\\\/www.camaeleon.org\\\/de\\\/#organization\"},\"potentialAction\":[{\"@type\":\"SearchAction\",\"target\":{\"@type\":\"EntryPoint\",\"urlTemplate\":\"https:\\\/\\\/www.camaeleon.org\\\/de\\\/?s={search_term_string}\"},\"query-input\":{\"@type\":\"PropertyValueSpecification\",\"valueRequired\":true,\"valueName\":\"search_term_string\"}}],\"inLanguage\":\"de\"},{\"@type\":\"Organization\",\"@id\":\"https:\\\/\\\/www.camaeleon.org\\\/de\\\/#organization\",\"name\":\"Cam\u00e4l\u00e9on\",\"url\":\"https:\\\/\\\/www.camaeleon.org\\\/de\\\/\",\"logo\":{\"@type\":\"ImageObject\",\"inLanguage\":\"de\",\"@id\":\"https:\\\/\\\/www.camaeleon.org\\\/de\\\/#\\\/schema\\\/logo\\\/image\\\/\",\"url\":\"https:\\\/\\\/www.camaeleon.org\\\/wp-content\\\/uploads\\\/2011\\\/11\\\/CAM\u00c4LEON.jpg\",\"contentUrl\":\"https:\\\/\\\/www.camaeleon.org\\\/wp-content\\\/uploads\\\/2011\\\/11\\\/CAM\u00c4LEON.jpg\",\"width\":959,\"height\":959,\"caption\":\"Cam\u00e4l\u00e9on\"},\"image\":{\"@id\":\"https:\\\/\\\/www.camaeleon.org\\\/de\\\/#\\\/schema\\\/logo\\\/image\\\/\"},\"sameAs\":[\"https:\\\/\\\/www.facebook.com\\\/camaeleon.org\\\/\",\"https:\\\/\\\/x.com\\\/camaeleonOrg\",\"https:\\\/\\\/www.instagram.com\\\/camaeleon.dfg\\\/\",\"https:\\\/\\\/www.youtube.com\\\/channel\\\/UCl3TAUDdGuu_c7CD6ax6hYg\"]},{\"@type\":\"Person\",\"@id\":\"https:\\\/\\\/www.camaeleon.org\\\/de\\\/#\\\/schema\\\/person\\\/c112fcecb970def0409d98564654c9e9\",\"name\":\"Emma Thirion\",\"image\":{\"@type\":\"ImageObject\",\"inLanguage\":\"de\",\"@id\":\"https:\\\/\\\/www.camaeleon.org\\\/de\\\/wp-content\\\/uploads\\\/2018\\\/09\\\/Thirion-120x120.jpg6298cf495124035cc56a0f7351a65ca2\",\"url\":\"https:\\\/\\\/www.camaeleon.org\\\/wp-content\\\/uploads\\\/2018\\\/09\\\/Thirion-120x120.jpg\",\"contentUrl\":\"https:\\\/\\\/www.camaeleon.org\\\/wp-content\\\/uploads\\\/2018\\\/09\\\/Thirion-120x120.jpg\",\"caption\":\"Emma Thirion\"},\"url\":\"https:\\\/\\\/www.camaeleon.org\\\/de\\\/author\\\/emma-thirion\\\/\"}]}<\/script>\n<!-- \/ Yoast SEO plugin. -->","yoast_head_json":{"title":"Le mot de la semaine: Printemps - Cam\u00e4l\u00e9on","description":"\u00abEst ce que tu peux ouvrir la fen\u00eatre ? Il fait super chaud !\u00bb ,\u00abNon il fait froid, je vais attraper un rhume !\u00bb... Le printemps est enfin de retour !","robots":{"index":"index","follow":"follow","max-snippet":"max-snippet:-1","max-image-preview":"max-image-preview:large","max-video-preview":"max-video-preview:-1"},"canonical":"https:\/\/www.camaeleon.org\/de\/2019\/03\/22\/le-mot-de-la-semaine-printemps\/","og_locale":"de_DE","og_type":"article","og_title":"Le mot de la semaine: Printemps - Cam\u00e4l\u00e9on","og_description":"\u00abEst ce que tu peux ouvrir la fen\u00eatre ? Il fait super chaud !\u00bb ,\u00abNon il fait froid, je vais attraper un rhume !\u00bb... Le printemps est enfin de retour !","og_url":"https:\/\/www.camaeleon.org\/de\/2019\/03\/22\/le-mot-de-la-semaine-printemps\/","og_site_name":"Cam\u00e4l\u00e9on","article_publisher":"https:\/\/www.facebook.com\/camaeleon.org\/","article_published_time":"2019-03-22T22:10:13+00:00","article_modified_time":"2020-12-23T11:54:56+00:00","og_image":[{"width":1000,"height":666,"url":"https:\/\/www.camaeleon.org\/wp-content\/uploads\/2019\/03\/hand-3833834_1280.jpg","type":"image\/jpeg"}],"author":"Emma Thirion","twitter_card":"summary_large_image","twitter_creator":"@camaeleonOrg","twitter_site":"@camaeleonOrg","schema":{"@context":"https:\/\/schema.org","@graph":[{"@type":"Article","@id":"https:\/\/www.camaeleon.org\/de\/2019\/03\/22\/le-mot-de-la-semaine-printemps\/#article","isPartOf":{"@id":"https:\/\/www.camaeleon.org\/de\/2019\/03\/22\/le-mot-de-la-semaine-printemps\/"},"author":{"name":"Emma Thirion","@id":"https:\/\/www.camaeleon.org\/de\/#\/schema\/person\/c112fcecb970def0409d98564654c9e9"},"headline":"Le mot de la semaine: Printemps","datePublished":"2019-03-22T22:10:13+00:00","dateModified":"2020-12-23T11:54:56+00:00","mainEntityOfPage":{"@id":"https:\/\/www.camaeleon.org\/de\/2019\/03\/22\/le-mot-de-la-semaine-printemps\/"},"wordCount":558,"commentCount":0,"publisher":{"@id":"https:\/\/www.camaeleon.org\/de\/#organization"},"image":{"@id":"https:\/\/www.camaeleon.org\/de\/2019\/03\/22\/le-mot-de-la-semaine-printemps\/#primaryimage"},"thumbnailUrl":"https:\/\/www.camaeleon.org\/wp-content\/uploads\/2019\/03\/hand-3833834_1280.jpg","keywords":["Fr\u00fchling","printemps"],"articleSection":["Schule","Das Wort der Woche"],"inLanguage":"de","potentialAction":[{"@type":"CommentAction","name":"Comment","target":["https:\/\/www.camaeleon.org\/de\/2019\/03\/22\/le-mot-de-la-semaine-printemps\/#respond"]}]},{"@type":"WebPage","@id":"https:\/\/www.camaeleon.org\/de\/2019\/03\/22\/le-mot-de-la-semaine-printemps\/","url":"https:\/\/www.camaeleon.org\/de\/2019\/03\/22\/le-mot-de-la-semaine-printemps\/","name":"Le mot de la semaine: Printemps - Cam\u00e4l\u00e9on","isPartOf":{"@id":"https:\/\/www.camaeleon.org\/de\/#website"},"primaryImageOfPage":{"@id":"https:\/\/www.camaeleon.org\/de\/2019\/03\/22\/le-mot-de-la-semaine-printemps\/#primaryimage"},"image":{"@id":"https:\/\/www.camaeleon.org\/de\/2019\/03\/22\/le-mot-de-la-semaine-printemps\/#primaryimage"},"thumbnailUrl":"https:\/\/www.camaeleon.org\/wp-content\/uploads\/2019\/03\/hand-3833834_1280.jpg","datePublished":"2019-03-22T22:10:13+00:00","dateModified":"2020-12-23T11:54:56+00:00","description":"\u00abEst ce que tu peux ouvrir la fen\u00eatre ? Il fait super chaud !\u00bb ,\u00abNon il fait froid, je vais attraper un rhume !\u00bb... Le printemps est enfin de retour !","breadcrumb":{"@id":"https:\/\/www.camaeleon.org\/de\/2019\/03\/22\/le-mot-de-la-semaine-printemps\/#breadcrumb"},"inLanguage":"de","potentialAction":[{"@type":"ReadAction","target":[["https:\/\/www.camaeleon.org\/de\/2019\/03\/22\/le-mot-de-la-semaine-printemps\/"]]}]},{"@type":"ImageObject","inLanguage":"de","@id":"https:\/\/www.camaeleon.org\/de\/2019\/03\/22\/le-mot-de-la-semaine-printemps\/#primaryimage","url":"https:\/\/www.camaeleon.org\/wp-content\/uploads\/2019\/03\/hand-3833834_1280.jpg","contentUrl":"https:\/\/www.camaeleon.org\/wp-content\/uploads\/2019\/03\/hand-3833834_1280.jpg","width":1000,"height":666,"caption":"Photo : Linus Sch\u00fctz \/ pixabay.com"},{"@type":"BreadcrumbList","@id":"https:\/\/www.camaeleon.org\/de\/2019\/03\/22\/le-mot-de-la-semaine-printemps\/#breadcrumb","itemListElement":[{"@type":"ListItem","position":1,"name":"Home","item":"https:\/\/www.camaeleon.org\/de\/"},{"@type":"ListItem","position":2,"name":"Le mot de la semaine: Printemps"}]},{"@type":"WebSite","@id":"https:\/\/www.camaeleon.org\/de\/#website","url":"https:\/\/www.camaeleon.org\/de\/","name":"Cam\u00e4l\u00e9on","description":"Das Sch\u00fclermagazin des Deutsch-Franz\u00f6sischen Gymnasiums Saarbr\u00fccken","publisher":{"@id":"https:\/\/www.camaeleon.org\/de\/#organization"},"potentialAction":[{"@type":"SearchAction","target":{"@type":"EntryPoint","urlTemplate":"https:\/\/www.camaeleon.org\/de\/?s={search_term_string}"},"query-input":{"@type":"PropertyValueSpecification","valueRequired":true,"valueName":"search_term_string"}}],"inLanguage":"de"},{"@type":"Organization","@id":"https:\/\/www.camaeleon.org\/de\/#organization","name":"Cam\u00e4l\u00e9on","url":"https:\/\/www.camaeleon.org\/de\/","logo":{"@type":"ImageObject","inLanguage":"de","@id":"https:\/\/www.camaeleon.org\/de\/#\/schema\/logo\/image\/","url":"https:\/\/www.camaeleon.org\/wp-content\/uploads\/2011\/11\/CAM\u00c4LEON.jpg","contentUrl":"https:\/\/www.camaeleon.org\/wp-content\/uploads\/2011\/11\/CAM\u00c4LEON.jpg","width":959,"height":959,"caption":"Cam\u00e4l\u00e9on"},"image":{"@id":"https:\/\/www.camaeleon.org\/de\/#\/schema\/logo\/image\/"},"sameAs":["https:\/\/www.facebook.com\/camaeleon.org\/","https:\/\/x.com\/camaeleonOrg","https:\/\/www.instagram.com\/camaeleon.dfg\/","https:\/\/www.youtube.com\/channel\/UCl3TAUDdGuu_c7CD6ax6hYg"]},{"@type":"Person","@id":"https:\/\/www.camaeleon.org\/de\/#\/schema\/person\/c112fcecb970def0409d98564654c9e9","name":"Emma Thirion","image":{"@type":"ImageObject","inLanguage":"de","@id":"https:\/\/www.camaeleon.org\/de\/wp-content\/uploads\/2018\/09\/Thirion-120x120.jpg6298cf495124035cc56a0f7351a65ca2","url":"https:\/\/www.camaeleon.org\/wp-content\/uploads\/2018\/09\/Thirion-120x120.jpg","contentUrl":"https:\/\/www.camaeleon.org\/wp-content\/uploads\/2018\/09\/Thirion-120x120.jpg","caption":"Emma Thirion"},"url":"https:\/\/www.camaeleon.org\/de\/author\/emma-thirion\/"}]}},"_links":{"self":[{"href":"https:\/\/www.camaeleon.org\/de\/wp-json\/wp\/v2\/posts\/18403","targetHints":{"allow":["GET"]}}],"collection":[{"href":"https:\/\/www.camaeleon.org\/de\/wp-json\/wp\/v2\/posts"}],"about":[{"href":"https:\/\/www.camaeleon.org\/de\/wp-json\/wp\/v2\/types\/post"}],"author":[{"embeddable":true,"href":"https:\/\/www.camaeleon.org\/de\/wp-json\/wp\/v2\/users\/132"}],"replies":[{"embeddable":true,"href":"https:\/\/www.camaeleon.org\/de\/wp-json\/wp\/v2\/comments?post=18403"}],"version-history":[{"count":0,"href":"https:\/\/www.camaeleon.org\/de\/wp-json\/wp\/v2\/posts\/18403\/revisions"}],"wp:featuredmedia":[{"embeddable":true,"href":"https:\/\/www.camaeleon.org\/de\/wp-json\/wp\/v2\/media\/18454"}],"wp:attachment":[{"href":"https:\/\/www.camaeleon.org\/de\/wp-json\/wp\/v2\/media?parent=18403"}],"wp:term":[{"taxonomy":"category","embeddable":true,"href":"https:\/\/www.camaeleon.org\/de\/wp-json\/wp\/v2\/categories?post=18403"},{"taxonomy":"post_tag","embeddable":true,"href":"https:\/\/www.camaeleon.org\/de\/wp-json\/wp\/v2\/tags?post=18403"},{"taxonomy":"author","embeddable":true,"href":"https:\/\/www.camaeleon.org\/de\/wp-json\/wp\/v2\/coauthors?post=18403"}],"curies":[{"name":"wp","href":"https:\/\/api.w.org\/{rel}","templated":true}]}}