{"id":18179,"date":"2019-02-16T08:58:14","date_gmt":"2019-02-16T07:58:14","guid":{"rendered":"https:\/\/www.camaeleon.org\/?p=18179"},"modified":"2020-12-23T12:57:41","modified_gmt":"2020-12-23T11:57:41","slug":"votes-sv-2019-portraits-video-des-candidates","status":"publish","type":"post","link":"https:\/\/www.camaeleon.org\/de\/2019\/02\/16\/votes-sv-2019-portraits-video-des-candidates\/","title":{"rendered":"SV-Wahlen 2019: KandidatInnen im Video-Interview"},"content":{"rendered":"<p>Am 25. Februar werden die neuen DFG-Sch\u00fclervertreter gew\u00e4hlt. Dieses Jahr sind es sieben KandidatInnen. Wir stellen bis auf einen abwesenden Kandidaten alle im Video-Interview vor:<\/p>\n<p>https:\/\/youtu.be\/YYbByWCZ2mA<\/p>","protected":false},"excerpt":{"rendered":"<p>Am 25. Februar werden die neuen DFG-Sch\u00fclervertreter gew\u00e4hlt. Dieses Jahr sind es sieben KandidatInnen. Wir stellen bis auf einen abwesenden Kandidaten alle im Video-Interview vor:<\/p>\n","protected":false},"author":114,"featured_media":18187,"comment_status":"open","ping_status":"closed","sticky":false,"template":"","format":"standard","meta":{"colormag_page_container_layout":"default_layout","colormag_page_sidebar_layout":"default_layout","footnotes":""},"categories":[3,908],"tags":[990,991,380,989,691,988],"coauthors":[766,764,759,744,1002,743],"class_list":["post-18179","post","type-post","status-publish","format-standard","has-post-thumbnail","hentry","category-ecole","category-camaeleon-video","tag-delegues-deleves","tag-elections-des-delegues-deleves","tag-schuelersprecher","tag-schuelervertretung","tag-sv","tag-sv-wahlen"],"yoast_head":"<!-- This site is optimized with the Yoast SEO plugin v27.5 - https:\/\/yoast.com\/product\/yoast-seo-wordpress\/ -->\n<title>SV-Wahlen 2019: KandidatInnen im Video-Interview - Cam\u00e4l\u00e9on<\/title>\n<meta name=\"description\" content=\"Am 25. Februar werden die neuen DFG-Sch\u00fclervertreter gew\u00e4hlt. Dieses Jahr sind es sieben KandidatInnen. Wir stellen bis auf einen abwesenden Kandidaten alle im Video-Interview vor:\" \/>\n<meta name=\"robots\" content=\"index, follow, max-snippet:-1, max-image-preview:large, max-video-preview:-1\" \/>\n<link rel=\"canonical\" href=\"https:\/\/www.camaeleon.org\/de\/2019\/02\/16\/votes-sv-2019-portraits-video-des-candidates\/\" \/>\n<meta property=\"og:locale\" content=\"de_DE\" \/>\n<meta property=\"og:type\" content=\"article\" \/>\n<meta property=\"og:title\" content=\"SV-Wahlen 2019: KandidatInnen im Video-Interview - Cam\u00e4l\u00e9on\" \/>\n<meta property=\"og:description\" content=\"Am 25. Februar werden die neuen DFG-Sch\u00fclervertreter gew\u00e4hlt. Dieses Jahr sind es sieben KandidatInnen. Wir stellen bis auf einen abwesenden Kandidaten alle im Video-Interview vor:\" \/>\n<meta property=\"og:url\" content=\"https:\/\/www.camaeleon.org\/de\/2019\/02\/16\/votes-sv-2019-portraits-video-des-candidates\/\" \/>\n<meta property=\"og:site_name\" content=\"Cam\u00e4l\u00e9on\" \/>\n<meta property=\"article:publisher\" content=\"https:\/\/www.facebook.com\/camaeleon.org\/\" \/>\n<meta property=\"article:published_time\" content=\"2019-02-16T07:58:14+00:00\" \/>\n<meta property=\"article:modified_time\" content=\"2020-12-23T11:57:41+00:00\" \/>\n<meta property=\"og:image\" content=\"https:\/\/www.camaeleon.org\/wp-content\/uploads\/2019\/02\/SV-Kandidaten-2019.jpg\" \/>\n\t<meta property=\"og:image:width\" content=\"1000\" \/>\n\t<meta property=\"og:image:height\" content=\"667\" \/>\n\t<meta property=\"og:image:type\" content=\"image\/jpeg\" \/>\n<meta name=\"author\" content=\"Marie Thirion, Kian Dier, Simon Schmitt, Max Ernst, Emma Thirion, Liv-Grete Vally\" \/>\n<meta name=\"twitter:card\" content=\"summary_large_image\" \/>\n<meta name=\"twitter:creator\" content=\"@camaeleonOrg\" \/>\n<meta name=\"twitter:site\" content=\"@camaeleonOrg\" \/>\n<script type=\"application\/ld+json\" class=\"yoast-schema-graph\">{\"@context\":\"https:\\\/\\\/schema.org\",\"@graph\":[{\"@type\":\"Article\",\"@id\":\"https:\\\/\\\/www.camaeleon.org\\\/de\\\/2019\\\/02\\\/16\\\/votes-sv-2019-portraits-video-des-candidates\\\/#article\",\"isPartOf\":{\"@id\":\"https:\\\/\\\/www.camaeleon.org\\\/de\\\/2019\\\/02\\\/16\\\/votes-sv-2019-portraits-video-des-candidates\\\/\"},\"author\":{\"name\":\"Marie Thirion\",\"@id\":\"https:\\\/\\\/www.camaeleon.org\\\/de\\\/#\\\/schema\\\/person\\\/f5509e2e4b8c66b1f469eaceef628ae1\"},\"headline\":\"SV-Wahlen 2019: KandidatInnen im Video-Interview\",\"datePublished\":\"2019-02-16T07:58:14+00:00\",\"dateModified\":\"2020-12-23T11:57:41+00:00\",\"mainEntityOfPage\":{\"@id\":\"https:\\\/\\\/www.camaeleon.org\\\/de\\\/2019\\\/02\\\/16\\\/votes-sv-2019-portraits-video-des-candidates\\\/\"},\"wordCount\":125,\"commentCount\":0,\"publisher\":{\"@id\":\"https:\\\/\\\/www.camaeleon.org\\\/de\\\/#organization\"},\"image\":{\"@id\":\"https:\\\/\\\/www.camaeleon.org\\\/de\\\/2019\\\/02\\\/16\\\/votes-sv-2019-portraits-video-des-candidates\\\/#primaryimage\"},\"thumbnailUrl\":\"https:\\\/\\\/www.camaeleon.org\\\/wp-content\\\/uploads\\\/2019\\\/02\\\/SV-Kandidaten-2019.jpg\",\"keywords\":[\"D\u00e9l\u00e9gues d'\u00e9l\u00e8ves\",\"Elections des d\u00e9l\u00e9gues d'\u00e9l\u00e8ves\",\"Sch\u00fclersprecher\",\"Sch\u00fclervertretung\",\"SV\",\"SV-Wahlen\"],\"articleSection\":[\"Schule\",\"Video\"],\"inLanguage\":\"de\",\"potentialAction\":[{\"@type\":\"CommentAction\",\"name\":\"Comment\",\"target\":[\"https:\\\/\\\/www.camaeleon.org\\\/de\\\/2019\\\/02\\\/16\\\/votes-sv-2019-portraits-video-des-candidates\\\/#respond\"]}]},{\"@type\":\"WebPage\",\"@id\":\"https:\\\/\\\/www.camaeleon.org\\\/de\\\/2019\\\/02\\\/16\\\/votes-sv-2019-portraits-video-des-candidates\\\/\",\"url\":\"https:\\\/\\\/www.camaeleon.org\\\/de\\\/2019\\\/02\\\/16\\\/votes-sv-2019-portraits-video-des-candidates\\\/\",\"name\":\"SV-Wahlen 2019: KandidatInnen im Video-Interview - Cam\u00e4l\u00e9on\",\"isPartOf\":{\"@id\":\"https:\\\/\\\/www.camaeleon.org\\\/de\\\/#website\"},\"primaryImageOfPage\":{\"@id\":\"https:\\\/\\\/www.camaeleon.org\\\/de\\\/2019\\\/02\\\/16\\\/votes-sv-2019-portraits-video-des-candidates\\\/#primaryimage\"},\"image\":{\"@id\":\"https:\\\/\\\/www.camaeleon.org\\\/de\\\/2019\\\/02\\\/16\\\/votes-sv-2019-portraits-video-des-candidates\\\/#primaryimage\"},\"thumbnailUrl\":\"https:\\\/\\\/www.camaeleon.org\\\/wp-content\\\/uploads\\\/2019\\\/02\\\/SV-Kandidaten-2019.jpg\",\"datePublished\":\"2019-02-16T07:58:14+00:00\",\"dateModified\":\"2020-12-23T11:57:41+00:00\",\"description\":\"Am 25. Februar werden die neuen DFG-Sch\u00fclervertreter gew\u00e4hlt. Dieses Jahr sind es sieben KandidatInnen. Wir stellen bis auf einen abwesenden Kandidaten alle im Video-Interview vor:\",\"breadcrumb\":{\"@id\":\"https:\\\/\\\/www.camaeleon.org\\\/de\\\/2019\\\/02\\\/16\\\/votes-sv-2019-portraits-video-des-candidates\\\/#breadcrumb\"},\"inLanguage\":\"de\",\"potentialAction\":[{\"@type\":\"ReadAction\",\"target\":[[\"https:\\\/\\\/www.camaeleon.org\\\/de\\\/2019\\\/02\\\/16\\\/votes-sv-2019-portraits-video-des-candidates\\\/\"]]}]},{\"@type\":\"ImageObject\",\"inLanguage\":\"de\",\"@id\":\"https:\\\/\\\/www.camaeleon.org\\\/de\\\/2019\\\/02\\\/16\\\/votes-sv-2019-portraits-video-des-candidates\\\/#primaryimage\",\"url\":\"https:\\\/\\\/www.camaeleon.org\\\/wp-content\\\/uploads\\\/2019\\\/02\\\/SV-Kandidaten-2019.jpg\",\"contentUrl\":\"https:\\\/\\\/www.camaeleon.org\\\/wp-content\\\/uploads\\\/2019\\\/02\\\/SV-Kandidaten-2019.jpg\",\"width\":1000,\"height\":667,\"caption\":\"Foto: Cam\u00e4l\u00e9on\"},{\"@type\":\"BreadcrumbList\",\"@id\":\"https:\\\/\\\/www.camaeleon.org\\\/de\\\/2019\\\/02\\\/16\\\/votes-sv-2019-portraits-video-des-candidates\\\/#breadcrumb\",\"itemListElement\":[{\"@type\":\"ListItem\",\"position\":1,\"name\":\"Home\",\"item\":\"https:\\\/\\\/www.camaeleon.org\\\/de\\\/\"},{\"@type\":\"ListItem\",\"position\":2,\"name\":\"SV-Wahlen 2019: KandidatInnen im Video-Interview\"}]},{\"@type\":\"WebSite\",\"@id\":\"https:\\\/\\\/www.camaeleon.org\\\/de\\\/#website\",\"url\":\"https:\\\/\\\/www.camaeleon.org\\\/de\\\/\",\"name\":\"Cam\u00e4l\u00e9on\",\"description\":\"Das Sch\u00fclermagazin des Deutsch-Franz\u00f6sischen Gymnasiums Saarbr\u00fccken\",\"publisher\":{\"@id\":\"https:\\\/\\\/www.camaeleon.org\\\/de\\\/#organization\"},\"potentialAction\":[{\"@type\":\"SearchAction\",\"target\":{\"@type\":\"EntryPoint\",\"urlTemplate\":\"https:\\\/\\\/www.camaeleon.org\\\/de\\\/?s={search_term_string}\"},\"query-input\":{\"@type\":\"PropertyValueSpecification\",\"valueRequired\":true,\"valueName\":\"search_term_string\"}}],\"inLanguage\":\"de\"},{\"@type\":\"Organization\",\"@id\":\"https:\\\/\\\/www.camaeleon.org\\\/de\\\/#organization\",\"name\":\"Cam\u00e4l\u00e9on\",\"url\":\"https:\\\/\\\/www.camaeleon.org\\\/de\\\/\",\"logo\":{\"@type\":\"ImageObject\",\"inLanguage\":\"de\",\"@id\":\"https:\\\/\\\/www.camaeleon.org\\\/de\\\/#\\\/schema\\\/logo\\\/image\\\/\",\"url\":\"https:\\\/\\\/www.camaeleon.org\\\/wp-content\\\/uploads\\\/2011\\\/11\\\/CAM\u00c4LEON.jpg\",\"contentUrl\":\"https:\\\/\\\/www.camaeleon.org\\\/wp-content\\\/uploads\\\/2011\\\/11\\\/CAM\u00c4LEON.jpg\",\"width\":959,\"height\":959,\"caption\":\"Cam\u00e4l\u00e9on\"},\"image\":{\"@id\":\"https:\\\/\\\/www.camaeleon.org\\\/de\\\/#\\\/schema\\\/logo\\\/image\\\/\"},\"sameAs\":[\"https:\\\/\\\/www.facebook.com\\\/camaeleon.org\\\/\",\"https:\\\/\\\/x.com\\\/camaeleonOrg\",\"https:\\\/\\\/www.instagram.com\\\/camaeleon.dfg\\\/\",\"https:\\\/\\\/www.youtube.com\\\/channel\\\/UCl3TAUDdGuu_c7CD6ax6hYg\"]},{\"@type\":\"Person\",\"@id\":\"https:\\\/\\\/www.camaeleon.org\\\/de\\\/#\\\/schema\\\/person\\\/f5509e2e4b8c66b1f469eaceef628ae1\",\"name\":\"Marie Thirion\",\"image\":{\"@type\":\"ImageObject\",\"inLanguage\":\"de\",\"@id\":\"https:\\\/\\\/www.camaeleon.org\\\/de\\\/wp-content\\\/uploads\\\/2011\\\/07\\\/marie-thirion-120x120.jpg83a1dbfc1860ac4e5006de1da1d7bbf9\",\"url\":\"https:\\\/\\\/www.camaeleon.org\\\/wp-content\\\/uploads\\\/2011\\\/07\\\/marie-thirion-120x120.jpg\",\"contentUrl\":\"https:\\\/\\\/www.camaeleon.org\\\/wp-content\\\/uploads\\\/2011\\\/07\\\/marie-thirion-120x120.jpg\",\"caption\":\"Marie Thirion\"},\"url\":\"https:\\\/\\\/www.camaeleon.org\\\/de\\\/author\\\/marie-thirion\\\/\"}]}<\/script>\n<!-- \/ Yoast SEO plugin. -->","yoast_head_json":{"title":"SV-Wahlen 2019: KandidatInnen im Video-Interview - Cam\u00e4l\u00e9on","description":"Am 25. Februar werden die neuen DFG-Sch\u00fclervertreter gew\u00e4hlt. Dieses Jahr sind es sieben KandidatInnen. Wir stellen bis auf einen abwesenden Kandidaten alle im Video-Interview vor:","robots":{"index":"index","follow":"follow","max-snippet":"max-snippet:-1","max-image-preview":"max-image-preview:large","max-video-preview":"max-video-preview:-1"},"canonical":"https:\/\/www.camaeleon.org\/de\/2019\/02\/16\/votes-sv-2019-portraits-video-des-candidates\/","og_locale":"de_DE","og_type":"article","og_title":"SV-Wahlen 2019: KandidatInnen im Video-Interview - Cam\u00e4l\u00e9on","og_description":"Am 25. Februar werden die neuen DFG-Sch\u00fclervertreter gew\u00e4hlt. Dieses Jahr sind es sieben KandidatInnen. Wir stellen bis auf einen abwesenden Kandidaten alle im Video-Interview vor:","og_url":"https:\/\/www.camaeleon.org\/de\/2019\/02\/16\/votes-sv-2019-portraits-video-des-candidates\/","og_site_name":"Cam\u00e4l\u00e9on","article_publisher":"https:\/\/www.facebook.com\/camaeleon.org\/","article_published_time":"2019-02-16T07:58:14+00:00","article_modified_time":"2020-12-23T11:57:41+00:00","og_image":[{"width":1000,"height":667,"url":"https:\/\/www.camaeleon.org\/wp-content\/uploads\/2019\/02\/SV-Kandidaten-2019.jpg","type":"image\/jpeg"}],"author":"Marie Thirion, Kian Dier, Simon Schmitt, Max Ernst, Emma Thirion, Liv-Grete Vally","twitter_card":"summary_large_image","twitter_creator":"@camaeleonOrg","twitter_site":"@camaeleonOrg","schema":{"@context":"https:\/\/schema.org","@graph":[{"@type":"Article","@id":"https:\/\/www.camaeleon.org\/de\/2019\/02\/16\/votes-sv-2019-portraits-video-des-candidates\/#article","isPartOf":{"@id":"https:\/\/www.camaeleon.org\/de\/2019\/02\/16\/votes-sv-2019-portraits-video-des-candidates\/"},"author":{"name":"Marie Thirion","@id":"https:\/\/www.camaeleon.org\/de\/#\/schema\/person\/f5509e2e4b8c66b1f469eaceef628ae1"},"headline":"SV-Wahlen 2019: KandidatInnen im Video-Interview","datePublished":"2019-02-16T07:58:14+00:00","dateModified":"2020-12-23T11:57:41+00:00","mainEntityOfPage":{"@id":"https:\/\/www.camaeleon.org\/de\/2019\/02\/16\/votes-sv-2019-portraits-video-des-candidates\/"},"wordCount":125,"commentCount":0,"publisher":{"@id":"https:\/\/www.camaeleon.org\/de\/#organization"},"image":{"@id":"https:\/\/www.camaeleon.org\/de\/2019\/02\/16\/votes-sv-2019-portraits-video-des-candidates\/#primaryimage"},"thumbnailUrl":"https:\/\/www.camaeleon.org\/wp-content\/uploads\/2019\/02\/SV-Kandidaten-2019.jpg","keywords":["D\u00e9l\u00e9gues d'\u00e9l\u00e8ves","Elections des d\u00e9l\u00e9gues d'\u00e9l\u00e8ves","Sch\u00fclersprecher","Sch\u00fclervertretung","SV","SV-Wahlen"],"articleSection":["Schule","Video"],"inLanguage":"de","potentialAction":[{"@type":"CommentAction","name":"Comment","target":["https:\/\/www.camaeleon.org\/de\/2019\/02\/16\/votes-sv-2019-portraits-video-des-candidates\/#respond"]}]},{"@type":"WebPage","@id":"https:\/\/www.camaeleon.org\/de\/2019\/02\/16\/votes-sv-2019-portraits-video-des-candidates\/","url":"https:\/\/www.camaeleon.org\/de\/2019\/02\/16\/votes-sv-2019-portraits-video-des-candidates\/","name":"SV-Wahlen 2019: KandidatInnen im Video-Interview - Cam\u00e4l\u00e9on","isPartOf":{"@id":"https:\/\/www.camaeleon.org\/de\/#website"},"primaryImageOfPage":{"@id":"https:\/\/www.camaeleon.org\/de\/2019\/02\/16\/votes-sv-2019-portraits-video-des-candidates\/#primaryimage"},"image":{"@id":"https:\/\/www.camaeleon.org\/de\/2019\/02\/16\/votes-sv-2019-portraits-video-des-candidates\/#primaryimage"},"thumbnailUrl":"https:\/\/www.camaeleon.org\/wp-content\/uploads\/2019\/02\/SV-Kandidaten-2019.jpg","datePublished":"2019-02-16T07:58:14+00:00","dateModified":"2020-12-23T11:57:41+00:00","description":"Am 25. Februar werden die neuen DFG-Sch\u00fclervertreter gew\u00e4hlt. Dieses Jahr sind es sieben KandidatInnen. Wir stellen bis auf einen abwesenden Kandidaten alle im Video-Interview vor:","breadcrumb":{"@id":"https:\/\/www.camaeleon.org\/de\/2019\/02\/16\/votes-sv-2019-portraits-video-des-candidates\/#breadcrumb"},"inLanguage":"de","potentialAction":[{"@type":"ReadAction","target":[["https:\/\/www.camaeleon.org\/de\/2019\/02\/16\/votes-sv-2019-portraits-video-des-candidates\/"]]}]},{"@type":"ImageObject","inLanguage":"de","@id":"https:\/\/www.camaeleon.org\/de\/2019\/02\/16\/votes-sv-2019-portraits-video-des-candidates\/#primaryimage","url":"https:\/\/www.camaeleon.org\/wp-content\/uploads\/2019\/02\/SV-Kandidaten-2019.jpg","contentUrl":"https:\/\/www.camaeleon.org\/wp-content\/uploads\/2019\/02\/SV-Kandidaten-2019.jpg","width":1000,"height":667,"caption":"Foto: Cam\u00e4l\u00e9on"},{"@type":"BreadcrumbList","@id":"https:\/\/www.camaeleon.org\/de\/2019\/02\/16\/votes-sv-2019-portraits-video-des-candidates\/#breadcrumb","itemListElement":[{"@type":"ListItem","position":1,"name":"Home","item":"https:\/\/www.camaeleon.org\/de\/"},{"@type":"ListItem","position":2,"name":"SV-Wahlen 2019: KandidatInnen im Video-Interview"}]},{"@type":"WebSite","@id":"https:\/\/www.camaeleon.org\/de\/#website","url":"https:\/\/www.camaeleon.org\/de\/","name":"Cam\u00e4l\u00e9on","description":"Das Sch\u00fclermagazin des Deutsch-Franz\u00f6sischen Gymnasiums Saarbr\u00fccken","publisher":{"@id":"https:\/\/www.camaeleon.org\/de\/#organization"},"potentialAction":[{"@type":"SearchAction","target":{"@type":"EntryPoint","urlTemplate":"https:\/\/www.camaeleon.org\/de\/?s={search_term_string}"},"query-input":{"@type":"PropertyValueSpecification","valueRequired":true,"valueName":"search_term_string"}}],"inLanguage":"de"},{"@type":"Organization","@id":"https:\/\/www.camaeleon.org\/de\/#organization","name":"Cam\u00e4l\u00e9on","url":"https:\/\/www.camaeleon.org\/de\/","logo":{"@type":"ImageObject","inLanguage":"de","@id":"https:\/\/www.camaeleon.org\/de\/#\/schema\/logo\/image\/","url":"https:\/\/www.camaeleon.org\/wp-content\/uploads\/2011\/11\/CAM\u00c4LEON.jpg","contentUrl":"https:\/\/www.camaeleon.org\/wp-content\/uploads\/2011\/11\/CAM\u00c4LEON.jpg","width":959,"height":959,"caption":"Cam\u00e4l\u00e9on"},"image":{"@id":"https:\/\/www.camaeleon.org\/de\/#\/schema\/logo\/image\/"},"sameAs":["https:\/\/www.facebook.com\/camaeleon.org\/","https:\/\/x.com\/camaeleonOrg","https:\/\/www.instagram.com\/camaeleon.dfg\/","https:\/\/www.youtube.com\/channel\/UCl3TAUDdGuu_c7CD6ax6hYg"]},{"@type":"Person","@id":"https:\/\/www.camaeleon.org\/de\/#\/schema\/person\/f5509e2e4b8c66b1f469eaceef628ae1","name":"Marie Thirion","image":{"@type":"ImageObject","inLanguage":"de","@id":"https:\/\/www.camaeleon.org\/de\/wp-content\/uploads\/2011\/07\/marie-thirion-120x120.jpg83a1dbfc1860ac4e5006de1da1d7bbf9","url":"https:\/\/www.camaeleon.org\/wp-content\/uploads\/2011\/07\/marie-thirion-120x120.jpg","contentUrl":"https:\/\/www.camaeleon.org\/wp-content\/uploads\/2011\/07\/marie-thirion-120x120.jpg","caption":"Marie Thirion"},"url":"https:\/\/www.camaeleon.org\/de\/author\/marie-thirion\/"}]}},"_links":{"self":[{"href":"https:\/\/www.camaeleon.org\/de\/wp-json\/wp\/v2\/posts\/18179","targetHints":{"allow":["GET"]}}],"collection":[{"href":"https:\/\/www.camaeleon.org\/de\/wp-json\/wp\/v2\/posts"}],"about":[{"href":"https:\/\/www.camaeleon.org\/de\/wp-json\/wp\/v2\/types\/post"}],"author":[{"embeddable":true,"href":"https:\/\/www.camaeleon.org\/de\/wp-json\/wp\/v2\/users\/114"}],"replies":[{"embeddable":true,"href":"https:\/\/www.camaeleon.org\/de\/wp-json\/wp\/v2\/comments?post=18179"}],"version-history":[{"count":0,"href":"https:\/\/www.camaeleon.org\/de\/wp-json\/wp\/v2\/posts\/18179\/revisions"}],"wp:featuredmedia":[{"embeddable":true,"href":"https:\/\/www.camaeleon.org\/de\/wp-json\/wp\/v2\/media\/18187"}],"wp:attachment":[{"href":"https:\/\/www.camaeleon.org\/de\/wp-json\/wp\/v2\/media?parent=18179"}],"wp:term":[{"taxonomy":"category","embeddable":true,"href":"https:\/\/www.camaeleon.org\/de\/wp-json\/wp\/v2\/categories?post=18179"},{"taxonomy":"post_tag","embeddable":true,"href":"https:\/\/www.camaeleon.org\/de\/wp-json\/wp\/v2\/tags?post=18179"},{"taxonomy":"author","embeddable":true,"href":"https:\/\/www.camaeleon.org\/de\/wp-json\/wp\/v2\/coauthors?post=18179"}],"curies":[{"name":"wp","href":"https:\/\/api.w.org\/{rel}","templated":true}]}}