{"id":17973,"date":"2019-02-01T09:03:35","date_gmt":"2019-02-01T08:03:35","guid":{"rendered":"https:\/\/www.camaeleon.org\/?p=17973"},"modified":"2022-07-21T16:17:26","modified_gmt":"2022-07-21T14:17:26","slug":"lamitie-filles-garcons-possible-ou-pas","status":"publish","type":"post","link":"https:\/\/www.camaeleon.org\/de\/2019\/02\/01\/lamitie-filles-garcons-possible-ou-pas\/","title":{"rendered":"L&#8217;amiti\u00e9 filles gar\u00e7ons: possible ou pas?"},"content":{"rendered":"<figure id=\"attachment_17976\" aria-describedby=\"caption-attachment-17976\" style=\"width: 300px\" class=\"wp-caption alignleft\"><a href=\"https:\/\/www.camaeleon.org\/2019\/02\/01\/lamitie-filles-garcons-possible-ou-pas\/boy-2026064_1280\/\" rel=\"attachment wp-att-17976\"><img loading=\"lazy\" decoding=\"async\" class=\"size-medium wp-image-17976\" src=\"https:\/\/www.camaeleon.org\/wp-content\/uploads\/2019\/02\/boy-2026064_1280-300x150.png\" alt=\"\" width=\"300\" height=\"150\" srcset=\"https:\/\/www.camaeleon.org\/wp-content\/uploads\/2019\/02\/boy-2026064_1280-300x150.png 300w, https:\/\/www.camaeleon.org\/wp-content\/uploads\/2019\/02\/boy-2026064_1280-880x440.png 880w, https:\/\/www.camaeleon.org\/wp-content\/uploads\/2019\/02\/boy-2026064_1280.png 1000w\" sizes=\"auto, (max-width: 300px) 100vw, 300px\" \/><\/a><figcaption id=\"caption-attachment-17976\" class=\"wp-caption-text\">Amiti\u00e9 filles gar\u00e7ons (source: Pixabay)<\/figcaption><\/figure>\n<p>Emma Thirion a enqu\u00eat\u00e9 sur l&#8217;amiti\u00e9 entre les filles et les gar\u00e7ons. Qu&#8217;en pensent les \u00e9l\u00e8ves? Est-ce que le genre influence l&#8217;amiti\u00e9? D\u00e9couvrez les t\u00e9moignages recueillis par notre journaliste.<\/p>\n<audio class=\"wp-audio-shortcode\" id=\"audio-17973-1\" preload=\"none\" style=\"width: 100%;\" controls=\"controls\"><source type=\"audio\/mpeg\" src=\"https:\/\/www.camaeleon.org\/wp-content\/uploads\/2019\/02\/Podcast-2.mp3?_=1\" \/><a href=\"https:\/\/www.camaeleon.org\/wp-content\/uploads\/2019\/02\/Podcast-2.mp3\">https:\/\/www.camaeleon.org\/wp-content\/uploads\/2019\/02\/Podcast-2.mp3<\/a><\/audio>\n","protected":false},"excerpt":{"rendered":"<p>Emma Thirion a enqu\u00eat\u00e9 sur l&#8217;amiti\u00e9 entre les filles et les gar\u00e7ons. Qu&#8217;en pensent les \u00e9l\u00e8ves? Est-ce que le genre influence l&#8217;amiti\u00e9? D\u00e9couvrez les t\u00e9moignages<\/p>\n","protected":false},"author":132,"featured_media":18088,"comment_status":"open","ping_status":"closed","sticky":false,"template":"","format":"standard","meta":{"colormag_page_container_layout":"default_layout","colormag_page_sidebar_layout":"default_layout","footnotes":""},"categories":[194,200,6,2039],"tags":[950,1324,1325,515],"coauthors":[1002],"class_list":["post-17973","post","type-post","status-publish","format-standard","has-post-thumbnail","hentry","category-amitie","category-audio","category-vie","category-zeitlos","tag-amitie","tag-friendship","tag-junge","tag-maedchen"],"yoast_head":"<!-- This site is optimized with the Yoast SEO plugin v27.5 - https:\/\/yoast.com\/product\/yoast-seo-wordpress\/ -->\n<title>L&#039;amiti\u00e9 filles gar\u00e7ons: possible ou pas? - Cam\u00e4l\u00e9on<\/title>\n<meta name=\"description\" content=\"Emma Thirion a enqu\u00eat\u00e9 sur l&#039;amiti\u00e9 entre les filles et les gar\u00e7ons. Qu&#039;en pensent les \u00e9l\u00e8ves? Est-ce que le genre influence l&#039;amiti\u00e9? D\u00e9couvrez les t\u00e9moignages recueillis par notre journaliste.\" \/>\n<meta name=\"robots\" content=\"index, follow, max-snippet:-1, max-image-preview:large, max-video-preview:-1\" \/>\n<link rel=\"canonical\" href=\"https:\/\/www.camaeleon.org\/de\/2019\/02\/01\/lamitie-filles-garcons-possible-ou-pas\/\" \/>\n<meta property=\"og:locale\" content=\"de_DE\" \/>\n<meta property=\"og:type\" content=\"article\" \/>\n<meta property=\"og:title\" content=\"L&#039;amiti\u00e9 filles gar\u00e7ons: possible ou pas? - Cam\u00e4l\u00e9on\" \/>\n<meta property=\"og:description\" content=\"Emma Thirion a enqu\u00eat\u00e9 sur l&#039;amiti\u00e9 entre les filles et les gar\u00e7ons. Qu&#039;en pensent les \u00e9l\u00e8ves? Est-ce que le genre influence l&#039;amiti\u00e9? D\u00e9couvrez les t\u00e9moignages recueillis par notre journaliste.\" \/>\n<meta property=\"og:url\" content=\"https:\/\/www.camaeleon.org\/de\/2019\/02\/01\/lamitie-filles-garcons-possible-ou-pas\/\" \/>\n<meta property=\"og:site_name\" content=\"Cam\u00e4l\u00e9on\" \/>\n<meta property=\"article:publisher\" content=\"https:\/\/www.facebook.com\/camaeleon.org\/\" \/>\n<meta property=\"article:published_time\" content=\"2019-02-01T08:03:35+00:00\" \/>\n<meta property=\"article:modified_time\" content=\"2022-07-21T14:17:26+00:00\" \/>\n<meta property=\"og:image\" content=\"https:\/\/www.camaeleon.org\/wp-content\/uploads\/2019\/02\/orio-116965_1920.jpg\" \/>\n\t<meta property=\"og:image:width\" content=\"1000\" \/>\n\t<meta property=\"og:image:height\" content=\"667\" \/>\n\t<meta property=\"og:image:type\" content=\"image\/jpeg\" \/>\n<meta name=\"author\" content=\"Emma Thirion\" \/>\n<meta name=\"twitter:card\" content=\"summary_large_image\" \/>\n<meta name=\"twitter:creator\" content=\"@camaeleonOrg\" \/>\n<meta name=\"twitter:site\" content=\"@camaeleonOrg\" \/>\n<script type=\"application\/ld+json\" class=\"yoast-schema-graph\">{\"@context\":\"https:\\\/\\\/schema.org\",\"@graph\":[{\"@type\":\"Article\",\"@id\":\"https:\\\/\\\/www.camaeleon.org\\\/2019\\\/02\\\/01\\\/lamitie-filles-garcons-possible-ou-pas\\\/#article\",\"isPartOf\":{\"@id\":\"https:\\\/\\\/www.camaeleon.org\\\/2019\\\/02\\\/01\\\/lamitie-filles-garcons-possible-ou-pas\\\/\"},\"author\":{\"name\":\"Emma Thirion\",\"@id\":\"https:\\\/\\\/www.camaeleon.org\\\/de\\\/#\\\/schema\\\/person\\\/c112fcecb970def0409d98564654c9e9\"},\"headline\":\"L&#8217;amiti\u00e9 filles gar\u00e7ons: possible ou pas?\",\"datePublished\":\"2019-02-01T08:03:35+00:00\",\"dateModified\":\"2022-07-21T14:17:26+00:00\",\"mainEntityOfPage\":{\"@id\":\"https:\\\/\\\/www.camaeleon.org\\\/2019\\\/02\\\/01\\\/lamitie-filles-garcons-possible-ou-pas\\\/\"},\"wordCount\":69,\"commentCount\":0,\"publisher\":{\"@id\":\"https:\\\/\\\/www.camaeleon.org\\\/de\\\/#organization\"},\"image\":{\"@id\":\"https:\\\/\\\/www.camaeleon.org\\\/2019\\\/02\\\/01\\\/lamitie-filles-garcons-possible-ou-pas\\\/#primaryimage\"},\"thumbnailUrl\":\"https:\\\/\\\/www.camaeleon.org\\\/wp-content\\\/uploads\\\/2019\\\/02\\\/orio-116965_1920.jpg\",\"keywords\":[\"Freundschaft\",\"Friendship\",\"Junge\",\"M\u00e4dchen\"],\"articleSection\":[\"Freundschaft\",\"Podcast\",\"Leben\",\"Zeitlos\"],\"inLanguage\":\"de\",\"potentialAction\":[{\"@type\":\"CommentAction\",\"name\":\"Comment\",\"target\":[\"https:\\\/\\\/www.camaeleon.org\\\/2019\\\/02\\\/01\\\/lamitie-filles-garcons-possible-ou-pas\\\/#respond\"]}]},{\"@type\":\"WebPage\",\"@id\":\"https:\\\/\\\/www.camaeleon.org\\\/de\\\/2019\\\/02\\\/01\\\/lamitie-filles-garcons-possible-ou-pas\\\/\",\"url\":\"https:\\\/\\\/www.camaeleon.org\\\/de\\\/2019\\\/02\\\/01\\\/lamitie-filles-garcons-possible-ou-pas\\\/\",\"name\":\"L'amiti\u00e9 filles gar\u00e7ons: possible ou pas? - Cam\u00e4l\u00e9on\",\"isPartOf\":{\"@id\":\"https:\\\/\\\/www.camaeleon.org\\\/de\\\/#website\"},\"primaryImageOfPage\":{\"@id\":\"https:\\\/\\\/www.camaeleon.org\\\/de\\\/2019\\\/02\\\/01\\\/lamitie-filles-garcons-possible-ou-pas\\\/#primaryimage\"},\"image\":{\"@id\":\"https:\\\/\\\/www.camaeleon.org\\\/2019\\\/02\\\/01\\\/lamitie-filles-garcons-possible-ou-pas\\\/#primaryimage\"},\"thumbnailUrl\":\"https:\\\/\\\/www.camaeleon.org\\\/wp-content\\\/uploads\\\/2019\\\/02\\\/orio-116965_1920.jpg\",\"datePublished\":\"2019-02-01T08:03:35+00:00\",\"dateModified\":\"2022-07-21T14:17:26+00:00\",\"description\":\"Emma Thirion a enqu\u00eat\u00e9 sur l'amiti\u00e9 entre les filles et les gar\u00e7ons. Qu'en pensent les \u00e9l\u00e8ves? Est-ce que le genre influence l'amiti\u00e9? D\u00e9couvrez les t\u00e9moignages recueillis par notre journaliste.\",\"breadcrumb\":{\"@id\":\"https:\\\/\\\/www.camaeleon.org\\\/de\\\/2019\\\/02\\\/01\\\/lamitie-filles-garcons-possible-ou-pas\\\/#breadcrumb\"},\"inLanguage\":\"de\",\"potentialAction\":[{\"@type\":\"ReadAction\",\"target\":[[\"https:\\\/\\\/www.camaeleon.org\\\/de\\\/2019\\\/02\\\/01\\\/lamitie-filles-garcons-possible-ou-pas\\\/\"]]}]},{\"@type\":\"ImageObject\",\"inLanguage\":\"de\",\"@id\":\"https:\\\/\\\/www.camaeleon.org\\\/de\\\/2019\\\/02\\\/01\\\/lamitie-filles-garcons-possible-ou-pas\\\/#primaryimage\",\"url\":\"https:\\\/\\\/www.camaeleon.org\\\/wp-content\\\/uploads\\\/2019\\\/02\\\/orio-116965_1920.jpg\",\"contentUrl\":\"https:\\\/\\\/www.camaeleon.org\\\/wp-content\\\/uploads\\\/2019\\\/02\\\/orio-116965_1920.jpg\",\"width\":1000,\"height\":667,\"caption\":\"Photo : makunin \\\/ pixabay.com\"},{\"@type\":\"BreadcrumbList\",\"@id\":\"https:\\\/\\\/www.camaeleon.org\\\/de\\\/2019\\\/02\\\/01\\\/lamitie-filles-garcons-possible-ou-pas\\\/#breadcrumb\",\"itemListElement\":[{\"@type\":\"ListItem\",\"position\":1,\"name\":\"Home\",\"item\":\"https:\\\/\\\/www.camaeleon.org\\\/de\\\/\"},{\"@type\":\"ListItem\",\"position\":2,\"name\":\"L&#8217;amiti\u00e9 filles gar\u00e7ons: possible ou pas?\"}]},{\"@type\":\"WebSite\",\"@id\":\"https:\\\/\\\/www.camaeleon.org\\\/de\\\/#website\",\"url\":\"https:\\\/\\\/www.camaeleon.org\\\/de\\\/\",\"name\":\"Cam\u00e4l\u00e9on\",\"description\":\"Das Sch\u00fclermagazin des Deutsch-Franz\u00f6sischen Gymnasiums Saarbr\u00fccken\",\"publisher\":{\"@id\":\"https:\\\/\\\/www.camaeleon.org\\\/de\\\/#organization\"},\"potentialAction\":[{\"@type\":\"SearchAction\",\"target\":{\"@type\":\"EntryPoint\",\"urlTemplate\":\"https:\\\/\\\/www.camaeleon.org\\\/de\\\/?s={search_term_string}\"},\"query-input\":{\"@type\":\"PropertyValueSpecification\",\"valueRequired\":true,\"valueName\":\"search_term_string\"}}],\"inLanguage\":\"de\"},{\"@type\":\"Organization\",\"@id\":\"https:\\\/\\\/www.camaeleon.org\\\/de\\\/#organization\",\"name\":\"Cam\u00e4l\u00e9on\",\"url\":\"https:\\\/\\\/www.camaeleon.org\\\/de\\\/\",\"logo\":{\"@type\":\"ImageObject\",\"inLanguage\":\"de\",\"@id\":\"https:\\\/\\\/www.camaeleon.org\\\/de\\\/#\\\/schema\\\/logo\\\/image\\\/\",\"url\":\"https:\\\/\\\/www.camaeleon.org\\\/wp-content\\\/uploads\\\/2011\\\/11\\\/CAM\u00c4LEON.jpg\",\"contentUrl\":\"https:\\\/\\\/www.camaeleon.org\\\/wp-content\\\/uploads\\\/2011\\\/11\\\/CAM\u00c4LEON.jpg\",\"width\":959,\"height\":959,\"caption\":\"Cam\u00e4l\u00e9on\"},\"image\":{\"@id\":\"https:\\\/\\\/www.camaeleon.org\\\/de\\\/#\\\/schema\\\/logo\\\/image\\\/\"},\"sameAs\":[\"https:\\\/\\\/www.facebook.com\\\/camaeleon.org\\\/\",\"https:\\\/\\\/x.com\\\/camaeleonOrg\",\"https:\\\/\\\/www.instagram.com\\\/camaeleon.dfg\\\/\",\"https:\\\/\\\/www.youtube.com\\\/channel\\\/UCl3TAUDdGuu_c7CD6ax6hYg\"]},{\"@type\":\"Person\",\"@id\":\"https:\\\/\\\/www.camaeleon.org\\\/de\\\/#\\\/schema\\\/person\\\/c112fcecb970def0409d98564654c9e9\",\"name\":\"Emma Thirion\",\"image\":{\"@type\":\"ImageObject\",\"inLanguage\":\"de\",\"@id\":\"https:\\\/\\\/www.camaeleon.org\\\/de\\\/wp-content\\\/uploads\\\/2018\\\/09\\\/Thirion-120x120.jpg6298cf495124035cc56a0f7351a65ca2\",\"url\":\"https:\\\/\\\/www.camaeleon.org\\\/wp-content\\\/uploads\\\/2018\\\/09\\\/Thirion-120x120.jpg\",\"contentUrl\":\"https:\\\/\\\/www.camaeleon.org\\\/wp-content\\\/uploads\\\/2018\\\/09\\\/Thirion-120x120.jpg\",\"caption\":\"Emma Thirion\"},\"url\":\"https:\\\/\\\/www.camaeleon.org\\\/de\\\/author\\\/emma-thirion\\\/\"}]}<\/script>\n<!-- \/ Yoast SEO plugin. -->","yoast_head_json":{"title":"L'amiti\u00e9 filles gar\u00e7ons: possible ou pas? - Cam\u00e4l\u00e9on","description":"Emma Thirion a enqu\u00eat\u00e9 sur l'amiti\u00e9 entre les filles et les gar\u00e7ons. Qu'en pensent les \u00e9l\u00e8ves? Est-ce que le genre influence l'amiti\u00e9? D\u00e9couvrez les t\u00e9moignages recueillis par notre journaliste.","robots":{"index":"index","follow":"follow","max-snippet":"max-snippet:-1","max-image-preview":"max-image-preview:large","max-video-preview":"max-video-preview:-1"},"canonical":"https:\/\/www.camaeleon.org\/de\/2019\/02\/01\/lamitie-filles-garcons-possible-ou-pas\/","og_locale":"de_DE","og_type":"article","og_title":"L'amiti\u00e9 filles gar\u00e7ons: possible ou pas? - Cam\u00e4l\u00e9on","og_description":"Emma Thirion a enqu\u00eat\u00e9 sur l'amiti\u00e9 entre les filles et les gar\u00e7ons. Qu'en pensent les \u00e9l\u00e8ves? Est-ce que le genre influence l'amiti\u00e9? D\u00e9couvrez les t\u00e9moignages recueillis par notre journaliste.","og_url":"https:\/\/www.camaeleon.org\/de\/2019\/02\/01\/lamitie-filles-garcons-possible-ou-pas\/","og_site_name":"Cam\u00e4l\u00e9on","article_publisher":"https:\/\/www.facebook.com\/camaeleon.org\/","article_published_time":"2019-02-01T08:03:35+00:00","article_modified_time":"2022-07-21T14:17:26+00:00","og_image":[{"width":1000,"height":667,"url":"https:\/\/www.camaeleon.org\/wp-content\/uploads\/2019\/02\/orio-116965_1920.jpg","type":"image\/jpeg"}],"author":"Emma Thirion","twitter_card":"summary_large_image","twitter_creator":"@camaeleonOrg","twitter_site":"@camaeleonOrg","schema":{"@context":"https:\/\/schema.org","@graph":[{"@type":"Article","@id":"https:\/\/www.camaeleon.org\/2019\/02\/01\/lamitie-filles-garcons-possible-ou-pas\/#article","isPartOf":{"@id":"https:\/\/www.camaeleon.org\/2019\/02\/01\/lamitie-filles-garcons-possible-ou-pas\/"},"author":{"name":"Emma Thirion","@id":"https:\/\/www.camaeleon.org\/de\/#\/schema\/person\/c112fcecb970def0409d98564654c9e9"},"headline":"L&#8217;amiti\u00e9 filles gar\u00e7ons: possible ou pas?","datePublished":"2019-02-01T08:03:35+00:00","dateModified":"2022-07-21T14:17:26+00:00","mainEntityOfPage":{"@id":"https:\/\/www.camaeleon.org\/2019\/02\/01\/lamitie-filles-garcons-possible-ou-pas\/"},"wordCount":69,"commentCount":0,"publisher":{"@id":"https:\/\/www.camaeleon.org\/de\/#organization"},"image":{"@id":"https:\/\/www.camaeleon.org\/2019\/02\/01\/lamitie-filles-garcons-possible-ou-pas\/#primaryimage"},"thumbnailUrl":"https:\/\/www.camaeleon.org\/wp-content\/uploads\/2019\/02\/orio-116965_1920.jpg","keywords":["Freundschaft","Friendship","Junge","M\u00e4dchen"],"articleSection":["Freundschaft","Podcast","Leben","Zeitlos"],"inLanguage":"de","potentialAction":[{"@type":"CommentAction","name":"Comment","target":["https:\/\/www.camaeleon.org\/2019\/02\/01\/lamitie-filles-garcons-possible-ou-pas\/#respond"]}]},{"@type":"WebPage","@id":"https:\/\/www.camaeleon.org\/de\/2019\/02\/01\/lamitie-filles-garcons-possible-ou-pas\/","url":"https:\/\/www.camaeleon.org\/de\/2019\/02\/01\/lamitie-filles-garcons-possible-ou-pas\/","name":"L'amiti\u00e9 filles gar\u00e7ons: possible ou pas? - Cam\u00e4l\u00e9on","isPartOf":{"@id":"https:\/\/www.camaeleon.org\/de\/#website"},"primaryImageOfPage":{"@id":"https:\/\/www.camaeleon.org\/de\/2019\/02\/01\/lamitie-filles-garcons-possible-ou-pas\/#primaryimage"},"image":{"@id":"https:\/\/www.camaeleon.org\/2019\/02\/01\/lamitie-filles-garcons-possible-ou-pas\/#primaryimage"},"thumbnailUrl":"https:\/\/www.camaeleon.org\/wp-content\/uploads\/2019\/02\/orio-116965_1920.jpg","datePublished":"2019-02-01T08:03:35+00:00","dateModified":"2022-07-21T14:17:26+00:00","description":"Emma Thirion a enqu\u00eat\u00e9 sur l'amiti\u00e9 entre les filles et les gar\u00e7ons. Qu'en pensent les \u00e9l\u00e8ves? Est-ce que le genre influence l'amiti\u00e9? D\u00e9couvrez les t\u00e9moignages recueillis par notre journaliste.","breadcrumb":{"@id":"https:\/\/www.camaeleon.org\/de\/2019\/02\/01\/lamitie-filles-garcons-possible-ou-pas\/#breadcrumb"},"inLanguage":"de","potentialAction":[{"@type":"ReadAction","target":[["https:\/\/www.camaeleon.org\/de\/2019\/02\/01\/lamitie-filles-garcons-possible-ou-pas\/"]]}]},{"@type":"ImageObject","inLanguage":"de","@id":"https:\/\/www.camaeleon.org\/de\/2019\/02\/01\/lamitie-filles-garcons-possible-ou-pas\/#primaryimage","url":"https:\/\/www.camaeleon.org\/wp-content\/uploads\/2019\/02\/orio-116965_1920.jpg","contentUrl":"https:\/\/www.camaeleon.org\/wp-content\/uploads\/2019\/02\/orio-116965_1920.jpg","width":1000,"height":667,"caption":"Photo : makunin \/ pixabay.com"},{"@type":"BreadcrumbList","@id":"https:\/\/www.camaeleon.org\/de\/2019\/02\/01\/lamitie-filles-garcons-possible-ou-pas\/#breadcrumb","itemListElement":[{"@type":"ListItem","position":1,"name":"Home","item":"https:\/\/www.camaeleon.org\/de\/"},{"@type":"ListItem","position":2,"name":"L&#8217;amiti\u00e9 filles gar\u00e7ons: possible ou pas?"}]},{"@type":"WebSite","@id":"https:\/\/www.camaeleon.org\/de\/#website","url":"https:\/\/www.camaeleon.org\/de\/","name":"Cam\u00e4l\u00e9on","description":"Das Sch\u00fclermagazin des Deutsch-Franz\u00f6sischen Gymnasiums Saarbr\u00fccken","publisher":{"@id":"https:\/\/www.camaeleon.org\/de\/#organization"},"potentialAction":[{"@type":"SearchAction","target":{"@type":"EntryPoint","urlTemplate":"https:\/\/www.camaeleon.org\/de\/?s={search_term_string}"},"query-input":{"@type":"PropertyValueSpecification","valueRequired":true,"valueName":"search_term_string"}}],"inLanguage":"de"},{"@type":"Organization","@id":"https:\/\/www.camaeleon.org\/de\/#organization","name":"Cam\u00e4l\u00e9on","url":"https:\/\/www.camaeleon.org\/de\/","logo":{"@type":"ImageObject","inLanguage":"de","@id":"https:\/\/www.camaeleon.org\/de\/#\/schema\/logo\/image\/","url":"https:\/\/www.camaeleon.org\/wp-content\/uploads\/2011\/11\/CAM\u00c4LEON.jpg","contentUrl":"https:\/\/www.camaeleon.org\/wp-content\/uploads\/2011\/11\/CAM\u00c4LEON.jpg","width":959,"height":959,"caption":"Cam\u00e4l\u00e9on"},"image":{"@id":"https:\/\/www.camaeleon.org\/de\/#\/schema\/logo\/image\/"},"sameAs":["https:\/\/www.facebook.com\/camaeleon.org\/","https:\/\/x.com\/camaeleonOrg","https:\/\/www.instagram.com\/camaeleon.dfg\/","https:\/\/www.youtube.com\/channel\/UCl3TAUDdGuu_c7CD6ax6hYg"]},{"@type":"Person","@id":"https:\/\/www.camaeleon.org\/de\/#\/schema\/person\/c112fcecb970def0409d98564654c9e9","name":"Emma Thirion","image":{"@type":"ImageObject","inLanguage":"de","@id":"https:\/\/www.camaeleon.org\/de\/wp-content\/uploads\/2018\/09\/Thirion-120x120.jpg6298cf495124035cc56a0f7351a65ca2","url":"https:\/\/www.camaeleon.org\/wp-content\/uploads\/2018\/09\/Thirion-120x120.jpg","contentUrl":"https:\/\/www.camaeleon.org\/wp-content\/uploads\/2018\/09\/Thirion-120x120.jpg","caption":"Emma Thirion"},"url":"https:\/\/www.camaeleon.org\/de\/author\/emma-thirion\/"}]}},"_links":{"self":[{"href":"https:\/\/www.camaeleon.org\/de\/wp-json\/wp\/v2\/posts\/17973","targetHints":{"allow":["GET"]}}],"collection":[{"href":"https:\/\/www.camaeleon.org\/de\/wp-json\/wp\/v2\/posts"}],"about":[{"href":"https:\/\/www.camaeleon.org\/de\/wp-json\/wp\/v2\/types\/post"}],"author":[{"embeddable":true,"href":"https:\/\/www.camaeleon.org\/de\/wp-json\/wp\/v2\/users\/132"}],"replies":[{"embeddable":true,"href":"https:\/\/www.camaeleon.org\/de\/wp-json\/wp\/v2\/comments?post=17973"}],"version-history":[{"count":0,"href":"https:\/\/www.camaeleon.org\/de\/wp-json\/wp\/v2\/posts\/17973\/revisions"}],"wp:featuredmedia":[{"embeddable":true,"href":"https:\/\/www.camaeleon.org\/de\/wp-json\/wp\/v2\/media\/18088"}],"wp:attachment":[{"href":"https:\/\/www.camaeleon.org\/de\/wp-json\/wp\/v2\/media?parent=17973"}],"wp:term":[{"taxonomy":"category","embeddable":true,"href":"https:\/\/www.camaeleon.org\/de\/wp-json\/wp\/v2\/categories?post=17973"},{"taxonomy":"post_tag","embeddable":true,"href":"https:\/\/www.camaeleon.org\/de\/wp-json\/wp\/v2\/tags?post=17973"},{"taxonomy":"author","embeddable":true,"href":"https:\/\/www.camaeleon.org\/de\/wp-json\/wp\/v2\/coauthors?post=17973"}],"curies":[{"name":"wp","href":"https:\/\/api.w.org\/{rel}","templated":true}]}}