{"id":17821,"date":"2019-01-25T15:54:54","date_gmt":"2019-01-25T14:54:54","guid":{"rendered":"https:\/\/www.camaeleon.org\/?p=17821"},"modified":"2020-12-23T13:01:08","modified_gmt":"2020-12-23T12:01:08","slug":"le-mot-de-la-semaine-journee-de-lamitie-franco-allemande","status":"publish","type":"post","link":"https:\/\/www.camaeleon.org\/de\/2019\/01\/25\/le-mot-de-la-semaine-journee-de-lamitie-franco-allemande\/","title":{"rendered":"Le mot de la semaine: Journ\u00e9e de l&#8217;amiti\u00e9 franco-allemande"},"content":{"rendered":"<p><figure id=\"attachment_17853\" aria-describedby=\"caption-attachment-17853\" style=\"width: 300px\" class=\"wp-caption alignleft\"><a href=\"https:\/\/www.camaeleon.org\/wp-content\/uploads\/2019\/01\/journee-franco-allemande.jpg\"><img loading=\"lazy\" decoding=\"async\" class=\"size-medium wp-image-17853\" src=\"https:\/\/www.camaeleon.org\/wp-content\/uploads\/2019\/01\/journee-franco-allemande-300x225.jpg\" alt=\"Journ\u00e9e franco-allemande\" width=\"300\" height=\"225\" srcset=\"https:\/\/www.camaeleon.org\/wp-content\/uploads\/2019\/01\/journee-franco-allemande-300x225.jpg 300w, https:\/\/www.camaeleon.org\/wp-content\/uploads\/2019\/01\/journee-franco-allemande-800x600.jpg 800w, https:\/\/www.camaeleon.org\/wp-content\/uploads\/2019\/01\/journee-franco-allemande.jpg 1000w\" sizes=\"auto, (max-width: 300px) 100vw, 300px\" \/><\/a><figcaption id=\"caption-attachment-17853\" class=\"wp-caption-text\">Photo : Cam\u00e4l\u00e9on<\/figcaption><\/figure><\/p>\n<p>Mardi 22 janvier, nous avons f\u00eat\u00e9 la journ\u00e9e de l&#8217;amiti\u00e9 franco-allemande. C&#8217;est en 2003, lors du 40e anniversaire du Trait\u00e9 de l&#8217;Elys\u00e9e que cette journ\u00e9e a \u00e9t\u00e9 choisie. Le Trait\u00e9 de l&#8217;Elys\u00e9e, sign\u00e9 par le pr\u00e9sident fran\u00e7ais, Charles de Gaulle, et le chancelier allemand, Konrad Adenauer, visait \u00e0 ancrer la r\u00e9conciliation franco-allemande au sein de la soci\u00e9t\u00e9, et c&#8217;est suite \u00e0 celui-ci qu&#8217;ont \u00e9t\u00e9 cr\u00e9\u00e9s les LFA.<\/p>\n<p>Dans notre \u00e9tablissement, diverses manifestations ont \u00e9t\u00e9 organis\u00e9es \u00e0 cette occasion. Vous avez sans doute vu que beaucoup d&#8217;\u00e9l\u00e8ves se sont maquill\u00e9s aux couleurs des deux pays. Ils ont \u00e9t\u00e9 \u00e9galement invit\u00e9s \u00e0 \u00e9crire sur de petits papiers expos\u00e9s ensuite dans tout le b\u00e2timent ce que cette journ\u00e9e signifiait pour eux. Voici ce qui revenait le plus souvent :<\/p>\n<ul>\n<li>&#8222;L&#8217;Allemagne et la France sont plus fortes que la haine&#8220;<\/li>\n<li>&#8222;La paix est plus forte que tout&#8220;<\/li>\n<li>&#8222;Il faut prot\u00e9ger cette amiti\u00e9 pour l&#8217;Europe&#8220;.<\/li>\n<\/ul>\n<p>N&#8217;h\u00e9sitez pas \u00e0 nous laisser un commentaire pour nous dire ce que l&#8217;amiti\u00e9 franco-allemande signifie pour vous !<\/p>","protected":false},"excerpt":{"rendered":"<p>Mardi 22 janvier, nous avons f\u00eat\u00e9 la journ\u00e9e de l&#8217;amiti\u00e9 franco-allemande. C&#8217;est en 2003, lors du 40e anniversaire du Trait\u00e9 de l&#8217;Elys\u00e9e que cette journ\u00e9e<\/p>\n","protected":false},"author":132,"featured_media":17853,"comment_status":"open","ping_status":"closed","sticky":false,"template":"","format":"standard","meta":{"colormag_page_container_layout":"default_layout","colormag_page_sidebar_layout":"default_layout","footnotes":""},"categories":[194,3,864],"tags":[1323,876],"coauthors":[1002],"class_list":["post-17821","post","type-post","status-publish","format-standard","has-post-thumbnail","hentry","category-amitie","category-ecole","category-le-mot-de-la-semaine","tag-amitie-franco-allemande","tag-deutsch-franzoesische-freundschaft"],"yoast_head":"<!-- This site is optimized with the Yoast SEO plugin v27.5 - https:\/\/yoast.com\/product\/yoast-seo-wordpress\/ -->\n<title>Le mot de la semaine: Journ\u00e9e de l&#039;amiti\u00e9 franco-allemande - Cam\u00e4l\u00e9on<\/title>\n<meta name=\"description\" content=\"Mardi 22 janvier, nous avons f\u00eat\u00e9 la journ\u00e9e de l&#039;amiti\u00e9 franco-allemande. C&#039;est en 2003, lors du 40e anniversaire du Trait\u00e9 de l&#039;Elys\u00e9e que cette journ\u00e9e a \u00e9t\u00e9 choisie.\" \/>\n<meta name=\"robots\" content=\"index, follow, max-snippet:-1, max-image-preview:large, max-video-preview:-1\" \/>\n<link rel=\"canonical\" href=\"https:\/\/www.camaeleon.org\/de\/2019\/01\/25\/le-mot-de-la-semaine-journee-de-lamitie-franco-allemande\/\" \/>\n<meta property=\"og:locale\" content=\"de_DE\" \/>\n<meta property=\"og:type\" content=\"article\" \/>\n<meta property=\"og:title\" content=\"Le mot de la semaine: Journ\u00e9e de l&#039;amiti\u00e9 franco-allemande - Cam\u00e4l\u00e9on\" \/>\n<meta property=\"og:description\" content=\"Mardi 22 janvier, nous avons f\u00eat\u00e9 la journ\u00e9e de l&#039;amiti\u00e9 franco-allemande. C&#039;est en 2003, lors du 40e anniversaire du Trait\u00e9 de l&#039;Elys\u00e9e que cette journ\u00e9e a \u00e9t\u00e9 choisie.\" \/>\n<meta property=\"og:url\" content=\"https:\/\/www.camaeleon.org\/de\/2019\/01\/25\/le-mot-de-la-semaine-journee-de-lamitie-franco-allemande\/\" \/>\n<meta property=\"og:site_name\" content=\"Cam\u00e4l\u00e9on\" \/>\n<meta property=\"article:publisher\" content=\"https:\/\/www.facebook.com\/camaeleon.org\/\" \/>\n<meta property=\"article:published_time\" content=\"2019-01-25T14:54:54+00:00\" \/>\n<meta property=\"article:modified_time\" content=\"2020-12-23T12:01:08+00:00\" \/>\n<meta property=\"og:image\" content=\"https:\/\/www.camaeleon.org\/wp-content\/uploads\/2019\/01\/journee-franco-allemande.jpg\" \/>\n\t<meta property=\"og:image:width\" content=\"1000\" \/>\n\t<meta property=\"og:image:height\" content=\"750\" \/>\n\t<meta property=\"og:image:type\" content=\"image\/jpeg\" \/>\n<meta name=\"author\" content=\"Emma Thirion\" \/>\n<meta name=\"twitter:card\" content=\"summary_large_image\" \/>\n<meta name=\"twitter:creator\" content=\"@camaeleonOrg\" \/>\n<meta name=\"twitter:site\" content=\"@camaeleonOrg\" \/>\n<script type=\"application\/ld+json\" class=\"yoast-schema-graph\">{\"@context\":\"https:\\\/\\\/schema.org\",\"@graph\":[{\"@type\":\"Article\",\"@id\":\"https:\\\/\\\/www.camaeleon.org\\\/de\\\/2019\\\/01\\\/25\\\/le-mot-de-la-semaine-journee-de-lamitie-franco-allemande\\\/#article\",\"isPartOf\":{\"@id\":\"https:\\\/\\\/www.camaeleon.org\\\/de\\\/2019\\\/01\\\/25\\\/le-mot-de-la-semaine-journee-de-lamitie-franco-allemande\\\/\"},\"author\":{\"name\":\"Emma Thirion\",\"@id\":\"https:\\\/\\\/www.camaeleon.org\\\/de\\\/#\\\/schema\\\/person\\\/c112fcecb970def0409d98564654c9e9\"},\"headline\":\"Le mot de la semaine: Journ\u00e9e de l&#8217;amiti\u00e9 franco-allemande\",\"datePublished\":\"2019-01-25T14:54:54+00:00\",\"dateModified\":\"2020-12-23T12:01:08+00:00\",\"mainEntityOfPage\":{\"@id\":\"https:\\\/\\\/www.camaeleon.org\\\/de\\\/2019\\\/01\\\/25\\\/le-mot-de-la-semaine-journee-de-lamitie-franco-allemande\\\/\"},\"wordCount\":614,\"commentCount\":0,\"publisher\":{\"@id\":\"https:\\\/\\\/www.camaeleon.org\\\/de\\\/#organization\"},\"image\":{\"@id\":\"https:\\\/\\\/www.camaeleon.org\\\/de\\\/2019\\\/01\\\/25\\\/le-mot-de-la-semaine-journee-de-lamitie-franco-allemande\\\/#primaryimage\"},\"thumbnailUrl\":\"https:\\\/\\\/www.camaeleon.org\\\/wp-content\\\/uploads\\\/2019\\\/01\\\/journee-franco-allemande.jpg\",\"keywords\":[\"amiti\u00e9 franco-allemande\",\"Deutsch-franz\u00f6sische Freundschaft\"],\"articleSection\":[\"Freundschaft\",\"Schule\",\"Das Wort der Woche\"],\"inLanguage\":\"de\",\"potentialAction\":[{\"@type\":\"CommentAction\",\"name\":\"Comment\",\"target\":[\"https:\\\/\\\/www.camaeleon.org\\\/de\\\/2019\\\/01\\\/25\\\/le-mot-de-la-semaine-journee-de-lamitie-franco-allemande\\\/#respond\"]}]},{\"@type\":\"WebPage\",\"@id\":\"https:\\\/\\\/www.camaeleon.org\\\/de\\\/2019\\\/01\\\/25\\\/le-mot-de-la-semaine-journee-de-lamitie-franco-allemande\\\/\",\"url\":\"https:\\\/\\\/www.camaeleon.org\\\/de\\\/2019\\\/01\\\/25\\\/le-mot-de-la-semaine-journee-de-lamitie-franco-allemande\\\/\",\"name\":\"Le mot de la semaine: Journ\u00e9e de l'amiti\u00e9 franco-allemande - Cam\u00e4l\u00e9on\",\"isPartOf\":{\"@id\":\"https:\\\/\\\/www.camaeleon.org\\\/de\\\/#website\"},\"primaryImageOfPage\":{\"@id\":\"https:\\\/\\\/www.camaeleon.org\\\/de\\\/2019\\\/01\\\/25\\\/le-mot-de-la-semaine-journee-de-lamitie-franco-allemande\\\/#primaryimage\"},\"image\":{\"@id\":\"https:\\\/\\\/www.camaeleon.org\\\/de\\\/2019\\\/01\\\/25\\\/le-mot-de-la-semaine-journee-de-lamitie-franco-allemande\\\/#primaryimage\"},\"thumbnailUrl\":\"https:\\\/\\\/www.camaeleon.org\\\/wp-content\\\/uploads\\\/2019\\\/01\\\/journee-franco-allemande.jpg\",\"datePublished\":\"2019-01-25T14:54:54+00:00\",\"dateModified\":\"2020-12-23T12:01:08+00:00\",\"description\":\"Mardi 22 janvier, nous avons f\u00eat\u00e9 la journ\u00e9e de l'amiti\u00e9 franco-allemande. C'est en 2003, lors du 40e anniversaire du Trait\u00e9 de l'Elys\u00e9e que cette journ\u00e9e a \u00e9t\u00e9 choisie.\",\"breadcrumb\":{\"@id\":\"https:\\\/\\\/www.camaeleon.org\\\/de\\\/2019\\\/01\\\/25\\\/le-mot-de-la-semaine-journee-de-lamitie-franco-allemande\\\/#breadcrumb\"},\"inLanguage\":\"de\",\"potentialAction\":[{\"@type\":\"ReadAction\",\"target\":[[\"https:\\\/\\\/www.camaeleon.org\\\/de\\\/2019\\\/01\\\/25\\\/le-mot-de-la-semaine-journee-de-lamitie-franco-allemande\\\/\"]]}]},{\"@type\":\"ImageObject\",\"inLanguage\":\"de\",\"@id\":\"https:\\\/\\\/www.camaeleon.org\\\/de\\\/2019\\\/01\\\/25\\\/le-mot-de-la-semaine-journee-de-lamitie-franco-allemande\\\/#primaryimage\",\"url\":\"https:\\\/\\\/www.camaeleon.org\\\/wp-content\\\/uploads\\\/2019\\\/01\\\/journee-franco-allemande.jpg\",\"contentUrl\":\"https:\\\/\\\/www.camaeleon.org\\\/wp-content\\\/uploads\\\/2019\\\/01\\\/journee-franco-allemande.jpg\",\"width\":1000,\"height\":750,\"caption\":\"Photo : Cam\u00e4l\u00e9on\"},{\"@type\":\"BreadcrumbList\",\"@id\":\"https:\\\/\\\/www.camaeleon.org\\\/de\\\/2019\\\/01\\\/25\\\/le-mot-de-la-semaine-journee-de-lamitie-franco-allemande\\\/#breadcrumb\",\"itemListElement\":[{\"@type\":\"ListItem\",\"position\":1,\"name\":\"Home\",\"item\":\"https:\\\/\\\/www.camaeleon.org\\\/de\\\/\"},{\"@type\":\"ListItem\",\"position\":2,\"name\":\"Le mot de la semaine: Journ\u00e9e de l&#8217;amiti\u00e9 franco-allemande\"}]},{\"@type\":\"WebSite\",\"@id\":\"https:\\\/\\\/www.camaeleon.org\\\/de\\\/#website\",\"url\":\"https:\\\/\\\/www.camaeleon.org\\\/de\\\/\",\"name\":\"Cam\u00e4l\u00e9on\",\"description\":\"Das Sch\u00fclermagazin des Deutsch-Franz\u00f6sischen Gymnasiums Saarbr\u00fccken\",\"publisher\":{\"@id\":\"https:\\\/\\\/www.camaeleon.org\\\/de\\\/#organization\"},\"potentialAction\":[{\"@type\":\"SearchAction\",\"target\":{\"@type\":\"EntryPoint\",\"urlTemplate\":\"https:\\\/\\\/www.camaeleon.org\\\/de\\\/?s={search_term_string}\"},\"query-input\":{\"@type\":\"PropertyValueSpecification\",\"valueRequired\":true,\"valueName\":\"search_term_string\"}}],\"inLanguage\":\"de\"},{\"@type\":\"Organization\",\"@id\":\"https:\\\/\\\/www.camaeleon.org\\\/de\\\/#organization\",\"name\":\"Cam\u00e4l\u00e9on\",\"url\":\"https:\\\/\\\/www.camaeleon.org\\\/de\\\/\",\"logo\":{\"@type\":\"ImageObject\",\"inLanguage\":\"de\",\"@id\":\"https:\\\/\\\/www.camaeleon.org\\\/de\\\/#\\\/schema\\\/logo\\\/image\\\/\",\"url\":\"https:\\\/\\\/www.camaeleon.org\\\/wp-content\\\/uploads\\\/2011\\\/11\\\/CAM\u00c4LEON.jpg\",\"contentUrl\":\"https:\\\/\\\/www.camaeleon.org\\\/wp-content\\\/uploads\\\/2011\\\/11\\\/CAM\u00c4LEON.jpg\",\"width\":959,\"height\":959,\"caption\":\"Cam\u00e4l\u00e9on\"},\"image\":{\"@id\":\"https:\\\/\\\/www.camaeleon.org\\\/de\\\/#\\\/schema\\\/logo\\\/image\\\/\"},\"sameAs\":[\"https:\\\/\\\/www.facebook.com\\\/camaeleon.org\\\/\",\"https:\\\/\\\/x.com\\\/camaeleonOrg\",\"https:\\\/\\\/www.instagram.com\\\/camaeleon.dfg\\\/\",\"https:\\\/\\\/www.youtube.com\\\/channel\\\/UCl3TAUDdGuu_c7CD6ax6hYg\"]},{\"@type\":\"Person\",\"@id\":\"https:\\\/\\\/www.camaeleon.org\\\/de\\\/#\\\/schema\\\/person\\\/c112fcecb970def0409d98564654c9e9\",\"name\":\"Emma Thirion\",\"image\":{\"@type\":\"ImageObject\",\"inLanguage\":\"de\",\"@id\":\"https:\\\/\\\/www.camaeleon.org\\\/de\\\/wp-content\\\/uploads\\\/2018\\\/09\\\/Thirion-120x120.jpg6298cf495124035cc56a0f7351a65ca2\",\"url\":\"https:\\\/\\\/www.camaeleon.org\\\/wp-content\\\/uploads\\\/2018\\\/09\\\/Thirion-120x120.jpg\",\"contentUrl\":\"https:\\\/\\\/www.camaeleon.org\\\/wp-content\\\/uploads\\\/2018\\\/09\\\/Thirion-120x120.jpg\",\"caption\":\"Emma Thirion\"},\"url\":\"https:\\\/\\\/www.camaeleon.org\\\/de\\\/author\\\/emma-thirion\\\/\"}]}<\/script>\n<!-- \/ Yoast SEO plugin. -->","yoast_head_json":{"title":"Le mot de la semaine: Journ\u00e9e de l'amiti\u00e9 franco-allemande - Cam\u00e4l\u00e9on","description":"Mardi 22 janvier, nous avons f\u00eat\u00e9 la journ\u00e9e de l'amiti\u00e9 franco-allemande. C'est en 2003, lors du 40e anniversaire du Trait\u00e9 de l'Elys\u00e9e que cette journ\u00e9e a \u00e9t\u00e9 choisie.","robots":{"index":"index","follow":"follow","max-snippet":"max-snippet:-1","max-image-preview":"max-image-preview:large","max-video-preview":"max-video-preview:-1"},"canonical":"https:\/\/www.camaeleon.org\/de\/2019\/01\/25\/le-mot-de-la-semaine-journee-de-lamitie-franco-allemande\/","og_locale":"de_DE","og_type":"article","og_title":"Le mot de la semaine: Journ\u00e9e de l'amiti\u00e9 franco-allemande - Cam\u00e4l\u00e9on","og_description":"Mardi 22 janvier, nous avons f\u00eat\u00e9 la journ\u00e9e de l'amiti\u00e9 franco-allemande. C'est en 2003, lors du 40e anniversaire du Trait\u00e9 de l'Elys\u00e9e que cette journ\u00e9e a \u00e9t\u00e9 choisie.","og_url":"https:\/\/www.camaeleon.org\/de\/2019\/01\/25\/le-mot-de-la-semaine-journee-de-lamitie-franco-allemande\/","og_site_name":"Cam\u00e4l\u00e9on","article_publisher":"https:\/\/www.facebook.com\/camaeleon.org\/","article_published_time":"2019-01-25T14:54:54+00:00","article_modified_time":"2020-12-23T12:01:08+00:00","og_image":[{"width":1000,"height":750,"url":"https:\/\/www.camaeleon.org\/wp-content\/uploads\/2019\/01\/journee-franco-allemande.jpg","type":"image\/jpeg"}],"author":"Emma Thirion","twitter_card":"summary_large_image","twitter_creator":"@camaeleonOrg","twitter_site":"@camaeleonOrg","schema":{"@context":"https:\/\/schema.org","@graph":[{"@type":"Article","@id":"https:\/\/www.camaeleon.org\/de\/2019\/01\/25\/le-mot-de-la-semaine-journee-de-lamitie-franco-allemande\/#article","isPartOf":{"@id":"https:\/\/www.camaeleon.org\/de\/2019\/01\/25\/le-mot-de-la-semaine-journee-de-lamitie-franco-allemande\/"},"author":{"name":"Emma Thirion","@id":"https:\/\/www.camaeleon.org\/de\/#\/schema\/person\/c112fcecb970def0409d98564654c9e9"},"headline":"Le mot de la semaine: Journ\u00e9e de l&#8217;amiti\u00e9 franco-allemande","datePublished":"2019-01-25T14:54:54+00:00","dateModified":"2020-12-23T12:01:08+00:00","mainEntityOfPage":{"@id":"https:\/\/www.camaeleon.org\/de\/2019\/01\/25\/le-mot-de-la-semaine-journee-de-lamitie-franco-allemande\/"},"wordCount":614,"commentCount":0,"publisher":{"@id":"https:\/\/www.camaeleon.org\/de\/#organization"},"image":{"@id":"https:\/\/www.camaeleon.org\/de\/2019\/01\/25\/le-mot-de-la-semaine-journee-de-lamitie-franco-allemande\/#primaryimage"},"thumbnailUrl":"https:\/\/www.camaeleon.org\/wp-content\/uploads\/2019\/01\/journee-franco-allemande.jpg","keywords":["amiti\u00e9 franco-allemande","Deutsch-franz\u00f6sische Freundschaft"],"articleSection":["Freundschaft","Schule","Das Wort der Woche"],"inLanguage":"de","potentialAction":[{"@type":"CommentAction","name":"Comment","target":["https:\/\/www.camaeleon.org\/de\/2019\/01\/25\/le-mot-de-la-semaine-journee-de-lamitie-franco-allemande\/#respond"]}]},{"@type":"WebPage","@id":"https:\/\/www.camaeleon.org\/de\/2019\/01\/25\/le-mot-de-la-semaine-journee-de-lamitie-franco-allemande\/","url":"https:\/\/www.camaeleon.org\/de\/2019\/01\/25\/le-mot-de-la-semaine-journee-de-lamitie-franco-allemande\/","name":"Le mot de la semaine: Journ\u00e9e de l'amiti\u00e9 franco-allemande - Cam\u00e4l\u00e9on","isPartOf":{"@id":"https:\/\/www.camaeleon.org\/de\/#website"},"primaryImageOfPage":{"@id":"https:\/\/www.camaeleon.org\/de\/2019\/01\/25\/le-mot-de-la-semaine-journee-de-lamitie-franco-allemande\/#primaryimage"},"image":{"@id":"https:\/\/www.camaeleon.org\/de\/2019\/01\/25\/le-mot-de-la-semaine-journee-de-lamitie-franco-allemande\/#primaryimage"},"thumbnailUrl":"https:\/\/www.camaeleon.org\/wp-content\/uploads\/2019\/01\/journee-franco-allemande.jpg","datePublished":"2019-01-25T14:54:54+00:00","dateModified":"2020-12-23T12:01:08+00:00","description":"Mardi 22 janvier, nous avons f\u00eat\u00e9 la journ\u00e9e de l'amiti\u00e9 franco-allemande. C'est en 2003, lors du 40e anniversaire du Trait\u00e9 de l'Elys\u00e9e que cette journ\u00e9e a \u00e9t\u00e9 choisie.","breadcrumb":{"@id":"https:\/\/www.camaeleon.org\/de\/2019\/01\/25\/le-mot-de-la-semaine-journee-de-lamitie-franco-allemande\/#breadcrumb"},"inLanguage":"de","potentialAction":[{"@type":"ReadAction","target":[["https:\/\/www.camaeleon.org\/de\/2019\/01\/25\/le-mot-de-la-semaine-journee-de-lamitie-franco-allemande\/"]]}]},{"@type":"ImageObject","inLanguage":"de","@id":"https:\/\/www.camaeleon.org\/de\/2019\/01\/25\/le-mot-de-la-semaine-journee-de-lamitie-franco-allemande\/#primaryimage","url":"https:\/\/www.camaeleon.org\/wp-content\/uploads\/2019\/01\/journee-franco-allemande.jpg","contentUrl":"https:\/\/www.camaeleon.org\/wp-content\/uploads\/2019\/01\/journee-franco-allemande.jpg","width":1000,"height":750,"caption":"Photo : Cam\u00e4l\u00e9on"},{"@type":"BreadcrumbList","@id":"https:\/\/www.camaeleon.org\/de\/2019\/01\/25\/le-mot-de-la-semaine-journee-de-lamitie-franco-allemande\/#breadcrumb","itemListElement":[{"@type":"ListItem","position":1,"name":"Home","item":"https:\/\/www.camaeleon.org\/de\/"},{"@type":"ListItem","position":2,"name":"Le mot de la semaine: Journ\u00e9e de l&#8217;amiti\u00e9 franco-allemande"}]},{"@type":"WebSite","@id":"https:\/\/www.camaeleon.org\/de\/#website","url":"https:\/\/www.camaeleon.org\/de\/","name":"Cam\u00e4l\u00e9on","description":"Das Sch\u00fclermagazin des Deutsch-Franz\u00f6sischen Gymnasiums Saarbr\u00fccken","publisher":{"@id":"https:\/\/www.camaeleon.org\/de\/#organization"},"potentialAction":[{"@type":"SearchAction","target":{"@type":"EntryPoint","urlTemplate":"https:\/\/www.camaeleon.org\/de\/?s={search_term_string}"},"query-input":{"@type":"PropertyValueSpecification","valueRequired":true,"valueName":"search_term_string"}}],"inLanguage":"de"},{"@type":"Organization","@id":"https:\/\/www.camaeleon.org\/de\/#organization","name":"Cam\u00e4l\u00e9on","url":"https:\/\/www.camaeleon.org\/de\/","logo":{"@type":"ImageObject","inLanguage":"de","@id":"https:\/\/www.camaeleon.org\/de\/#\/schema\/logo\/image\/","url":"https:\/\/www.camaeleon.org\/wp-content\/uploads\/2011\/11\/CAM\u00c4LEON.jpg","contentUrl":"https:\/\/www.camaeleon.org\/wp-content\/uploads\/2011\/11\/CAM\u00c4LEON.jpg","width":959,"height":959,"caption":"Cam\u00e4l\u00e9on"},"image":{"@id":"https:\/\/www.camaeleon.org\/de\/#\/schema\/logo\/image\/"},"sameAs":["https:\/\/www.facebook.com\/camaeleon.org\/","https:\/\/x.com\/camaeleonOrg","https:\/\/www.instagram.com\/camaeleon.dfg\/","https:\/\/www.youtube.com\/channel\/UCl3TAUDdGuu_c7CD6ax6hYg"]},{"@type":"Person","@id":"https:\/\/www.camaeleon.org\/de\/#\/schema\/person\/c112fcecb970def0409d98564654c9e9","name":"Emma Thirion","image":{"@type":"ImageObject","inLanguage":"de","@id":"https:\/\/www.camaeleon.org\/de\/wp-content\/uploads\/2018\/09\/Thirion-120x120.jpg6298cf495124035cc56a0f7351a65ca2","url":"https:\/\/www.camaeleon.org\/wp-content\/uploads\/2018\/09\/Thirion-120x120.jpg","contentUrl":"https:\/\/www.camaeleon.org\/wp-content\/uploads\/2018\/09\/Thirion-120x120.jpg","caption":"Emma Thirion"},"url":"https:\/\/www.camaeleon.org\/de\/author\/emma-thirion\/"}]}},"_links":{"self":[{"href":"https:\/\/www.camaeleon.org\/de\/wp-json\/wp\/v2\/posts\/17821","targetHints":{"allow":["GET"]}}],"collection":[{"href":"https:\/\/www.camaeleon.org\/de\/wp-json\/wp\/v2\/posts"}],"about":[{"href":"https:\/\/www.camaeleon.org\/de\/wp-json\/wp\/v2\/types\/post"}],"author":[{"embeddable":true,"href":"https:\/\/www.camaeleon.org\/de\/wp-json\/wp\/v2\/users\/132"}],"replies":[{"embeddable":true,"href":"https:\/\/www.camaeleon.org\/de\/wp-json\/wp\/v2\/comments?post=17821"}],"version-history":[{"count":0,"href":"https:\/\/www.camaeleon.org\/de\/wp-json\/wp\/v2\/posts\/17821\/revisions"}],"wp:featuredmedia":[{"embeddable":true,"href":"https:\/\/www.camaeleon.org\/de\/wp-json\/wp\/v2\/media\/17853"}],"wp:attachment":[{"href":"https:\/\/www.camaeleon.org\/de\/wp-json\/wp\/v2\/media?parent=17821"}],"wp:term":[{"taxonomy":"category","embeddable":true,"href":"https:\/\/www.camaeleon.org\/de\/wp-json\/wp\/v2\/categories?post=17821"},{"taxonomy":"post_tag","embeddable":true,"href":"https:\/\/www.camaeleon.org\/de\/wp-json\/wp\/v2\/tags?post=17821"},{"taxonomy":"author","embeddable":true,"href":"https:\/\/www.camaeleon.org\/de\/wp-json\/wp\/v2\/coauthors?post=17821"}],"curies":[{"name":"wp","href":"https:\/\/api.w.org\/{rel}","templated":true}]}}