{"id":17427,"date":"2018-12-02T00:04:51","date_gmt":"2018-12-01T23:04:51","guid":{"rendered":"https:\/\/www.camaeleon.org\/?p=17427"},"modified":"2020-12-23T13:05:49","modified_gmt":"2020-12-23T12:05:49","slug":"das-wort-der-woche-advent","status":"publish","type":"post","link":"https:\/\/www.camaeleon.org\/de\/2018\/12\/02\/das-wort-der-woche-advent\/","title":{"rendered":"Das Wort der Woche: Advent"},"content":{"rendered":"<p><figure id=\"attachment_17429\" aria-describedby=\"caption-attachment-17429\" style=\"width: 300px\" class=\"wp-caption alignleft\"><a href=\"https:\/\/www.camaeleon.org\/wp-content\/uploads\/2018\/12\/Advent.jpg\"><img loading=\"lazy\" decoding=\"async\" class=\"size-medium wp-image-17429\" src=\"https:\/\/www.camaeleon.org\/wp-content\/uploads\/2018\/12\/Advent-300x200.jpg\" alt=\"Advent\" width=\"300\" height=\"200\" srcset=\"https:\/\/www.camaeleon.org\/wp-content\/uploads\/2018\/12\/Advent-300x200.jpg 300w, https:\/\/www.camaeleon.org\/wp-content\/uploads\/2018\/12\/Advent-880x587.jpg 880w, https:\/\/www.camaeleon.org\/wp-content\/uploads\/2018\/12\/Advent.jpg 960w\" sizes=\"auto, (max-width: 300px) 100vw, 300px\" \/><\/a><figcaption id=\"caption-attachment-17429\" class=\"wp-caption-text\">Foto: pixabay.,com \/ Cam\u00e4l\u00e9on<\/figcaption><\/figure><\/p>\n<p>Lizzy: Hallo Lara! Und wie war es so im im Sportunterricht?<\/p>\n<p>Lara: Toll! Du wei\u00dft doch, dass ich nicht mitmachen darf!<\/p>\n<p>Lizzy: Sorry, das hatte ich vergessen. Und was machst du so am Wochenende?<\/p>\n<p>Lara: Ich gehe mit meinen Eltern und meiner Schwester auf den Weihnachtsmarkt. Und du?<\/p>\n<p>Lizzy: Stimmt! Das hatte ich ja ganz vergessen&#8230; am Sonntag ist der erste Advent.<\/p>\n<p>Lara: Ich nicht. Und was f\u00fcr einen Adventskalender bekommst du?<\/p>\n<p>Lizzy: Wei\u00df ich noch nicht&#8230; bei uns ist es eine Tradition, das bis zum ersten Dezember geheim zu halten und bei dir?<\/p>\n<p>Lara: Also ich bekomme jedes Jahr denselben.<\/p>\n<p>Lizzy: Und was hast du am liebsten an der Vorweihnachtszeit?<\/p>\n<p>Lara: Weihnachtsm\u00e4rkte und mit meiner Familie Zeit verbringen. Und du ?<\/p>\n<p>Lizzy: Ich liebe die Adventskr\u00e4nze. Aber am meisten liebe ich, jeden Tag ein T\u00fcrchen aufzumachen<\/p>\n<p>Lara: Ich mag den ersten Advent am liebsten, weil wir uns dann noch sehr lange auf Weihnachten freuen k\u00f6nnen.<\/p>\n<p>Was gef\u00e4llt dir am meisten an der Weihnachtszeit? <a href=\"https:\/\/www.camaeleon.org\/de\/2018\/12\/01\/umfrage-des-monats-dezember-2018\/\">Hier geht&#8217;s zur Umfrage des Monats<\/a>.<\/p>","protected":false},"excerpt":{"rendered":"<p>Lizzy: Hallo Lara! Und wie war es so im im Sportunterricht? Lara: Toll! Du wei\u00dft doch, dass ich nicht mitmachen darf! Lizzy: Sorry, das hatte<\/p>\n","protected":false},"author":129,"featured_media":17429,"comment_status":"open","ping_status":"closed","sticky":false,"template":"","format":"standard","meta":{"colormag_page_container_layout":"default_layout","colormag_page_sidebar_layout":"default_layout","footnotes":""},"categories":[864],"tags":[916,241],"coauthors":[850],"class_list":["post-17427","post","type-post","status-publish","format-standard","has-post-thumbnail","hentry","category-le-mot-de-la-semaine","tag-advent","tag-weihnachten"],"yoast_head":"<!-- This site is optimized with the Yoast SEO plugin v27.4 - https:\/\/yoast.com\/product\/yoast-seo-wordpress\/ -->\n<title>Das Wort der Woche: Advent - Cam\u00e4l\u00e9on<\/title>\n<meta name=\"description\" content=\"Lizzy: Hallo Lara! Und wie war es so im im Sportunterricht? Lara: Toll! Du wei\u00dft doch, dass ich nicht mitmachen darf! Lizzy: Sorry, das hatte ich vergessen. Und was machst du so am Wochenende? Lara: Ich gehe mit meinen Eltern und meiner Schwester auf den Weihnachtsmarkt. Und du?\" \/>\n<meta name=\"robots\" content=\"index, follow, max-snippet:-1, max-image-preview:large, max-video-preview:-1\" \/>\n<link rel=\"canonical\" href=\"https:\/\/www.camaeleon.org\/de\/2018\/12\/02\/das-wort-der-woche-advent\/\" \/>\n<meta property=\"og:locale\" content=\"de_DE\" \/>\n<meta property=\"og:type\" content=\"article\" \/>\n<meta property=\"og:title\" content=\"Das Wort der Woche: Advent - Cam\u00e4l\u00e9on\" \/>\n<meta property=\"og:description\" content=\"Lizzy: Hallo Lara! Und wie war es so im im Sportunterricht? Lara: Toll! Du wei\u00dft doch, dass ich nicht mitmachen darf! Lizzy: Sorry, das hatte ich vergessen. Und was machst du so am Wochenende? Lara: Ich gehe mit meinen Eltern und meiner Schwester auf den Weihnachtsmarkt. Und du?\" \/>\n<meta property=\"og:url\" content=\"https:\/\/www.camaeleon.org\/de\/2018\/12\/02\/das-wort-der-woche-advent\/\" \/>\n<meta property=\"og:site_name\" content=\"Cam\u00e4l\u00e9on\" \/>\n<meta property=\"article:publisher\" content=\"https:\/\/www.facebook.com\/camaeleon.org\/\" \/>\n<meta property=\"article:published_time\" content=\"2018-12-01T23:04:51+00:00\" \/>\n<meta property=\"article:modified_time\" content=\"2020-12-23T12:05:49+00:00\" \/>\n<meta property=\"og:image\" content=\"https:\/\/www.camaeleon.org\/wp-content\/uploads\/2018\/12\/Advent.jpg\" \/>\n\t<meta property=\"og:image:width\" content=\"960\" \/>\n\t<meta property=\"og:image:height\" content=\"640\" \/>\n\t<meta property=\"og:image:type\" content=\"image\/jpeg\" \/>\n<meta name=\"author\" content=\"Lizzy Louise Wittich\" \/>\n<meta name=\"twitter:card\" content=\"summary_large_image\" \/>\n<meta name=\"twitter:creator\" content=\"@camaeleonOrg\" \/>\n<meta name=\"twitter:site\" content=\"@camaeleonOrg\" \/>\n<script type=\"application\/ld+json\" class=\"yoast-schema-graph\">{\"@context\":\"https:\\\/\\\/schema.org\",\"@graph\":[{\"@type\":\"Article\",\"@id\":\"https:\\\/\\\/www.camaeleon.org\\\/de\\\/2018\\\/12\\\/02\\\/das-wort-der-woche-advent\\\/#article\",\"isPartOf\":{\"@id\":\"https:\\\/\\\/www.camaeleon.org\\\/de\\\/2018\\\/12\\\/02\\\/das-wort-der-woche-advent\\\/\"},\"author\":{\"name\":\"Lizzy Louise Wittich\",\"@id\":\"https:\\\/\\\/www.camaeleon.org\\\/de\\\/#\\\/schema\\\/person\\\/1ffb4645b30fd237e48565edbbe7b64a\"},\"headline\":\"Das Wort der Woche: Advent\",\"datePublished\":\"2018-12-01T23:04:51+00:00\",\"dateModified\":\"2020-12-23T12:05:49+00:00\",\"mainEntityOfPage\":{\"@id\":\"https:\\\/\\\/www.camaeleon.org\\\/de\\\/2018\\\/12\\\/02\\\/das-wort-der-woche-advent\\\/\"},\"wordCount\":578,\"commentCount\":0,\"publisher\":{\"@id\":\"https:\\\/\\\/www.camaeleon.org\\\/de\\\/#organization\"},\"image\":{\"@id\":\"https:\\\/\\\/www.camaeleon.org\\\/de\\\/2018\\\/12\\\/02\\\/das-wort-der-woche-advent\\\/#primaryimage\"},\"thumbnailUrl\":\"https:\\\/\\\/www.camaeleon.org\\\/wp-content\\\/uploads\\\/2018\\\/12\\\/Advent.jpg\",\"keywords\":[\"Advent\",\"Weihnachten\"],\"articleSection\":[\"Das Wort der Woche\"],\"inLanguage\":\"de\",\"potentialAction\":[{\"@type\":\"CommentAction\",\"name\":\"Comment\",\"target\":[\"https:\\\/\\\/www.camaeleon.org\\\/de\\\/2018\\\/12\\\/02\\\/das-wort-der-woche-advent\\\/#respond\"]}]},{\"@type\":\"WebPage\",\"@id\":\"https:\\\/\\\/www.camaeleon.org\\\/de\\\/2018\\\/12\\\/02\\\/das-wort-der-woche-advent\\\/\",\"url\":\"https:\\\/\\\/www.camaeleon.org\\\/de\\\/2018\\\/12\\\/02\\\/das-wort-der-woche-advent\\\/\",\"name\":\"Das Wort der Woche: Advent - Cam\u00e4l\u00e9on\",\"isPartOf\":{\"@id\":\"https:\\\/\\\/www.camaeleon.org\\\/de\\\/#website\"},\"primaryImageOfPage\":{\"@id\":\"https:\\\/\\\/www.camaeleon.org\\\/de\\\/2018\\\/12\\\/02\\\/das-wort-der-woche-advent\\\/#primaryimage\"},\"image\":{\"@id\":\"https:\\\/\\\/www.camaeleon.org\\\/de\\\/2018\\\/12\\\/02\\\/das-wort-der-woche-advent\\\/#primaryimage\"},\"thumbnailUrl\":\"https:\\\/\\\/www.camaeleon.org\\\/wp-content\\\/uploads\\\/2018\\\/12\\\/Advent.jpg\",\"datePublished\":\"2018-12-01T23:04:51+00:00\",\"dateModified\":\"2020-12-23T12:05:49+00:00\",\"description\":\"Lizzy: Hallo Lara! Und wie war es so im im Sportunterricht? Lara: Toll! Du wei\u00dft doch, dass ich nicht mitmachen darf! Lizzy: Sorry, das hatte ich vergessen. Und was machst du so am Wochenende? Lara: Ich gehe mit meinen Eltern und meiner Schwester auf den Weihnachtsmarkt. Und du?\",\"breadcrumb\":{\"@id\":\"https:\\\/\\\/www.camaeleon.org\\\/de\\\/2018\\\/12\\\/02\\\/das-wort-der-woche-advent\\\/#breadcrumb\"},\"inLanguage\":\"de\",\"potentialAction\":[{\"@type\":\"ReadAction\",\"target\":[[\"https:\\\/\\\/www.camaeleon.org\\\/de\\\/2018\\\/12\\\/02\\\/das-wort-der-woche-advent\\\/\"]]}]},{\"@type\":\"ImageObject\",\"inLanguage\":\"de\",\"@id\":\"https:\\\/\\\/www.camaeleon.org\\\/de\\\/2018\\\/12\\\/02\\\/das-wort-der-woche-advent\\\/#primaryimage\",\"url\":\"https:\\\/\\\/www.camaeleon.org\\\/wp-content\\\/uploads\\\/2018\\\/12\\\/Advent.jpg\",\"contentUrl\":\"https:\\\/\\\/www.camaeleon.org\\\/wp-content\\\/uploads\\\/2018\\\/12\\\/Advent.jpg\",\"width\":960,\"height\":640,\"caption\":\"Foto: pixabay.com \\\/ Cam\u00e4l\u00e9on\"},{\"@type\":\"BreadcrumbList\",\"@id\":\"https:\\\/\\\/www.camaeleon.org\\\/de\\\/2018\\\/12\\\/02\\\/das-wort-der-woche-advent\\\/#breadcrumb\",\"itemListElement\":[{\"@type\":\"ListItem\",\"position\":1,\"name\":\"Home\",\"item\":\"https:\\\/\\\/www.camaeleon.org\\\/de\\\/\"},{\"@type\":\"ListItem\",\"position\":2,\"name\":\"Das Wort der Woche: Advent\"}]},{\"@type\":\"WebSite\",\"@id\":\"https:\\\/\\\/www.camaeleon.org\\\/de\\\/#website\",\"url\":\"https:\\\/\\\/www.camaeleon.org\\\/de\\\/\",\"name\":\"Cam\u00e4l\u00e9on\",\"description\":\"Das Sch\u00fclermagazin des Deutsch-Franz\u00f6sischen Gymnasiums Saarbr\u00fccken\",\"publisher\":{\"@id\":\"https:\\\/\\\/www.camaeleon.org\\\/de\\\/#organization\"},\"potentialAction\":[{\"@type\":\"SearchAction\",\"target\":{\"@type\":\"EntryPoint\",\"urlTemplate\":\"https:\\\/\\\/www.camaeleon.org\\\/de\\\/?s={search_term_string}\"},\"query-input\":{\"@type\":\"PropertyValueSpecification\",\"valueRequired\":true,\"valueName\":\"search_term_string\"}}],\"inLanguage\":\"de\"},{\"@type\":\"Organization\",\"@id\":\"https:\\\/\\\/www.camaeleon.org\\\/de\\\/#organization\",\"name\":\"Cam\u00e4l\u00e9on\",\"url\":\"https:\\\/\\\/www.camaeleon.org\\\/de\\\/\",\"logo\":{\"@type\":\"ImageObject\",\"inLanguage\":\"de\",\"@id\":\"https:\\\/\\\/www.camaeleon.org\\\/de\\\/#\\\/schema\\\/logo\\\/image\\\/\",\"url\":\"https:\\\/\\\/www.camaeleon.org\\\/wp-content\\\/uploads\\\/2011\\\/11\\\/CAM\u00c4LEON.jpg\",\"contentUrl\":\"https:\\\/\\\/www.camaeleon.org\\\/wp-content\\\/uploads\\\/2011\\\/11\\\/CAM\u00c4LEON.jpg\",\"width\":959,\"height\":959,\"caption\":\"Cam\u00e4l\u00e9on\"},\"image\":{\"@id\":\"https:\\\/\\\/www.camaeleon.org\\\/de\\\/#\\\/schema\\\/logo\\\/image\\\/\"},\"sameAs\":[\"https:\\\/\\\/www.facebook.com\\\/camaeleon.org\\\/\",\"https:\\\/\\\/x.com\\\/camaeleonOrg\",\"https:\\\/\\\/www.instagram.com\\\/camaeleon.dfg\\\/\",\"https:\\\/\\\/www.youtube.com\\\/channel\\\/UCl3TAUDdGuu_c7CD6ax6hYg\"]},{\"@type\":\"Person\",\"@id\":\"https:\\\/\\\/www.camaeleon.org\\\/de\\\/#\\\/schema\\\/person\\\/1ffb4645b30fd237e48565edbbe7b64a\",\"name\":\"Lizzy Louise Wittich\",\"image\":{\"@type\":\"ImageObject\",\"inLanguage\":\"de\",\"@id\":\"https:\\\/\\\/www.camaeleon.org\\\/de\\\/wp-content\\\/uploads\\\/2018\\\/11\\\/Lizzy.jpg996570e4c238fe76923e9e8732f94a91\",\"url\":\"https:\\\/\\\/www.camaeleon.org\\\/wp-content\\\/uploads\\\/2018\\\/11\\\/Lizzy.jpg\",\"contentUrl\":\"https:\\\/\\\/www.camaeleon.org\\\/wp-content\\\/uploads\\\/2018\\\/11\\\/Lizzy.jpg\",\"caption\":\"Lizzy Louise Wittich\"},\"url\":\"https:\\\/\\\/www.camaeleon.org\\\/de\\\/author\\\/lizzy-louise-wittich\\\/\"}]}<\/script>\n<!-- \/ Yoast SEO plugin. -->","yoast_head_json":{"title":"Das Wort der Woche: Advent - Cam\u00e4l\u00e9on","description":"Lizzy: Hallo Lara! Und wie war es so im im Sportunterricht? Lara: Toll! Du wei\u00dft doch, dass ich nicht mitmachen darf! Lizzy: Sorry, das hatte ich vergessen. Und was machst du so am Wochenende? Lara: Ich gehe mit meinen Eltern und meiner Schwester auf den Weihnachtsmarkt. Und du?","robots":{"index":"index","follow":"follow","max-snippet":"max-snippet:-1","max-image-preview":"max-image-preview:large","max-video-preview":"max-video-preview:-1"},"canonical":"https:\/\/www.camaeleon.org\/de\/2018\/12\/02\/das-wort-der-woche-advent\/","og_locale":"de_DE","og_type":"article","og_title":"Das Wort der Woche: Advent - Cam\u00e4l\u00e9on","og_description":"Lizzy: Hallo Lara! Und wie war es so im im Sportunterricht? Lara: Toll! Du wei\u00dft doch, dass ich nicht mitmachen darf! Lizzy: Sorry, das hatte ich vergessen. Und was machst du so am Wochenende? Lara: Ich gehe mit meinen Eltern und meiner Schwester auf den Weihnachtsmarkt. Und du?","og_url":"https:\/\/www.camaeleon.org\/de\/2018\/12\/02\/das-wort-der-woche-advent\/","og_site_name":"Cam\u00e4l\u00e9on","article_publisher":"https:\/\/www.facebook.com\/camaeleon.org\/","article_published_time":"2018-12-01T23:04:51+00:00","article_modified_time":"2020-12-23T12:05:49+00:00","og_image":[{"width":960,"height":640,"url":"https:\/\/www.camaeleon.org\/wp-content\/uploads\/2018\/12\/Advent.jpg","type":"image\/jpeg"}],"author":"Lizzy Louise Wittich","twitter_card":"summary_large_image","twitter_creator":"@camaeleonOrg","twitter_site":"@camaeleonOrg","schema":{"@context":"https:\/\/schema.org","@graph":[{"@type":"Article","@id":"https:\/\/www.camaeleon.org\/de\/2018\/12\/02\/das-wort-der-woche-advent\/#article","isPartOf":{"@id":"https:\/\/www.camaeleon.org\/de\/2018\/12\/02\/das-wort-der-woche-advent\/"},"author":{"name":"Lizzy Louise Wittich","@id":"https:\/\/www.camaeleon.org\/de\/#\/schema\/person\/1ffb4645b30fd237e48565edbbe7b64a"},"headline":"Das Wort der Woche: Advent","datePublished":"2018-12-01T23:04:51+00:00","dateModified":"2020-12-23T12:05:49+00:00","mainEntityOfPage":{"@id":"https:\/\/www.camaeleon.org\/de\/2018\/12\/02\/das-wort-der-woche-advent\/"},"wordCount":578,"commentCount":0,"publisher":{"@id":"https:\/\/www.camaeleon.org\/de\/#organization"},"image":{"@id":"https:\/\/www.camaeleon.org\/de\/2018\/12\/02\/das-wort-der-woche-advent\/#primaryimage"},"thumbnailUrl":"https:\/\/www.camaeleon.org\/wp-content\/uploads\/2018\/12\/Advent.jpg","keywords":["Advent","Weihnachten"],"articleSection":["Das Wort der Woche"],"inLanguage":"de","potentialAction":[{"@type":"CommentAction","name":"Comment","target":["https:\/\/www.camaeleon.org\/de\/2018\/12\/02\/das-wort-der-woche-advent\/#respond"]}]},{"@type":"WebPage","@id":"https:\/\/www.camaeleon.org\/de\/2018\/12\/02\/das-wort-der-woche-advent\/","url":"https:\/\/www.camaeleon.org\/de\/2018\/12\/02\/das-wort-der-woche-advent\/","name":"Das Wort der Woche: Advent - Cam\u00e4l\u00e9on","isPartOf":{"@id":"https:\/\/www.camaeleon.org\/de\/#website"},"primaryImageOfPage":{"@id":"https:\/\/www.camaeleon.org\/de\/2018\/12\/02\/das-wort-der-woche-advent\/#primaryimage"},"image":{"@id":"https:\/\/www.camaeleon.org\/de\/2018\/12\/02\/das-wort-der-woche-advent\/#primaryimage"},"thumbnailUrl":"https:\/\/www.camaeleon.org\/wp-content\/uploads\/2018\/12\/Advent.jpg","datePublished":"2018-12-01T23:04:51+00:00","dateModified":"2020-12-23T12:05:49+00:00","description":"Lizzy: Hallo Lara! Und wie war es so im im Sportunterricht? Lara: Toll! Du wei\u00dft doch, dass ich nicht mitmachen darf! Lizzy: Sorry, das hatte ich vergessen. Und was machst du so am Wochenende? Lara: Ich gehe mit meinen Eltern und meiner Schwester auf den Weihnachtsmarkt. Und du?","breadcrumb":{"@id":"https:\/\/www.camaeleon.org\/de\/2018\/12\/02\/das-wort-der-woche-advent\/#breadcrumb"},"inLanguage":"de","potentialAction":[{"@type":"ReadAction","target":[["https:\/\/www.camaeleon.org\/de\/2018\/12\/02\/das-wort-der-woche-advent\/"]]}]},{"@type":"ImageObject","inLanguage":"de","@id":"https:\/\/www.camaeleon.org\/de\/2018\/12\/02\/das-wort-der-woche-advent\/#primaryimage","url":"https:\/\/www.camaeleon.org\/wp-content\/uploads\/2018\/12\/Advent.jpg","contentUrl":"https:\/\/www.camaeleon.org\/wp-content\/uploads\/2018\/12\/Advent.jpg","width":960,"height":640,"caption":"Foto: pixabay.com \/ Cam\u00e4l\u00e9on"},{"@type":"BreadcrumbList","@id":"https:\/\/www.camaeleon.org\/de\/2018\/12\/02\/das-wort-der-woche-advent\/#breadcrumb","itemListElement":[{"@type":"ListItem","position":1,"name":"Home","item":"https:\/\/www.camaeleon.org\/de\/"},{"@type":"ListItem","position":2,"name":"Das Wort der Woche: Advent"}]},{"@type":"WebSite","@id":"https:\/\/www.camaeleon.org\/de\/#website","url":"https:\/\/www.camaeleon.org\/de\/","name":"Cam\u00e4l\u00e9on","description":"Das Sch\u00fclermagazin des Deutsch-Franz\u00f6sischen Gymnasiums Saarbr\u00fccken","publisher":{"@id":"https:\/\/www.camaeleon.org\/de\/#organization"},"potentialAction":[{"@type":"SearchAction","target":{"@type":"EntryPoint","urlTemplate":"https:\/\/www.camaeleon.org\/de\/?s={search_term_string}"},"query-input":{"@type":"PropertyValueSpecification","valueRequired":true,"valueName":"search_term_string"}}],"inLanguage":"de"},{"@type":"Organization","@id":"https:\/\/www.camaeleon.org\/de\/#organization","name":"Cam\u00e4l\u00e9on","url":"https:\/\/www.camaeleon.org\/de\/","logo":{"@type":"ImageObject","inLanguage":"de","@id":"https:\/\/www.camaeleon.org\/de\/#\/schema\/logo\/image\/","url":"https:\/\/www.camaeleon.org\/wp-content\/uploads\/2011\/11\/CAM\u00c4LEON.jpg","contentUrl":"https:\/\/www.camaeleon.org\/wp-content\/uploads\/2011\/11\/CAM\u00c4LEON.jpg","width":959,"height":959,"caption":"Cam\u00e4l\u00e9on"},"image":{"@id":"https:\/\/www.camaeleon.org\/de\/#\/schema\/logo\/image\/"},"sameAs":["https:\/\/www.facebook.com\/camaeleon.org\/","https:\/\/x.com\/camaeleonOrg","https:\/\/www.instagram.com\/camaeleon.dfg\/","https:\/\/www.youtube.com\/channel\/UCl3TAUDdGuu_c7CD6ax6hYg"]},{"@type":"Person","@id":"https:\/\/www.camaeleon.org\/de\/#\/schema\/person\/1ffb4645b30fd237e48565edbbe7b64a","name":"Lizzy Louise Wittich","image":{"@type":"ImageObject","inLanguage":"de","@id":"https:\/\/www.camaeleon.org\/de\/wp-content\/uploads\/2018\/11\/Lizzy.jpg996570e4c238fe76923e9e8732f94a91","url":"https:\/\/www.camaeleon.org\/wp-content\/uploads\/2018\/11\/Lizzy.jpg","contentUrl":"https:\/\/www.camaeleon.org\/wp-content\/uploads\/2018\/11\/Lizzy.jpg","caption":"Lizzy Louise Wittich"},"url":"https:\/\/www.camaeleon.org\/de\/author\/lizzy-louise-wittich\/"}]}},"_links":{"self":[{"href":"https:\/\/www.camaeleon.org\/de\/wp-json\/wp\/v2\/posts\/17427","targetHints":{"allow":["GET"]}}],"collection":[{"href":"https:\/\/www.camaeleon.org\/de\/wp-json\/wp\/v2\/posts"}],"about":[{"href":"https:\/\/www.camaeleon.org\/de\/wp-json\/wp\/v2\/types\/post"}],"author":[{"embeddable":true,"href":"https:\/\/www.camaeleon.org\/de\/wp-json\/wp\/v2\/users\/129"}],"replies":[{"embeddable":true,"href":"https:\/\/www.camaeleon.org\/de\/wp-json\/wp\/v2\/comments?post=17427"}],"version-history":[{"count":0,"href":"https:\/\/www.camaeleon.org\/de\/wp-json\/wp\/v2\/posts\/17427\/revisions"}],"wp:featuredmedia":[{"embeddable":true,"href":"https:\/\/www.camaeleon.org\/de\/wp-json\/wp\/v2\/media\/17429"}],"wp:attachment":[{"href":"https:\/\/www.camaeleon.org\/de\/wp-json\/wp\/v2\/media?parent=17427"}],"wp:term":[{"taxonomy":"category","embeddable":true,"href":"https:\/\/www.camaeleon.org\/de\/wp-json\/wp\/v2\/categories?post=17427"},{"taxonomy":"post_tag","embeddable":true,"href":"https:\/\/www.camaeleon.org\/de\/wp-json\/wp\/v2\/tags?post=17427"},{"taxonomy":"author","embeddable":true,"href":"https:\/\/www.camaeleon.org\/de\/wp-json\/wp\/v2\/coauthors?post=17427"}],"curies":[{"name":"wp","href":"https:\/\/api.w.org\/{rel}","templated":true}]}}