{"id":17266,"date":"2018-11-09T20:01:49","date_gmt":"2018-11-09T19:01:49","guid":{"rendered":"https:\/\/www.camaeleon.org\/?p=17266"},"modified":"2020-12-23T13:09:08","modified_gmt":"2020-12-23T12:09:08","slug":"das-wort-der-woche-kristallnacht","status":"publish","type":"post","link":"https:\/\/www.camaeleon.org\/de\/2018\/11\/09\/das-wort-der-woche-kristallnacht\/","title":{"rendered":"Das Wort der Woche: Kristallnacht"},"content":{"rendered":"<p><a href=\"https:\/\/www.camaeleon.org\/wp-content\/uploads\/2018\/11\/Kristallnacht.jpg\"><img loading=\"lazy\" decoding=\"async\" class=\"alignleft size-medium wp-image-17270\" src=\"https:\/\/www.camaeleon.org\/wp-content\/uploads\/2018\/11\/Kristallnacht-300x200.jpg\" alt=\"Kristallnacht\" width=\"300\" height=\"200\" srcset=\"https:\/\/www.camaeleon.org\/wp-content\/uploads\/2018\/11\/Kristallnacht-300x200.jpg 300w, https:\/\/www.camaeleon.org\/wp-content\/uploads\/2018\/11\/Kristallnacht-880x587.jpg 880w, https:\/\/www.camaeleon.org\/wp-content\/uploads\/2018\/11\/Kristallnacht.jpg 960w\" sizes=\"auto, (max-width: 300px) 100vw, 300px\" \/><\/a>Vor genau 80 Jahren, in der Nacht zum 10. November 1938, wurden sch\u00e4tzungsweise 400 Juden ermordet und 1400 Synagogen und j\u00fcdische Gesch\u00e4fte zerst\u00f6rt. Diese Nacht wird Reichskristallnacht oder auch Reichspogromnacht genannt. Dieses Datum markiert das Zeitalter der Judenvernichtung.<\/p>\n<p>Wer genau den Begriff erfunden hat ist unklar, er wurde zum ersten Mal von einem NS-Funktion\u00e4r namens Wilhelm B\u00f6rger im Juni 1939 erw\u00e4hnt. Nach dem Krieg wurde das Wort im Volksmund gebraucht, doch heutzutage ist der Begriff nicht mehr politisch korrekt, daher ist der offizielle Name seit den 90ern die Reichspogromnacht oder nur Pogromnacht. In anderen L\u00e4ndern blieb der Name Reichskristallnacht erhalten und auch viele Deutsche sprechen immer noch von der Kristallnacht.<\/p>\n<p>Heute gab es um 13:30 einen Gedenkmarsch durch Saarbr\u00fccken, um an diese schreckliche Nacht zu erinnern und um Rechtsextremen klarzumachen, dass dieses Ereignis sich niemals wiederholen darf.<\/p>\n<p>Zahlreiche Sch\u00fclerinnen und Sch\u00fcler des Deutsch-Franz\u00f6sischen Gymnasiums nahmen am Gedenkmarsch teil. <s>#<\/s><b><strong>gegendasVergessen<\/strong><\/b><\/p>\n","protected":false},"excerpt":{"rendered":"<p>Vor genau 80 Jahren, in der Nacht zum 10. November 1938, wurden sch\u00e4tzungsweise 400 Juden ermordet und 1400 Synagogen und j\u00fcdische Gesch\u00e4fte zerst\u00f6rt. Diese Nacht<\/p>\n","protected":false},"author":99,"featured_media":17270,"comment_status":"open","ping_status":"closed","sticky":false,"template":"","format":"standard","meta":{"colormag_page_container_layout":"default_layout","colormag_page_sidebar_layout":"default_layout","footnotes":""},"categories":[864,10,662],"tags":[896,899,897,898],"coauthors":[759],"class_list":["post-17266","post","type-post","status-publish","format-standard","has-post-thumbnail","hentry","category-le-mot-de-la-semaine","category-politique","category-sarrebruck","tag-kristallnacht","tag-rechtsextremismus","tag-reichskristallnacht","tag-reichspogromnacht"],"yoast_head":"<!-- This site is optimized with the Yoast SEO plugin v27.5 - https:\/\/yoast.com\/product\/yoast-seo-wordpress\/ -->\n<title>Das Wort der Woche: Kristallnacht - Cam\u00e4l\u00e9on<\/title>\n<meta name=\"description\" content=\"Vor genau 80 Jahren, in der Nacht zum 10. November 1938, wurden sch\u00e4tzungsweise 400 Juden ermordet und 1400 Synagogen und j\u00fcdische Gesch\u00e4fte zerst\u00f6rt.\" \/>\n<meta name=\"robots\" content=\"index, follow, max-snippet:-1, max-image-preview:large, max-video-preview:-1\" \/>\n<link rel=\"canonical\" href=\"https:\/\/www.camaeleon.org\/de\/2018\/11\/09\/das-wort-der-woche-kristallnacht\/\" \/>\n<meta property=\"og:locale\" content=\"de_DE\" \/>\n<meta property=\"og:type\" content=\"article\" \/>\n<meta property=\"og:title\" content=\"Das Wort der Woche: Kristallnacht - Cam\u00e4l\u00e9on\" \/>\n<meta property=\"og:description\" content=\"Vor genau 80 Jahren, in der Nacht zum 10. November 1938, wurden sch\u00e4tzungsweise 400 Juden ermordet und 1400 Synagogen und j\u00fcdische Gesch\u00e4fte zerst\u00f6rt.\" \/>\n<meta property=\"og:url\" content=\"https:\/\/www.camaeleon.org\/de\/2018\/11\/09\/das-wort-der-woche-kristallnacht\/\" \/>\n<meta property=\"og:site_name\" content=\"Cam\u00e4l\u00e9on\" \/>\n<meta property=\"article:publisher\" content=\"https:\/\/www.facebook.com\/camaeleon.org\/\" \/>\n<meta property=\"article:published_time\" content=\"2018-11-09T19:01:49+00:00\" \/>\n<meta property=\"article:modified_time\" content=\"2020-12-23T12:09:08+00:00\" \/>\n<meta property=\"og:image\" content=\"https:\/\/www.camaeleon.org\/wp-content\/uploads\/2018\/11\/Kristallnacht.jpg\" \/>\n\t<meta property=\"og:image:width\" content=\"960\" \/>\n\t<meta property=\"og:image:height\" content=\"640\" \/>\n\t<meta property=\"og:image:type\" content=\"image\/jpeg\" \/>\n<meta name=\"author\" content=\"Simon Schmitt\" \/>\n<meta name=\"twitter:card\" content=\"summary_large_image\" \/>\n<meta name=\"twitter:creator\" content=\"@camaeleonOrg\" \/>\n<meta name=\"twitter:site\" content=\"@camaeleonOrg\" \/>\n<script type=\"application\/ld+json\" class=\"yoast-schema-graph\">{\"@context\":\"https:\\\/\\\/schema.org\",\"@graph\":[{\"@type\":\"Article\",\"@id\":\"https:\\\/\\\/www.camaeleon.org\\\/de\\\/2018\\\/11\\\/09\\\/das-wort-der-woche-kristallnacht\\\/#article\",\"isPartOf\":{\"@id\":\"https:\\\/\\\/www.camaeleon.org\\\/de\\\/2018\\\/11\\\/09\\\/das-wort-der-woche-kristallnacht\\\/\"},\"author\":{\"name\":\"Simon Schmitt\",\"@id\":\"https:\\\/\\\/www.camaeleon.org\\\/de\\\/#\\\/schema\\\/person\\\/2da1ff5e609c1d3d5fb82828a8028bfb\"},\"headline\":\"Das Wort der Woche: Kristallnacht\",\"datePublished\":\"2018-11-09T19:01:49+00:00\",\"dateModified\":\"2020-12-23T12:09:08+00:00\",\"mainEntityOfPage\":{\"@id\":\"https:\\\/\\\/www.camaeleon.org\\\/de\\\/2018\\\/11\\\/09\\\/das-wort-der-woche-kristallnacht\\\/\"},\"wordCount\":159,\"commentCount\":2,\"publisher\":{\"@id\":\"https:\\\/\\\/www.camaeleon.org\\\/de\\\/#organization\"},\"image\":{\"@id\":\"https:\\\/\\\/www.camaeleon.org\\\/de\\\/2018\\\/11\\\/09\\\/das-wort-der-woche-kristallnacht\\\/#primaryimage\"},\"thumbnailUrl\":\"https:\\\/\\\/www.camaeleon.org\\\/wp-content\\\/uploads\\\/2018\\\/11\\\/Kristallnacht.jpg\",\"keywords\":[\"Kristallnacht\",\"Rechtsextremismus\",\"Reichskristallnacht\",\"Reichspogromnacht\"],\"articleSection\":[\"Das Wort der Woche\",\"Politik\",\"Saarbr\u00fccken\"],\"inLanguage\":\"de\",\"potentialAction\":[{\"@type\":\"CommentAction\",\"name\":\"Comment\",\"target\":[\"https:\\\/\\\/www.camaeleon.org\\\/de\\\/2018\\\/11\\\/09\\\/das-wort-der-woche-kristallnacht\\\/#respond\"]}]},{\"@type\":\"WebPage\",\"@id\":\"https:\\\/\\\/www.camaeleon.org\\\/de\\\/2018\\\/11\\\/09\\\/das-wort-der-woche-kristallnacht\\\/\",\"url\":\"https:\\\/\\\/www.camaeleon.org\\\/de\\\/2018\\\/11\\\/09\\\/das-wort-der-woche-kristallnacht\\\/\",\"name\":\"Das Wort der Woche: Kristallnacht - Cam\u00e4l\u00e9on\",\"isPartOf\":{\"@id\":\"https:\\\/\\\/www.camaeleon.org\\\/de\\\/#website\"},\"primaryImageOfPage\":{\"@id\":\"https:\\\/\\\/www.camaeleon.org\\\/de\\\/2018\\\/11\\\/09\\\/das-wort-der-woche-kristallnacht\\\/#primaryimage\"},\"image\":{\"@id\":\"https:\\\/\\\/www.camaeleon.org\\\/de\\\/2018\\\/11\\\/09\\\/das-wort-der-woche-kristallnacht\\\/#primaryimage\"},\"thumbnailUrl\":\"https:\\\/\\\/www.camaeleon.org\\\/wp-content\\\/uploads\\\/2018\\\/11\\\/Kristallnacht.jpg\",\"datePublished\":\"2018-11-09T19:01:49+00:00\",\"dateModified\":\"2020-12-23T12:09:08+00:00\",\"description\":\"Vor genau 80 Jahren, in der Nacht zum 10. November 1938, wurden sch\u00e4tzungsweise 400 Juden ermordet und 1400 Synagogen und j\u00fcdische Gesch\u00e4fte zerst\u00f6rt.\",\"breadcrumb\":{\"@id\":\"https:\\\/\\\/www.camaeleon.org\\\/de\\\/2018\\\/11\\\/09\\\/das-wort-der-woche-kristallnacht\\\/#breadcrumb\"},\"inLanguage\":\"de\",\"potentialAction\":[{\"@type\":\"ReadAction\",\"target\":[[\"https:\\\/\\\/www.camaeleon.org\\\/de\\\/2018\\\/11\\\/09\\\/das-wort-der-woche-kristallnacht\\\/\"]]}]},{\"@type\":\"ImageObject\",\"inLanguage\":\"de\",\"@id\":\"https:\\\/\\\/www.camaeleon.org\\\/de\\\/2018\\\/11\\\/09\\\/das-wort-der-woche-kristallnacht\\\/#primaryimage\",\"url\":\"https:\\\/\\\/www.camaeleon.org\\\/wp-content\\\/uploads\\\/2018\\\/11\\\/Kristallnacht.jpg\",\"contentUrl\":\"https:\\\/\\\/www.camaeleon.org\\\/wp-content\\\/uploads\\\/2018\\\/11\\\/Kristallnacht.jpg\",\"width\":960,\"height\":640,\"caption\":\"Foto: pixabay.com \\\/ Cam\u00e4l\u00e9on\"},{\"@type\":\"BreadcrumbList\",\"@id\":\"https:\\\/\\\/www.camaeleon.org\\\/de\\\/2018\\\/11\\\/09\\\/das-wort-der-woche-kristallnacht\\\/#breadcrumb\",\"itemListElement\":[{\"@type\":\"ListItem\",\"position\":1,\"name\":\"Home\",\"item\":\"https:\\\/\\\/www.camaeleon.org\\\/de\\\/\"},{\"@type\":\"ListItem\",\"position\":2,\"name\":\"Das Wort der Woche: Kristallnacht\"}]},{\"@type\":\"WebSite\",\"@id\":\"https:\\\/\\\/www.camaeleon.org\\\/de\\\/#website\",\"url\":\"https:\\\/\\\/www.camaeleon.org\\\/de\\\/\",\"name\":\"Cam\u00e4l\u00e9on\",\"description\":\"Das Sch\u00fclermagazin des Deutsch-Franz\u00f6sischen Gymnasiums Saarbr\u00fccken\",\"publisher\":{\"@id\":\"https:\\\/\\\/www.camaeleon.org\\\/de\\\/#organization\"},\"potentialAction\":[{\"@type\":\"SearchAction\",\"target\":{\"@type\":\"EntryPoint\",\"urlTemplate\":\"https:\\\/\\\/www.camaeleon.org\\\/de\\\/?s={search_term_string}\"},\"query-input\":{\"@type\":\"PropertyValueSpecification\",\"valueRequired\":true,\"valueName\":\"search_term_string\"}}],\"inLanguage\":\"de\"},{\"@type\":\"Organization\",\"@id\":\"https:\\\/\\\/www.camaeleon.org\\\/de\\\/#organization\",\"name\":\"Cam\u00e4l\u00e9on\",\"url\":\"https:\\\/\\\/www.camaeleon.org\\\/de\\\/\",\"logo\":{\"@type\":\"ImageObject\",\"inLanguage\":\"de\",\"@id\":\"https:\\\/\\\/www.camaeleon.org\\\/de\\\/#\\\/schema\\\/logo\\\/image\\\/\",\"url\":\"https:\\\/\\\/www.camaeleon.org\\\/wp-content\\\/uploads\\\/2011\\\/11\\\/CAM\u00c4LEON.jpg\",\"contentUrl\":\"https:\\\/\\\/www.camaeleon.org\\\/wp-content\\\/uploads\\\/2011\\\/11\\\/CAM\u00c4LEON.jpg\",\"width\":959,\"height\":959,\"caption\":\"Cam\u00e4l\u00e9on\"},\"image\":{\"@id\":\"https:\\\/\\\/www.camaeleon.org\\\/de\\\/#\\\/schema\\\/logo\\\/image\\\/\"},\"sameAs\":[\"https:\\\/\\\/www.facebook.com\\\/camaeleon.org\\\/\",\"https:\\\/\\\/x.com\\\/camaeleonOrg\",\"https:\\\/\\\/www.instagram.com\\\/camaeleon.dfg\\\/\",\"https:\\\/\\\/www.youtube.com\\\/channel\\\/UCl3TAUDdGuu_c7CD6ax6hYg\"]},{\"@type\":\"Person\",\"@id\":\"https:\\\/\\\/www.camaeleon.org\\\/de\\\/#\\\/schema\\\/person\\\/2da1ff5e609c1d3d5fb82828a8028bfb\",\"name\":\"Simon Schmitt\",\"image\":{\"@type\":\"ImageObject\",\"inLanguage\":\"de\",\"@id\":\"https:\\\/\\\/www.camaeleon.org\\\/de\\\/wp-content\\\/uploads\\\/2016\\\/02\\\/img_1416.jpg420623f6ad5d2b2349a9dd2a6f207967\",\"url\":\"https:\\\/\\\/www.camaeleon.org\\\/wp-content\\\/uploads\\\/2016\\\/02\\\/img_1416.jpg\",\"contentUrl\":\"https:\\\/\\\/www.camaeleon.org\\\/wp-content\\\/uploads\\\/2016\\\/02\\\/img_1416.jpg\",\"caption\":\"Simon Schmitt\"},\"description\":\"Mit meiner kleinen Prise Witz in meinen Artikeln, verwitzige ich den grauen Alltag am DFG.\",\"url\":\"https:\\\/\\\/www.camaeleon.org\\\/de\\\/author\\\/simon-schmitt\\\/\"}]}<\/script>\n<!-- \/ Yoast SEO plugin. -->","yoast_head_json":{"title":"Das Wort der Woche: Kristallnacht - Cam\u00e4l\u00e9on","description":"Vor genau 80 Jahren, in der Nacht zum 10. November 1938, wurden sch\u00e4tzungsweise 400 Juden ermordet und 1400 Synagogen und j\u00fcdische Gesch\u00e4fte zerst\u00f6rt.","robots":{"index":"index","follow":"follow","max-snippet":"max-snippet:-1","max-image-preview":"max-image-preview:large","max-video-preview":"max-video-preview:-1"},"canonical":"https:\/\/www.camaeleon.org\/de\/2018\/11\/09\/das-wort-der-woche-kristallnacht\/","og_locale":"de_DE","og_type":"article","og_title":"Das Wort der Woche: Kristallnacht - Cam\u00e4l\u00e9on","og_description":"Vor genau 80 Jahren, in der Nacht zum 10. November 1938, wurden sch\u00e4tzungsweise 400 Juden ermordet und 1400 Synagogen und j\u00fcdische Gesch\u00e4fte zerst\u00f6rt.","og_url":"https:\/\/www.camaeleon.org\/de\/2018\/11\/09\/das-wort-der-woche-kristallnacht\/","og_site_name":"Cam\u00e4l\u00e9on","article_publisher":"https:\/\/www.facebook.com\/camaeleon.org\/","article_published_time":"2018-11-09T19:01:49+00:00","article_modified_time":"2020-12-23T12:09:08+00:00","og_image":[{"width":960,"height":640,"url":"https:\/\/www.camaeleon.org\/wp-content\/uploads\/2018\/11\/Kristallnacht.jpg","type":"image\/jpeg"}],"author":"Simon Schmitt","twitter_card":"summary_large_image","twitter_creator":"@camaeleonOrg","twitter_site":"@camaeleonOrg","schema":{"@context":"https:\/\/schema.org","@graph":[{"@type":"Article","@id":"https:\/\/www.camaeleon.org\/de\/2018\/11\/09\/das-wort-der-woche-kristallnacht\/#article","isPartOf":{"@id":"https:\/\/www.camaeleon.org\/de\/2018\/11\/09\/das-wort-der-woche-kristallnacht\/"},"author":{"name":"Simon Schmitt","@id":"https:\/\/www.camaeleon.org\/de\/#\/schema\/person\/2da1ff5e609c1d3d5fb82828a8028bfb"},"headline":"Das Wort der Woche: Kristallnacht","datePublished":"2018-11-09T19:01:49+00:00","dateModified":"2020-12-23T12:09:08+00:00","mainEntityOfPage":{"@id":"https:\/\/www.camaeleon.org\/de\/2018\/11\/09\/das-wort-der-woche-kristallnacht\/"},"wordCount":159,"commentCount":2,"publisher":{"@id":"https:\/\/www.camaeleon.org\/de\/#organization"},"image":{"@id":"https:\/\/www.camaeleon.org\/de\/2018\/11\/09\/das-wort-der-woche-kristallnacht\/#primaryimage"},"thumbnailUrl":"https:\/\/www.camaeleon.org\/wp-content\/uploads\/2018\/11\/Kristallnacht.jpg","keywords":["Kristallnacht","Rechtsextremismus","Reichskristallnacht","Reichspogromnacht"],"articleSection":["Das Wort der Woche","Politik","Saarbr\u00fccken"],"inLanguage":"de","potentialAction":[{"@type":"CommentAction","name":"Comment","target":["https:\/\/www.camaeleon.org\/de\/2018\/11\/09\/das-wort-der-woche-kristallnacht\/#respond"]}]},{"@type":"WebPage","@id":"https:\/\/www.camaeleon.org\/de\/2018\/11\/09\/das-wort-der-woche-kristallnacht\/","url":"https:\/\/www.camaeleon.org\/de\/2018\/11\/09\/das-wort-der-woche-kristallnacht\/","name":"Das Wort der Woche: Kristallnacht - Cam\u00e4l\u00e9on","isPartOf":{"@id":"https:\/\/www.camaeleon.org\/de\/#website"},"primaryImageOfPage":{"@id":"https:\/\/www.camaeleon.org\/de\/2018\/11\/09\/das-wort-der-woche-kristallnacht\/#primaryimage"},"image":{"@id":"https:\/\/www.camaeleon.org\/de\/2018\/11\/09\/das-wort-der-woche-kristallnacht\/#primaryimage"},"thumbnailUrl":"https:\/\/www.camaeleon.org\/wp-content\/uploads\/2018\/11\/Kristallnacht.jpg","datePublished":"2018-11-09T19:01:49+00:00","dateModified":"2020-12-23T12:09:08+00:00","description":"Vor genau 80 Jahren, in der Nacht zum 10. November 1938, wurden sch\u00e4tzungsweise 400 Juden ermordet und 1400 Synagogen und j\u00fcdische Gesch\u00e4fte zerst\u00f6rt.","breadcrumb":{"@id":"https:\/\/www.camaeleon.org\/de\/2018\/11\/09\/das-wort-der-woche-kristallnacht\/#breadcrumb"},"inLanguage":"de","potentialAction":[{"@type":"ReadAction","target":[["https:\/\/www.camaeleon.org\/de\/2018\/11\/09\/das-wort-der-woche-kristallnacht\/"]]}]},{"@type":"ImageObject","inLanguage":"de","@id":"https:\/\/www.camaeleon.org\/de\/2018\/11\/09\/das-wort-der-woche-kristallnacht\/#primaryimage","url":"https:\/\/www.camaeleon.org\/wp-content\/uploads\/2018\/11\/Kristallnacht.jpg","contentUrl":"https:\/\/www.camaeleon.org\/wp-content\/uploads\/2018\/11\/Kristallnacht.jpg","width":960,"height":640,"caption":"Foto: pixabay.com \/ Cam\u00e4l\u00e9on"},{"@type":"BreadcrumbList","@id":"https:\/\/www.camaeleon.org\/de\/2018\/11\/09\/das-wort-der-woche-kristallnacht\/#breadcrumb","itemListElement":[{"@type":"ListItem","position":1,"name":"Home","item":"https:\/\/www.camaeleon.org\/de\/"},{"@type":"ListItem","position":2,"name":"Das Wort der Woche: Kristallnacht"}]},{"@type":"WebSite","@id":"https:\/\/www.camaeleon.org\/de\/#website","url":"https:\/\/www.camaeleon.org\/de\/","name":"Cam\u00e4l\u00e9on","description":"Das Sch\u00fclermagazin des Deutsch-Franz\u00f6sischen Gymnasiums Saarbr\u00fccken","publisher":{"@id":"https:\/\/www.camaeleon.org\/de\/#organization"},"potentialAction":[{"@type":"SearchAction","target":{"@type":"EntryPoint","urlTemplate":"https:\/\/www.camaeleon.org\/de\/?s={search_term_string}"},"query-input":{"@type":"PropertyValueSpecification","valueRequired":true,"valueName":"search_term_string"}}],"inLanguage":"de"},{"@type":"Organization","@id":"https:\/\/www.camaeleon.org\/de\/#organization","name":"Cam\u00e4l\u00e9on","url":"https:\/\/www.camaeleon.org\/de\/","logo":{"@type":"ImageObject","inLanguage":"de","@id":"https:\/\/www.camaeleon.org\/de\/#\/schema\/logo\/image\/","url":"https:\/\/www.camaeleon.org\/wp-content\/uploads\/2011\/11\/CAM\u00c4LEON.jpg","contentUrl":"https:\/\/www.camaeleon.org\/wp-content\/uploads\/2011\/11\/CAM\u00c4LEON.jpg","width":959,"height":959,"caption":"Cam\u00e4l\u00e9on"},"image":{"@id":"https:\/\/www.camaeleon.org\/de\/#\/schema\/logo\/image\/"},"sameAs":["https:\/\/www.facebook.com\/camaeleon.org\/","https:\/\/x.com\/camaeleonOrg","https:\/\/www.instagram.com\/camaeleon.dfg\/","https:\/\/www.youtube.com\/channel\/UCl3TAUDdGuu_c7CD6ax6hYg"]},{"@type":"Person","@id":"https:\/\/www.camaeleon.org\/de\/#\/schema\/person\/2da1ff5e609c1d3d5fb82828a8028bfb","name":"Simon Schmitt","image":{"@type":"ImageObject","inLanguage":"de","@id":"https:\/\/www.camaeleon.org\/de\/wp-content\/uploads\/2016\/02\/img_1416.jpg420623f6ad5d2b2349a9dd2a6f207967","url":"https:\/\/www.camaeleon.org\/wp-content\/uploads\/2016\/02\/img_1416.jpg","contentUrl":"https:\/\/www.camaeleon.org\/wp-content\/uploads\/2016\/02\/img_1416.jpg","caption":"Simon Schmitt"},"description":"Mit meiner kleinen Prise Witz in meinen Artikeln, verwitzige ich den grauen Alltag am DFG.","url":"https:\/\/www.camaeleon.org\/de\/author\/simon-schmitt\/"}]}},"_links":{"self":[{"href":"https:\/\/www.camaeleon.org\/de\/wp-json\/wp\/v2\/posts\/17266","targetHints":{"allow":["GET"]}}],"collection":[{"href":"https:\/\/www.camaeleon.org\/de\/wp-json\/wp\/v2\/posts"}],"about":[{"href":"https:\/\/www.camaeleon.org\/de\/wp-json\/wp\/v2\/types\/post"}],"author":[{"embeddable":true,"href":"https:\/\/www.camaeleon.org\/de\/wp-json\/wp\/v2\/users\/99"}],"replies":[{"embeddable":true,"href":"https:\/\/www.camaeleon.org\/de\/wp-json\/wp\/v2\/comments?post=17266"}],"version-history":[{"count":0,"href":"https:\/\/www.camaeleon.org\/de\/wp-json\/wp\/v2\/posts\/17266\/revisions"}],"wp:featuredmedia":[{"embeddable":true,"href":"https:\/\/www.camaeleon.org\/de\/wp-json\/wp\/v2\/media\/17270"}],"wp:attachment":[{"href":"https:\/\/www.camaeleon.org\/de\/wp-json\/wp\/v2\/media?parent=17266"}],"wp:term":[{"taxonomy":"category","embeddable":true,"href":"https:\/\/www.camaeleon.org\/de\/wp-json\/wp\/v2\/categories?post=17266"},{"taxonomy":"post_tag","embeddable":true,"href":"https:\/\/www.camaeleon.org\/de\/wp-json\/wp\/v2\/tags?post=17266"},{"taxonomy":"author","embeddable":true,"href":"https:\/\/www.camaeleon.org\/de\/wp-json\/wp\/v2\/coauthors?post=17266"}],"curies":[{"name":"wp","href":"https:\/\/api.w.org\/{rel}","templated":true}]}}