{"id":16788,"date":"2018-06-29T15:17:34","date_gmt":"2018-06-29T13:17:34","guid":{"rendered":"https:\/\/www.camaeleon.org\/?p=16788"},"modified":"2020-12-23T13:15:39","modified_gmt":"2020-12-23T12:15:39","slug":"partir-en-vacances-une-realite-pour-tous","status":"publish","type":"post","link":"https:\/\/www.camaeleon.org\/de\/2018\/06\/29\/partir-en-vacances-une-realite-pour-tous\/","title":{"rendered":"Partir en vacances, une r\u00e9alit\u00e9 pour tous?"},"content":{"rendered":"<p><img loading=\"lazy\" decoding=\"async\" class=\"alignleft size-thumbnail wp-image-16805\" src=\"https:\/\/www.camaeleon.org\/wp-content\/uploads\/2018\/06\/luggage-1149289_1920-150x150.jpg\" alt=\"\" width=\"150\" height=\"150\" srcset=\"https:\/\/www.camaeleon.org\/wp-content\/uploads\/2018\/06\/luggage-1149289_1920-150x150.jpg 150w, https:\/\/www.camaeleon.org\/wp-content\/uploads\/2018\/06\/luggage-1149289_1920-90x90.jpg 90w, https:\/\/www.camaeleon.org\/wp-content\/uploads\/2018\/06\/luggage-1149289_1920-75x75.jpg 75w, https:\/\/www.camaeleon.org\/wp-content\/uploads\/2018\/06\/luggage-1149289_1920-120x120.jpg 120w\" sizes=\"auto, (max-width: 150px) 100vw, 150px\" \/>Vive les vacances, \u00e0 bas les p\u00e9nitences, les cahiers au feu, les profs au milieu&#8230; Euh, non! On les aime bien, nos profs (en tous cas la plupart). Pour une bonne partie d&#8217;entre vous, vous allez partir \u00e0 la mer, \u00e0 la montagne, visiter des villes, voire d&#8217;autres pays&#8230; Mais savez-vous que vous avez de la chance si vous partez en vacances?<\/p>\n<p>En effet, selon des statistiques nationales (2017-2018), 36% des fran\u00e7ais et 20% des allemands ne partent pas pendant les vacances. Un pourcentage, \u00e9norme mais bien r\u00e9el. Pour la plupart, les raisons sont budg\u00e9taires. En plus de ces gens qui ne peuvent pas se permettre de voyager, m\u00eame quelques jours, il y en a d&#8217;autres, plus parmi les allemands, qui n&#8217;ont tout simplement pas envie de voyager.<\/p>\n<p>Donc, si vous faites partie des chanceux, r\u00e9jouissez-vous. Mais profitez de vos vacances m\u00eame si vous ne partez pas, car que ce soit \u00e0 la maison ou dans d&#8217;autres lieux, pour tout le monde il est temps d&#8217;oublier l&#8217;\u00e9cole et de rattraper le sommeil en retard!<\/p>\n<p>Bonnes vacances, et on se retrouve \u00e0 la rentr\u00e9e sur Cam\u00e4l\u00e9on.<\/p>\n","protected":false},"excerpt":{"rendered":"<p>Vive les vacances, \u00e0 bas les p\u00e9nitences, les cahiers au feu, les profs au milieu&#8230; Euh, non! On les aime bien, nos profs (en tous<\/p>\n","protected":false},"author":123,"featured_media":16805,"comment_status":"open","ping_status":"closed","sticky":false,"template":"","format":"standard","meta":{"colormag_page_container_layout":"default_layout","colormag_page_sidebar_layout":"default_layout","footnotes":""},"categories":[192,6],"tags":[466,842,535],"coauthors":[749],"class_list":["post-16788","post","type-post","status-publish","format-standard","has-post-thumbnail","hentry","category-loisirs","category-vie","tag-ferien","tag-freizeit","tag-vacances"],"yoast_head":"<!-- This site is optimized with the Yoast SEO plugin v27.5 - https:\/\/yoast.com\/product\/yoast-seo-wordpress\/ -->\n<title>Partir en vacances, une r\u00e9alit\u00e9 pour tous? - Cam\u00e4l\u00e9on<\/title>\n<meta name=\"description\" content=\"Vive les vacances, \u00e0 bas les p\u00e9nitences, les cahiers au feu, les profs au milieu... Euh, non! On les aime bien, nos profs (en tous cas la plupart).\" \/>\n<meta name=\"robots\" content=\"index, follow, max-snippet:-1, max-image-preview:large, max-video-preview:-1\" \/>\n<link rel=\"canonical\" href=\"https:\/\/www.camaeleon.org\/de\/2018\/06\/29\/partir-en-vacances-une-realite-pour-tous\/\" \/>\n<meta property=\"og:locale\" content=\"de_DE\" \/>\n<meta property=\"og:type\" content=\"article\" \/>\n<meta property=\"og:title\" content=\"Partir en vacances, une r\u00e9alit\u00e9 pour tous? - Cam\u00e4l\u00e9on\" \/>\n<meta property=\"og:description\" content=\"Vive les vacances, \u00e0 bas les p\u00e9nitences, les cahiers au feu, les profs au milieu... Euh, non! On les aime bien, nos profs (en tous cas la plupart).\" \/>\n<meta property=\"og:url\" content=\"https:\/\/www.camaeleon.org\/de\/2018\/06\/29\/partir-en-vacances-une-realite-pour-tous\/\" \/>\n<meta property=\"og:site_name\" content=\"Cam\u00e4l\u00e9on\" \/>\n<meta property=\"article:publisher\" content=\"https:\/\/www.facebook.com\/camaeleon.org\/\" \/>\n<meta property=\"article:published_time\" content=\"2018-06-29T13:17:34+00:00\" \/>\n<meta property=\"article:modified_time\" content=\"2020-12-23T12:15:39+00:00\" \/>\n<meta property=\"og:image\" content=\"https:\/\/www.camaeleon.org\/wp-content\/uploads\/2018\/06\/luggage-1149289_1920.jpg\" \/>\n\t<meta property=\"og:image:width\" content=\"1000\" \/>\n\t<meta property=\"og:image:height\" content=\"667\" \/>\n\t<meta property=\"og:image:type\" content=\"image\/jpeg\" \/>\n<meta name=\"author\" content=\"L\u00e9o Rohr\" \/>\n<meta name=\"twitter:card\" content=\"summary_large_image\" \/>\n<meta name=\"twitter:creator\" content=\"@camaeleonOrg\" \/>\n<meta name=\"twitter:site\" content=\"@camaeleonOrg\" \/>\n<script type=\"application\/ld+json\" class=\"yoast-schema-graph\">{\"@context\":\"https:\\\/\\\/schema.org\",\"@graph\":[{\"@type\":\"Article\",\"@id\":\"https:\\\/\\\/www.camaeleon.org\\\/de\\\/2018\\\/06\\\/29\\\/partir-en-vacances-une-realite-pour-tous\\\/#article\",\"isPartOf\":{\"@id\":\"https:\\\/\\\/www.camaeleon.org\\\/de\\\/2018\\\/06\\\/29\\\/partir-en-vacances-une-realite-pour-tous\\\/\"},\"author\":{\"name\":\"L\u00e9o Rohr\",\"@id\":\"https:\\\/\\\/www.camaeleon.org\\\/de\\\/#\\\/schema\\\/person\\\/a8296d4167c3cb5a10c2d18373dde8f8\"},\"headline\":\"Partir en vacances, une r\u00e9alit\u00e9 pour tous?\",\"datePublished\":\"2018-06-29T13:17:34+00:00\",\"dateModified\":\"2020-12-23T12:15:39+00:00\",\"mainEntityOfPage\":{\"@id\":\"https:\\\/\\\/www.camaeleon.org\\\/de\\\/2018\\\/06\\\/29\\\/partir-en-vacances-une-realite-pour-tous\\\/\"},\"wordCount\":203,\"commentCount\":0,\"publisher\":{\"@id\":\"https:\\\/\\\/www.camaeleon.org\\\/de\\\/#organization\"},\"image\":{\"@id\":\"https:\\\/\\\/www.camaeleon.org\\\/de\\\/2018\\\/06\\\/29\\\/partir-en-vacances-une-realite-pour-tous\\\/#primaryimage\"},\"thumbnailUrl\":\"https:\\\/\\\/www.camaeleon.org\\\/wp-content\\\/uploads\\\/2018\\\/06\\\/luggage-1149289_1920.jpg\",\"keywords\":[\"Ferien\",\"Freizeit\",\"Vacances\"],\"articleSection\":[\"Freizeit\",\"Leben\"],\"inLanguage\":\"de\",\"potentialAction\":[{\"@type\":\"CommentAction\",\"name\":\"Comment\",\"target\":[\"https:\\\/\\\/www.camaeleon.org\\\/de\\\/2018\\\/06\\\/29\\\/partir-en-vacances-une-realite-pour-tous\\\/#respond\"]}]},{\"@type\":\"WebPage\",\"@id\":\"https:\\\/\\\/www.camaeleon.org\\\/de\\\/2018\\\/06\\\/29\\\/partir-en-vacances-une-realite-pour-tous\\\/\",\"url\":\"https:\\\/\\\/www.camaeleon.org\\\/de\\\/2018\\\/06\\\/29\\\/partir-en-vacances-une-realite-pour-tous\\\/\",\"name\":\"Partir en vacances, une r\u00e9alit\u00e9 pour tous? - Cam\u00e4l\u00e9on\",\"isPartOf\":{\"@id\":\"https:\\\/\\\/www.camaeleon.org\\\/de\\\/#website\"},\"primaryImageOfPage\":{\"@id\":\"https:\\\/\\\/www.camaeleon.org\\\/de\\\/2018\\\/06\\\/29\\\/partir-en-vacances-une-realite-pour-tous\\\/#primaryimage\"},\"image\":{\"@id\":\"https:\\\/\\\/www.camaeleon.org\\\/de\\\/2018\\\/06\\\/29\\\/partir-en-vacances-une-realite-pour-tous\\\/#primaryimage\"},\"thumbnailUrl\":\"https:\\\/\\\/www.camaeleon.org\\\/wp-content\\\/uploads\\\/2018\\\/06\\\/luggage-1149289_1920.jpg\",\"datePublished\":\"2018-06-29T13:17:34+00:00\",\"dateModified\":\"2020-12-23T12:15:39+00:00\",\"description\":\"Vive les vacances, \u00e0 bas les p\u00e9nitences, les cahiers au feu, les profs au milieu... Euh, non! On les aime bien, nos profs (en tous cas la plupart).\",\"breadcrumb\":{\"@id\":\"https:\\\/\\\/www.camaeleon.org\\\/de\\\/2018\\\/06\\\/29\\\/partir-en-vacances-une-realite-pour-tous\\\/#breadcrumb\"},\"inLanguage\":\"de\",\"potentialAction\":[{\"@type\":\"ReadAction\",\"target\":[[\"https:\\\/\\\/www.camaeleon.org\\\/de\\\/2018\\\/06\\\/29\\\/partir-en-vacances-une-realite-pour-tous\\\/\"]]}]},{\"@type\":\"ImageObject\",\"inLanguage\":\"de\",\"@id\":\"https:\\\/\\\/www.camaeleon.org\\\/de\\\/2018\\\/06\\\/29\\\/partir-en-vacances-une-realite-pour-tous\\\/#primaryimage\",\"url\":\"https:\\\/\\\/www.camaeleon.org\\\/wp-content\\\/uploads\\\/2018\\\/06\\\/luggage-1149289_1920.jpg\",\"contentUrl\":\"https:\\\/\\\/www.camaeleon.org\\\/wp-content\\\/uploads\\\/2018\\\/06\\\/luggage-1149289_1920.jpg\",\"width\":1000,\"height\":667},{\"@type\":\"BreadcrumbList\",\"@id\":\"https:\\\/\\\/www.camaeleon.org\\\/de\\\/2018\\\/06\\\/29\\\/partir-en-vacances-une-realite-pour-tous\\\/#breadcrumb\",\"itemListElement\":[{\"@type\":\"ListItem\",\"position\":1,\"name\":\"Home\",\"item\":\"https:\\\/\\\/www.camaeleon.org\\\/de\\\/\"},{\"@type\":\"ListItem\",\"position\":2,\"name\":\"Partir en vacances, une r\u00e9alit\u00e9 pour tous?\"}]},{\"@type\":\"WebSite\",\"@id\":\"https:\\\/\\\/www.camaeleon.org\\\/de\\\/#website\",\"url\":\"https:\\\/\\\/www.camaeleon.org\\\/de\\\/\",\"name\":\"Cam\u00e4l\u00e9on\",\"description\":\"Das Sch\u00fclermagazin des Deutsch-Franz\u00f6sischen Gymnasiums Saarbr\u00fccken\",\"publisher\":{\"@id\":\"https:\\\/\\\/www.camaeleon.org\\\/de\\\/#organization\"},\"potentialAction\":[{\"@type\":\"SearchAction\",\"target\":{\"@type\":\"EntryPoint\",\"urlTemplate\":\"https:\\\/\\\/www.camaeleon.org\\\/de\\\/?s={search_term_string}\"},\"query-input\":{\"@type\":\"PropertyValueSpecification\",\"valueRequired\":true,\"valueName\":\"search_term_string\"}}],\"inLanguage\":\"de\"},{\"@type\":\"Organization\",\"@id\":\"https:\\\/\\\/www.camaeleon.org\\\/de\\\/#organization\",\"name\":\"Cam\u00e4l\u00e9on\",\"url\":\"https:\\\/\\\/www.camaeleon.org\\\/de\\\/\",\"logo\":{\"@type\":\"ImageObject\",\"inLanguage\":\"de\",\"@id\":\"https:\\\/\\\/www.camaeleon.org\\\/de\\\/#\\\/schema\\\/logo\\\/image\\\/\",\"url\":\"https:\\\/\\\/www.camaeleon.org\\\/wp-content\\\/uploads\\\/2011\\\/11\\\/CAM\u00c4LEON.jpg\",\"contentUrl\":\"https:\\\/\\\/www.camaeleon.org\\\/wp-content\\\/uploads\\\/2011\\\/11\\\/CAM\u00c4LEON.jpg\",\"width\":959,\"height\":959,\"caption\":\"Cam\u00e4l\u00e9on\"},\"image\":{\"@id\":\"https:\\\/\\\/www.camaeleon.org\\\/de\\\/#\\\/schema\\\/logo\\\/image\\\/\"},\"sameAs\":[\"https:\\\/\\\/www.facebook.com\\\/camaeleon.org\\\/\",\"https:\\\/\\\/x.com\\\/camaeleonOrg\",\"https:\\\/\\\/www.instagram.com\\\/camaeleon.dfg\\\/\",\"https:\\\/\\\/www.youtube.com\\\/channel\\\/UCl3TAUDdGuu_c7CD6ax6hYg\"]},{\"@type\":\"Person\",\"@id\":\"https:\\\/\\\/www.camaeleon.org\\\/de\\\/#\\\/schema\\\/person\\\/a8296d4167c3cb5a10c2d18373dde8f8\",\"name\":\"L\u00e9o Rohr\",\"image\":{\"@type\":\"ImageObject\",\"inLanguage\":\"de\",\"@id\":\"https:\\\/\\\/www.camaeleon.org\\\/de\\\/wp-content\\\/uploads\\\/2011\\\/07\\\/leo-120x120.jpg23bbff77f853cfd5d448b2e2ac7a88d4\",\"url\":\"https:\\\/\\\/www.camaeleon.org\\\/wp-content\\\/uploads\\\/2011\\\/07\\\/leo-120x120.jpg\",\"contentUrl\":\"https:\\\/\\\/www.camaeleon.org\\\/wp-content\\\/uploads\\\/2011\\\/07\\\/leo-120x120.jpg\",\"caption\":\"L\u00e9o Rohr\"},\"url\":\"https:\\\/\\\/www.camaeleon.org\\\/de\\\/author\\\/leo-rohr\\\/\"}]}<\/script>\n<!-- \/ Yoast SEO plugin. -->","yoast_head_json":{"title":"Partir en vacances, une r\u00e9alit\u00e9 pour tous? - Cam\u00e4l\u00e9on","description":"Vive les vacances, \u00e0 bas les p\u00e9nitences, les cahiers au feu, les profs au milieu... Euh, non! On les aime bien, nos profs (en tous cas la plupart).","robots":{"index":"index","follow":"follow","max-snippet":"max-snippet:-1","max-image-preview":"max-image-preview:large","max-video-preview":"max-video-preview:-1"},"canonical":"https:\/\/www.camaeleon.org\/de\/2018\/06\/29\/partir-en-vacances-une-realite-pour-tous\/","og_locale":"de_DE","og_type":"article","og_title":"Partir en vacances, une r\u00e9alit\u00e9 pour tous? - Cam\u00e4l\u00e9on","og_description":"Vive les vacances, \u00e0 bas les p\u00e9nitences, les cahiers au feu, les profs au milieu... Euh, non! On les aime bien, nos profs (en tous cas la plupart).","og_url":"https:\/\/www.camaeleon.org\/de\/2018\/06\/29\/partir-en-vacances-une-realite-pour-tous\/","og_site_name":"Cam\u00e4l\u00e9on","article_publisher":"https:\/\/www.facebook.com\/camaeleon.org\/","article_published_time":"2018-06-29T13:17:34+00:00","article_modified_time":"2020-12-23T12:15:39+00:00","og_image":[{"width":1000,"height":667,"url":"https:\/\/www.camaeleon.org\/wp-content\/uploads\/2018\/06\/luggage-1149289_1920.jpg","type":"image\/jpeg"}],"author":"L\u00e9o Rohr","twitter_card":"summary_large_image","twitter_creator":"@camaeleonOrg","twitter_site":"@camaeleonOrg","schema":{"@context":"https:\/\/schema.org","@graph":[{"@type":"Article","@id":"https:\/\/www.camaeleon.org\/de\/2018\/06\/29\/partir-en-vacances-une-realite-pour-tous\/#article","isPartOf":{"@id":"https:\/\/www.camaeleon.org\/de\/2018\/06\/29\/partir-en-vacances-une-realite-pour-tous\/"},"author":{"name":"L\u00e9o Rohr","@id":"https:\/\/www.camaeleon.org\/de\/#\/schema\/person\/a8296d4167c3cb5a10c2d18373dde8f8"},"headline":"Partir en vacances, une r\u00e9alit\u00e9 pour tous?","datePublished":"2018-06-29T13:17:34+00:00","dateModified":"2020-12-23T12:15:39+00:00","mainEntityOfPage":{"@id":"https:\/\/www.camaeleon.org\/de\/2018\/06\/29\/partir-en-vacances-une-realite-pour-tous\/"},"wordCount":203,"commentCount":0,"publisher":{"@id":"https:\/\/www.camaeleon.org\/de\/#organization"},"image":{"@id":"https:\/\/www.camaeleon.org\/de\/2018\/06\/29\/partir-en-vacances-une-realite-pour-tous\/#primaryimage"},"thumbnailUrl":"https:\/\/www.camaeleon.org\/wp-content\/uploads\/2018\/06\/luggage-1149289_1920.jpg","keywords":["Ferien","Freizeit","Vacances"],"articleSection":["Freizeit","Leben"],"inLanguage":"de","potentialAction":[{"@type":"CommentAction","name":"Comment","target":["https:\/\/www.camaeleon.org\/de\/2018\/06\/29\/partir-en-vacances-une-realite-pour-tous\/#respond"]}]},{"@type":"WebPage","@id":"https:\/\/www.camaeleon.org\/de\/2018\/06\/29\/partir-en-vacances-une-realite-pour-tous\/","url":"https:\/\/www.camaeleon.org\/de\/2018\/06\/29\/partir-en-vacances-une-realite-pour-tous\/","name":"Partir en vacances, une r\u00e9alit\u00e9 pour tous? - Cam\u00e4l\u00e9on","isPartOf":{"@id":"https:\/\/www.camaeleon.org\/de\/#website"},"primaryImageOfPage":{"@id":"https:\/\/www.camaeleon.org\/de\/2018\/06\/29\/partir-en-vacances-une-realite-pour-tous\/#primaryimage"},"image":{"@id":"https:\/\/www.camaeleon.org\/de\/2018\/06\/29\/partir-en-vacances-une-realite-pour-tous\/#primaryimage"},"thumbnailUrl":"https:\/\/www.camaeleon.org\/wp-content\/uploads\/2018\/06\/luggage-1149289_1920.jpg","datePublished":"2018-06-29T13:17:34+00:00","dateModified":"2020-12-23T12:15:39+00:00","description":"Vive les vacances, \u00e0 bas les p\u00e9nitences, les cahiers au feu, les profs au milieu... Euh, non! On les aime bien, nos profs (en tous cas la plupart).","breadcrumb":{"@id":"https:\/\/www.camaeleon.org\/de\/2018\/06\/29\/partir-en-vacances-une-realite-pour-tous\/#breadcrumb"},"inLanguage":"de","potentialAction":[{"@type":"ReadAction","target":[["https:\/\/www.camaeleon.org\/de\/2018\/06\/29\/partir-en-vacances-une-realite-pour-tous\/"]]}]},{"@type":"ImageObject","inLanguage":"de","@id":"https:\/\/www.camaeleon.org\/de\/2018\/06\/29\/partir-en-vacances-une-realite-pour-tous\/#primaryimage","url":"https:\/\/www.camaeleon.org\/wp-content\/uploads\/2018\/06\/luggage-1149289_1920.jpg","contentUrl":"https:\/\/www.camaeleon.org\/wp-content\/uploads\/2018\/06\/luggage-1149289_1920.jpg","width":1000,"height":667},{"@type":"BreadcrumbList","@id":"https:\/\/www.camaeleon.org\/de\/2018\/06\/29\/partir-en-vacances-une-realite-pour-tous\/#breadcrumb","itemListElement":[{"@type":"ListItem","position":1,"name":"Home","item":"https:\/\/www.camaeleon.org\/de\/"},{"@type":"ListItem","position":2,"name":"Partir en vacances, une r\u00e9alit\u00e9 pour tous?"}]},{"@type":"WebSite","@id":"https:\/\/www.camaeleon.org\/de\/#website","url":"https:\/\/www.camaeleon.org\/de\/","name":"Cam\u00e4l\u00e9on","description":"Das Sch\u00fclermagazin des Deutsch-Franz\u00f6sischen Gymnasiums Saarbr\u00fccken","publisher":{"@id":"https:\/\/www.camaeleon.org\/de\/#organization"},"potentialAction":[{"@type":"SearchAction","target":{"@type":"EntryPoint","urlTemplate":"https:\/\/www.camaeleon.org\/de\/?s={search_term_string}"},"query-input":{"@type":"PropertyValueSpecification","valueRequired":true,"valueName":"search_term_string"}}],"inLanguage":"de"},{"@type":"Organization","@id":"https:\/\/www.camaeleon.org\/de\/#organization","name":"Cam\u00e4l\u00e9on","url":"https:\/\/www.camaeleon.org\/de\/","logo":{"@type":"ImageObject","inLanguage":"de","@id":"https:\/\/www.camaeleon.org\/de\/#\/schema\/logo\/image\/","url":"https:\/\/www.camaeleon.org\/wp-content\/uploads\/2011\/11\/CAM\u00c4LEON.jpg","contentUrl":"https:\/\/www.camaeleon.org\/wp-content\/uploads\/2011\/11\/CAM\u00c4LEON.jpg","width":959,"height":959,"caption":"Cam\u00e4l\u00e9on"},"image":{"@id":"https:\/\/www.camaeleon.org\/de\/#\/schema\/logo\/image\/"},"sameAs":["https:\/\/www.facebook.com\/camaeleon.org\/","https:\/\/x.com\/camaeleonOrg","https:\/\/www.instagram.com\/camaeleon.dfg\/","https:\/\/www.youtube.com\/channel\/UCl3TAUDdGuu_c7CD6ax6hYg"]},{"@type":"Person","@id":"https:\/\/www.camaeleon.org\/de\/#\/schema\/person\/a8296d4167c3cb5a10c2d18373dde8f8","name":"L\u00e9o Rohr","image":{"@type":"ImageObject","inLanguage":"de","@id":"https:\/\/www.camaeleon.org\/de\/wp-content\/uploads\/2011\/07\/leo-120x120.jpg23bbff77f853cfd5d448b2e2ac7a88d4","url":"https:\/\/www.camaeleon.org\/wp-content\/uploads\/2011\/07\/leo-120x120.jpg","contentUrl":"https:\/\/www.camaeleon.org\/wp-content\/uploads\/2011\/07\/leo-120x120.jpg","caption":"L\u00e9o Rohr"},"url":"https:\/\/www.camaeleon.org\/de\/author\/leo-rohr\/"}]}},"_links":{"self":[{"href":"https:\/\/www.camaeleon.org\/de\/wp-json\/wp\/v2\/posts\/16788","targetHints":{"allow":["GET"]}}],"collection":[{"href":"https:\/\/www.camaeleon.org\/de\/wp-json\/wp\/v2\/posts"}],"about":[{"href":"https:\/\/www.camaeleon.org\/de\/wp-json\/wp\/v2\/types\/post"}],"author":[{"embeddable":true,"href":"https:\/\/www.camaeleon.org\/de\/wp-json\/wp\/v2\/users\/123"}],"replies":[{"embeddable":true,"href":"https:\/\/www.camaeleon.org\/de\/wp-json\/wp\/v2\/comments?post=16788"}],"version-history":[{"count":0,"href":"https:\/\/www.camaeleon.org\/de\/wp-json\/wp\/v2\/posts\/16788\/revisions"}],"wp:featuredmedia":[{"embeddable":true,"href":"https:\/\/www.camaeleon.org\/de\/wp-json\/wp\/v2\/media\/16805"}],"wp:attachment":[{"href":"https:\/\/www.camaeleon.org\/de\/wp-json\/wp\/v2\/media?parent=16788"}],"wp:term":[{"taxonomy":"category","embeddable":true,"href":"https:\/\/www.camaeleon.org\/de\/wp-json\/wp\/v2\/categories?post=16788"},{"taxonomy":"post_tag","embeddable":true,"href":"https:\/\/www.camaeleon.org\/de\/wp-json\/wp\/v2\/tags?post=16788"},{"taxonomy":"author","embeddable":true,"href":"https:\/\/www.camaeleon.org\/de\/wp-json\/wp\/v2\/coauthors?post=16788"}],"curies":[{"name":"wp","href":"https:\/\/api.w.org\/{rel}","templated":true}]}}