{"id":16754,"date":"2018-06-29T12:46:43","date_gmt":"2018-06-29T10:46:43","guid":{"rendered":"https:\/\/www.camaeleon.org\/?p=16754"},"modified":"2020-12-23T13:17:16","modified_gmt":"2020-12-23T12:17:16","slug":"materiel-scolaire-cest-la-galere","status":"publish","type":"post","link":"https:\/\/www.camaeleon.org\/de\/2018\/06\/29\/materiel-scolaire-cest-la-galere\/","title":{"rendered":"Mat\u00e9riel scolaire, c&#8217;est la gal\u00e8re!"},"content":{"rendered":"<figure id=\"attachment_16773\" aria-describedby=\"caption-attachment-16773\" style=\"width: 300px\" class=\"wp-caption alignleft\"><a href=\"https:\/\/www.camaeleon.org\/2018\/06\/29\/materiel-scolaire-cest-la-galere\/school-supplies-1582083_1920\/\" rel=\"attachment wp-att-16773\"><img loading=\"lazy\" decoding=\"async\" class=\"size-medium wp-image-16773\" src=\"https:\/\/www.camaeleon.org\/wp-content\/uploads\/2018\/06\/school-supplies-1582083_1920-300x233.jpg\" alt=\"\" width=\"300\" height=\"233\" srcset=\"https:\/\/www.camaeleon.org\/wp-content\/uploads\/2018\/06\/school-supplies-1582083_1920-300x233.jpg 300w, https:\/\/www.camaeleon.org\/wp-content\/uploads\/2018\/06\/school-supplies-1582083_1920-771x600.jpg 771w, https:\/\/www.camaeleon.org\/wp-content\/uploads\/2018\/06\/school-supplies-1582083_1920.jpg 1000w\" sizes=\"auto, (max-width: 300px) 100vw, 300px\" \/><\/a><figcaption id=\"caption-attachment-16773\" class=\"wp-caption-text\">Mat\u00e9riel scolaire (source: Pixabay)<\/figcaption><\/figure>\n<p>\u00c7a y est, les vacances d\u2019\u00e9t\u00e9 sont presque l\u00e0. A nous la plage, le repos, le soleil et le barbecue\u00a0! Mais la rentr\u00e9e arrivera bien assez t\u00f4t, et comme d\u2019habitude, \u00e7a va faire mal\u2026 Pourquoi\u00a0? Parce que je n\u2019aurai pas de liste de mat\u00e9riel pendant les vacances pour pouvoir tout acheter \u00e0 l\u2019avance dans le calme et la s\u00e9r\u00e9nit\u00e9. Le r\u00e9sultat\u00a0: je vais devoir courir d\u00b4un magasin \u00e0 l\u00b4autre pour r\u00e9pondre aux demandes exigeantes des professeurs.<\/p>\n<p>Grands cahiers \u00e0 carreaux fran\u00e7ais, copies doubles, compas, stylos, cahiers \u00e0 lignes&#8230; je dois maintenant aller en France ET en Allemagne\u00a0! Non mais, ils ne pouvaient pas se contenter d\u00b4un simple cahier \u00e0 petits carreaux et d\u00b4un stylo bleu\u00a0? \u00c7a, au moins, on en trouve partout, et en plus ce n\u00b4est pas cher car oui, le mat\u00e9riel scolaire a un certain prix.<\/p>\n<p>Mais le pire, c&#8217;est de ne pas pouvoir anticiper. Dommage que je ne sois plus en 6<sup>\u00e8me<\/sup> , car les nouveaux \u00e9l\u00e8ves du coll\u00e8ge re\u00e7oivent, eux, une liste avant la rentr\u00e9e, et ont la possibilit\u00e9 d`acheter les fournitures scolaires pendant les grandes vacances, et n\u00b4ont donc pas ce probl\u00e8me d\u00b4organisation en d\u00e9but d\u00b4ann\u00e9e.<\/p>\n<p>Personnellement, j\u00b4aime bien acheter les fournitures scolaires, \u00e7a donne toujours l\u2019impression d\u2019un nouveau d\u00e9but, de partir sur de nouvelles bases. Mais le faire dans le stress entra\u00eene beaucoup de probl\u00e8mes. Qu\u2019en pensent les autres \u00e9l\u00e8ves\u00a0?<\/p>\n<p>La majorit\u00e9 d\u00b4entre eux n\u00b4aiment pas courir d\u00b4un magasin \u00e0 l\u00b4autre, car la rentr\u00e9e c\u00b4est fatiguant et pour un d\u00e9but d\u00b4ann\u00e9e, ce n\u00b4est pas l\u2019id\u00e9al. D\u00b4autres ne trouvent pas \u00e7a d\u00e9rangeant, car de toutes fa\u00e7ons, ils n\u00b4aiment pas acheter le mat\u00e9riel, alors que ce soit pendant les vacances ou apr\u00e8s, peu leur importe.<\/p>\n<p>Pour r\u00e9gler le probl\u00e8me, il faudrait \u00e9ventuellement s\u2019adresser aux repr\u00e9sentants des \u00e9l\u00e8ves (SV) pour le demander s\u2019ils pourraient discuter avec la direction, et demander d\u2019envoyer les listes de mat\u00e9riel \u00e0 toutes les classes, avant ou pendant les vacances.<\/p>\n<p>Bon, ce n\u00b4est pas tout \u00e7a, mais j\u00b4ai des vacances \u00e0 prendre. Bel \u00e9t\u00e9 \u00e0 tous, et \u00e0 bient\u00f4t sur Cam\u00e4l\u00e9on\u00a0!<\/p>\n","protected":false},"excerpt":{"rendered":"<p>\u00c7a y est, les vacances d\u2019\u00e9t\u00e9 sont presque l\u00e0. A nous la plage, le repos, le soleil et le barbecue\u00a0! Mais la rentr\u00e9e arrivera bien<\/p>\n","protected":false},"author":123,"featured_media":16773,"comment_status":"open","ping_status":"closed","sticky":false,"template":"","format":"standard","meta":{"colormag_page_container_layout":"default_layout","colormag_page_sidebar_layout":"default_layout","footnotes":""},"categories":[3],"tags":[1338,1336,256,1337],"coauthors":[749],"class_list":["post-16754","post","type-post","status-publish","format-standard","has-post-thumbnail","hentry","category-ecole","tag-cahiers","tag-materiel-scolaire","tag-schulhefte","tag-schulsachen"],"yoast_head":"<!-- This site is optimized with the Yoast SEO plugin v27.5 - https:\/\/yoast.com\/product\/yoast-seo-wordpress\/ -->\n<title>Mat\u00e9riel scolaire, c&#039;est la gal\u00e8re! - Cam\u00e4l\u00e9on<\/title>\n<meta name=\"description\" content=\"\u00c7a y est, les vacances d\u2019\u00e9t\u00e9 sont presque l\u00e0. A nous la plage, le repos, le soleil et le barbecue ! Mais la rentr\u00e9e arrivera bien assez t\u00f4t, et \u00e7a va faire mal\u2026\" \/>\n<meta name=\"robots\" content=\"index, follow, max-snippet:-1, max-image-preview:large, max-video-preview:-1\" \/>\n<link rel=\"canonical\" href=\"https:\/\/www.camaeleon.org\/de\/2018\/06\/29\/materiel-scolaire-cest-la-galere\/\" \/>\n<meta property=\"og:locale\" content=\"de_DE\" \/>\n<meta property=\"og:type\" content=\"article\" \/>\n<meta property=\"og:title\" content=\"Mat\u00e9riel scolaire, c&#039;est la gal\u00e8re! - Cam\u00e4l\u00e9on\" \/>\n<meta property=\"og:description\" content=\"\u00c7a y est, les vacances d\u2019\u00e9t\u00e9 sont presque l\u00e0. A nous la plage, le repos, le soleil et le barbecue ! Mais la rentr\u00e9e arrivera bien assez t\u00f4t, et \u00e7a va faire mal\u2026\" \/>\n<meta property=\"og:url\" content=\"https:\/\/www.camaeleon.org\/de\/2018\/06\/29\/materiel-scolaire-cest-la-galere\/\" \/>\n<meta property=\"og:site_name\" content=\"Cam\u00e4l\u00e9on\" \/>\n<meta property=\"article:publisher\" content=\"https:\/\/www.facebook.com\/camaeleon.org\/\" \/>\n<meta property=\"article:published_time\" content=\"2018-06-29T10:46:43+00:00\" \/>\n<meta property=\"article:modified_time\" content=\"2020-12-23T12:17:16+00:00\" \/>\n<meta property=\"og:image\" content=\"https:\/\/www.camaeleon.org\/wp-content\/uploads\/2018\/06\/school-supplies-1582083_1920.jpg\" \/>\n\t<meta property=\"og:image:width\" content=\"1000\" \/>\n\t<meta property=\"og:image:height\" content=\"778\" \/>\n\t<meta property=\"og:image:type\" content=\"image\/jpeg\" \/>\n<meta name=\"author\" content=\"L\u00e9o Rohr\" \/>\n<meta name=\"twitter:card\" content=\"summary_large_image\" \/>\n<meta name=\"twitter:creator\" content=\"@camaeleonOrg\" \/>\n<meta name=\"twitter:site\" content=\"@camaeleonOrg\" \/>\n<script type=\"application\/ld+json\" class=\"yoast-schema-graph\">{\"@context\":\"https:\\\/\\\/schema.org\",\"@graph\":[{\"@type\":\"Article\",\"@id\":\"https:\\\/\\\/www.camaeleon.org\\\/de\\\/2018\\\/06\\\/29\\\/materiel-scolaire-cest-la-galere\\\/#article\",\"isPartOf\":{\"@id\":\"https:\\\/\\\/www.camaeleon.org\\\/de\\\/2018\\\/06\\\/29\\\/materiel-scolaire-cest-la-galere\\\/\"},\"author\":{\"name\":\"L\u00e9o Rohr\",\"@id\":\"https:\\\/\\\/www.camaeleon.org\\\/de\\\/#\\\/schema\\\/person\\\/a8296d4167c3cb5a10c2d18373dde8f8\"},\"headline\":\"Mat\u00e9riel scolaire, c&#8217;est la gal\u00e8re!\",\"datePublished\":\"2018-06-29T10:46:43+00:00\",\"dateModified\":\"2020-12-23T12:17:16+00:00\",\"mainEntityOfPage\":{\"@id\":\"https:\\\/\\\/www.camaeleon.org\\\/de\\\/2018\\\/06\\\/29\\\/materiel-scolaire-cest-la-galere\\\/\"},\"wordCount\":416,\"commentCount\":0,\"publisher\":{\"@id\":\"https:\\\/\\\/www.camaeleon.org\\\/de\\\/#organization\"},\"image\":{\"@id\":\"https:\\\/\\\/www.camaeleon.org\\\/de\\\/2018\\\/06\\\/29\\\/materiel-scolaire-cest-la-galere\\\/#primaryimage\"},\"thumbnailUrl\":\"https:\\\/\\\/www.camaeleon.org\\\/wp-content\\\/uploads\\\/2018\\\/06\\\/school-supplies-1582083_1920.jpg\",\"keywords\":[\"cahiers\",\"Mat\u00e9riel scolaire\",\"Schulhefte\",\"Schulsachen\"],\"articleSection\":[\"Schule\"],\"inLanguage\":\"de\",\"potentialAction\":[{\"@type\":\"CommentAction\",\"name\":\"Comment\",\"target\":[\"https:\\\/\\\/www.camaeleon.org\\\/de\\\/2018\\\/06\\\/29\\\/materiel-scolaire-cest-la-galere\\\/#respond\"]}]},{\"@type\":\"WebPage\",\"@id\":\"https:\\\/\\\/www.camaeleon.org\\\/de\\\/2018\\\/06\\\/29\\\/materiel-scolaire-cest-la-galere\\\/\",\"url\":\"https:\\\/\\\/www.camaeleon.org\\\/de\\\/2018\\\/06\\\/29\\\/materiel-scolaire-cest-la-galere\\\/\",\"name\":\"Mat\u00e9riel scolaire, c'est la gal\u00e8re! - Cam\u00e4l\u00e9on\",\"isPartOf\":{\"@id\":\"https:\\\/\\\/www.camaeleon.org\\\/de\\\/#website\"},\"primaryImageOfPage\":{\"@id\":\"https:\\\/\\\/www.camaeleon.org\\\/de\\\/2018\\\/06\\\/29\\\/materiel-scolaire-cest-la-galere\\\/#primaryimage\"},\"image\":{\"@id\":\"https:\\\/\\\/www.camaeleon.org\\\/de\\\/2018\\\/06\\\/29\\\/materiel-scolaire-cest-la-galere\\\/#primaryimage\"},\"thumbnailUrl\":\"https:\\\/\\\/www.camaeleon.org\\\/wp-content\\\/uploads\\\/2018\\\/06\\\/school-supplies-1582083_1920.jpg\",\"datePublished\":\"2018-06-29T10:46:43+00:00\",\"dateModified\":\"2020-12-23T12:17:16+00:00\",\"description\":\"\u00c7a y est, les vacances d\u2019\u00e9t\u00e9 sont presque l\u00e0. A nous la plage, le repos, le soleil et le barbecue ! Mais la rentr\u00e9e arrivera bien assez t\u00f4t, et \u00e7a va faire mal\u2026\",\"breadcrumb\":{\"@id\":\"https:\\\/\\\/www.camaeleon.org\\\/de\\\/2018\\\/06\\\/29\\\/materiel-scolaire-cest-la-galere\\\/#breadcrumb\"},\"inLanguage\":\"de\",\"potentialAction\":[{\"@type\":\"ReadAction\",\"target\":[[\"https:\\\/\\\/www.camaeleon.org\\\/de\\\/2018\\\/06\\\/29\\\/materiel-scolaire-cest-la-galere\\\/\"]]}]},{\"@type\":\"ImageObject\",\"inLanguage\":\"de\",\"@id\":\"https:\\\/\\\/www.camaeleon.org\\\/de\\\/2018\\\/06\\\/29\\\/materiel-scolaire-cest-la-galere\\\/#primaryimage\",\"url\":\"https:\\\/\\\/www.camaeleon.org\\\/wp-content\\\/uploads\\\/2018\\\/06\\\/school-supplies-1582083_1920.jpg\",\"contentUrl\":\"https:\\\/\\\/www.camaeleon.org\\\/wp-content\\\/uploads\\\/2018\\\/06\\\/school-supplies-1582083_1920.jpg\",\"width\":1000,\"height\":778,\"caption\":\"Mat\u00e9riel scolaire (source: Pixabay)\"},{\"@type\":\"BreadcrumbList\",\"@id\":\"https:\\\/\\\/www.camaeleon.org\\\/de\\\/2018\\\/06\\\/29\\\/materiel-scolaire-cest-la-galere\\\/#breadcrumb\",\"itemListElement\":[{\"@type\":\"ListItem\",\"position\":1,\"name\":\"Home\",\"item\":\"https:\\\/\\\/www.camaeleon.org\\\/de\\\/\"},{\"@type\":\"ListItem\",\"position\":2,\"name\":\"Mat\u00e9riel scolaire, c&#8217;est la gal\u00e8re!\"}]},{\"@type\":\"WebSite\",\"@id\":\"https:\\\/\\\/www.camaeleon.org\\\/de\\\/#website\",\"url\":\"https:\\\/\\\/www.camaeleon.org\\\/de\\\/\",\"name\":\"Cam\u00e4l\u00e9on\",\"description\":\"Das Sch\u00fclermagazin des Deutsch-Franz\u00f6sischen Gymnasiums Saarbr\u00fccken\",\"publisher\":{\"@id\":\"https:\\\/\\\/www.camaeleon.org\\\/de\\\/#organization\"},\"potentialAction\":[{\"@type\":\"SearchAction\",\"target\":{\"@type\":\"EntryPoint\",\"urlTemplate\":\"https:\\\/\\\/www.camaeleon.org\\\/de\\\/?s={search_term_string}\"},\"query-input\":{\"@type\":\"PropertyValueSpecification\",\"valueRequired\":true,\"valueName\":\"search_term_string\"}}],\"inLanguage\":\"de\"},{\"@type\":\"Organization\",\"@id\":\"https:\\\/\\\/www.camaeleon.org\\\/de\\\/#organization\",\"name\":\"Cam\u00e4l\u00e9on\",\"url\":\"https:\\\/\\\/www.camaeleon.org\\\/de\\\/\",\"logo\":{\"@type\":\"ImageObject\",\"inLanguage\":\"de\",\"@id\":\"https:\\\/\\\/www.camaeleon.org\\\/de\\\/#\\\/schema\\\/logo\\\/image\\\/\",\"url\":\"https:\\\/\\\/www.camaeleon.org\\\/wp-content\\\/uploads\\\/2011\\\/11\\\/CAM\u00c4LEON.jpg\",\"contentUrl\":\"https:\\\/\\\/www.camaeleon.org\\\/wp-content\\\/uploads\\\/2011\\\/11\\\/CAM\u00c4LEON.jpg\",\"width\":959,\"height\":959,\"caption\":\"Cam\u00e4l\u00e9on\"},\"image\":{\"@id\":\"https:\\\/\\\/www.camaeleon.org\\\/de\\\/#\\\/schema\\\/logo\\\/image\\\/\"},\"sameAs\":[\"https:\\\/\\\/www.facebook.com\\\/camaeleon.org\\\/\",\"https:\\\/\\\/x.com\\\/camaeleonOrg\",\"https:\\\/\\\/www.instagram.com\\\/camaeleon.dfg\\\/\",\"https:\\\/\\\/www.youtube.com\\\/channel\\\/UCl3TAUDdGuu_c7CD6ax6hYg\"]},{\"@type\":\"Person\",\"@id\":\"https:\\\/\\\/www.camaeleon.org\\\/de\\\/#\\\/schema\\\/person\\\/a8296d4167c3cb5a10c2d18373dde8f8\",\"name\":\"L\u00e9o Rohr\",\"image\":{\"@type\":\"ImageObject\",\"inLanguage\":\"de\",\"@id\":\"https:\\\/\\\/www.camaeleon.org\\\/de\\\/wp-content\\\/uploads\\\/2011\\\/07\\\/leo-120x120.jpg23bbff77f853cfd5d448b2e2ac7a88d4\",\"url\":\"https:\\\/\\\/www.camaeleon.org\\\/wp-content\\\/uploads\\\/2011\\\/07\\\/leo-120x120.jpg\",\"contentUrl\":\"https:\\\/\\\/www.camaeleon.org\\\/wp-content\\\/uploads\\\/2011\\\/07\\\/leo-120x120.jpg\",\"caption\":\"L\u00e9o Rohr\"},\"url\":\"https:\\\/\\\/www.camaeleon.org\\\/de\\\/author\\\/leo-rohr\\\/\"}]}<\/script>\n<!-- \/ Yoast SEO plugin. -->","yoast_head_json":{"title":"Mat\u00e9riel scolaire, c'est la gal\u00e8re! - Cam\u00e4l\u00e9on","description":"\u00c7a y est, les vacances d\u2019\u00e9t\u00e9 sont presque l\u00e0. A nous la plage, le repos, le soleil et le barbecue ! Mais la rentr\u00e9e arrivera bien assez t\u00f4t, et \u00e7a va faire mal\u2026","robots":{"index":"index","follow":"follow","max-snippet":"max-snippet:-1","max-image-preview":"max-image-preview:large","max-video-preview":"max-video-preview:-1"},"canonical":"https:\/\/www.camaeleon.org\/de\/2018\/06\/29\/materiel-scolaire-cest-la-galere\/","og_locale":"de_DE","og_type":"article","og_title":"Mat\u00e9riel scolaire, c'est la gal\u00e8re! - Cam\u00e4l\u00e9on","og_description":"\u00c7a y est, les vacances d\u2019\u00e9t\u00e9 sont presque l\u00e0. A nous la plage, le repos, le soleil et le barbecue ! Mais la rentr\u00e9e arrivera bien assez t\u00f4t, et \u00e7a va faire mal\u2026","og_url":"https:\/\/www.camaeleon.org\/de\/2018\/06\/29\/materiel-scolaire-cest-la-galere\/","og_site_name":"Cam\u00e4l\u00e9on","article_publisher":"https:\/\/www.facebook.com\/camaeleon.org\/","article_published_time":"2018-06-29T10:46:43+00:00","article_modified_time":"2020-12-23T12:17:16+00:00","og_image":[{"width":1000,"height":778,"url":"https:\/\/www.camaeleon.org\/wp-content\/uploads\/2018\/06\/school-supplies-1582083_1920.jpg","type":"image\/jpeg"}],"author":"L\u00e9o Rohr","twitter_card":"summary_large_image","twitter_creator":"@camaeleonOrg","twitter_site":"@camaeleonOrg","schema":{"@context":"https:\/\/schema.org","@graph":[{"@type":"Article","@id":"https:\/\/www.camaeleon.org\/de\/2018\/06\/29\/materiel-scolaire-cest-la-galere\/#article","isPartOf":{"@id":"https:\/\/www.camaeleon.org\/de\/2018\/06\/29\/materiel-scolaire-cest-la-galere\/"},"author":{"name":"L\u00e9o Rohr","@id":"https:\/\/www.camaeleon.org\/de\/#\/schema\/person\/a8296d4167c3cb5a10c2d18373dde8f8"},"headline":"Mat\u00e9riel scolaire, c&#8217;est la gal\u00e8re!","datePublished":"2018-06-29T10:46:43+00:00","dateModified":"2020-12-23T12:17:16+00:00","mainEntityOfPage":{"@id":"https:\/\/www.camaeleon.org\/de\/2018\/06\/29\/materiel-scolaire-cest-la-galere\/"},"wordCount":416,"commentCount":0,"publisher":{"@id":"https:\/\/www.camaeleon.org\/de\/#organization"},"image":{"@id":"https:\/\/www.camaeleon.org\/de\/2018\/06\/29\/materiel-scolaire-cest-la-galere\/#primaryimage"},"thumbnailUrl":"https:\/\/www.camaeleon.org\/wp-content\/uploads\/2018\/06\/school-supplies-1582083_1920.jpg","keywords":["cahiers","Mat\u00e9riel scolaire","Schulhefte","Schulsachen"],"articleSection":["Schule"],"inLanguage":"de","potentialAction":[{"@type":"CommentAction","name":"Comment","target":["https:\/\/www.camaeleon.org\/de\/2018\/06\/29\/materiel-scolaire-cest-la-galere\/#respond"]}]},{"@type":"WebPage","@id":"https:\/\/www.camaeleon.org\/de\/2018\/06\/29\/materiel-scolaire-cest-la-galere\/","url":"https:\/\/www.camaeleon.org\/de\/2018\/06\/29\/materiel-scolaire-cest-la-galere\/","name":"Mat\u00e9riel scolaire, c'est la gal\u00e8re! - Cam\u00e4l\u00e9on","isPartOf":{"@id":"https:\/\/www.camaeleon.org\/de\/#website"},"primaryImageOfPage":{"@id":"https:\/\/www.camaeleon.org\/de\/2018\/06\/29\/materiel-scolaire-cest-la-galere\/#primaryimage"},"image":{"@id":"https:\/\/www.camaeleon.org\/de\/2018\/06\/29\/materiel-scolaire-cest-la-galere\/#primaryimage"},"thumbnailUrl":"https:\/\/www.camaeleon.org\/wp-content\/uploads\/2018\/06\/school-supplies-1582083_1920.jpg","datePublished":"2018-06-29T10:46:43+00:00","dateModified":"2020-12-23T12:17:16+00:00","description":"\u00c7a y est, les vacances d\u2019\u00e9t\u00e9 sont presque l\u00e0. A nous la plage, le repos, le soleil et le barbecue ! Mais la rentr\u00e9e arrivera bien assez t\u00f4t, et \u00e7a va faire mal\u2026","breadcrumb":{"@id":"https:\/\/www.camaeleon.org\/de\/2018\/06\/29\/materiel-scolaire-cest-la-galere\/#breadcrumb"},"inLanguage":"de","potentialAction":[{"@type":"ReadAction","target":[["https:\/\/www.camaeleon.org\/de\/2018\/06\/29\/materiel-scolaire-cest-la-galere\/"]]}]},{"@type":"ImageObject","inLanguage":"de","@id":"https:\/\/www.camaeleon.org\/de\/2018\/06\/29\/materiel-scolaire-cest-la-galere\/#primaryimage","url":"https:\/\/www.camaeleon.org\/wp-content\/uploads\/2018\/06\/school-supplies-1582083_1920.jpg","contentUrl":"https:\/\/www.camaeleon.org\/wp-content\/uploads\/2018\/06\/school-supplies-1582083_1920.jpg","width":1000,"height":778,"caption":"Mat\u00e9riel scolaire (source: Pixabay)"},{"@type":"BreadcrumbList","@id":"https:\/\/www.camaeleon.org\/de\/2018\/06\/29\/materiel-scolaire-cest-la-galere\/#breadcrumb","itemListElement":[{"@type":"ListItem","position":1,"name":"Home","item":"https:\/\/www.camaeleon.org\/de\/"},{"@type":"ListItem","position":2,"name":"Mat\u00e9riel scolaire, c&#8217;est la gal\u00e8re!"}]},{"@type":"WebSite","@id":"https:\/\/www.camaeleon.org\/de\/#website","url":"https:\/\/www.camaeleon.org\/de\/","name":"Cam\u00e4l\u00e9on","description":"Das Sch\u00fclermagazin des Deutsch-Franz\u00f6sischen Gymnasiums Saarbr\u00fccken","publisher":{"@id":"https:\/\/www.camaeleon.org\/de\/#organization"},"potentialAction":[{"@type":"SearchAction","target":{"@type":"EntryPoint","urlTemplate":"https:\/\/www.camaeleon.org\/de\/?s={search_term_string}"},"query-input":{"@type":"PropertyValueSpecification","valueRequired":true,"valueName":"search_term_string"}}],"inLanguage":"de"},{"@type":"Organization","@id":"https:\/\/www.camaeleon.org\/de\/#organization","name":"Cam\u00e4l\u00e9on","url":"https:\/\/www.camaeleon.org\/de\/","logo":{"@type":"ImageObject","inLanguage":"de","@id":"https:\/\/www.camaeleon.org\/de\/#\/schema\/logo\/image\/","url":"https:\/\/www.camaeleon.org\/wp-content\/uploads\/2011\/11\/CAM\u00c4LEON.jpg","contentUrl":"https:\/\/www.camaeleon.org\/wp-content\/uploads\/2011\/11\/CAM\u00c4LEON.jpg","width":959,"height":959,"caption":"Cam\u00e4l\u00e9on"},"image":{"@id":"https:\/\/www.camaeleon.org\/de\/#\/schema\/logo\/image\/"},"sameAs":["https:\/\/www.facebook.com\/camaeleon.org\/","https:\/\/x.com\/camaeleonOrg","https:\/\/www.instagram.com\/camaeleon.dfg\/","https:\/\/www.youtube.com\/channel\/UCl3TAUDdGuu_c7CD6ax6hYg"]},{"@type":"Person","@id":"https:\/\/www.camaeleon.org\/de\/#\/schema\/person\/a8296d4167c3cb5a10c2d18373dde8f8","name":"L\u00e9o Rohr","image":{"@type":"ImageObject","inLanguage":"de","@id":"https:\/\/www.camaeleon.org\/de\/wp-content\/uploads\/2011\/07\/leo-120x120.jpg23bbff77f853cfd5d448b2e2ac7a88d4","url":"https:\/\/www.camaeleon.org\/wp-content\/uploads\/2011\/07\/leo-120x120.jpg","contentUrl":"https:\/\/www.camaeleon.org\/wp-content\/uploads\/2011\/07\/leo-120x120.jpg","caption":"L\u00e9o Rohr"},"url":"https:\/\/www.camaeleon.org\/de\/author\/leo-rohr\/"}]}},"_links":{"self":[{"href":"https:\/\/www.camaeleon.org\/de\/wp-json\/wp\/v2\/posts\/16754","targetHints":{"allow":["GET"]}}],"collection":[{"href":"https:\/\/www.camaeleon.org\/de\/wp-json\/wp\/v2\/posts"}],"about":[{"href":"https:\/\/www.camaeleon.org\/de\/wp-json\/wp\/v2\/types\/post"}],"author":[{"embeddable":true,"href":"https:\/\/www.camaeleon.org\/de\/wp-json\/wp\/v2\/users\/123"}],"replies":[{"embeddable":true,"href":"https:\/\/www.camaeleon.org\/de\/wp-json\/wp\/v2\/comments?post=16754"}],"version-history":[{"count":0,"href":"https:\/\/www.camaeleon.org\/de\/wp-json\/wp\/v2\/posts\/16754\/revisions"}],"wp:featuredmedia":[{"embeddable":true,"href":"https:\/\/www.camaeleon.org\/de\/wp-json\/wp\/v2\/media\/16773"}],"wp:attachment":[{"href":"https:\/\/www.camaeleon.org\/de\/wp-json\/wp\/v2\/media?parent=16754"}],"wp:term":[{"taxonomy":"category","embeddable":true,"href":"https:\/\/www.camaeleon.org\/de\/wp-json\/wp\/v2\/categories?post=16754"},{"taxonomy":"post_tag","embeddable":true,"href":"https:\/\/www.camaeleon.org\/de\/wp-json\/wp\/v2\/tags?post=16754"},{"taxonomy":"author","embeddable":true,"href":"https:\/\/www.camaeleon.org\/de\/wp-json\/wp\/v2\/coauthors?post=16754"}],"curies":[{"name":"wp","href":"https:\/\/api.w.org\/{rel}","templated":true}]}}