{"id":14948,"date":"2017-04-05T12:00:57","date_gmt":"2017-04-05T10:00:57","guid":{"rendered":"http:\/\/www.camaeleon.org\/?p=14948"},"modified":"2020-12-23T13:37:00","modified_gmt":"2020-12-23T12:37:00","slug":"zukunft-als-journalist-praktikum-bei-ud","status":"publish","type":"post","link":"https:\/\/www.camaeleon.org\/de\/2017\/04\/05\/zukunft-als-journalist-praktikum-bei-ud\/","title":{"rendered":"Zukunft als Journalist? &#8211; Praktikum bei 103.7 UnserDing"},"content":{"rendered":"<p><figure id=\"attachment_14960\" aria-describedby=\"caption-attachment-14960\" style=\"width: 456px\" class=\"wp-caption alignright\"><img loading=\"lazy\" decoding=\"async\" class=\"wp-image-14960\" src=\"https:\/\/www.camaeleon.org\/wp-content\/uploads\/2017\/04\/radio-1475055_1920-1-300x200.jpg\" alt=\"\" width=\"456\" height=\"305\" srcset=\"https:\/\/www.camaeleon.org\/wp-content\/uploads\/2017\/04\/radio-1475055_1920-1-300x200.jpg 300w, https:\/\/www.camaeleon.org\/wp-content\/uploads\/2017\/04\/radio-1475055_1920-1-880x587.jpg 880w, https:\/\/www.camaeleon.org\/wp-content\/uploads\/2017\/04\/radio-1475055_1920-1-1536x1024.jpg 1536w, https:\/\/www.camaeleon.org\/wp-content\/uploads\/2017\/04\/radio-1475055_1920-1.jpg 1920w\" sizes=\"auto, (max-width: 456px) 100vw, 456px\" \/><figcaption id=\"caption-attachment-14960\" class=\"wp-caption-text\">Foto: goszka \/ pixabay.com (bearbeitet)<\/figcaption><\/figure><\/p>\n<p>Vielleicht habt ihr Lust sp\u00e4ter beruflich in den Journalismus einzusteigen. Ob das Berufsbild zu einem passt, findet man am besten durch ein Praktikum heraus. Cam\u00e4l\u00e9on-Journalist Fabius hat ein 2-w\u00f6chiges Sch\u00fclerpraktikum bei dem Jugendsender\u00a0<strong>103.7 UnserDing<\/strong>\u00a0absolviert\u00a0&#8211; hier ein paar Eindr\u00fccke.<\/p>\n<p>\u00ab Ich fand das Praktikum beim SR spannend und interessant. Jeden Tag war ich in einer anderen Abteilung: In der Redaktion f\u00fcr Morning-Show &amp; Nachmittagssendung, im Bereich der Social-Media, in der Nachrichtenredaktion und beim Sounddesign. Auch Umfragen in der Stadt zu machen, geh\u00f6rten zu meinem Aufgabenbereich. <em>\u00bb<\/em><\/p>\n<p>Radio ist alles andere als \u00ab sich einfach mal eben ans Mikrofon stellen und das n\u00e4chste Lied ank\u00fcndigen\u00a0<em>\u00bb<\/em> &#8211; im Gegenteil: Als\u00a0Moderator schreibt man sogenannte \u00ab Mods <em>\u00bb <\/em>(Moderationen) oder man hat im besten Fall seinen eigenen Redakteur. Das Schema von\u00a0<strong>UnserDing<\/strong> ist schnell im Kopf: Neben ganz viel Musik gibt es einmal pro Stunde Nachrichten. Dazwischen werden Informationen \u00fcber anstehende Veranstaltungen (\u00ab <em>UnserDing &#8211; Was geht? \u00bb<\/em>), Promi-Facts (\u00ab <em>Glanz &amp; Gloria \u00bb<\/em>) sowie Themen, die momentan die Welt bewegen, gesendet. Dabei spielen die Zuh\u00f6rer eine gro\u00dfe Rolle: Sie k\u00f6nnen Teil der Sendung werden, entweder durch Umfragen, die in der Stadt von Reportern gemacht werden oder durch eine einfache Sprachnachricht via WhatsApp ins Studio.<\/p>\n<p>Ihr habt auch Lust ein Praktikum bei\u00a0<strong>UnserDing<\/strong> zu machen? Klickt euch auf\u00a0<a href=\"http:\/\/www.unserding.de\">unserding.de<\/a>\u00a0rein. Eine Erfahrung ist es sicherlich wert!<\/p>","protected":false},"excerpt":{"rendered":"<p>Vielleicht habt ihr Lust sp\u00e4ter beruflich in den Journalismus einzusteigen. Ob das Berufsbild zu einem passt, findet man am besten durch ein Praktikum heraus. Cam\u00e4l\u00e9on-Journalist<\/p>\n","protected":false},"author":104,"featured_media":14960,"comment_status":"open","ping_status":"closed","sticky":false,"template":"","format":"standard","meta":{"colormag_page_container_layout":"default_layout","colormag_page_sidebar_layout":"default_layout","footnotes":""},"categories":[3,11],"tags":[586,334,545,544,670,669],"coauthors":[751],"class_list":["post-14948","post","type-post","status-publish","format-standard","has-post-thumbnail","hentry","category-ecole","category-technique","tag-berufspraktikum","tag-journalismus","tag-journalist","tag-praktikum","tag-radio","tag-unserding"],"yoast_head":"<!-- This site is optimized with the Yoast SEO plugin v27.5 - https:\/\/yoast.com\/product\/yoast-seo-wordpress\/ -->\n<title>Zukunft als Journalist? - Praktikum bei 103.7 UnserDing - Cam\u00e4l\u00e9on<\/title>\n<meta name=\"description\" content=\"Cam\u00e4l\u00e9on-Journalist Fabius hat ein 2-w\u00f6chiges Sch\u00fclerpraktikum bei dem Jugendsender 103.7 UnserDing absolviert - hier ein paar Eindr\u00fccke.\" \/>\n<meta name=\"robots\" content=\"index, follow, max-snippet:-1, max-image-preview:large, max-video-preview:-1\" \/>\n<link rel=\"canonical\" href=\"https:\/\/www.camaeleon.org\/de\/2017\/04\/05\/zukunft-als-journalist-praktikum-bei-ud\/\" \/>\n<meta property=\"og:locale\" content=\"de_DE\" \/>\n<meta property=\"og:type\" content=\"article\" \/>\n<meta property=\"og:title\" content=\"Zukunft als Journalist? - Praktikum bei 103.7 UnserDing - Cam\u00e4l\u00e9on\" \/>\n<meta property=\"og:description\" content=\"Cam\u00e4l\u00e9on-Journalist Fabius hat ein 2-w\u00f6chiges Sch\u00fclerpraktikum bei dem Jugendsender 103.7 UnserDing absolviert - hier ein paar Eindr\u00fccke.\" \/>\n<meta property=\"og:url\" content=\"https:\/\/www.camaeleon.org\/de\/2017\/04\/05\/zukunft-als-journalist-praktikum-bei-ud\/\" \/>\n<meta property=\"og:site_name\" content=\"Cam\u00e4l\u00e9on\" \/>\n<meta property=\"article:publisher\" content=\"https:\/\/www.facebook.com\/camaeleon.org\/\" \/>\n<meta property=\"article:published_time\" content=\"2017-04-05T10:00:57+00:00\" \/>\n<meta property=\"article:modified_time\" content=\"2020-12-23T12:37:00+00:00\" \/>\n<meta property=\"og:image\" content=\"https:\/\/www.camaeleon.org\/wp-content\/uploads\/2017\/04\/radio-1475055_1920-1.jpg\" \/>\n\t<meta property=\"og:image:width\" content=\"1920\" \/>\n\t<meta property=\"og:image:height\" content=\"1280\" \/>\n\t<meta property=\"og:image:type\" content=\"image\/jpeg\" \/>\n<meta name=\"author\" content=\"Fabius Leibrock\" \/>\n<meta name=\"twitter:card\" content=\"summary_large_image\" \/>\n<meta name=\"twitter:creator\" content=\"@camaeleonOrg\" \/>\n<meta name=\"twitter:site\" content=\"@camaeleonOrg\" \/>\n<script type=\"application\/ld+json\" class=\"yoast-schema-graph\">{\"@context\":\"https:\\\/\\\/schema.org\",\"@graph\":[{\"@type\":\"Article\",\"@id\":\"https:\\\/\\\/www.camaeleon.org\\\/de\\\/2017\\\/04\\\/05\\\/zukunft-als-journalist-praktikum-bei-ud\\\/#article\",\"isPartOf\":{\"@id\":\"https:\\\/\\\/www.camaeleon.org\\\/de\\\/2017\\\/04\\\/05\\\/zukunft-als-journalist-praktikum-bei-ud\\\/\"},\"author\":{\"name\":\"Fabius Leibrock\",\"@id\":\"https:\\\/\\\/www.camaeleon.org\\\/de\\\/#\\\/schema\\\/person\\\/910ba91888dfcbb54160e6f383afb9cc\"},\"headline\":\"Zukunft als Journalist? &#8211; Praktikum bei 103.7 UnserDing\",\"datePublished\":\"2017-04-05T10:00:57+00:00\",\"dateModified\":\"2020-12-23T12:37:00+00:00\",\"mainEntityOfPage\":{\"@id\":\"https:\\\/\\\/www.camaeleon.org\\\/de\\\/2017\\\/04\\\/05\\\/zukunft-als-journalist-praktikum-bei-ud\\\/\"},\"wordCount\":733,\"commentCount\":0,\"publisher\":{\"@id\":\"https:\\\/\\\/www.camaeleon.org\\\/de\\\/#organization\"},\"image\":{\"@id\":\"https:\\\/\\\/www.camaeleon.org\\\/de\\\/2017\\\/04\\\/05\\\/zukunft-als-journalist-praktikum-bei-ud\\\/#primaryimage\"},\"thumbnailUrl\":\"https:\\\/\\\/www.camaeleon.org\\\/wp-content\\\/uploads\\\/2017\\\/04\\\/radio-1475055_1920-1.jpg\",\"keywords\":[\"Berufspraktikum\",\"Journalismus\",\"Journalist\",\"Praktikum\",\"Radio\",\"UnserDing\"],\"articleSection\":[\"Schule\",\"Digital\"],\"inLanguage\":\"de\",\"potentialAction\":[{\"@type\":\"CommentAction\",\"name\":\"Comment\",\"target\":[\"https:\\\/\\\/www.camaeleon.org\\\/de\\\/2017\\\/04\\\/05\\\/zukunft-als-journalist-praktikum-bei-ud\\\/#respond\"]}]},{\"@type\":\"WebPage\",\"@id\":\"https:\\\/\\\/www.camaeleon.org\\\/de\\\/2017\\\/04\\\/05\\\/zukunft-als-journalist-praktikum-bei-ud\\\/\",\"url\":\"https:\\\/\\\/www.camaeleon.org\\\/de\\\/2017\\\/04\\\/05\\\/zukunft-als-journalist-praktikum-bei-ud\\\/\",\"name\":\"Zukunft als Journalist? - Praktikum bei 103.7 UnserDing - Cam\u00e4l\u00e9on\",\"isPartOf\":{\"@id\":\"https:\\\/\\\/www.camaeleon.org\\\/de\\\/#website\"},\"primaryImageOfPage\":{\"@id\":\"https:\\\/\\\/www.camaeleon.org\\\/de\\\/2017\\\/04\\\/05\\\/zukunft-als-journalist-praktikum-bei-ud\\\/#primaryimage\"},\"image\":{\"@id\":\"https:\\\/\\\/www.camaeleon.org\\\/de\\\/2017\\\/04\\\/05\\\/zukunft-als-journalist-praktikum-bei-ud\\\/#primaryimage\"},\"thumbnailUrl\":\"https:\\\/\\\/www.camaeleon.org\\\/wp-content\\\/uploads\\\/2017\\\/04\\\/radio-1475055_1920-1.jpg\",\"datePublished\":\"2017-04-05T10:00:57+00:00\",\"dateModified\":\"2020-12-23T12:37:00+00:00\",\"description\":\"Cam\u00e4l\u00e9on-Journalist Fabius hat ein 2-w\u00f6chiges Sch\u00fclerpraktikum bei dem Jugendsender 103.7 UnserDing absolviert - hier ein paar Eindr\u00fccke.\",\"breadcrumb\":{\"@id\":\"https:\\\/\\\/www.camaeleon.org\\\/de\\\/2017\\\/04\\\/05\\\/zukunft-als-journalist-praktikum-bei-ud\\\/#breadcrumb\"},\"inLanguage\":\"de\",\"potentialAction\":[{\"@type\":\"ReadAction\",\"target\":[[\"https:\\\/\\\/www.camaeleon.org\\\/de\\\/2017\\\/04\\\/05\\\/zukunft-als-journalist-praktikum-bei-ud\\\/\"]]}]},{\"@type\":\"ImageObject\",\"inLanguage\":\"de\",\"@id\":\"https:\\\/\\\/www.camaeleon.org\\\/de\\\/2017\\\/04\\\/05\\\/zukunft-als-journalist-praktikum-bei-ud\\\/#primaryimage\",\"url\":\"https:\\\/\\\/www.camaeleon.org\\\/wp-content\\\/uploads\\\/2017\\\/04\\\/radio-1475055_1920-1.jpg\",\"contentUrl\":\"https:\\\/\\\/www.camaeleon.org\\\/wp-content\\\/uploads\\\/2017\\\/04\\\/radio-1475055_1920-1.jpg\",\"width\":1920,\"height\":1280},{\"@type\":\"BreadcrumbList\",\"@id\":\"https:\\\/\\\/www.camaeleon.org\\\/de\\\/2017\\\/04\\\/05\\\/zukunft-als-journalist-praktikum-bei-ud\\\/#breadcrumb\",\"itemListElement\":[{\"@type\":\"ListItem\",\"position\":1,\"name\":\"Home\",\"item\":\"https:\\\/\\\/www.camaeleon.org\\\/de\\\/\"},{\"@type\":\"ListItem\",\"position\":2,\"name\":\"Zukunft als Journalist? &#8211; Praktikum bei 103.7 UnserDing\"}]},{\"@type\":\"WebSite\",\"@id\":\"https:\\\/\\\/www.camaeleon.org\\\/de\\\/#website\",\"url\":\"https:\\\/\\\/www.camaeleon.org\\\/de\\\/\",\"name\":\"Cam\u00e4l\u00e9on\",\"description\":\"Das Sch\u00fclermagazin des Deutsch-Franz\u00f6sischen Gymnasiums Saarbr\u00fccken\",\"publisher\":{\"@id\":\"https:\\\/\\\/www.camaeleon.org\\\/de\\\/#organization\"},\"potentialAction\":[{\"@type\":\"SearchAction\",\"target\":{\"@type\":\"EntryPoint\",\"urlTemplate\":\"https:\\\/\\\/www.camaeleon.org\\\/de\\\/?s={search_term_string}\"},\"query-input\":{\"@type\":\"PropertyValueSpecification\",\"valueRequired\":true,\"valueName\":\"search_term_string\"}}],\"inLanguage\":\"de\"},{\"@type\":\"Organization\",\"@id\":\"https:\\\/\\\/www.camaeleon.org\\\/de\\\/#organization\",\"name\":\"Cam\u00e4l\u00e9on\",\"url\":\"https:\\\/\\\/www.camaeleon.org\\\/de\\\/\",\"logo\":{\"@type\":\"ImageObject\",\"inLanguage\":\"de\",\"@id\":\"https:\\\/\\\/www.camaeleon.org\\\/de\\\/#\\\/schema\\\/logo\\\/image\\\/\",\"url\":\"https:\\\/\\\/www.camaeleon.org\\\/wp-content\\\/uploads\\\/2011\\\/11\\\/CAM\u00c4LEON.jpg\",\"contentUrl\":\"https:\\\/\\\/www.camaeleon.org\\\/wp-content\\\/uploads\\\/2011\\\/11\\\/CAM\u00c4LEON.jpg\",\"width\":959,\"height\":959,\"caption\":\"Cam\u00e4l\u00e9on\"},\"image\":{\"@id\":\"https:\\\/\\\/www.camaeleon.org\\\/de\\\/#\\\/schema\\\/logo\\\/image\\\/\"},\"sameAs\":[\"https:\\\/\\\/www.facebook.com\\\/camaeleon.org\\\/\",\"https:\\\/\\\/x.com\\\/camaeleonOrg\",\"https:\\\/\\\/www.instagram.com\\\/camaeleon.dfg\\\/\",\"https:\\\/\\\/www.youtube.com\\\/channel\\\/UCl3TAUDdGuu_c7CD6ax6hYg\"]},{\"@type\":\"Person\",\"@id\":\"https:\\\/\\\/www.camaeleon.org\\\/de\\\/#\\\/schema\\\/person\\\/910ba91888dfcbb54160e6f383afb9cc\",\"name\":\"Fabius Leibrock\",\"image\":{\"@type\":\"ImageObject\",\"inLanguage\":\"de\",\"@id\":\"https:\\\/\\\/www.camaeleon.org\\\/de\\\/wp-content\\\/uploads\\\/2021\\\/10\\\/cropped-android-chrome-512x512-2-150x150.pngb111c6b8db723f506736f05d8fadbe0c\",\"url\":\"https:\\\/\\\/www.camaeleon.org\\\/wp-content\\\/uploads\\\/2021\\\/10\\\/cropped-android-chrome-512x512-2-150x150.png\",\"contentUrl\":\"https:\\\/\\\/www.camaeleon.org\\\/wp-content\\\/uploads\\\/2021\\\/10\\\/cropped-android-chrome-512x512-2-150x150.png\",\"caption\":\"Fabius Leibrock\"},\"url\":\"https:\\\/\\\/www.camaeleon.org\\\/de\\\/author\\\/fabius-leibrock\\\/\"}]}<\/script>\n<!-- \/ Yoast SEO plugin. -->","yoast_head_json":{"title":"Zukunft als Journalist? - Praktikum bei 103.7 UnserDing - Cam\u00e4l\u00e9on","description":"Cam\u00e4l\u00e9on-Journalist Fabius hat ein 2-w\u00f6chiges Sch\u00fclerpraktikum bei dem Jugendsender 103.7 UnserDing absolviert - hier ein paar Eindr\u00fccke.","robots":{"index":"index","follow":"follow","max-snippet":"max-snippet:-1","max-image-preview":"max-image-preview:large","max-video-preview":"max-video-preview:-1"},"canonical":"https:\/\/www.camaeleon.org\/de\/2017\/04\/05\/zukunft-als-journalist-praktikum-bei-ud\/","og_locale":"de_DE","og_type":"article","og_title":"Zukunft als Journalist? - Praktikum bei 103.7 UnserDing - Cam\u00e4l\u00e9on","og_description":"Cam\u00e4l\u00e9on-Journalist Fabius hat ein 2-w\u00f6chiges Sch\u00fclerpraktikum bei dem Jugendsender 103.7 UnserDing absolviert - hier ein paar Eindr\u00fccke.","og_url":"https:\/\/www.camaeleon.org\/de\/2017\/04\/05\/zukunft-als-journalist-praktikum-bei-ud\/","og_site_name":"Cam\u00e4l\u00e9on","article_publisher":"https:\/\/www.facebook.com\/camaeleon.org\/","article_published_time":"2017-04-05T10:00:57+00:00","article_modified_time":"2020-12-23T12:37:00+00:00","og_image":[{"width":1920,"height":1280,"url":"https:\/\/www.camaeleon.org\/wp-content\/uploads\/2017\/04\/radio-1475055_1920-1.jpg","type":"image\/jpeg"}],"author":"Fabius Leibrock","twitter_card":"summary_large_image","twitter_creator":"@camaeleonOrg","twitter_site":"@camaeleonOrg","schema":{"@context":"https:\/\/schema.org","@graph":[{"@type":"Article","@id":"https:\/\/www.camaeleon.org\/de\/2017\/04\/05\/zukunft-als-journalist-praktikum-bei-ud\/#article","isPartOf":{"@id":"https:\/\/www.camaeleon.org\/de\/2017\/04\/05\/zukunft-als-journalist-praktikum-bei-ud\/"},"author":{"name":"Fabius Leibrock","@id":"https:\/\/www.camaeleon.org\/de\/#\/schema\/person\/910ba91888dfcbb54160e6f383afb9cc"},"headline":"Zukunft als Journalist? &#8211; Praktikum bei 103.7 UnserDing","datePublished":"2017-04-05T10:00:57+00:00","dateModified":"2020-12-23T12:37:00+00:00","mainEntityOfPage":{"@id":"https:\/\/www.camaeleon.org\/de\/2017\/04\/05\/zukunft-als-journalist-praktikum-bei-ud\/"},"wordCount":733,"commentCount":0,"publisher":{"@id":"https:\/\/www.camaeleon.org\/de\/#organization"},"image":{"@id":"https:\/\/www.camaeleon.org\/de\/2017\/04\/05\/zukunft-als-journalist-praktikum-bei-ud\/#primaryimage"},"thumbnailUrl":"https:\/\/www.camaeleon.org\/wp-content\/uploads\/2017\/04\/radio-1475055_1920-1.jpg","keywords":["Berufspraktikum","Journalismus","Journalist","Praktikum","Radio","UnserDing"],"articleSection":["Schule","Digital"],"inLanguage":"de","potentialAction":[{"@type":"CommentAction","name":"Comment","target":["https:\/\/www.camaeleon.org\/de\/2017\/04\/05\/zukunft-als-journalist-praktikum-bei-ud\/#respond"]}]},{"@type":"WebPage","@id":"https:\/\/www.camaeleon.org\/de\/2017\/04\/05\/zukunft-als-journalist-praktikum-bei-ud\/","url":"https:\/\/www.camaeleon.org\/de\/2017\/04\/05\/zukunft-als-journalist-praktikum-bei-ud\/","name":"Zukunft als Journalist? - Praktikum bei 103.7 UnserDing - Cam\u00e4l\u00e9on","isPartOf":{"@id":"https:\/\/www.camaeleon.org\/de\/#website"},"primaryImageOfPage":{"@id":"https:\/\/www.camaeleon.org\/de\/2017\/04\/05\/zukunft-als-journalist-praktikum-bei-ud\/#primaryimage"},"image":{"@id":"https:\/\/www.camaeleon.org\/de\/2017\/04\/05\/zukunft-als-journalist-praktikum-bei-ud\/#primaryimage"},"thumbnailUrl":"https:\/\/www.camaeleon.org\/wp-content\/uploads\/2017\/04\/radio-1475055_1920-1.jpg","datePublished":"2017-04-05T10:00:57+00:00","dateModified":"2020-12-23T12:37:00+00:00","description":"Cam\u00e4l\u00e9on-Journalist Fabius hat ein 2-w\u00f6chiges Sch\u00fclerpraktikum bei dem Jugendsender 103.7 UnserDing absolviert - hier ein paar Eindr\u00fccke.","breadcrumb":{"@id":"https:\/\/www.camaeleon.org\/de\/2017\/04\/05\/zukunft-als-journalist-praktikum-bei-ud\/#breadcrumb"},"inLanguage":"de","potentialAction":[{"@type":"ReadAction","target":[["https:\/\/www.camaeleon.org\/de\/2017\/04\/05\/zukunft-als-journalist-praktikum-bei-ud\/"]]}]},{"@type":"ImageObject","inLanguage":"de","@id":"https:\/\/www.camaeleon.org\/de\/2017\/04\/05\/zukunft-als-journalist-praktikum-bei-ud\/#primaryimage","url":"https:\/\/www.camaeleon.org\/wp-content\/uploads\/2017\/04\/radio-1475055_1920-1.jpg","contentUrl":"https:\/\/www.camaeleon.org\/wp-content\/uploads\/2017\/04\/radio-1475055_1920-1.jpg","width":1920,"height":1280},{"@type":"BreadcrumbList","@id":"https:\/\/www.camaeleon.org\/de\/2017\/04\/05\/zukunft-als-journalist-praktikum-bei-ud\/#breadcrumb","itemListElement":[{"@type":"ListItem","position":1,"name":"Home","item":"https:\/\/www.camaeleon.org\/de\/"},{"@type":"ListItem","position":2,"name":"Zukunft als Journalist? &#8211; Praktikum bei 103.7 UnserDing"}]},{"@type":"WebSite","@id":"https:\/\/www.camaeleon.org\/de\/#website","url":"https:\/\/www.camaeleon.org\/de\/","name":"Cam\u00e4l\u00e9on","description":"Das Sch\u00fclermagazin des Deutsch-Franz\u00f6sischen Gymnasiums Saarbr\u00fccken","publisher":{"@id":"https:\/\/www.camaeleon.org\/de\/#organization"},"potentialAction":[{"@type":"SearchAction","target":{"@type":"EntryPoint","urlTemplate":"https:\/\/www.camaeleon.org\/de\/?s={search_term_string}"},"query-input":{"@type":"PropertyValueSpecification","valueRequired":true,"valueName":"search_term_string"}}],"inLanguage":"de"},{"@type":"Organization","@id":"https:\/\/www.camaeleon.org\/de\/#organization","name":"Cam\u00e4l\u00e9on","url":"https:\/\/www.camaeleon.org\/de\/","logo":{"@type":"ImageObject","inLanguage":"de","@id":"https:\/\/www.camaeleon.org\/de\/#\/schema\/logo\/image\/","url":"https:\/\/www.camaeleon.org\/wp-content\/uploads\/2011\/11\/CAM\u00c4LEON.jpg","contentUrl":"https:\/\/www.camaeleon.org\/wp-content\/uploads\/2011\/11\/CAM\u00c4LEON.jpg","width":959,"height":959,"caption":"Cam\u00e4l\u00e9on"},"image":{"@id":"https:\/\/www.camaeleon.org\/de\/#\/schema\/logo\/image\/"},"sameAs":["https:\/\/www.facebook.com\/camaeleon.org\/","https:\/\/x.com\/camaeleonOrg","https:\/\/www.instagram.com\/camaeleon.dfg\/","https:\/\/www.youtube.com\/channel\/UCl3TAUDdGuu_c7CD6ax6hYg"]},{"@type":"Person","@id":"https:\/\/www.camaeleon.org\/de\/#\/schema\/person\/910ba91888dfcbb54160e6f383afb9cc","name":"Fabius Leibrock","image":{"@type":"ImageObject","inLanguage":"de","@id":"https:\/\/www.camaeleon.org\/de\/wp-content\/uploads\/2021\/10\/cropped-android-chrome-512x512-2-150x150.pngb111c6b8db723f506736f05d8fadbe0c","url":"https:\/\/www.camaeleon.org\/wp-content\/uploads\/2021\/10\/cropped-android-chrome-512x512-2-150x150.png","contentUrl":"https:\/\/www.camaeleon.org\/wp-content\/uploads\/2021\/10\/cropped-android-chrome-512x512-2-150x150.png","caption":"Fabius Leibrock"},"url":"https:\/\/www.camaeleon.org\/de\/author\/fabius-leibrock\/"}]}},"_links":{"self":[{"href":"https:\/\/www.camaeleon.org\/de\/wp-json\/wp\/v2\/posts\/14948","targetHints":{"allow":["GET"]}}],"collection":[{"href":"https:\/\/www.camaeleon.org\/de\/wp-json\/wp\/v2\/posts"}],"about":[{"href":"https:\/\/www.camaeleon.org\/de\/wp-json\/wp\/v2\/types\/post"}],"author":[{"embeddable":true,"href":"https:\/\/www.camaeleon.org\/de\/wp-json\/wp\/v2\/users\/104"}],"replies":[{"embeddable":true,"href":"https:\/\/www.camaeleon.org\/de\/wp-json\/wp\/v2\/comments?post=14948"}],"version-history":[{"count":0,"href":"https:\/\/www.camaeleon.org\/de\/wp-json\/wp\/v2\/posts\/14948\/revisions"}],"wp:featuredmedia":[{"embeddable":true,"href":"https:\/\/www.camaeleon.org\/de\/wp-json\/wp\/v2\/media\/14960"}],"wp:attachment":[{"href":"https:\/\/www.camaeleon.org\/de\/wp-json\/wp\/v2\/media?parent=14948"}],"wp:term":[{"taxonomy":"category","embeddable":true,"href":"https:\/\/www.camaeleon.org\/de\/wp-json\/wp\/v2\/categories?post=14948"},{"taxonomy":"post_tag","embeddable":true,"href":"https:\/\/www.camaeleon.org\/de\/wp-json\/wp\/v2\/tags?post=14948"},{"taxonomy":"author","embeddable":true,"href":"https:\/\/www.camaeleon.org\/de\/wp-json\/wp\/v2\/coauthors?post=14948"}],"curies":[{"name":"wp","href":"https:\/\/api.w.org\/{rel}","templated":true}]}}