{"id":14234,"date":"2017-03-31T09:56:13","date_gmt":"2017-03-31T07:56:13","guid":{"rendered":"http:\/\/www.camaeleon.org\/?p=14234"},"modified":"2020-12-23T13:38:09","modified_gmt":"2020-12-23T12:38:09","slug":"quand-les-mots-semmelent","status":"publish","type":"post","link":"https:\/\/www.camaeleon.org\/de\/2017\/03\/31\/quand-les-mots-semmelent\/","title":{"rendered":"Quand les mots s&#8217;emm\u00ealent"},"content":{"rendered":"<figure id=\"attachment_14887\" aria-describedby=\"caption-attachment-14887\" style=\"width: 300px\" class=\"wp-caption alignleft\"><img loading=\"lazy\" decoding=\"async\" class=\"wp-image-14887 size-medium\" src=\"https:\/\/www.camaeleon.org\/wp-content\/uploads\/2017\/03\/alphabet-1867967_1920-300x200.jpg\" alt=\"\" width=\"300\" height=\"200\" srcset=\"https:\/\/www.camaeleon.org\/wp-content\/uploads\/2017\/03\/alphabet-1867967_1920-300x200.jpg 300w, https:\/\/www.camaeleon.org\/wp-content\/uploads\/2017\/03\/alphabet-1867967_1920-880x587.jpg 880w, https:\/\/www.camaeleon.org\/wp-content\/uploads\/2017\/03\/alphabet-1867967_1920.jpg 1000w\" sizes=\"auto, (max-width: 300px) 100vw, 300px\" \/><figcaption id=\"caption-attachment-14887\" class=\"wp-caption-text\">Photo : Pexels \/ pixabay.com<\/figcaption><\/figure>\n<p>En regardant par le vasistas, vous observerez peut-\u00eatre un vieux blockhaus, en sirotant un ersatz de caf\u00e9 et en grignotant un bretzel.<\/p>\n<p>D\u00e9j\u00e0 quatre mots d\u2019origine allemande en une seule phrase! Et il y en bien d\u2019autres. Pensez au mot cravate (en allemand: die Krawatte), dont certains disent qu&#8217;il vient de nos voisins germaniques. Ou bien le verbe trinquer (qui vient du mot allemand &#8222;trinken&#8220;, qui signifie boire).<\/p>\n<p>Beaucoup de mots emprunt\u00e9s \u00e0 l&#8217;allemand appartiennent au champs lexical de la guerre, par exemple le mot bunker qui est un b\u00e2timent en b\u00e9ton de la Deuxi\u00e8me Guerre Mondiale. Ou bien les mots panzer et Blitzkrieg.<\/p>\n<p>Mais les Allemands aussi ont emprunt\u00e9 de nombreux mots \u00e0 la langue fran\u00e7aise, dans le champ lexical de la guerre, \u00e9galement, comme le mot arm\u00e9e (en allemand: die Armee), ou encore le mot patrouille (die Patrouille).<\/p>\n<p>Mais la France est aussi tr\u00e8s connue pour sa gastronomie gourmande, et la langue allemande reconnait cette sp\u00e9cificit\u00e9 : der Aperitif, das Bonbon, das Dessert, das Biskuit, das Bistro ou das Restaurant. M\u00eame la fameuse baguette appartient maintenant \u00e0 l&#8217;allemand (das Baguette)!<\/p>\n<p>Il y a beaucoup d&#8217;autres mots qui se prom\u00e8nent entre nos deux langues. Et le LFA permet m\u00eame de d\u00e9velopper des emprunts bien sp\u00e9cifiques: &#8222;T&#8217;as pris le Klassenbuch?&#8220;, &#8220; Pfff, encore une Vertretung&#8230;&#8220;, &#8222;Es gibt eine Compo in Mathe!&#8220; Une langue bien sp\u00e9ciale qu&#8217;on peut entendre dans tous les couloirs de notre lyc\u00e9e !<\/p>\n","protected":false},"excerpt":{"rendered":"<p>En regardant par le vasistas, vous observerez peut-\u00eatre un vieux blockhaus, en sirotant un ersatz de caf\u00e9 et en grignotant un bretzel. D\u00e9j\u00e0 quatre mots<\/p>\n","protected":false},"author":101,"featured_media":14887,"comment_status":"open","ping_status":"open","sticky":false,"template":"","format":"standard","meta":{"colormag_page_container_layout":"default_layout","colormag_page_sidebar_layout":"default_layout","footnotes":""},"categories":[8,5],"tags":[666,1367,1368,668,529,1369,667],"coauthors":[754],"class_list":["post-14234","post","type-post","status-publish","format-standard","has-post-thumbnail","hentry","category-culture","category-monde","tag-langue","tag-lehnwoerter","tag-linguistik","tag-mots","tag-sprache","tag-sprachwissenschaft","tag-woerter"],"yoast_head":"<!-- This site is optimized with the Yoast SEO plugin v27.5 - https:\/\/yoast.com\/product\/yoast-seo-wordpress\/ -->\n<title>Quand les mots s&#039;emm\u00ealent - Cam\u00e4l\u00e9on<\/title>\n<meta name=\"description\" content=\"En regardant par le vasistas, vous observerez peut-\u00eatre un vieux blockhaus, en sirotant un ersatz de caf\u00e9 et en grignotant un bretzel. D\u00e9j\u00e0 quatre mots d\u2019origine allemande en une seule phrase!\" \/>\n<meta name=\"robots\" content=\"index, follow, max-snippet:-1, max-image-preview:large, max-video-preview:-1\" \/>\n<link rel=\"canonical\" href=\"https:\/\/www.camaeleon.org\/de\/2017\/03\/31\/quand-les-mots-semmelent\/\" \/>\n<meta property=\"og:locale\" content=\"de_DE\" \/>\n<meta property=\"og:type\" content=\"article\" \/>\n<meta property=\"og:title\" content=\"Quand les mots s&#039;emm\u00ealent - Cam\u00e4l\u00e9on\" \/>\n<meta property=\"og:description\" content=\"En regardant par le vasistas, vous observerez peut-\u00eatre un vieux blockhaus, en sirotant un ersatz de caf\u00e9 et en grignotant un bretzel. D\u00e9j\u00e0 quatre mots d\u2019origine allemande en une seule phrase!\" \/>\n<meta property=\"og:url\" content=\"https:\/\/www.camaeleon.org\/de\/2017\/03\/31\/quand-les-mots-semmelent\/\" \/>\n<meta property=\"og:site_name\" content=\"Cam\u00e4l\u00e9on\" \/>\n<meta property=\"article:publisher\" content=\"https:\/\/www.facebook.com\/camaeleon.org\/\" \/>\n<meta property=\"article:published_time\" content=\"2017-03-31T07:56:13+00:00\" \/>\n<meta property=\"article:modified_time\" content=\"2020-12-23T12:38:09+00:00\" \/>\n<meta property=\"og:image\" content=\"https:\/\/www.camaeleon.org\/wp-content\/uploads\/2017\/03\/alphabet-1867967_1920.jpg\" \/>\n\t<meta property=\"og:image:width\" content=\"1000\" \/>\n\t<meta property=\"og:image:height\" content=\"667\" \/>\n\t<meta property=\"og:image:type\" content=\"image\/jpeg\" \/>\n<meta name=\"author\" content=\"Arthur Freund\" \/>\n<meta name=\"twitter:card\" content=\"summary_large_image\" \/>\n<meta name=\"twitter:creator\" content=\"@camaeleonOrg\" \/>\n<meta name=\"twitter:site\" content=\"@camaeleonOrg\" \/>\n<script type=\"application\/ld+json\" class=\"yoast-schema-graph\">{\"@context\":\"https:\\\/\\\/schema.org\",\"@graph\":[{\"@type\":\"Article\",\"@id\":\"https:\\\/\\\/www.camaeleon.org\\\/de\\\/2017\\\/03\\\/31\\\/quand-les-mots-semmelent\\\/#article\",\"isPartOf\":{\"@id\":\"https:\\\/\\\/www.camaeleon.org\\\/de\\\/2017\\\/03\\\/31\\\/quand-les-mots-semmelent\\\/\"},\"author\":{\"name\":\"Arthur Freund\",\"@id\":\"https:\\\/\\\/www.camaeleon.org\\\/de\\\/#\\\/schema\\\/person\\\/e30d59eafd10250e880115d1b98b3efa\"},\"headline\":\"Quand les mots s&#8217;emm\u00ealent\",\"datePublished\":\"2017-03-31T07:56:13+00:00\",\"dateModified\":\"2020-12-23T12:38:09+00:00\",\"mainEntityOfPage\":{\"@id\":\"https:\\\/\\\/www.camaeleon.org\\\/de\\\/2017\\\/03\\\/31\\\/quand-les-mots-semmelent\\\/\"},\"wordCount\":272,\"commentCount\":0,\"publisher\":{\"@id\":\"https:\\\/\\\/www.camaeleon.org\\\/de\\\/#organization\"},\"image\":{\"@id\":\"https:\\\/\\\/www.camaeleon.org\\\/de\\\/2017\\\/03\\\/31\\\/quand-les-mots-semmelent\\\/#primaryimage\"},\"thumbnailUrl\":\"https:\\\/\\\/www.camaeleon.org\\\/wp-content\\\/uploads\\\/2017\\\/03\\\/alphabet-1867967_1920.jpg\",\"keywords\":[\"Langue\",\"Lehnw\u00f6rter\",\"Linguistik\",\"Mots\",\"Sprache\",\"Sprachwissenschaft\",\"W\u00f6rter\"],\"articleSection\":[\"Kultur\",\"Welt\"],\"inLanguage\":\"de\",\"potentialAction\":[{\"@type\":\"CommentAction\",\"name\":\"Comment\",\"target\":[\"https:\\\/\\\/www.camaeleon.org\\\/de\\\/2017\\\/03\\\/31\\\/quand-les-mots-semmelent\\\/#respond\"]}]},{\"@type\":\"WebPage\",\"@id\":\"https:\\\/\\\/www.camaeleon.org\\\/de\\\/2017\\\/03\\\/31\\\/quand-les-mots-semmelent\\\/\",\"url\":\"https:\\\/\\\/www.camaeleon.org\\\/de\\\/2017\\\/03\\\/31\\\/quand-les-mots-semmelent\\\/\",\"name\":\"Quand les mots s'emm\u00ealent - Cam\u00e4l\u00e9on\",\"isPartOf\":{\"@id\":\"https:\\\/\\\/www.camaeleon.org\\\/de\\\/#website\"},\"primaryImageOfPage\":{\"@id\":\"https:\\\/\\\/www.camaeleon.org\\\/de\\\/2017\\\/03\\\/31\\\/quand-les-mots-semmelent\\\/#primaryimage\"},\"image\":{\"@id\":\"https:\\\/\\\/www.camaeleon.org\\\/de\\\/2017\\\/03\\\/31\\\/quand-les-mots-semmelent\\\/#primaryimage\"},\"thumbnailUrl\":\"https:\\\/\\\/www.camaeleon.org\\\/wp-content\\\/uploads\\\/2017\\\/03\\\/alphabet-1867967_1920.jpg\",\"datePublished\":\"2017-03-31T07:56:13+00:00\",\"dateModified\":\"2020-12-23T12:38:09+00:00\",\"description\":\"En regardant par le vasistas, vous observerez peut-\u00eatre un vieux blockhaus, en sirotant un ersatz de caf\u00e9 et en grignotant un bretzel. D\u00e9j\u00e0 quatre mots d\u2019origine allemande en une seule phrase!\",\"breadcrumb\":{\"@id\":\"https:\\\/\\\/www.camaeleon.org\\\/de\\\/2017\\\/03\\\/31\\\/quand-les-mots-semmelent\\\/#breadcrumb\"},\"inLanguage\":\"de\",\"potentialAction\":[{\"@type\":\"ReadAction\",\"target\":[[\"https:\\\/\\\/www.camaeleon.org\\\/de\\\/2017\\\/03\\\/31\\\/quand-les-mots-semmelent\\\/\"]]}]},{\"@type\":\"ImageObject\",\"inLanguage\":\"de\",\"@id\":\"https:\\\/\\\/www.camaeleon.org\\\/de\\\/2017\\\/03\\\/31\\\/quand-les-mots-semmelent\\\/#primaryimage\",\"url\":\"https:\\\/\\\/www.camaeleon.org\\\/wp-content\\\/uploads\\\/2017\\\/03\\\/alphabet-1867967_1920.jpg\",\"contentUrl\":\"https:\\\/\\\/www.camaeleon.org\\\/wp-content\\\/uploads\\\/2017\\\/03\\\/alphabet-1867967_1920.jpg\",\"width\":1000,\"height\":667},{\"@type\":\"BreadcrumbList\",\"@id\":\"https:\\\/\\\/www.camaeleon.org\\\/de\\\/2017\\\/03\\\/31\\\/quand-les-mots-semmelent\\\/#breadcrumb\",\"itemListElement\":[{\"@type\":\"ListItem\",\"position\":1,\"name\":\"Home\",\"item\":\"https:\\\/\\\/www.camaeleon.org\\\/de\\\/\"},{\"@type\":\"ListItem\",\"position\":2,\"name\":\"Quand les mots s&#8217;emm\u00ealent\"}]},{\"@type\":\"WebSite\",\"@id\":\"https:\\\/\\\/www.camaeleon.org\\\/de\\\/#website\",\"url\":\"https:\\\/\\\/www.camaeleon.org\\\/de\\\/\",\"name\":\"Cam\u00e4l\u00e9on\",\"description\":\"Das Sch\u00fclermagazin des Deutsch-Franz\u00f6sischen Gymnasiums Saarbr\u00fccken\",\"publisher\":{\"@id\":\"https:\\\/\\\/www.camaeleon.org\\\/de\\\/#organization\"},\"potentialAction\":[{\"@type\":\"SearchAction\",\"target\":{\"@type\":\"EntryPoint\",\"urlTemplate\":\"https:\\\/\\\/www.camaeleon.org\\\/de\\\/?s={search_term_string}\"},\"query-input\":{\"@type\":\"PropertyValueSpecification\",\"valueRequired\":true,\"valueName\":\"search_term_string\"}}],\"inLanguage\":\"de\"},{\"@type\":\"Organization\",\"@id\":\"https:\\\/\\\/www.camaeleon.org\\\/de\\\/#organization\",\"name\":\"Cam\u00e4l\u00e9on\",\"url\":\"https:\\\/\\\/www.camaeleon.org\\\/de\\\/\",\"logo\":{\"@type\":\"ImageObject\",\"inLanguage\":\"de\",\"@id\":\"https:\\\/\\\/www.camaeleon.org\\\/de\\\/#\\\/schema\\\/logo\\\/image\\\/\",\"url\":\"https:\\\/\\\/www.camaeleon.org\\\/wp-content\\\/uploads\\\/2011\\\/11\\\/CAM\u00c4LEON.jpg\",\"contentUrl\":\"https:\\\/\\\/www.camaeleon.org\\\/wp-content\\\/uploads\\\/2011\\\/11\\\/CAM\u00c4LEON.jpg\",\"width\":959,\"height\":959,\"caption\":\"Cam\u00e4l\u00e9on\"},\"image\":{\"@id\":\"https:\\\/\\\/www.camaeleon.org\\\/de\\\/#\\\/schema\\\/logo\\\/image\\\/\"},\"sameAs\":[\"https:\\\/\\\/www.facebook.com\\\/camaeleon.org\\\/\",\"https:\\\/\\\/x.com\\\/camaeleonOrg\",\"https:\\\/\\\/www.instagram.com\\\/camaeleon.dfg\\\/\",\"https:\\\/\\\/www.youtube.com\\\/channel\\\/UCl3TAUDdGuu_c7CD6ax6hYg\"]},{\"@type\":\"Person\",\"@id\":\"https:\\\/\\\/www.camaeleon.org\\\/de\\\/#\\\/schema\\\/person\\\/e30d59eafd10250e880115d1b98b3efa\",\"name\":\"Arthur Freund\",\"image\":{\"@type\":\"ImageObject\",\"inLanguage\":\"de\",\"@id\":\"https:\\\/\\\/www.camaeleon.org\\\/de\\\/wp-content\\\/uploads\\\/2016\\\/02\\\/img_1376-1.jpge8a1d8419436dc72f77e22beb5a3feb9\",\"url\":\"https:\\\/\\\/www.camaeleon.org\\\/wp-content\\\/uploads\\\/2016\\\/02\\\/img_1376-1.jpg\",\"contentUrl\":\"https:\\\/\\\/www.camaeleon.org\\\/wp-content\\\/uploads\\\/2016\\\/02\\\/img_1376-1.jpg\",\"caption\":\"Arthur Freund\"},\"url\":\"https:\\\/\\\/www.camaeleon.org\\\/de\\\/author\\\/arthur-freund\\\/\"}]}<\/script>\n<!-- \/ Yoast SEO plugin. -->","yoast_head_json":{"title":"Quand les mots s'emm\u00ealent - Cam\u00e4l\u00e9on","description":"En regardant par le vasistas, vous observerez peut-\u00eatre un vieux blockhaus, en sirotant un ersatz de caf\u00e9 et en grignotant un bretzel. D\u00e9j\u00e0 quatre mots d\u2019origine allemande en une seule phrase!","robots":{"index":"index","follow":"follow","max-snippet":"max-snippet:-1","max-image-preview":"max-image-preview:large","max-video-preview":"max-video-preview:-1"},"canonical":"https:\/\/www.camaeleon.org\/de\/2017\/03\/31\/quand-les-mots-semmelent\/","og_locale":"de_DE","og_type":"article","og_title":"Quand les mots s'emm\u00ealent - Cam\u00e4l\u00e9on","og_description":"En regardant par le vasistas, vous observerez peut-\u00eatre un vieux blockhaus, en sirotant un ersatz de caf\u00e9 et en grignotant un bretzel. D\u00e9j\u00e0 quatre mots d\u2019origine allemande en une seule phrase!","og_url":"https:\/\/www.camaeleon.org\/de\/2017\/03\/31\/quand-les-mots-semmelent\/","og_site_name":"Cam\u00e4l\u00e9on","article_publisher":"https:\/\/www.facebook.com\/camaeleon.org\/","article_published_time":"2017-03-31T07:56:13+00:00","article_modified_time":"2020-12-23T12:38:09+00:00","og_image":[{"width":1000,"height":667,"url":"https:\/\/www.camaeleon.org\/wp-content\/uploads\/2017\/03\/alphabet-1867967_1920.jpg","type":"image\/jpeg"}],"author":"Arthur Freund","twitter_card":"summary_large_image","twitter_creator":"@camaeleonOrg","twitter_site":"@camaeleonOrg","schema":{"@context":"https:\/\/schema.org","@graph":[{"@type":"Article","@id":"https:\/\/www.camaeleon.org\/de\/2017\/03\/31\/quand-les-mots-semmelent\/#article","isPartOf":{"@id":"https:\/\/www.camaeleon.org\/de\/2017\/03\/31\/quand-les-mots-semmelent\/"},"author":{"name":"Arthur Freund","@id":"https:\/\/www.camaeleon.org\/de\/#\/schema\/person\/e30d59eafd10250e880115d1b98b3efa"},"headline":"Quand les mots s&#8217;emm\u00ealent","datePublished":"2017-03-31T07:56:13+00:00","dateModified":"2020-12-23T12:38:09+00:00","mainEntityOfPage":{"@id":"https:\/\/www.camaeleon.org\/de\/2017\/03\/31\/quand-les-mots-semmelent\/"},"wordCount":272,"commentCount":0,"publisher":{"@id":"https:\/\/www.camaeleon.org\/de\/#organization"},"image":{"@id":"https:\/\/www.camaeleon.org\/de\/2017\/03\/31\/quand-les-mots-semmelent\/#primaryimage"},"thumbnailUrl":"https:\/\/www.camaeleon.org\/wp-content\/uploads\/2017\/03\/alphabet-1867967_1920.jpg","keywords":["Langue","Lehnw\u00f6rter","Linguistik","Mots","Sprache","Sprachwissenschaft","W\u00f6rter"],"articleSection":["Kultur","Welt"],"inLanguage":"de","potentialAction":[{"@type":"CommentAction","name":"Comment","target":["https:\/\/www.camaeleon.org\/de\/2017\/03\/31\/quand-les-mots-semmelent\/#respond"]}]},{"@type":"WebPage","@id":"https:\/\/www.camaeleon.org\/de\/2017\/03\/31\/quand-les-mots-semmelent\/","url":"https:\/\/www.camaeleon.org\/de\/2017\/03\/31\/quand-les-mots-semmelent\/","name":"Quand les mots s'emm\u00ealent - Cam\u00e4l\u00e9on","isPartOf":{"@id":"https:\/\/www.camaeleon.org\/de\/#website"},"primaryImageOfPage":{"@id":"https:\/\/www.camaeleon.org\/de\/2017\/03\/31\/quand-les-mots-semmelent\/#primaryimage"},"image":{"@id":"https:\/\/www.camaeleon.org\/de\/2017\/03\/31\/quand-les-mots-semmelent\/#primaryimage"},"thumbnailUrl":"https:\/\/www.camaeleon.org\/wp-content\/uploads\/2017\/03\/alphabet-1867967_1920.jpg","datePublished":"2017-03-31T07:56:13+00:00","dateModified":"2020-12-23T12:38:09+00:00","description":"En regardant par le vasistas, vous observerez peut-\u00eatre un vieux blockhaus, en sirotant un ersatz de caf\u00e9 et en grignotant un bretzel. D\u00e9j\u00e0 quatre mots d\u2019origine allemande en une seule phrase!","breadcrumb":{"@id":"https:\/\/www.camaeleon.org\/de\/2017\/03\/31\/quand-les-mots-semmelent\/#breadcrumb"},"inLanguage":"de","potentialAction":[{"@type":"ReadAction","target":[["https:\/\/www.camaeleon.org\/de\/2017\/03\/31\/quand-les-mots-semmelent\/"]]}]},{"@type":"ImageObject","inLanguage":"de","@id":"https:\/\/www.camaeleon.org\/de\/2017\/03\/31\/quand-les-mots-semmelent\/#primaryimage","url":"https:\/\/www.camaeleon.org\/wp-content\/uploads\/2017\/03\/alphabet-1867967_1920.jpg","contentUrl":"https:\/\/www.camaeleon.org\/wp-content\/uploads\/2017\/03\/alphabet-1867967_1920.jpg","width":1000,"height":667},{"@type":"BreadcrumbList","@id":"https:\/\/www.camaeleon.org\/de\/2017\/03\/31\/quand-les-mots-semmelent\/#breadcrumb","itemListElement":[{"@type":"ListItem","position":1,"name":"Home","item":"https:\/\/www.camaeleon.org\/de\/"},{"@type":"ListItem","position":2,"name":"Quand les mots s&#8217;emm\u00ealent"}]},{"@type":"WebSite","@id":"https:\/\/www.camaeleon.org\/de\/#website","url":"https:\/\/www.camaeleon.org\/de\/","name":"Cam\u00e4l\u00e9on","description":"Das Sch\u00fclermagazin des Deutsch-Franz\u00f6sischen Gymnasiums Saarbr\u00fccken","publisher":{"@id":"https:\/\/www.camaeleon.org\/de\/#organization"},"potentialAction":[{"@type":"SearchAction","target":{"@type":"EntryPoint","urlTemplate":"https:\/\/www.camaeleon.org\/de\/?s={search_term_string}"},"query-input":{"@type":"PropertyValueSpecification","valueRequired":true,"valueName":"search_term_string"}}],"inLanguage":"de"},{"@type":"Organization","@id":"https:\/\/www.camaeleon.org\/de\/#organization","name":"Cam\u00e4l\u00e9on","url":"https:\/\/www.camaeleon.org\/de\/","logo":{"@type":"ImageObject","inLanguage":"de","@id":"https:\/\/www.camaeleon.org\/de\/#\/schema\/logo\/image\/","url":"https:\/\/www.camaeleon.org\/wp-content\/uploads\/2011\/11\/CAM\u00c4LEON.jpg","contentUrl":"https:\/\/www.camaeleon.org\/wp-content\/uploads\/2011\/11\/CAM\u00c4LEON.jpg","width":959,"height":959,"caption":"Cam\u00e4l\u00e9on"},"image":{"@id":"https:\/\/www.camaeleon.org\/de\/#\/schema\/logo\/image\/"},"sameAs":["https:\/\/www.facebook.com\/camaeleon.org\/","https:\/\/x.com\/camaeleonOrg","https:\/\/www.instagram.com\/camaeleon.dfg\/","https:\/\/www.youtube.com\/channel\/UCl3TAUDdGuu_c7CD6ax6hYg"]},{"@type":"Person","@id":"https:\/\/www.camaeleon.org\/de\/#\/schema\/person\/e30d59eafd10250e880115d1b98b3efa","name":"Arthur Freund","image":{"@type":"ImageObject","inLanguage":"de","@id":"https:\/\/www.camaeleon.org\/de\/wp-content\/uploads\/2016\/02\/img_1376-1.jpge8a1d8419436dc72f77e22beb5a3feb9","url":"https:\/\/www.camaeleon.org\/wp-content\/uploads\/2016\/02\/img_1376-1.jpg","contentUrl":"https:\/\/www.camaeleon.org\/wp-content\/uploads\/2016\/02\/img_1376-1.jpg","caption":"Arthur Freund"},"url":"https:\/\/www.camaeleon.org\/de\/author\/arthur-freund\/"}]}},"_links":{"self":[{"href":"https:\/\/www.camaeleon.org\/de\/wp-json\/wp\/v2\/posts\/14234","targetHints":{"allow":["GET"]}}],"collection":[{"href":"https:\/\/www.camaeleon.org\/de\/wp-json\/wp\/v2\/posts"}],"about":[{"href":"https:\/\/www.camaeleon.org\/de\/wp-json\/wp\/v2\/types\/post"}],"author":[{"embeddable":true,"href":"https:\/\/www.camaeleon.org\/de\/wp-json\/wp\/v2\/users\/101"}],"replies":[{"embeddable":true,"href":"https:\/\/www.camaeleon.org\/de\/wp-json\/wp\/v2\/comments?post=14234"}],"version-history":[{"count":0,"href":"https:\/\/www.camaeleon.org\/de\/wp-json\/wp\/v2\/posts\/14234\/revisions"}],"wp:featuredmedia":[{"embeddable":true,"href":"https:\/\/www.camaeleon.org\/de\/wp-json\/wp\/v2\/media\/14887"}],"wp:attachment":[{"href":"https:\/\/www.camaeleon.org\/de\/wp-json\/wp\/v2\/media?parent=14234"}],"wp:term":[{"taxonomy":"category","embeddable":true,"href":"https:\/\/www.camaeleon.org\/de\/wp-json\/wp\/v2\/categories?post=14234"},{"taxonomy":"post_tag","embeddable":true,"href":"https:\/\/www.camaeleon.org\/de\/wp-json\/wp\/v2\/tags?post=14234"},{"taxonomy":"author","embeddable":true,"href":"https:\/\/www.camaeleon.org\/de\/wp-json\/wp\/v2\/coauthors?post=14234"}],"curies":[{"name":"wp","href":"https:\/\/api.w.org\/{rel}","templated":true}]}}