{"id":13023,"date":"2016-09-30T21:08:36","date_gmt":"2016-09-30T19:08:36","guid":{"rendered":"http:\/\/www.camaeleon.org\/?p=13023"},"modified":"2020-12-23T16:49:18","modified_gmt":"2020-12-23T15:49:18","slug":"sind-led-lampen-besser-als-leuchtstofflampen","status":"publish","type":"post","link":"https:\/\/www.camaeleon.org\/de\/2016\/09\/30\/sind-led-lampen-besser-als-leuchtstofflampen\/","title":{"rendered":"Helle Beamer &#038; schwarze Listen &#8211; Interviews mit Herrn B\u00e4chle und Herrn Ciftci"},"content":{"rendered":"<figure id=\"attachment_13081\" aria-describedby=\"caption-attachment-13081\" style=\"width: 300px\" class=\"wp-caption alignleft\"><a href=\"https:\/\/www.camaeleon.org\/wp-content\/uploads\/2016\/09\/raum-mit-beamer.jpg\"><img loading=\"lazy\" decoding=\"async\" class=\"size-medium wp-image-13081\" src=\"https:\/\/www.camaeleon.org\/wp-content\/uploads\/2016\/09\/raum-mit-beamer-300x169.jpg\" alt=\"Raum mit Beamer\" width=\"300\" height=\"169\" srcset=\"https:\/\/www.camaeleon.org\/wp-content\/uploads\/2016\/09\/raum-mit-beamer-300x169.jpg 300w, https:\/\/www.camaeleon.org\/wp-content\/uploads\/2016\/09\/raum-mit-beamer.jpg 880w\" sizes=\"auto, (max-width: 300px) 100vw, 300px\" \/><\/a><figcaption id=\"caption-attachment-13081\" class=\"wp-caption-text\">Foto: Thiel<\/figcaption><\/figure>\n<p class=\"qtranxs-available-languages-message qtranxs-available-languages-message-de\">Das neue Schuljahr hat begonnen. Neue F\u00fcnft- und Sechstkl\u00e4ssler sind zu uns gekommen. Es hie\u00df, die Klassenr\u00e4ume werden erneuert. Es wurden bereits neue, hochwertige Leuchten eingebaut und neue Decken. Doch in meinem neunen Klassenraum ist kein Vorhang (obwohl wir auf der Sonnenseite im 2. Obergeschoss sind.) Es gibt ebenfalls keinen Computer und Beamer, obwohl wir diesen gebrauchen k\u00f6nnten. Cam\u00e4l\u00e9on-Redakteur Philip Thiel hat dazu unseren Schulleiter, Herrn B\u00e4chle, befragt.<\/p>\n<figure id=\"attachment_13083\" aria-describedby=\"caption-attachment-13083\" style=\"width: 300px\" class=\"wp-caption alignright\"><a href=\"https:\/\/www.camaeleon.org\/wp-content\/uploads\/2016\/09\/raum-ohne-beamer.jpg\"><img loading=\"lazy\" decoding=\"async\" class=\"wp-image-13083 size-medium\" src=\"https:\/\/www.camaeleon.org\/wp-content\/uploads\/2016\/09\/raum-ohne-beamer-300x169.jpg\" alt=\"Raum ohne Beamer\" width=\"300\" height=\"169\" srcset=\"https:\/\/www.camaeleon.org\/wp-content\/uploads\/2016\/09\/raum-ohne-beamer-300x169.jpg 300w, https:\/\/www.camaeleon.org\/wp-content\/uploads\/2016\/09\/raum-ohne-beamer.jpg 880w\" sizes=\"auto, (max-width: 300px) 100vw, 300px\" \/><\/a><figcaption id=\"caption-attachment-13083\" class=\"wp-caption-text\">Foto: Thiel<\/figcaption><\/figure>\n<p><strong>Cam\u00e4l\u00e9on:<\/strong> Ich finde es sehr toll, dass sich das DFG dazu bereit erkl\u00e4rt hat, Klassenr\u00e4ume zu erneuern. Aber es gibt Klassenr\u00e4ume, die auf der Sonnenseite im 2. Obergeschoss sind, aber keine Gardine haben und keinen Computer und Beamer, obwohl dies alles ben\u00f6tigt wird.<\/p>\n<p><strong>Herr B\u00e4chle: <\/strong>Die Klassens\u00e4le, in denen zur Zeit noch keine Vorh\u00e4nge sind, bekommen diese in den kommenden Wochen. Die Ausstattung aller S\u00e4le mit PC und Beamer erfolgt nicht auf einmal, sondern jedes Jahr kommen neue S\u00e4le dazu. Anders ist das nicht zu finanzieren.<\/p>\n<p><strong>Cam\u00e4l\u00e9on: <\/strong>Danke f\u00fcr das Interview!<\/p>\n<p>F\u00fcr weitere Detailfragen zur IT-Ausstattung habe ich mich an Herrn Ciftci gewendet, der f\u00fcr die Wartung der Computer am DFG zust\u00e4ndig ist.<\/p>\n<p><strong>Cam\u00e4l\u00e9on:<\/strong> Herr Ciftci, warum haben wir so eine alte Windows-Version?<\/p>\n<p><strong>Herr Ciftci:<\/strong> Mit Ausnahmen von einigen alten Laptops sind alle Computer an unserer Schule auf Windows 7 umgestellt. Wenn man sich mit dem Sch\u00fclerprofil einloggt, wird allerdings eine Windows XP-Optik vom Server auf den Computern erzwungen. Man hat dann den Eindruck, als w\u00fcrde Windows XP auf den Rechnern laufen. Tats\u00e4chlich haben wir als Betriebssystem Windows 7. Auf einigen Rechnern in der Verwaltung haben wir auch als Betriebssystem Windows 10 laufen.<\/p>\n<p><strong>Cam\u00e4l\u00e9on:<\/strong> Warum wird die Software nicht upgedatet auf Windows 7?<\/p>\n<p><strong>Herr Ciftci:<\/strong> Die oben beschriebene Situation ist bedingt durch den Sch\u00fclerserver. Im Sch\u00fclernetz haben wir leider noch einen Windows-Server 2003 R2 am Laufen. Dieser soll demn\u00e4chst auf eine aktuellere Version hochgestuft werden. Das ist jedoch Sache des Regionalverbandes. Dieser ist f\u00fcr unser gesamtes Netz verantwortlich.<\/p>\n<p><strong>Cam\u00e4l\u00e9on:<\/strong> Warum haben die Computer an der Schule einen Filter, der manchmal sogar Google blockiert oder andere Seiten, wo nichts Jugendgef\u00e4hrdendes zu sehen ist?<\/p>\n<p><strong>Herr Ciftci:<\/strong> Der Schulfilter hat mehrere Funktionen. Die Hauptfunktion ist die Schutzfunktion. Der Filter soll die Sch\u00fclerinnen, Sch\u00fcler und die Computer vor Gefahren aus dem Internet sch\u00fctzen. Das sind Internetseiten mit nicht jugendfreien Inhalten, Seiten, auf denen etwas verkauft wird, Seiten, auf denen man seine Daten preisgeben muss, Spieleseiten, auf denen man sich oft Schadsoftware im Hintergrund herunterl\u00e4dt. \u00dcbrigens, fr\u00fcher oder sp\u00e4ter kann diese Schadsoftware \u00fcber den USB-Stick auch auf euren Computern zu Hause landen.<\/p>\n<p>Damit die Sch\u00fclerinnen und Sch\u00fcler sich auf ihren Unterricht konzentrieren, sind auch die sozialen Netzwerke wie Facebook, Twitter, usw. gesperrt. Auch soll euch erschwert werden ein Bild einer Lehrkraft oder eines\/r Mitsch\u00fclers\/in mal schnell und unbedacht in ein soziales Netzwerk hochzuladen. Sollte mal so ein Fall eintreten, dass ein Bild im Internet weiterverbreitet wird, und man wird per Gericht gezwungen, das Bild aus vielen Chats zu l\u00f6schen, dann kann das eure Eltern bis zu 10.000 Euro kosten. Dies kann n\u00e4mlich nur von einem Fachmann erledigt werden.<\/p>\n<p>Weiterhin unterst\u00fctzt der Schulfilter die Lehrkr\u00e4fte bei der Erf\u00fcllung ihrer Aufsichtspflicht. In der Schule d\u00fcrft ihr per Gesetz nicht ungesch\u00fctzt und nicht ohne Aufsicht ins World Wide Web. Auch herrscht ein Verbot von Werbung an Schulen, daher sollte der Filter auch Werbung blockieren.<\/p>\n<p>Der Schulfilter filtert die Internetseiten nach bestimmten Begriffen, daher kann es schon mal vorkommen, dass beispielsweise eine harmlose Internetseite f\u00fcr den Biologieunterricht gesperrt wird. In solchen F\u00e4llen k\u00f6nnt ihr mir die Internetseite zuschicken und ich kann sie manuell freischalten. Ich kann sie dann auf die &#8222;Wei\u00dfe Liste&#8220; setzen. Auf diese Liste kommen alle Seiten, deren Inhalte unbedenklich sind, also eure Entwicklung nicht beeintr\u00e4chtigen. Es gibt aber auch eine &#8222;Schwarze Liste&#8220;. Auf dieser Liste sind alle bekannten verbotenen Seiten. Da das Angebot an Internetseiten nahezu unendlich ist, kann es auch schon mal vorkommen, dass hier eine Seite, die vielleicht k\u00fcrzlich online gestellt wurde, fehlt. Auch hierf\u00fcr bin ich f\u00fcr Hinweise sehr dankbar. Wenn ein\/e F\u00fcnftkl\u00e4ssler\/in versehentlich auf einer Seite mit Leichenteilen landet, dann kann ich mir schon vorstellen, dass er oder sie ein paar schlaflose N\u00e4chte oder Alptr\u00e4ume hat.<\/p>\n<p>Wenn Google blockiert wird, dann hat es damit zu tun, dass der Filter sich manchmal aufh\u00e4ngt. Ich muss dann den Filter lediglich neu starten.<\/p>\n<p>Auf diesem Wege m\u00f6chte ich euch noch einen Rat geben, geht bitte verantwortungsvoll mit euren pers\u00f6nlichen Daten um. Die Gefahren im Internet f\u00fcr Kinder sind real.<\/p>\n<p><strong>Cam\u00e4l\u00e9on:<\/strong> Danke f\u00fcr das Interview!<\/p>\n<p>&nbsp;<\/p>\n","protected":false},"excerpt":{"rendered":"<p>Das neue Schuljahr hat begonnen. Neue F\u00fcnft- und Sechstkl\u00e4ssler sind zu uns gekommen. Es hie\u00df, die Klassenr\u00e4ume werden erneuert. Es wurden bereits neue, hochwertige Leuchten<\/p>\n","protected":false},"author":100,"featured_media":13081,"comment_status":"open","ping_status":"open","sticky":false,"template":"","format":"standard","meta":{"colormag_page_container_layout":"default_layout","colormag_page_sidebar_layout":"default_layout","footnotes":""},"categories":[3,7],"tags":[1389,1405,590,1388,1110,578,577,591],"coauthors":[819],"class_list":["post-13023","post","type-post","status-publish","format-standard","has-post-thumbnail","hentry","category-ecole","category-internet","tag-baechle","tag-batiment","tag-beamer","tag-ciftci","tag-digitalisierung","tag-gebaeude","tag-klassensaele","tag-schulfilter"],"yoast_head":"<!-- This site is optimized with the Yoast SEO plugin v27.5 - https:\/\/yoast.com\/product\/yoast-seo-wordpress\/ -->\n<title>Helle Beamer &amp; schwarze Listen - Interviews mit Herrn B\u00e4chle und Herrn Ciftci - Cam\u00e4l\u00e9on<\/title>\n<meta name=\"description\" content=\"Das neue Schuljahr hat begonnen. Neue F\u00fcnft- und Sechstkl\u00e4ssler sind zu uns gekommen. Es hie\u00df, die Klassenr\u00e4ume werden erneuert. Es wurden bereits neue, hochwertige Leuchten eingebaut und neue Decken.\" \/>\n<meta name=\"robots\" content=\"index, follow, max-snippet:-1, max-image-preview:large, max-video-preview:-1\" \/>\n<link rel=\"canonical\" href=\"https:\/\/www.camaeleon.org\/de\/2016\/09\/30\/sind-led-lampen-besser-als-leuchtstofflampen\/\" \/>\n<meta property=\"og:locale\" content=\"de_DE\" \/>\n<meta property=\"og:type\" content=\"article\" \/>\n<meta property=\"og:title\" content=\"Helle Beamer &amp; schwarze Listen - Interviews mit Herrn B\u00e4chle und Herrn Ciftci - Cam\u00e4l\u00e9on\" \/>\n<meta property=\"og:description\" content=\"Das neue Schuljahr hat begonnen. Neue F\u00fcnft- und Sechstkl\u00e4ssler sind zu uns gekommen. Es hie\u00df, die Klassenr\u00e4ume werden erneuert. Es wurden bereits neue, hochwertige Leuchten eingebaut und neue Decken.\" \/>\n<meta property=\"og:url\" content=\"https:\/\/www.camaeleon.org\/de\/2016\/09\/30\/sind-led-lampen-besser-als-leuchtstofflampen\/\" \/>\n<meta property=\"og:site_name\" content=\"Cam\u00e4l\u00e9on\" \/>\n<meta property=\"article:publisher\" content=\"https:\/\/www.facebook.com\/camaeleon.org\/\" \/>\n<meta property=\"article:published_time\" content=\"2016-09-30T19:08:36+00:00\" \/>\n<meta property=\"article:modified_time\" content=\"2020-12-23T15:49:18+00:00\" \/>\n<meta property=\"og:image\" content=\"https:\/\/www.camaeleon.org\/wp-content\/uploads\/2016\/09\/raum-mit-beamer.jpg\" \/>\n\t<meta property=\"og:image:width\" content=\"880\" \/>\n\t<meta property=\"og:image:height\" content=\"495\" \/>\n\t<meta property=\"og:image:type\" content=\"image\/jpeg\" \/>\n<meta name=\"author\" content=\"Philip Thiel\" \/>\n<meta name=\"twitter:card\" content=\"summary_large_image\" \/>\n<meta name=\"twitter:creator\" content=\"@camaeleonOrg\" \/>\n<meta name=\"twitter:site\" content=\"@camaeleonOrg\" \/>\n<script type=\"application\/ld+json\" class=\"yoast-schema-graph\">{\"@context\":\"https:\\\/\\\/schema.org\",\"@graph\":[{\"@type\":\"Article\",\"@id\":\"https:\\\/\\\/www.camaeleon.org\\\/de\\\/2016\\\/09\\\/30\\\/sind-led-lampen-besser-als-leuchtstofflampen\\\/#article\",\"isPartOf\":{\"@id\":\"https:\\\/\\\/www.camaeleon.org\\\/de\\\/2016\\\/09\\\/30\\\/sind-led-lampen-besser-als-leuchtstofflampen\\\/\"},\"author\":{\"name\":\"Philip Thiel\",\"@id\":\"https:\\\/\\\/www.camaeleon.org\\\/de\\\/#\\\/schema\\\/person\\\/dd0f967fbb3e83b7328b2151e63e7ded\"},\"headline\":\"Helle Beamer &#038; schwarze Listen &#8211; Interviews mit Herrn B\u00e4chle und Herrn Ciftci\",\"datePublished\":\"2016-09-30T19:08:36+00:00\",\"dateModified\":\"2020-12-23T15:49:18+00:00\",\"mainEntityOfPage\":{\"@id\":\"https:\\\/\\\/www.camaeleon.org\\\/de\\\/2016\\\/09\\\/30\\\/sind-led-lampen-besser-als-leuchtstofflampen\\\/\"},\"wordCount\":838,\"commentCount\":0,\"publisher\":{\"@id\":\"https:\\\/\\\/www.camaeleon.org\\\/de\\\/#organization\"},\"image\":{\"@id\":\"https:\\\/\\\/www.camaeleon.org\\\/de\\\/2016\\\/09\\\/30\\\/sind-led-lampen-besser-als-leuchtstofflampen\\\/#primaryimage\"},\"thumbnailUrl\":\"https:\\\/\\\/www.camaeleon.org\\\/wp-content\\\/uploads\\\/2016\\\/09\\\/raum-mit-beamer.jpg\",\"keywords\":[\"B\u00e4chle\",\"bat\u00eement\",\"Beamer\",\"Ciftci\",\"Digitalisierung\",\"Geb\u00e4ude\",\"Klassens\u00e4le\",\"Schulfilter\"],\"articleSection\":[\"Schule\",\"Internet\"],\"inLanguage\":\"de\",\"potentialAction\":[{\"@type\":\"CommentAction\",\"name\":\"Comment\",\"target\":[\"https:\\\/\\\/www.camaeleon.org\\\/de\\\/2016\\\/09\\\/30\\\/sind-led-lampen-besser-als-leuchtstofflampen\\\/#respond\"]}]},{\"@type\":\"WebPage\",\"@id\":\"https:\\\/\\\/www.camaeleon.org\\\/de\\\/2016\\\/09\\\/30\\\/sind-led-lampen-besser-als-leuchtstofflampen\\\/\",\"url\":\"https:\\\/\\\/www.camaeleon.org\\\/de\\\/2016\\\/09\\\/30\\\/sind-led-lampen-besser-als-leuchtstofflampen\\\/\",\"name\":\"Helle Beamer & schwarze Listen - Interviews mit Herrn B\u00e4chle und Herrn Ciftci - Cam\u00e4l\u00e9on\",\"isPartOf\":{\"@id\":\"https:\\\/\\\/www.camaeleon.org\\\/de\\\/#website\"},\"primaryImageOfPage\":{\"@id\":\"https:\\\/\\\/www.camaeleon.org\\\/de\\\/2016\\\/09\\\/30\\\/sind-led-lampen-besser-als-leuchtstofflampen\\\/#primaryimage\"},\"image\":{\"@id\":\"https:\\\/\\\/www.camaeleon.org\\\/de\\\/2016\\\/09\\\/30\\\/sind-led-lampen-besser-als-leuchtstofflampen\\\/#primaryimage\"},\"thumbnailUrl\":\"https:\\\/\\\/www.camaeleon.org\\\/wp-content\\\/uploads\\\/2016\\\/09\\\/raum-mit-beamer.jpg\",\"datePublished\":\"2016-09-30T19:08:36+00:00\",\"dateModified\":\"2020-12-23T15:49:18+00:00\",\"description\":\"Das neue Schuljahr hat begonnen. Neue F\u00fcnft- und Sechstkl\u00e4ssler sind zu uns gekommen. Es hie\u00df, die Klassenr\u00e4ume werden erneuert. Es wurden bereits neue, hochwertige Leuchten eingebaut und neue Decken.\",\"breadcrumb\":{\"@id\":\"https:\\\/\\\/www.camaeleon.org\\\/de\\\/2016\\\/09\\\/30\\\/sind-led-lampen-besser-als-leuchtstofflampen\\\/#breadcrumb\"},\"inLanguage\":\"de\",\"potentialAction\":[{\"@type\":\"ReadAction\",\"target\":[[\"https:\\\/\\\/www.camaeleon.org\\\/de\\\/2016\\\/09\\\/30\\\/sind-led-lampen-besser-als-leuchtstofflampen\\\/\"]]}]},{\"@type\":\"ImageObject\",\"inLanguage\":\"de\",\"@id\":\"https:\\\/\\\/www.camaeleon.org\\\/de\\\/2016\\\/09\\\/30\\\/sind-led-lampen-besser-als-leuchtstofflampen\\\/#primaryimage\",\"url\":\"https:\\\/\\\/www.camaeleon.org\\\/wp-content\\\/uploads\\\/2016\\\/09\\\/raum-mit-beamer.jpg\",\"contentUrl\":\"https:\\\/\\\/www.camaeleon.org\\\/wp-content\\\/uploads\\\/2016\\\/09\\\/raum-mit-beamer.jpg\",\"width\":880,\"height\":495,\"caption\":\"Foto: Thiel\"},{\"@type\":\"BreadcrumbList\",\"@id\":\"https:\\\/\\\/www.camaeleon.org\\\/de\\\/2016\\\/09\\\/30\\\/sind-led-lampen-besser-als-leuchtstofflampen\\\/#breadcrumb\",\"itemListElement\":[{\"@type\":\"ListItem\",\"position\":1,\"name\":\"Home\",\"item\":\"https:\\\/\\\/www.camaeleon.org\\\/de\\\/\"},{\"@type\":\"ListItem\",\"position\":2,\"name\":\"Helle Beamer &#038; schwarze Listen &#8211; Interviews mit Herrn B\u00e4chle und Herrn Ciftci\"}]},{\"@type\":\"WebSite\",\"@id\":\"https:\\\/\\\/www.camaeleon.org\\\/de\\\/#website\",\"url\":\"https:\\\/\\\/www.camaeleon.org\\\/de\\\/\",\"name\":\"Cam\u00e4l\u00e9on\",\"description\":\"Das Sch\u00fclermagazin des Deutsch-Franz\u00f6sischen Gymnasiums Saarbr\u00fccken\",\"publisher\":{\"@id\":\"https:\\\/\\\/www.camaeleon.org\\\/de\\\/#organization\"},\"potentialAction\":[{\"@type\":\"SearchAction\",\"target\":{\"@type\":\"EntryPoint\",\"urlTemplate\":\"https:\\\/\\\/www.camaeleon.org\\\/de\\\/?s={search_term_string}\"},\"query-input\":{\"@type\":\"PropertyValueSpecification\",\"valueRequired\":true,\"valueName\":\"search_term_string\"}}],\"inLanguage\":\"de\"},{\"@type\":\"Organization\",\"@id\":\"https:\\\/\\\/www.camaeleon.org\\\/de\\\/#organization\",\"name\":\"Cam\u00e4l\u00e9on\",\"url\":\"https:\\\/\\\/www.camaeleon.org\\\/de\\\/\",\"logo\":{\"@type\":\"ImageObject\",\"inLanguage\":\"de\",\"@id\":\"https:\\\/\\\/www.camaeleon.org\\\/de\\\/#\\\/schema\\\/logo\\\/image\\\/\",\"url\":\"https:\\\/\\\/www.camaeleon.org\\\/wp-content\\\/uploads\\\/2011\\\/11\\\/CAM\u00c4LEON.jpg\",\"contentUrl\":\"https:\\\/\\\/www.camaeleon.org\\\/wp-content\\\/uploads\\\/2011\\\/11\\\/CAM\u00c4LEON.jpg\",\"width\":959,\"height\":959,\"caption\":\"Cam\u00e4l\u00e9on\"},\"image\":{\"@id\":\"https:\\\/\\\/www.camaeleon.org\\\/de\\\/#\\\/schema\\\/logo\\\/image\\\/\"},\"sameAs\":[\"https:\\\/\\\/www.facebook.com\\\/camaeleon.org\\\/\",\"https:\\\/\\\/x.com\\\/camaeleonOrg\",\"https:\\\/\\\/www.instagram.com\\\/camaeleon.dfg\\\/\",\"https:\\\/\\\/www.youtube.com\\\/channel\\\/UCl3TAUDdGuu_c7CD6ax6hYg\"]},{\"@type\":\"Person\",\"@id\":\"https:\\\/\\\/www.camaeleon.org\\\/de\\\/#\\\/schema\\\/person\\\/dd0f967fbb3e83b7328b2151e63e7ded\",\"name\":\"Philip Thiel\",\"image\":{\"@type\":\"ImageObject\",\"inLanguage\":\"de\",\"@id\":\"https:\\\/\\\/www.camaeleon.org\\\/de\\\/wp-content\\\/uploads\\\/2011\\\/07\\\/IMG_4287-120x120.jpgeb2140e9305853359e7bb8d5b01fc378\",\"url\":\"https:\\\/\\\/www.camaeleon.org\\\/wp-content\\\/uploads\\\/2011\\\/07\\\/IMG_4287-120x120.jpg\",\"contentUrl\":\"https:\\\/\\\/www.camaeleon.org\\\/wp-content\\\/uploads\\\/2011\\\/07\\\/IMG_4287-120x120.jpg\",\"caption\":\"Philip Thiel\"},\"url\":\"https:\\\/\\\/www.camaeleon.org\\\/de\\\/author\\\/philip-thiel\\\/\"}]}<\/script>\n<!-- \/ Yoast SEO plugin. -->","yoast_head_json":{"title":"Helle Beamer & schwarze Listen - Interviews mit Herrn B\u00e4chle und Herrn Ciftci - Cam\u00e4l\u00e9on","description":"Das neue Schuljahr hat begonnen. Neue F\u00fcnft- und Sechstkl\u00e4ssler sind zu uns gekommen. Es hie\u00df, die Klassenr\u00e4ume werden erneuert. Es wurden bereits neue, hochwertige Leuchten eingebaut und neue Decken.","robots":{"index":"index","follow":"follow","max-snippet":"max-snippet:-1","max-image-preview":"max-image-preview:large","max-video-preview":"max-video-preview:-1"},"canonical":"https:\/\/www.camaeleon.org\/de\/2016\/09\/30\/sind-led-lampen-besser-als-leuchtstofflampen\/","og_locale":"de_DE","og_type":"article","og_title":"Helle Beamer & schwarze Listen - Interviews mit Herrn B\u00e4chle und Herrn Ciftci - Cam\u00e4l\u00e9on","og_description":"Das neue Schuljahr hat begonnen. Neue F\u00fcnft- und Sechstkl\u00e4ssler sind zu uns gekommen. Es hie\u00df, die Klassenr\u00e4ume werden erneuert. Es wurden bereits neue, hochwertige Leuchten eingebaut und neue Decken.","og_url":"https:\/\/www.camaeleon.org\/de\/2016\/09\/30\/sind-led-lampen-besser-als-leuchtstofflampen\/","og_site_name":"Cam\u00e4l\u00e9on","article_publisher":"https:\/\/www.facebook.com\/camaeleon.org\/","article_published_time":"2016-09-30T19:08:36+00:00","article_modified_time":"2020-12-23T15:49:18+00:00","og_image":[{"width":880,"height":495,"url":"https:\/\/www.camaeleon.org\/wp-content\/uploads\/2016\/09\/raum-mit-beamer.jpg","type":"image\/jpeg"}],"author":"Philip Thiel","twitter_card":"summary_large_image","twitter_creator":"@camaeleonOrg","twitter_site":"@camaeleonOrg","schema":{"@context":"https:\/\/schema.org","@graph":[{"@type":"Article","@id":"https:\/\/www.camaeleon.org\/de\/2016\/09\/30\/sind-led-lampen-besser-als-leuchtstofflampen\/#article","isPartOf":{"@id":"https:\/\/www.camaeleon.org\/de\/2016\/09\/30\/sind-led-lampen-besser-als-leuchtstofflampen\/"},"author":{"name":"Philip Thiel","@id":"https:\/\/www.camaeleon.org\/de\/#\/schema\/person\/dd0f967fbb3e83b7328b2151e63e7ded"},"headline":"Helle Beamer &#038; schwarze Listen &#8211; Interviews mit Herrn B\u00e4chle und Herrn Ciftci","datePublished":"2016-09-30T19:08:36+00:00","dateModified":"2020-12-23T15:49:18+00:00","mainEntityOfPage":{"@id":"https:\/\/www.camaeleon.org\/de\/2016\/09\/30\/sind-led-lampen-besser-als-leuchtstofflampen\/"},"wordCount":838,"commentCount":0,"publisher":{"@id":"https:\/\/www.camaeleon.org\/de\/#organization"},"image":{"@id":"https:\/\/www.camaeleon.org\/de\/2016\/09\/30\/sind-led-lampen-besser-als-leuchtstofflampen\/#primaryimage"},"thumbnailUrl":"https:\/\/www.camaeleon.org\/wp-content\/uploads\/2016\/09\/raum-mit-beamer.jpg","keywords":["B\u00e4chle","bat\u00eement","Beamer","Ciftci","Digitalisierung","Geb\u00e4ude","Klassens\u00e4le","Schulfilter"],"articleSection":["Schule","Internet"],"inLanguage":"de","potentialAction":[{"@type":"CommentAction","name":"Comment","target":["https:\/\/www.camaeleon.org\/de\/2016\/09\/30\/sind-led-lampen-besser-als-leuchtstofflampen\/#respond"]}]},{"@type":"WebPage","@id":"https:\/\/www.camaeleon.org\/de\/2016\/09\/30\/sind-led-lampen-besser-als-leuchtstofflampen\/","url":"https:\/\/www.camaeleon.org\/de\/2016\/09\/30\/sind-led-lampen-besser-als-leuchtstofflampen\/","name":"Helle Beamer & schwarze Listen - Interviews mit Herrn B\u00e4chle und Herrn Ciftci - Cam\u00e4l\u00e9on","isPartOf":{"@id":"https:\/\/www.camaeleon.org\/de\/#website"},"primaryImageOfPage":{"@id":"https:\/\/www.camaeleon.org\/de\/2016\/09\/30\/sind-led-lampen-besser-als-leuchtstofflampen\/#primaryimage"},"image":{"@id":"https:\/\/www.camaeleon.org\/de\/2016\/09\/30\/sind-led-lampen-besser-als-leuchtstofflampen\/#primaryimage"},"thumbnailUrl":"https:\/\/www.camaeleon.org\/wp-content\/uploads\/2016\/09\/raum-mit-beamer.jpg","datePublished":"2016-09-30T19:08:36+00:00","dateModified":"2020-12-23T15:49:18+00:00","description":"Das neue Schuljahr hat begonnen. Neue F\u00fcnft- und Sechstkl\u00e4ssler sind zu uns gekommen. Es hie\u00df, die Klassenr\u00e4ume werden erneuert. Es wurden bereits neue, hochwertige Leuchten eingebaut und neue Decken.","breadcrumb":{"@id":"https:\/\/www.camaeleon.org\/de\/2016\/09\/30\/sind-led-lampen-besser-als-leuchtstofflampen\/#breadcrumb"},"inLanguage":"de","potentialAction":[{"@type":"ReadAction","target":[["https:\/\/www.camaeleon.org\/de\/2016\/09\/30\/sind-led-lampen-besser-als-leuchtstofflampen\/"]]}]},{"@type":"ImageObject","inLanguage":"de","@id":"https:\/\/www.camaeleon.org\/de\/2016\/09\/30\/sind-led-lampen-besser-als-leuchtstofflampen\/#primaryimage","url":"https:\/\/www.camaeleon.org\/wp-content\/uploads\/2016\/09\/raum-mit-beamer.jpg","contentUrl":"https:\/\/www.camaeleon.org\/wp-content\/uploads\/2016\/09\/raum-mit-beamer.jpg","width":880,"height":495,"caption":"Foto: Thiel"},{"@type":"BreadcrumbList","@id":"https:\/\/www.camaeleon.org\/de\/2016\/09\/30\/sind-led-lampen-besser-als-leuchtstofflampen\/#breadcrumb","itemListElement":[{"@type":"ListItem","position":1,"name":"Home","item":"https:\/\/www.camaeleon.org\/de\/"},{"@type":"ListItem","position":2,"name":"Helle Beamer &#038; schwarze Listen &#8211; Interviews mit Herrn B\u00e4chle und Herrn Ciftci"}]},{"@type":"WebSite","@id":"https:\/\/www.camaeleon.org\/de\/#website","url":"https:\/\/www.camaeleon.org\/de\/","name":"Cam\u00e4l\u00e9on","description":"Das Sch\u00fclermagazin des Deutsch-Franz\u00f6sischen Gymnasiums Saarbr\u00fccken","publisher":{"@id":"https:\/\/www.camaeleon.org\/de\/#organization"},"potentialAction":[{"@type":"SearchAction","target":{"@type":"EntryPoint","urlTemplate":"https:\/\/www.camaeleon.org\/de\/?s={search_term_string}"},"query-input":{"@type":"PropertyValueSpecification","valueRequired":true,"valueName":"search_term_string"}}],"inLanguage":"de"},{"@type":"Organization","@id":"https:\/\/www.camaeleon.org\/de\/#organization","name":"Cam\u00e4l\u00e9on","url":"https:\/\/www.camaeleon.org\/de\/","logo":{"@type":"ImageObject","inLanguage":"de","@id":"https:\/\/www.camaeleon.org\/de\/#\/schema\/logo\/image\/","url":"https:\/\/www.camaeleon.org\/wp-content\/uploads\/2011\/11\/CAM\u00c4LEON.jpg","contentUrl":"https:\/\/www.camaeleon.org\/wp-content\/uploads\/2011\/11\/CAM\u00c4LEON.jpg","width":959,"height":959,"caption":"Cam\u00e4l\u00e9on"},"image":{"@id":"https:\/\/www.camaeleon.org\/de\/#\/schema\/logo\/image\/"},"sameAs":["https:\/\/www.facebook.com\/camaeleon.org\/","https:\/\/x.com\/camaeleonOrg","https:\/\/www.instagram.com\/camaeleon.dfg\/","https:\/\/www.youtube.com\/channel\/UCl3TAUDdGuu_c7CD6ax6hYg"]},{"@type":"Person","@id":"https:\/\/www.camaeleon.org\/de\/#\/schema\/person\/dd0f967fbb3e83b7328b2151e63e7ded","name":"Philip Thiel","image":{"@type":"ImageObject","inLanguage":"de","@id":"https:\/\/www.camaeleon.org\/de\/wp-content\/uploads\/2011\/07\/IMG_4287-120x120.jpgeb2140e9305853359e7bb8d5b01fc378","url":"https:\/\/www.camaeleon.org\/wp-content\/uploads\/2011\/07\/IMG_4287-120x120.jpg","contentUrl":"https:\/\/www.camaeleon.org\/wp-content\/uploads\/2011\/07\/IMG_4287-120x120.jpg","caption":"Philip Thiel"},"url":"https:\/\/www.camaeleon.org\/de\/author\/philip-thiel\/"}]}},"_links":{"self":[{"href":"https:\/\/www.camaeleon.org\/de\/wp-json\/wp\/v2\/posts\/13023","targetHints":{"allow":["GET"]}}],"collection":[{"href":"https:\/\/www.camaeleon.org\/de\/wp-json\/wp\/v2\/posts"}],"about":[{"href":"https:\/\/www.camaeleon.org\/de\/wp-json\/wp\/v2\/types\/post"}],"author":[{"embeddable":true,"href":"https:\/\/www.camaeleon.org\/de\/wp-json\/wp\/v2\/users\/100"}],"replies":[{"embeddable":true,"href":"https:\/\/www.camaeleon.org\/de\/wp-json\/wp\/v2\/comments?post=13023"}],"version-history":[{"count":0,"href":"https:\/\/www.camaeleon.org\/de\/wp-json\/wp\/v2\/posts\/13023\/revisions"}],"wp:featuredmedia":[{"embeddable":true,"href":"https:\/\/www.camaeleon.org\/de\/wp-json\/wp\/v2\/media\/13081"}],"wp:attachment":[{"href":"https:\/\/www.camaeleon.org\/de\/wp-json\/wp\/v2\/media?parent=13023"}],"wp:term":[{"taxonomy":"category","embeddable":true,"href":"https:\/\/www.camaeleon.org\/de\/wp-json\/wp\/v2\/categories?post=13023"},{"taxonomy":"post_tag","embeddable":true,"href":"https:\/\/www.camaeleon.org\/de\/wp-json\/wp\/v2\/tags?post=13023"},{"taxonomy":"author","embeddable":true,"href":"https:\/\/www.camaeleon.org\/de\/wp-json\/wp\/v2\/coauthors?post=13023"}],"curies":[{"name":"wp","href":"https:\/\/api.w.org\/{rel}","templated":true}]}}