{"id":1269,"date":"2011-11-30T19:51:10","date_gmt":"2011-11-30T18:51:10","guid":{"rendered":"http:\/\/www.camaeleon.org\/?p=1269"},"modified":"2020-12-23T18:49:13","modified_gmt":"2020-12-23T17:49:13","slug":"journee-mondiale-de-lutte-contre-le-sida-2011-quelle-est-votre-affiche-preferee","status":"publish","type":"post","link":"https:\/\/www.camaeleon.org\/de\/2011\/11\/30\/journee-mondiale-de-lutte-contre-le-sida-2011-quelle-est-votre-affiche-preferee\/","title":{"rendered":"Welt-AIDS-Tag 2011: Welches Poster ist euer Favorit?"},"content":{"rendered":"<p>Am 1. Dezember fand der Welt-AIDS-Tag statt. In diesem Rahmen haben Sch\u00fclerinnen und Sch\u00fcler der Klassenstufe 9 an Entw\u00fcrfen f\u00fcr Poster gearbeitet, die die Arbeit des Vereins<a href=\"http:\/\/www.dessinelespoir.org\/\"> &#8222;Dessine l&#8217;Espoir \/ Designing Hope&#8220;<\/a> unterst\u00fctzen sollen. W\u00e4hlt hier unter den Postern euren Favoriten und unterst\u00fctzt den Verein. Jede Stimme z\u00e4hlt!<\/p>\n<figure id=\"attachment_1574\" aria-describedby=\"caption-attachment-1574\" style=\"width: 150px\" class=\"wp-caption alignleft\"><a href=\"https:\/\/www.camaeleon.org\/wp-content\/uploads\/2011\/11\/1.jpg\"><img loading=\"lazy\" decoding=\"async\" class=\"size-thumbnail wp-image-1574\" title=\"World AIDS Day Poster 1\" src=\"https:\/\/www.camaeleon.org\/wp-content\/uploads\/2011\/11\/1-150x150.jpg\" alt=\"World AIDS Day Poster 1\" width=\"150\" height=\"150\" \/><\/a><figcaption id=\"caption-attachment-1574\" class=\"wp-caption-text\">1<\/figcaption><\/figure>\n<figure id=\"attachment_1575\" aria-describedby=\"caption-attachment-1575\" style=\"width: 150px\" class=\"wp-caption alignleft\"><a href=\"https:\/\/www.camaeleon.org\/wp-content\/uploads\/2011\/11\/2.jpg\"><img loading=\"lazy\" decoding=\"async\" class=\"size-thumbnail wp-image-1575\" title=\"World AIDS Day Poster 2\" src=\"https:\/\/www.camaeleon.org\/wp-content\/uploads\/2011\/11\/2-150x150.jpg\" alt=\"World AIDS Day Poster 2\" width=\"150\" height=\"150\" srcset=\"https:\/\/www.camaeleon.org\/wp-content\/uploads\/2011\/11\/2-150x150.jpg 150w, https:\/\/www.camaeleon.org\/wp-content\/uploads\/2011\/11\/2-50x50.jpg 50w\" sizes=\"auto, (max-width: 150px) 100vw, 150px\" \/><\/a><figcaption id=\"caption-attachment-1575\" class=\"wp-caption-text\">2<\/figcaption><\/figure>\n<figure id=\"attachment_1576\" aria-describedby=\"caption-attachment-1576\" style=\"width: 150px\" class=\"wp-caption alignleft\"><a href=\"https:\/\/www.camaeleon.org\/wp-content\/uploads\/2011\/11\/3.jpg\"><img loading=\"lazy\" decoding=\"async\" class=\"size-thumbnail wp-image-1576\" title=\"World AIDS Day Poster 3\" src=\"https:\/\/www.camaeleon.org\/wp-content\/uploads\/2011\/11\/3-150x150.jpg\" alt=\"World AIDS Day Poster 3\" width=\"150\" height=\"150\" srcset=\"https:\/\/www.camaeleon.org\/wp-content\/uploads\/2011\/11\/3-150x150.jpg 150w, https:\/\/www.camaeleon.org\/wp-content\/uploads\/2011\/11\/3-50x50.jpg 50w\" sizes=\"auto, (max-width: 150px) 100vw, 150px\" \/><\/a><figcaption id=\"caption-attachment-1576\" class=\"wp-caption-text\">3<\/figcaption><\/figure>\n<figure id=\"attachment_1577\" aria-describedby=\"caption-attachment-1577\" style=\"width: 150px\" class=\"wp-caption alignleft\"><a href=\"https:\/\/www.camaeleon.org\/wp-content\/uploads\/2011\/11\/4.jpg\"><img loading=\"lazy\" decoding=\"async\" class=\"size-thumbnail wp-image-1577\" title=\"World AIDS Day Poster 4\" src=\"https:\/\/www.camaeleon.org\/wp-content\/uploads\/2011\/11\/4-150x150.jpg\" alt=\"World AIDS Day Poster 4\" width=\"150\" height=\"150\" srcset=\"https:\/\/www.camaeleon.org\/wp-content\/uploads\/2011\/11\/4-150x150.jpg 150w, https:\/\/www.camaeleon.org\/wp-content\/uploads\/2011\/11\/4-50x50.jpg 50w\" sizes=\"auto, (max-width: 150px) 100vw, 150px\" \/><\/a><figcaption id=\"caption-attachment-1577\" class=\"wp-caption-text\">4<\/figcaption><\/figure>\n<figure id=\"attachment_1578\" aria-describedby=\"caption-attachment-1578\" style=\"width: 150px\" class=\"wp-caption alignleft\"><a href=\"https:\/\/www.camaeleon.org\/wp-content\/uploads\/2011\/11\/5.jpg\"><img loading=\"lazy\" decoding=\"async\" class=\"size-thumbnail wp-image-1578\" title=\"World AIDS Day Poster 5\" src=\"https:\/\/www.camaeleon.org\/wp-content\/uploads\/2011\/11\/5-150x150.jpg\" alt=\"World AIDS Day Poster 5\" width=\"150\" height=\"150\" srcset=\"https:\/\/www.camaeleon.org\/wp-content\/uploads\/2011\/11\/5-150x150.jpg 150w, https:\/\/www.camaeleon.org\/wp-content\/uploads\/2011\/11\/5-50x50.jpg 50w\" sizes=\"auto, (max-width: 150px) 100vw, 150px\" \/><\/a><figcaption id=\"caption-attachment-1578\" class=\"wp-caption-text\">5<\/figcaption><\/figure>\n<figure id=\"attachment_1579\" aria-describedby=\"caption-attachment-1579\" style=\"width: 150px\" class=\"wp-caption alignleft\"><a href=\"https:\/\/www.camaeleon.org\/wp-content\/uploads\/2011\/11\/6.jpg\"><img loading=\"lazy\" decoding=\"async\" class=\"size-thumbnail wp-image-1579\" title=\"World AIDS Day Poster 6\" src=\"https:\/\/www.camaeleon.org\/wp-content\/uploads\/2011\/11\/6-150x150.jpg\" alt=\"World AIDS Day Poster 6\" width=\"150\" height=\"150\" srcset=\"https:\/\/www.camaeleon.org\/wp-content\/uploads\/2011\/11\/6-150x150.jpg 150w, https:\/\/www.camaeleon.org\/wp-content\/uploads\/2011\/11\/6-50x50.jpg 50w\" sizes=\"auto, (max-width: 150px) 100vw, 150px\" \/><\/a><figcaption id=\"caption-attachment-1579\" class=\"wp-caption-text\">6<\/figcaption><\/figure>\n<figure id=\"attachment_1580\" aria-describedby=\"caption-attachment-1580\" style=\"width: 150px\" class=\"wp-caption alignleft\"><a href=\"https:\/\/www.camaeleon.org\/wp-content\/uploads\/2011\/11\/7.jpg\"><img loading=\"lazy\" decoding=\"async\" class=\"size-thumbnail wp-image-1580\" title=\"World AIDS Day Poster 7\" src=\"https:\/\/www.camaeleon.org\/wp-content\/uploads\/2011\/11\/7-150x150.jpg\" alt=\"World AIDS Day Poster 7\" width=\"150\" height=\"150\" srcset=\"https:\/\/www.camaeleon.org\/wp-content\/uploads\/2011\/11\/7-150x150.jpg 150w, https:\/\/www.camaeleon.org\/wp-content\/uploads\/2011\/11\/7-50x50.jpg 50w\" sizes=\"auto, (max-width: 150px) 100vw, 150px\" \/><\/a><figcaption id=\"caption-attachment-1580\" class=\"wp-caption-text\">7<\/figcaption><\/figure>\n<figure id=\"attachment_1581\" aria-describedby=\"caption-attachment-1581\" style=\"width: 150px\" class=\"wp-caption alignleft\"><a href=\"https:\/\/www.camaeleon.org\/wp-content\/uploads\/2011\/11\/8.jpg\"><img loading=\"lazy\" decoding=\"async\" class=\"size-thumbnail wp-image-1581\" title=\"World AIDS Day Poster 8\" src=\"https:\/\/www.camaeleon.org\/wp-content\/uploads\/2011\/11\/8-150x150.jpg\" alt=\"World AIDS Day Poster 8\" width=\"150\" height=\"150\" srcset=\"https:\/\/www.camaeleon.org\/wp-content\/uploads\/2011\/11\/8-150x150.jpg 150w, https:\/\/www.camaeleon.org\/wp-content\/uploads\/2011\/11\/8-50x50.jpg 50w\" sizes=\"auto, (max-width: 150px) 100vw, 150px\" \/><\/a><figcaption id=\"caption-attachment-1581\" class=\"wp-caption-text\">8<\/figcaption><\/figure>\n<figure id=\"attachment_1582\" aria-describedby=\"caption-attachment-1582\" style=\"width: 150px\" class=\"wp-caption alignleft\"><a href=\"https:\/\/www.camaeleon.org\/wp-content\/uploads\/2011\/11\/9.jpg\"><img loading=\"lazy\" decoding=\"async\" class=\"size-thumbnail wp-image-1582\" title=\"World AIDS Day Poster 9\" src=\"https:\/\/www.camaeleon.org\/wp-content\/uploads\/2011\/11\/9-150x150.jpg\" alt=\"World AIDS Day Poster 9\" width=\"150\" height=\"150\" \/><\/a><figcaption id=\"caption-attachment-1582\" class=\"wp-caption-text\">9<\/figcaption><\/figure>\n<figure id=\"attachment_1583\" aria-describedby=\"caption-attachment-1583\" style=\"width: 150px\" class=\"wp-caption alignleft\"><a href=\"https:\/\/www.camaeleon.org\/wp-content\/uploads\/2011\/11\/10.jpg\"><img loading=\"lazy\" decoding=\"async\" class=\"size-thumbnail wp-image-1583\" title=\"World AIDS Day Poster 10\" src=\"https:\/\/www.camaeleon.org\/wp-content\/uploads\/2011\/11\/10-150x150.jpg\" alt=\"World AIDS Day Poster 10\" width=\"150\" height=\"150\" srcset=\"https:\/\/www.camaeleon.org\/wp-content\/uploads\/2011\/11\/10-150x150.jpg 150w, https:\/\/www.camaeleon.org\/wp-content\/uploads\/2011\/11\/10-50x50.jpg 50w\" sizes=\"auto, (max-width: 150px) 100vw, 150px\" \/><\/a><figcaption id=\"caption-attachment-1583\" class=\"wp-caption-text\">10<\/figcaption><\/figure>\n<figure id=\"attachment_1651\" aria-describedby=\"caption-attachment-1651\" style=\"width: 150px\" class=\"wp-caption alignleft\"><a href=\"https:\/\/www.camaeleon.org\/wp-content\/uploads\/2011\/11\/11-e1322754311931.jpg\"><img loading=\"lazy\" decoding=\"async\" class=\"size-thumbnail wp-image-1651\" title=\"World AIDS Day Poster 11\" src=\"https:\/\/www.camaeleon.org\/wp-content\/uploads\/2011\/11\/11-150x150.jpg\" alt=\"World AIDS Day Poster 11\" width=\"150\" height=\"150\" \/><\/a><figcaption id=\"caption-attachment-1651\" class=\"wp-caption-text\">11<\/figcaption><\/figure>\n<figure id=\"attachment_1701\" aria-describedby=\"caption-attachment-1701\" style=\"width: 150px\" class=\"wp-caption alignleft\"><a href=\"https:\/\/www.camaeleon.org\/wp-content\/uploads\/2011\/11\/12.jpg\"><img loading=\"lazy\" decoding=\"async\" class=\"size-thumbnail wp-image-1701 \" title=\"World AIDS Day Poster 12\" src=\"https:\/\/www.camaeleon.org\/wp-content\/uploads\/2011\/11\/12-150x150.jpg\" alt=\"World AIDS Day Poster 12\" width=\"150\" height=\"150\" srcset=\"https:\/\/www.camaeleon.org\/wp-content\/uploads\/2011\/11\/12-150x150.jpg 150w, https:\/\/www.camaeleon.org\/wp-content\/uploads\/2011\/11\/12-50x50.jpg 50w\" sizes=\"auto, (max-width: 150px) 100vw, 150px\" \/><\/a><figcaption id=\"caption-attachment-1701\" class=\"wp-caption-text\">12<\/figcaption><\/figure>\n<p><div id=\"polls-27\" class=\"wp-polls\">\n\t\t<p style=\"text-align: left\"><strong>Welches Poster ist euer Favorit? - Quelle est votre affiche pr\u00e9f\u00e9r\u00e9e ?<\/strong><\/p><div id=\"polls-27-ans\" class=\"wp-polls-ans\"><ul class=\"wp-polls-ul\"><br>\n\t\t<li>9 <small>(19%)<\/small><div class=\"pollbar\" style=\"width: 19%\" title=\"9 (19% | 54 Votes)\"><\/div><\/li><br>\n\t\t<li>6 <small>(18%)<\/small><div class=\"pollbar\" style=\"width: 18%\" title=\"6 (18% | 51 Votes)\"><\/div><\/li><br>\n\t\t<li>10 <small>(15%)<\/small><div class=\"pollbar\" style=\"width: 15%\" title=\"10 (15% | 43 Votes)\"><\/div><\/li><br>\n\t\t<li>7 <small>(9%)<\/small><div class=\"pollbar\" style=\"width: 9%\" title=\"7 (9% | 27 Votes)\"><\/div><\/li><br>\n\t\t<li>3 <small>(9%)<\/small><div class=\"pollbar\" style=\"width: 9%\" title=\"3 (9% | 25 Votes)\"><\/div><\/li><br>\n\t\t<li>4 <small>(8%)<\/small><div class=\"pollbar\" style=\"width: 8%\" title=\"4 (8% | 24 Votes)\"><\/div><\/li><br>\n\t\t<li>12 <small>(7%)<\/small><div class=\"pollbar\" style=\"width: 7%\" title=\"12 (7% | 21 Votes)\"><\/div><\/li><br>\n\t\t<li>11 <small>(6%)<\/small><div class=\"pollbar\" style=\"width: 6%\" title=\"11 (6% | 18 Votes)\"><\/div><\/li><br>\n\t\t<li>2 <small>(6%)<\/small><div class=\"pollbar\" style=\"width: 6%\" title=\"2 (6% | 17 Votes)\"><\/div><\/li><br>\n\t\t<li>1 <small>(3%)<\/small><div class=\"pollbar\" style=\"width: 3%\" title=\"1 (3% | 8 Votes)\"><\/div><\/li><br>\n\t\t<li>8 <small>(0%)<\/small><div class=\"pollbar\" style=\"width: 0%\" title=\"8 (0% | 1 Votes)\"><\/div><\/li><br>\n\t\t<li>5 <small>(0%)<\/small><div class=\"pollbar\" style=\"width: 0%\" title=\"5 (0% | 1 Votes)\"><\/div><\/li><br>\n\t\t\n\t\t<input type=\"hidden\" id=\"poll_27_nonce\" name=\"wp-polls-nonce\" value=\"bb4e6f2f27\" \/>\n<\/div>\n<div id=\"polls-27-loading\" class=\"wp-polls-loading\"><img loading=\"lazy\" decoding=\"async\" src=\"https:\/\/www.camaeleon.org\/wp-content\/plugins\/wp-polls\/images\/loading.gif\" width=\"16\" height=\"16\" alt=\"Wird geladen ...\" title=\"Wird geladen ...\" class=\"wp-polls-image\" \/>&nbsp;Wird geladen ...<\/div>\n<\/p>","protected":false},"excerpt":{"rendered":"<p>Am 1. Dezember fand der Welt-AIDS-Tag statt. In diesem Rahmen haben Sch\u00fclerinnen und Sch\u00fcler der Klassenstufe 9 an Entw\u00fcrfen f\u00fcr Poster gearbeitet, die die Arbeit<\/p>\n","protected":false},"author":112,"featured_media":1574,"comment_status":"open","ping_status":"open","sticky":false,"template":"","format":"standard","meta":{"colormag_page_container_layout":"default_layout","colormag_page_sidebar_layout":"default_layout","footnotes":""},"categories":[5,6],"tags":[426,388,427,1276,428],"coauthors":[748],"class_list":["post-1269","post","type-post","status-publish","format-standard","has-post-thumbnail","hentry","category-monde","category-vie","tag-aids","tag-gesundheit","tag-kunst","tag-sida","tag-wettbewerb"],"yoast_head":"<!-- This site is optimized with the Yoast SEO plugin v27.5 - https:\/\/yoast.com\/product\/yoast-seo-wordpress\/ -->\n<title>Welt-AIDS-Tag 2011: Welches Poster ist euer Favorit? - Cam\u00e4l\u00e9on<\/title>\n<meta name=\"description\" content=\"Am 1. Dezember fand der Welt-AIDS-Tag statt. In diesem Rahmen haben Sch\u00fclerinnen und Sch\u00fcler der Klassenstufe 9 an Entw\u00fcrfen f\u00fcr Poster gearbeitet.\" \/>\n<meta name=\"robots\" content=\"index, follow, max-snippet:-1, max-image-preview:large, max-video-preview:-1\" \/>\n<link rel=\"canonical\" href=\"https:\/\/www.camaeleon.org\/de\/2011\/11\/30\/journee-mondiale-de-lutte-contre-le-sida-2011-quelle-est-votre-affiche-preferee\/\" \/>\n<meta property=\"og:locale\" content=\"de_DE\" \/>\n<meta property=\"og:type\" content=\"article\" \/>\n<meta property=\"og:title\" content=\"Welt-AIDS-Tag 2011: Welches Poster ist euer Favorit? - Cam\u00e4l\u00e9on\" \/>\n<meta property=\"og:description\" content=\"Am 1. Dezember fand der Welt-AIDS-Tag statt. In diesem Rahmen haben Sch\u00fclerinnen und Sch\u00fcler der Klassenstufe 9 an Entw\u00fcrfen f\u00fcr Poster gearbeitet.\" \/>\n<meta property=\"og:url\" content=\"https:\/\/www.camaeleon.org\/de\/2011\/11\/30\/journee-mondiale-de-lutte-contre-le-sida-2011-quelle-est-votre-affiche-preferee\/\" \/>\n<meta property=\"og:site_name\" content=\"Cam\u00e4l\u00e9on\" \/>\n<meta property=\"article:publisher\" content=\"https:\/\/www.facebook.com\/camaeleon.org\/\" \/>\n<meta property=\"article:published_time\" content=\"2011-11-30T18:51:10+00:00\" \/>\n<meta property=\"article:modified_time\" content=\"2020-12-23T17:49:13+00:00\" \/>\n<meta property=\"og:image\" content=\"https:\/\/www.camaeleon.org\/wp-content\/uploads\/2011\/11\/1.jpg\" \/>\n\t<meta property=\"og:image:width\" content=\"616\" \/>\n\t<meta property=\"og:image:height\" content=\"800\" \/>\n\t<meta property=\"og:image:type\" content=\"image\/jpeg\" \/>\n<meta name=\"author\" content=\"Camaeleon\" \/>\n<meta name=\"twitter:card\" content=\"summary_large_image\" \/>\n<meta name=\"twitter:creator\" content=\"@camaeleonOrg\" \/>\n<meta name=\"twitter:site\" content=\"@camaeleonOrg\" \/>\n<script type=\"application\/ld+json\" class=\"yoast-schema-graph\">{\"@context\":\"https:\\\/\\\/schema.org\",\"@graph\":[{\"@type\":\"Article\",\"@id\":\"https:\\\/\\\/www.camaeleon.org\\\/de\\\/2011\\\/11\\\/30\\\/journee-mondiale-de-lutte-contre-le-sida-2011-quelle-est-votre-affiche-preferee\\\/#article\",\"isPartOf\":{\"@id\":\"https:\\\/\\\/www.camaeleon.org\\\/de\\\/2011\\\/11\\\/30\\\/journee-mondiale-de-lutte-contre-le-sida-2011-quelle-est-votre-affiche-preferee\\\/\"},\"author\":{\"name\":\"Camaeleon\",\"@id\":\"https:\\\/\\\/www.camaeleon.org\\\/de\\\/#\\\/schema\\\/person\\\/60395ed8f80aa90ba2fd3b59ba600065\"},\"headline\":\"Welt-AIDS-Tag 2011: Welches Poster ist euer Favorit?\",\"datePublished\":\"2011-11-30T18:51:10+00:00\",\"dateModified\":\"2020-12-23T17:49:13+00:00\",\"mainEntityOfPage\":{\"@id\":\"https:\\\/\\\/www.camaeleon.org\\\/de\\\/2011\\\/11\\\/30\\\/journee-mondiale-de-lutte-contre-le-sida-2011-quelle-est-votre-affiche-preferee\\\/\"},\"wordCount\":480,\"commentCount\":24,\"publisher\":{\"@id\":\"https:\\\/\\\/www.camaeleon.org\\\/de\\\/#organization\"},\"image\":{\"@id\":\"https:\\\/\\\/www.camaeleon.org\\\/de\\\/2011\\\/11\\\/30\\\/journee-mondiale-de-lutte-contre-le-sida-2011-quelle-est-votre-affiche-preferee\\\/#primaryimage\"},\"thumbnailUrl\":\"https:\\\/\\\/www.camaeleon.org\\\/wp-content\\\/uploads\\\/2011\\\/11\\\/1.jpg\",\"keywords\":[\"AIDS\",\"Gesundheit\",\"Kunst\",\"sida\",\"Wettbewerb\"],\"articleSection\":[\"Welt\",\"Leben\"],\"inLanguage\":\"de\",\"potentialAction\":[{\"@type\":\"CommentAction\",\"name\":\"Comment\",\"target\":[\"https:\\\/\\\/www.camaeleon.org\\\/de\\\/2011\\\/11\\\/30\\\/journee-mondiale-de-lutte-contre-le-sida-2011-quelle-est-votre-affiche-preferee\\\/#respond\"]}]},{\"@type\":\"WebPage\",\"@id\":\"https:\\\/\\\/www.camaeleon.org\\\/de\\\/2011\\\/11\\\/30\\\/journee-mondiale-de-lutte-contre-le-sida-2011-quelle-est-votre-affiche-preferee\\\/\",\"url\":\"https:\\\/\\\/www.camaeleon.org\\\/de\\\/2011\\\/11\\\/30\\\/journee-mondiale-de-lutte-contre-le-sida-2011-quelle-est-votre-affiche-preferee\\\/\",\"name\":\"Welt-AIDS-Tag 2011: Welches Poster ist euer Favorit? - Cam\u00e4l\u00e9on\",\"isPartOf\":{\"@id\":\"https:\\\/\\\/www.camaeleon.org\\\/de\\\/#website\"},\"primaryImageOfPage\":{\"@id\":\"https:\\\/\\\/www.camaeleon.org\\\/de\\\/2011\\\/11\\\/30\\\/journee-mondiale-de-lutte-contre-le-sida-2011-quelle-est-votre-affiche-preferee\\\/#primaryimage\"},\"image\":{\"@id\":\"https:\\\/\\\/www.camaeleon.org\\\/de\\\/2011\\\/11\\\/30\\\/journee-mondiale-de-lutte-contre-le-sida-2011-quelle-est-votre-affiche-preferee\\\/#primaryimage\"},\"thumbnailUrl\":\"https:\\\/\\\/www.camaeleon.org\\\/wp-content\\\/uploads\\\/2011\\\/11\\\/1.jpg\",\"datePublished\":\"2011-11-30T18:51:10+00:00\",\"dateModified\":\"2020-12-23T17:49:13+00:00\",\"description\":\"Am 1. Dezember fand der Welt-AIDS-Tag statt. In diesem Rahmen haben Sch\u00fclerinnen und Sch\u00fcler der Klassenstufe 9 an Entw\u00fcrfen f\u00fcr Poster gearbeitet.\",\"breadcrumb\":{\"@id\":\"https:\\\/\\\/www.camaeleon.org\\\/de\\\/2011\\\/11\\\/30\\\/journee-mondiale-de-lutte-contre-le-sida-2011-quelle-est-votre-affiche-preferee\\\/#breadcrumb\"},\"inLanguage\":\"de\",\"potentialAction\":[{\"@type\":\"ReadAction\",\"target\":[[\"https:\\\/\\\/www.camaeleon.org\\\/de\\\/2011\\\/11\\\/30\\\/journee-mondiale-de-lutte-contre-le-sida-2011-quelle-est-votre-affiche-preferee\\\/\"]]}]},{\"@type\":\"ImageObject\",\"inLanguage\":\"de\",\"@id\":\"https:\\\/\\\/www.camaeleon.org\\\/de\\\/2011\\\/11\\\/30\\\/journee-mondiale-de-lutte-contre-le-sida-2011-quelle-est-votre-affiche-preferee\\\/#primaryimage\",\"url\":\"https:\\\/\\\/www.camaeleon.org\\\/wp-content\\\/uploads\\\/2011\\\/11\\\/1.jpg\",\"contentUrl\":\"https:\\\/\\\/www.camaeleon.org\\\/wp-content\\\/uploads\\\/2011\\\/11\\\/1.jpg\",\"width\":\"616\",\"height\":\"800\",\"caption\":\"1\"},{\"@type\":\"BreadcrumbList\",\"@id\":\"https:\\\/\\\/www.camaeleon.org\\\/de\\\/2011\\\/11\\\/30\\\/journee-mondiale-de-lutte-contre-le-sida-2011-quelle-est-votre-affiche-preferee\\\/#breadcrumb\",\"itemListElement\":[{\"@type\":\"ListItem\",\"position\":1,\"name\":\"Home\",\"item\":\"https:\\\/\\\/www.camaeleon.org\\\/de\\\/\"},{\"@type\":\"ListItem\",\"position\":2,\"name\":\"Welt-AIDS-Tag 2011: Welches Poster ist euer Favorit?\"}]},{\"@type\":\"WebSite\",\"@id\":\"https:\\\/\\\/www.camaeleon.org\\\/de\\\/#website\",\"url\":\"https:\\\/\\\/www.camaeleon.org\\\/de\\\/\",\"name\":\"Cam\u00e4l\u00e9on\",\"description\":\"Das Sch\u00fclermagazin des Deutsch-Franz\u00f6sischen Gymnasiums Saarbr\u00fccken\",\"publisher\":{\"@id\":\"https:\\\/\\\/www.camaeleon.org\\\/de\\\/#organization\"},\"potentialAction\":[{\"@type\":\"SearchAction\",\"target\":{\"@type\":\"EntryPoint\",\"urlTemplate\":\"https:\\\/\\\/www.camaeleon.org\\\/de\\\/?s={search_term_string}\"},\"query-input\":{\"@type\":\"PropertyValueSpecification\",\"valueRequired\":true,\"valueName\":\"search_term_string\"}}],\"inLanguage\":\"de\"},{\"@type\":\"Organization\",\"@id\":\"https:\\\/\\\/www.camaeleon.org\\\/de\\\/#organization\",\"name\":\"Cam\u00e4l\u00e9on\",\"url\":\"https:\\\/\\\/www.camaeleon.org\\\/de\\\/\",\"logo\":{\"@type\":\"ImageObject\",\"inLanguage\":\"de\",\"@id\":\"https:\\\/\\\/www.camaeleon.org\\\/de\\\/#\\\/schema\\\/logo\\\/image\\\/\",\"url\":\"https:\\\/\\\/www.camaeleon.org\\\/wp-content\\\/uploads\\\/2011\\\/11\\\/CAM\u00c4LEON.jpg\",\"contentUrl\":\"https:\\\/\\\/www.camaeleon.org\\\/wp-content\\\/uploads\\\/2011\\\/11\\\/CAM\u00c4LEON.jpg\",\"width\":959,\"height\":959,\"caption\":\"Cam\u00e4l\u00e9on\"},\"image\":{\"@id\":\"https:\\\/\\\/www.camaeleon.org\\\/de\\\/#\\\/schema\\\/logo\\\/image\\\/\"},\"sameAs\":[\"https:\\\/\\\/www.facebook.com\\\/camaeleon.org\\\/\",\"https:\\\/\\\/x.com\\\/camaeleonOrg\",\"https:\\\/\\\/www.instagram.com\\\/camaeleon.dfg\\\/\",\"https:\\\/\\\/www.youtube.com\\\/channel\\\/UCl3TAUDdGuu_c7CD6ax6hYg\"]},{\"@type\":\"Person\",\"@id\":\"https:\\\/\\\/www.camaeleon.org\\\/de\\\/#\\\/schema\\\/person\\\/60395ed8f80aa90ba2fd3b59ba600065\",\"name\":\"Camaeleon\",\"image\":{\"@type\":\"ImageObject\",\"inLanguage\":\"de\",\"@id\":\"https:\\\/\\\/www.camaeleon.org\\\/de\\\/wp-content\\\/uploads\\\/2021\\\/10\\\/android-chrome-192x192-1-150x150.pngc02040f5fb6e1c5fd767b6cfe6c8be66\",\"url\":\"https:\\\/\\\/www.camaeleon.org\\\/wp-content\\\/uploads\\\/2021\\\/10\\\/android-chrome-192x192-1-150x150.png\",\"contentUrl\":\"https:\\\/\\\/www.camaeleon.org\\\/wp-content\\\/uploads\\\/2021\\\/10\\\/android-chrome-192x192-1-150x150.png\",\"caption\":\"Camaeleon\"},\"url\":\"https:\\\/\\\/www.camaeleon.org\\\/de\\\/author\\\/camaeleon\\\/\"}]}<\/script>\n<!-- \/ Yoast SEO plugin. -->","yoast_head_json":{"title":"Welt-AIDS-Tag 2011: Welches Poster ist euer Favorit? - Cam\u00e4l\u00e9on","description":"Am 1. Dezember fand der Welt-AIDS-Tag statt. In diesem Rahmen haben Sch\u00fclerinnen und Sch\u00fcler der Klassenstufe 9 an Entw\u00fcrfen f\u00fcr Poster gearbeitet.","robots":{"index":"index","follow":"follow","max-snippet":"max-snippet:-1","max-image-preview":"max-image-preview:large","max-video-preview":"max-video-preview:-1"},"canonical":"https:\/\/www.camaeleon.org\/de\/2011\/11\/30\/journee-mondiale-de-lutte-contre-le-sida-2011-quelle-est-votre-affiche-preferee\/","og_locale":"de_DE","og_type":"article","og_title":"Welt-AIDS-Tag 2011: Welches Poster ist euer Favorit? - Cam\u00e4l\u00e9on","og_description":"Am 1. Dezember fand der Welt-AIDS-Tag statt. In diesem Rahmen haben Sch\u00fclerinnen und Sch\u00fcler der Klassenstufe 9 an Entw\u00fcrfen f\u00fcr Poster gearbeitet.","og_url":"https:\/\/www.camaeleon.org\/de\/2011\/11\/30\/journee-mondiale-de-lutte-contre-le-sida-2011-quelle-est-votre-affiche-preferee\/","og_site_name":"Cam\u00e4l\u00e9on","article_publisher":"https:\/\/www.facebook.com\/camaeleon.org\/","article_published_time":"2011-11-30T18:51:10+00:00","article_modified_time":"2020-12-23T17:49:13+00:00","og_image":[{"width":616,"height":800,"url":"https:\/\/www.camaeleon.org\/wp-content\/uploads\/2011\/11\/1.jpg","type":"image\/jpeg"}],"author":"Camaeleon","twitter_card":"summary_large_image","twitter_creator":"@camaeleonOrg","twitter_site":"@camaeleonOrg","schema":{"@context":"https:\/\/schema.org","@graph":[{"@type":"Article","@id":"https:\/\/www.camaeleon.org\/de\/2011\/11\/30\/journee-mondiale-de-lutte-contre-le-sida-2011-quelle-est-votre-affiche-preferee\/#article","isPartOf":{"@id":"https:\/\/www.camaeleon.org\/de\/2011\/11\/30\/journee-mondiale-de-lutte-contre-le-sida-2011-quelle-est-votre-affiche-preferee\/"},"author":{"name":"Camaeleon","@id":"https:\/\/www.camaeleon.org\/de\/#\/schema\/person\/60395ed8f80aa90ba2fd3b59ba600065"},"headline":"Welt-AIDS-Tag 2011: Welches Poster ist euer Favorit?","datePublished":"2011-11-30T18:51:10+00:00","dateModified":"2020-12-23T17:49:13+00:00","mainEntityOfPage":{"@id":"https:\/\/www.camaeleon.org\/de\/2011\/11\/30\/journee-mondiale-de-lutte-contre-le-sida-2011-quelle-est-votre-affiche-preferee\/"},"wordCount":480,"commentCount":24,"publisher":{"@id":"https:\/\/www.camaeleon.org\/de\/#organization"},"image":{"@id":"https:\/\/www.camaeleon.org\/de\/2011\/11\/30\/journee-mondiale-de-lutte-contre-le-sida-2011-quelle-est-votre-affiche-preferee\/#primaryimage"},"thumbnailUrl":"https:\/\/www.camaeleon.org\/wp-content\/uploads\/2011\/11\/1.jpg","keywords":["AIDS","Gesundheit","Kunst","sida","Wettbewerb"],"articleSection":["Welt","Leben"],"inLanguage":"de","potentialAction":[{"@type":"CommentAction","name":"Comment","target":["https:\/\/www.camaeleon.org\/de\/2011\/11\/30\/journee-mondiale-de-lutte-contre-le-sida-2011-quelle-est-votre-affiche-preferee\/#respond"]}]},{"@type":"WebPage","@id":"https:\/\/www.camaeleon.org\/de\/2011\/11\/30\/journee-mondiale-de-lutte-contre-le-sida-2011-quelle-est-votre-affiche-preferee\/","url":"https:\/\/www.camaeleon.org\/de\/2011\/11\/30\/journee-mondiale-de-lutte-contre-le-sida-2011-quelle-est-votre-affiche-preferee\/","name":"Welt-AIDS-Tag 2011: Welches Poster ist euer Favorit? - Cam\u00e4l\u00e9on","isPartOf":{"@id":"https:\/\/www.camaeleon.org\/de\/#website"},"primaryImageOfPage":{"@id":"https:\/\/www.camaeleon.org\/de\/2011\/11\/30\/journee-mondiale-de-lutte-contre-le-sida-2011-quelle-est-votre-affiche-preferee\/#primaryimage"},"image":{"@id":"https:\/\/www.camaeleon.org\/de\/2011\/11\/30\/journee-mondiale-de-lutte-contre-le-sida-2011-quelle-est-votre-affiche-preferee\/#primaryimage"},"thumbnailUrl":"https:\/\/www.camaeleon.org\/wp-content\/uploads\/2011\/11\/1.jpg","datePublished":"2011-11-30T18:51:10+00:00","dateModified":"2020-12-23T17:49:13+00:00","description":"Am 1. Dezember fand der Welt-AIDS-Tag statt. In diesem Rahmen haben Sch\u00fclerinnen und Sch\u00fcler der Klassenstufe 9 an Entw\u00fcrfen f\u00fcr Poster gearbeitet.","breadcrumb":{"@id":"https:\/\/www.camaeleon.org\/de\/2011\/11\/30\/journee-mondiale-de-lutte-contre-le-sida-2011-quelle-est-votre-affiche-preferee\/#breadcrumb"},"inLanguage":"de","potentialAction":[{"@type":"ReadAction","target":[["https:\/\/www.camaeleon.org\/de\/2011\/11\/30\/journee-mondiale-de-lutte-contre-le-sida-2011-quelle-est-votre-affiche-preferee\/"]]}]},{"@type":"ImageObject","inLanguage":"de","@id":"https:\/\/www.camaeleon.org\/de\/2011\/11\/30\/journee-mondiale-de-lutte-contre-le-sida-2011-quelle-est-votre-affiche-preferee\/#primaryimage","url":"https:\/\/www.camaeleon.org\/wp-content\/uploads\/2011\/11\/1.jpg","contentUrl":"https:\/\/www.camaeleon.org\/wp-content\/uploads\/2011\/11\/1.jpg","width":"616","height":"800","caption":"1"},{"@type":"BreadcrumbList","@id":"https:\/\/www.camaeleon.org\/de\/2011\/11\/30\/journee-mondiale-de-lutte-contre-le-sida-2011-quelle-est-votre-affiche-preferee\/#breadcrumb","itemListElement":[{"@type":"ListItem","position":1,"name":"Home","item":"https:\/\/www.camaeleon.org\/de\/"},{"@type":"ListItem","position":2,"name":"Welt-AIDS-Tag 2011: Welches Poster ist euer Favorit?"}]},{"@type":"WebSite","@id":"https:\/\/www.camaeleon.org\/de\/#website","url":"https:\/\/www.camaeleon.org\/de\/","name":"Cam\u00e4l\u00e9on","description":"Das Sch\u00fclermagazin des Deutsch-Franz\u00f6sischen Gymnasiums Saarbr\u00fccken","publisher":{"@id":"https:\/\/www.camaeleon.org\/de\/#organization"},"potentialAction":[{"@type":"SearchAction","target":{"@type":"EntryPoint","urlTemplate":"https:\/\/www.camaeleon.org\/de\/?s={search_term_string}"},"query-input":{"@type":"PropertyValueSpecification","valueRequired":true,"valueName":"search_term_string"}}],"inLanguage":"de"},{"@type":"Organization","@id":"https:\/\/www.camaeleon.org\/de\/#organization","name":"Cam\u00e4l\u00e9on","url":"https:\/\/www.camaeleon.org\/de\/","logo":{"@type":"ImageObject","inLanguage":"de","@id":"https:\/\/www.camaeleon.org\/de\/#\/schema\/logo\/image\/","url":"https:\/\/www.camaeleon.org\/wp-content\/uploads\/2011\/11\/CAM\u00c4LEON.jpg","contentUrl":"https:\/\/www.camaeleon.org\/wp-content\/uploads\/2011\/11\/CAM\u00c4LEON.jpg","width":959,"height":959,"caption":"Cam\u00e4l\u00e9on"},"image":{"@id":"https:\/\/www.camaeleon.org\/de\/#\/schema\/logo\/image\/"},"sameAs":["https:\/\/www.facebook.com\/camaeleon.org\/","https:\/\/x.com\/camaeleonOrg","https:\/\/www.instagram.com\/camaeleon.dfg\/","https:\/\/www.youtube.com\/channel\/UCl3TAUDdGuu_c7CD6ax6hYg"]},{"@type":"Person","@id":"https:\/\/www.camaeleon.org\/de\/#\/schema\/person\/60395ed8f80aa90ba2fd3b59ba600065","name":"Camaeleon","image":{"@type":"ImageObject","inLanguage":"de","@id":"https:\/\/www.camaeleon.org\/de\/wp-content\/uploads\/2021\/10\/android-chrome-192x192-1-150x150.pngc02040f5fb6e1c5fd767b6cfe6c8be66","url":"https:\/\/www.camaeleon.org\/wp-content\/uploads\/2021\/10\/android-chrome-192x192-1-150x150.png","contentUrl":"https:\/\/www.camaeleon.org\/wp-content\/uploads\/2021\/10\/android-chrome-192x192-1-150x150.png","caption":"Camaeleon"},"url":"https:\/\/www.camaeleon.org\/de\/author\/camaeleon\/"}]}},"_links":{"self":[{"href":"https:\/\/www.camaeleon.org\/de\/wp-json\/wp\/v2\/posts\/1269","targetHints":{"allow":["GET"]}}],"collection":[{"href":"https:\/\/www.camaeleon.org\/de\/wp-json\/wp\/v2\/posts"}],"about":[{"href":"https:\/\/www.camaeleon.org\/de\/wp-json\/wp\/v2\/types\/post"}],"author":[{"embeddable":true,"href":"https:\/\/www.camaeleon.org\/de\/wp-json\/wp\/v2\/users\/112"}],"replies":[{"embeddable":true,"href":"https:\/\/www.camaeleon.org\/de\/wp-json\/wp\/v2\/comments?post=1269"}],"version-history":[{"count":0,"href":"https:\/\/www.camaeleon.org\/de\/wp-json\/wp\/v2\/posts\/1269\/revisions"}],"wp:featuredmedia":[{"embeddable":true,"href":"https:\/\/www.camaeleon.org\/de\/wp-json\/wp\/v2\/media\/1574"}],"wp:attachment":[{"href":"https:\/\/www.camaeleon.org\/de\/wp-json\/wp\/v2\/media?parent=1269"}],"wp:term":[{"taxonomy":"category","embeddable":true,"href":"https:\/\/www.camaeleon.org\/de\/wp-json\/wp\/v2\/categories?post=1269"},{"taxonomy":"post_tag","embeddable":true,"href":"https:\/\/www.camaeleon.org\/de\/wp-json\/wp\/v2\/tags?post=1269"},{"taxonomy":"author","embeddable":true,"href":"https:\/\/www.camaeleon.org\/de\/wp-json\/wp\/v2\/coauthors?post=1269"}],"curies":[{"name":"wp","href":"https:\/\/api.w.org\/{rel}","templated":true}]}}