{"id":10897,"date":"2016-03-18T23:10:58","date_gmt":"2016-03-18T22:10:58","guid":{"rendered":"http:\/\/www.camaeleon.org\/?p=10897"},"modified":"2020-12-23T17:11:41","modified_gmt":"2020-12-23T16:11:41","slug":"keine-information-ueber-die-neue-schuelervertretung","status":"publish","type":"post","link":"https:\/\/www.camaeleon.org\/de\/2016\/03\/18\/keine-information-ueber-die-neue-schuelervertretung\/","title":{"rendered":"Neue DFG-Sch\u00fclervertretung sprachlos"},"content":{"rendered":"<figure id=\"attachment_11838\" aria-describedby=\"caption-attachment-11838\" style=\"width: 300px\" class=\"wp-caption alignright\"><a href=\"https:\/\/www.camaeleon.org\/wp-content\/uploads\/2016\/03\/sprachlos.jpg\" rel=\"attachment wp-att-11838\"><img loading=\"lazy\" decoding=\"async\" class=\"wp-image-11838 size-medium\" src=\"https:\/\/www.camaeleon.org\/wp-content\/uploads\/2016\/03\/sprachlos-300x200.jpg\" alt=\"Foto: Stefan Schweihofer \/ pixabay.com\" width=\"300\" height=\"200\" srcset=\"https:\/\/www.camaeleon.org\/wp-content\/uploads\/2016\/03\/sprachlos-300x200.jpg 300w, https:\/\/www.camaeleon.org\/wp-content\/uploads\/2016\/03\/sprachlos.jpg 880w\" sizes=\"auto, (max-width: 300px) 100vw, 300px\" \/><\/a><figcaption id=\"caption-attachment-11838\" class=\"wp-caption-text\">Foto: Stefan Schweihofer \/ pixabay.com<\/figcaption><\/figure>\n<p>Im Februar wurden am DFG neue Sch\u00fcler in die Sch\u00fclervertretung gew\u00e4hlt. Ihnen wollte ich in einem Interview ein paar Fragen stellen, aber diese haben sich nicht dazu ge\u00e4u\u00dfert. Deswegen wird es dieses Schuljahr leider kein Interview mit den neuen Sch\u00fclervertretern geben.<\/p>\n","protected":false},"excerpt":{"rendered":"<p>Im Februar wurden am DFG neue Sch\u00fcler in die Sch\u00fclervertretung gew\u00e4hlt. Ihnen wollte ich in einem Interview ein paar Fragen stellen, aber diese haben sich<\/p>\n","protected":false},"author":100,"featured_media":11838,"comment_status":"open","ping_status":"open","sticky":false,"template":"","format":"standard","meta":{"colormag_page_container_layout":"default_layout","colormag_page_sidebar_layout":"default_layout","footnotes":""},"categories":[3],"tags":[990,379,380,691],"coauthors":[819],"class_list":["post-10897","post","type-post","status-publish","format-standard","has-post-thumbnail","hentry","category-ecole","tag-delegues-deleves","tag-schueler","tag-schuelersprecher","tag-sv"],"yoast_head":"<!-- This site is optimized with the Yoast SEO plugin v27.5 - https:\/\/yoast.com\/product\/yoast-seo-wordpress\/ -->\n<title>Neue DFG-Sch\u00fclervertretung sprachlos - Cam\u00e4l\u00e9on<\/title>\n<meta name=\"description\" content=\"Im Februar wurden am DFG eine neue Sch\u00fclervertretung gew\u00e4hlt. Ihnen wollte ich in einem Interview Fragen stellen, aber diese haben sich nicht dazu ge\u00e4u\u00dfert. Deswegen wird es dieses Schuljahr leider kein Interview mit den neuen Sch\u00fclervertretern geben.\" \/>\n<meta name=\"robots\" content=\"index, follow, max-snippet:-1, max-image-preview:large, max-video-preview:-1\" \/>\n<link rel=\"canonical\" href=\"https:\/\/www.camaeleon.org\/de\/2016\/03\/18\/keine-information-ueber-die-neue-schuelervertretung\/\" \/>\n<meta property=\"og:locale\" content=\"de_DE\" \/>\n<meta property=\"og:type\" content=\"article\" \/>\n<meta property=\"og:title\" content=\"Neue DFG-Sch\u00fclervertretung sprachlos - Cam\u00e4l\u00e9on\" \/>\n<meta property=\"og:description\" content=\"Im Februar wurden am DFG eine neue Sch\u00fclervertretung gew\u00e4hlt. Ihnen wollte ich in einem Interview Fragen stellen, aber diese haben sich nicht dazu ge\u00e4u\u00dfert. Deswegen wird es dieses Schuljahr leider kein Interview mit den neuen Sch\u00fclervertretern geben.\" \/>\n<meta property=\"og:url\" content=\"https:\/\/www.camaeleon.org\/de\/2016\/03\/18\/keine-information-ueber-die-neue-schuelervertretung\/\" \/>\n<meta property=\"og:site_name\" content=\"Cam\u00e4l\u00e9on\" \/>\n<meta property=\"article:publisher\" content=\"https:\/\/www.facebook.com\/camaeleon.org\/\" \/>\n<meta property=\"article:published_time\" content=\"2016-03-18T22:10:58+00:00\" \/>\n<meta property=\"article:modified_time\" content=\"2020-12-23T16:11:41+00:00\" \/>\n<meta property=\"og:image\" content=\"https:\/\/www.camaeleon.org\/wp-content\/uploads\/2016\/03\/sprachlos.jpg\" \/>\n\t<meta property=\"og:image:width\" content=\"880\" \/>\n\t<meta property=\"og:image:height\" content=\"586\" \/>\n\t<meta property=\"og:image:type\" content=\"image\/jpeg\" \/>\n<meta name=\"author\" content=\"Philip Thiel\" \/>\n<meta name=\"twitter:card\" content=\"summary_large_image\" \/>\n<meta name=\"twitter:creator\" content=\"@camaeleonOrg\" \/>\n<meta name=\"twitter:site\" content=\"@camaeleonOrg\" \/>\n<script type=\"application\/ld+json\" class=\"yoast-schema-graph\">{\"@context\":\"https:\\\/\\\/schema.org\",\"@graph\":[{\"@type\":\"Article\",\"@id\":\"https:\\\/\\\/www.camaeleon.org\\\/de\\\/2016\\\/03\\\/18\\\/keine-information-ueber-die-neue-schuelervertretung\\\/#article\",\"isPartOf\":{\"@id\":\"https:\\\/\\\/www.camaeleon.org\\\/de\\\/2016\\\/03\\\/18\\\/keine-information-ueber-die-neue-schuelervertretung\\\/\"},\"author\":{\"name\":\"Philip Thiel\",\"@id\":\"https:\\\/\\\/www.camaeleon.org\\\/de\\\/#\\\/schema\\\/person\\\/dd0f967fbb3e83b7328b2151e63e7ded\"},\"headline\":\"Neue DFG-Sch\u00fclervertretung sprachlos\",\"datePublished\":\"2016-03-18T22:10:58+00:00\",\"dateModified\":\"2020-12-23T16:11:41+00:00\",\"mainEntityOfPage\":{\"@id\":\"https:\\\/\\\/www.camaeleon.org\\\/de\\\/2016\\\/03\\\/18\\\/keine-information-ueber-die-neue-schuelervertretung\\\/\"},\"wordCount\":63,\"commentCount\":9,\"publisher\":{\"@id\":\"https:\\\/\\\/www.camaeleon.org\\\/de\\\/#organization\"},\"image\":{\"@id\":\"https:\\\/\\\/www.camaeleon.org\\\/de\\\/2016\\\/03\\\/18\\\/keine-information-ueber-die-neue-schuelervertretung\\\/#primaryimage\"},\"thumbnailUrl\":\"https:\\\/\\\/www.camaeleon.org\\\/wp-content\\\/uploads\\\/2016\\\/03\\\/sprachlos.jpg\",\"keywords\":[\"D\u00e9l\u00e9gues d'\u00e9l\u00e8ves\",\"Sch\u00fcler\",\"Sch\u00fclersprecher\",\"SV\"],\"articleSection\":[\"Schule\"],\"inLanguage\":\"de\",\"potentialAction\":[{\"@type\":\"CommentAction\",\"name\":\"Comment\",\"target\":[\"https:\\\/\\\/www.camaeleon.org\\\/de\\\/2016\\\/03\\\/18\\\/keine-information-ueber-die-neue-schuelervertretung\\\/#respond\"]}]},{\"@type\":\"WebPage\",\"@id\":\"https:\\\/\\\/www.camaeleon.org\\\/de\\\/2016\\\/03\\\/18\\\/keine-information-ueber-die-neue-schuelervertretung\\\/\",\"url\":\"https:\\\/\\\/www.camaeleon.org\\\/de\\\/2016\\\/03\\\/18\\\/keine-information-ueber-die-neue-schuelervertretung\\\/\",\"name\":\"Neue DFG-Sch\u00fclervertretung sprachlos - Cam\u00e4l\u00e9on\",\"isPartOf\":{\"@id\":\"https:\\\/\\\/www.camaeleon.org\\\/de\\\/#website\"},\"primaryImageOfPage\":{\"@id\":\"https:\\\/\\\/www.camaeleon.org\\\/de\\\/2016\\\/03\\\/18\\\/keine-information-ueber-die-neue-schuelervertretung\\\/#primaryimage\"},\"image\":{\"@id\":\"https:\\\/\\\/www.camaeleon.org\\\/de\\\/2016\\\/03\\\/18\\\/keine-information-ueber-die-neue-schuelervertretung\\\/#primaryimage\"},\"thumbnailUrl\":\"https:\\\/\\\/www.camaeleon.org\\\/wp-content\\\/uploads\\\/2016\\\/03\\\/sprachlos.jpg\",\"datePublished\":\"2016-03-18T22:10:58+00:00\",\"dateModified\":\"2020-12-23T16:11:41+00:00\",\"description\":\"Im Februar wurden am DFG eine neue Sch\u00fclervertretung gew\u00e4hlt. Ihnen wollte ich in einem Interview Fragen stellen, aber diese haben sich nicht dazu ge\u00e4u\u00dfert. Deswegen wird es dieses Schuljahr leider kein Interview mit den neuen Sch\u00fclervertretern geben.\",\"breadcrumb\":{\"@id\":\"https:\\\/\\\/www.camaeleon.org\\\/de\\\/2016\\\/03\\\/18\\\/keine-information-ueber-die-neue-schuelervertretung\\\/#breadcrumb\"},\"inLanguage\":\"de\",\"potentialAction\":[{\"@type\":\"ReadAction\",\"target\":[[\"https:\\\/\\\/www.camaeleon.org\\\/de\\\/2016\\\/03\\\/18\\\/keine-information-ueber-die-neue-schuelervertretung\\\/\"]]}]},{\"@type\":\"ImageObject\",\"inLanguage\":\"de\",\"@id\":\"https:\\\/\\\/www.camaeleon.org\\\/de\\\/2016\\\/03\\\/18\\\/keine-information-ueber-die-neue-schuelervertretung\\\/#primaryimage\",\"url\":\"https:\\\/\\\/www.camaeleon.org\\\/wp-content\\\/uploads\\\/2016\\\/03\\\/sprachlos.jpg\",\"contentUrl\":\"https:\\\/\\\/www.camaeleon.org\\\/wp-content\\\/uploads\\\/2016\\\/03\\\/sprachlos.jpg\",\"width\":880,\"height\":586,\"caption\":\"Foto: Stefan Schweihofer \\\/ pixaby.com\"},{\"@type\":\"BreadcrumbList\",\"@id\":\"https:\\\/\\\/www.camaeleon.org\\\/de\\\/2016\\\/03\\\/18\\\/keine-information-ueber-die-neue-schuelervertretung\\\/#breadcrumb\",\"itemListElement\":[{\"@type\":\"ListItem\",\"position\":1,\"name\":\"Home\",\"item\":\"https:\\\/\\\/www.camaeleon.org\\\/de\\\/\"},{\"@type\":\"ListItem\",\"position\":2,\"name\":\"Neue DFG-Sch\u00fclervertretung sprachlos\"}]},{\"@type\":\"WebSite\",\"@id\":\"https:\\\/\\\/www.camaeleon.org\\\/de\\\/#website\",\"url\":\"https:\\\/\\\/www.camaeleon.org\\\/de\\\/\",\"name\":\"Cam\u00e4l\u00e9on\",\"description\":\"Das Sch\u00fclermagazin des Deutsch-Franz\u00f6sischen Gymnasiums Saarbr\u00fccken\",\"publisher\":{\"@id\":\"https:\\\/\\\/www.camaeleon.org\\\/de\\\/#organization\"},\"potentialAction\":[{\"@type\":\"SearchAction\",\"target\":{\"@type\":\"EntryPoint\",\"urlTemplate\":\"https:\\\/\\\/www.camaeleon.org\\\/de\\\/?s={search_term_string}\"},\"query-input\":{\"@type\":\"PropertyValueSpecification\",\"valueRequired\":true,\"valueName\":\"search_term_string\"}}],\"inLanguage\":\"de\"},{\"@type\":\"Organization\",\"@id\":\"https:\\\/\\\/www.camaeleon.org\\\/de\\\/#organization\",\"name\":\"Cam\u00e4l\u00e9on\",\"url\":\"https:\\\/\\\/www.camaeleon.org\\\/de\\\/\",\"logo\":{\"@type\":\"ImageObject\",\"inLanguage\":\"de\",\"@id\":\"https:\\\/\\\/www.camaeleon.org\\\/de\\\/#\\\/schema\\\/logo\\\/image\\\/\",\"url\":\"https:\\\/\\\/www.camaeleon.org\\\/wp-content\\\/uploads\\\/2011\\\/11\\\/CAM\u00c4LEON.jpg\",\"contentUrl\":\"https:\\\/\\\/www.camaeleon.org\\\/wp-content\\\/uploads\\\/2011\\\/11\\\/CAM\u00c4LEON.jpg\",\"width\":959,\"height\":959,\"caption\":\"Cam\u00e4l\u00e9on\"},\"image\":{\"@id\":\"https:\\\/\\\/www.camaeleon.org\\\/de\\\/#\\\/schema\\\/logo\\\/image\\\/\"},\"sameAs\":[\"https:\\\/\\\/www.facebook.com\\\/camaeleon.org\\\/\",\"https:\\\/\\\/x.com\\\/camaeleonOrg\",\"https:\\\/\\\/www.instagram.com\\\/camaeleon.dfg\\\/\",\"https:\\\/\\\/www.youtube.com\\\/channel\\\/UCl3TAUDdGuu_c7CD6ax6hYg\"]},{\"@type\":\"Person\",\"@id\":\"https:\\\/\\\/www.camaeleon.org\\\/de\\\/#\\\/schema\\\/person\\\/dd0f967fbb3e83b7328b2151e63e7ded\",\"name\":\"Philip Thiel\",\"image\":{\"@type\":\"ImageObject\",\"inLanguage\":\"de\",\"@id\":\"https:\\\/\\\/www.camaeleon.org\\\/de\\\/wp-content\\\/uploads\\\/2011\\\/07\\\/IMG_4287-120x120.jpgeb2140e9305853359e7bb8d5b01fc378\",\"url\":\"https:\\\/\\\/www.camaeleon.org\\\/wp-content\\\/uploads\\\/2011\\\/07\\\/IMG_4287-120x120.jpg\",\"contentUrl\":\"https:\\\/\\\/www.camaeleon.org\\\/wp-content\\\/uploads\\\/2011\\\/07\\\/IMG_4287-120x120.jpg\",\"caption\":\"Philip Thiel\"},\"url\":\"https:\\\/\\\/www.camaeleon.org\\\/de\\\/author\\\/philip-thiel\\\/\"}]}<\/script>\n<!-- \/ Yoast SEO plugin. -->","yoast_head_json":{"title":"Neue DFG-Sch\u00fclervertretung sprachlos - Cam\u00e4l\u00e9on","description":"Im Februar wurden am DFG eine neue Sch\u00fclervertretung gew\u00e4hlt. Ihnen wollte ich in einem Interview Fragen stellen, aber diese haben sich nicht dazu ge\u00e4u\u00dfert. Deswegen wird es dieses Schuljahr leider kein Interview mit den neuen Sch\u00fclervertretern geben.","robots":{"index":"index","follow":"follow","max-snippet":"max-snippet:-1","max-image-preview":"max-image-preview:large","max-video-preview":"max-video-preview:-1"},"canonical":"https:\/\/www.camaeleon.org\/de\/2016\/03\/18\/keine-information-ueber-die-neue-schuelervertretung\/","og_locale":"de_DE","og_type":"article","og_title":"Neue DFG-Sch\u00fclervertretung sprachlos - Cam\u00e4l\u00e9on","og_description":"Im Februar wurden am DFG eine neue Sch\u00fclervertretung gew\u00e4hlt. Ihnen wollte ich in einem Interview Fragen stellen, aber diese haben sich nicht dazu ge\u00e4u\u00dfert. Deswegen wird es dieses Schuljahr leider kein Interview mit den neuen Sch\u00fclervertretern geben.","og_url":"https:\/\/www.camaeleon.org\/de\/2016\/03\/18\/keine-information-ueber-die-neue-schuelervertretung\/","og_site_name":"Cam\u00e4l\u00e9on","article_publisher":"https:\/\/www.facebook.com\/camaeleon.org\/","article_published_time":"2016-03-18T22:10:58+00:00","article_modified_time":"2020-12-23T16:11:41+00:00","og_image":[{"width":880,"height":586,"url":"https:\/\/www.camaeleon.org\/wp-content\/uploads\/2016\/03\/sprachlos.jpg","type":"image\/jpeg"}],"author":"Philip Thiel","twitter_card":"summary_large_image","twitter_creator":"@camaeleonOrg","twitter_site":"@camaeleonOrg","schema":{"@context":"https:\/\/schema.org","@graph":[{"@type":"Article","@id":"https:\/\/www.camaeleon.org\/de\/2016\/03\/18\/keine-information-ueber-die-neue-schuelervertretung\/#article","isPartOf":{"@id":"https:\/\/www.camaeleon.org\/de\/2016\/03\/18\/keine-information-ueber-die-neue-schuelervertretung\/"},"author":{"name":"Philip Thiel","@id":"https:\/\/www.camaeleon.org\/de\/#\/schema\/person\/dd0f967fbb3e83b7328b2151e63e7ded"},"headline":"Neue DFG-Sch\u00fclervertretung sprachlos","datePublished":"2016-03-18T22:10:58+00:00","dateModified":"2020-12-23T16:11:41+00:00","mainEntityOfPage":{"@id":"https:\/\/www.camaeleon.org\/de\/2016\/03\/18\/keine-information-ueber-die-neue-schuelervertretung\/"},"wordCount":63,"commentCount":9,"publisher":{"@id":"https:\/\/www.camaeleon.org\/de\/#organization"},"image":{"@id":"https:\/\/www.camaeleon.org\/de\/2016\/03\/18\/keine-information-ueber-die-neue-schuelervertretung\/#primaryimage"},"thumbnailUrl":"https:\/\/www.camaeleon.org\/wp-content\/uploads\/2016\/03\/sprachlos.jpg","keywords":["D\u00e9l\u00e9gues d'\u00e9l\u00e8ves","Sch\u00fcler","Sch\u00fclersprecher","SV"],"articleSection":["Schule"],"inLanguage":"de","potentialAction":[{"@type":"CommentAction","name":"Comment","target":["https:\/\/www.camaeleon.org\/de\/2016\/03\/18\/keine-information-ueber-die-neue-schuelervertretung\/#respond"]}]},{"@type":"WebPage","@id":"https:\/\/www.camaeleon.org\/de\/2016\/03\/18\/keine-information-ueber-die-neue-schuelervertretung\/","url":"https:\/\/www.camaeleon.org\/de\/2016\/03\/18\/keine-information-ueber-die-neue-schuelervertretung\/","name":"Neue DFG-Sch\u00fclervertretung sprachlos - Cam\u00e4l\u00e9on","isPartOf":{"@id":"https:\/\/www.camaeleon.org\/de\/#website"},"primaryImageOfPage":{"@id":"https:\/\/www.camaeleon.org\/de\/2016\/03\/18\/keine-information-ueber-die-neue-schuelervertretung\/#primaryimage"},"image":{"@id":"https:\/\/www.camaeleon.org\/de\/2016\/03\/18\/keine-information-ueber-die-neue-schuelervertretung\/#primaryimage"},"thumbnailUrl":"https:\/\/www.camaeleon.org\/wp-content\/uploads\/2016\/03\/sprachlos.jpg","datePublished":"2016-03-18T22:10:58+00:00","dateModified":"2020-12-23T16:11:41+00:00","description":"Im Februar wurden am DFG eine neue Sch\u00fclervertretung gew\u00e4hlt. Ihnen wollte ich in einem Interview Fragen stellen, aber diese haben sich nicht dazu ge\u00e4u\u00dfert. Deswegen wird es dieses Schuljahr leider kein Interview mit den neuen Sch\u00fclervertretern geben.","breadcrumb":{"@id":"https:\/\/www.camaeleon.org\/de\/2016\/03\/18\/keine-information-ueber-die-neue-schuelervertretung\/#breadcrumb"},"inLanguage":"de","potentialAction":[{"@type":"ReadAction","target":[["https:\/\/www.camaeleon.org\/de\/2016\/03\/18\/keine-information-ueber-die-neue-schuelervertretung\/"]]}]},{"@type":"ImageObject","inLanguage":"de","@id":"https:\/\/www.camaeleon.org\/de\/2016\/03\/18\/keine-information-ueber-die-neue-schuelervertretung\/#primaryimage","url":"https:\/\/www.camaeleon.org\/wp-content\/uploads\/2016\/03\/sprachlos.jpg","contentUrl":"https:\/\/www.camaeleon.org\/wp-content\/uploads\/2016\/03\/sprachlos.jpg","width":880,"height":586,"caption":"Foto: Stefan Schweihofer \/ pixaby.com"},{"@type":"BreadcrumbList","@id":"https:\/\/www.camaeleon.org\/de\/2016\/03\/18\/keine-information-ueber-die-neue-schuelervertretung\/#breadcrumb","itemListElement":[{"@type":"ListItem","position":1,"name":"Home","item":"https:\/\/www.camaeleon.org\/de\/"},{"@type":"ListItem","position":2,"name":"Neue DFG-Sch\u00fclervertretung sprachlos"}]},{"@type":"WebSite","@id":"https:\/\/www.camaeleon.org\/de\/#website","url":"https:\/\/www.camaeleon.org\/de\/","name":"Cam\u00e4l\u00e9on","description":"Das Sch\u00fclermagazin des Deutsch-Franz\u00f6sischen Gymnasiums Saarbr\u00fccken","publisher":{"@id":"https:\/\/www.camaeleon.org\/de\/#organization"},"potentialAction":[{"@type":"SearchAction","target":{"@type":"EntryPoint","urlTemplate":"https:\/\/www.camaeleon.org\/de\/?s={search_term_string}"},"query-input":{"@type":"PropertyValueSpecification","valueRequired":true,"valueName":"search_term_string"}}],"inLanguage":"de"},{"@type":"Organization","@id":"https:\/\/www.camaeleon.org\/de\/#organization","name":"Cam\u00e4l\u00e9on","url":"https:\/\/www.camaeleon.org\/de\/","logo":{"@type":"ImageObject","inLanguage":"de","@id":"https:\/\/www.camaeleon.org\/de\/#\/schema\/logo\/image\/","url":"https:\/\/www.camaeleon.org\/wp-content\/uploads\/2011\/11\/CAM\u00c4LEON.jpg","contentUrl":"https:\/\/www.camaeleon.org\/wp-content\/uploads\/2011\/11\/CAM\u00c4LEON.jpg","width":959,"height":959,"caption":"Cam\u00e4l\u00e9on"},"image":{"@id":"https:\/\/www.camaeleon.org\/de\/#\/schema\/logo\/image\/"},"sameAs":["https:\/\/www.facebook.com\/camaeleon.org\/","https:\/\/x.com\/camaeleonOrg","https:\/\/www.instagram.com\/camaeleon.dfg\/","https:\/\/www.youtube.com\/channel\/UCl3TAUDdGuu_c7CD6ax6hYg"]},{"@type":"Person","@id":"https:\/\/www.camaeleon.org\/de\/#\/schema\/person\/dd0f967fbb3e83b7328b2151e63e7ded","name":"Philip Thiel","image":{"@type":"ImageObject","inLanguage":"de","@id":"https:\/\/www.camaeleon.org\/de\/wp-content\/uploads\/2011\/07\/IMG_4287-120x120.jpgeb2140e9305853359e7bb8d5b01fc378","url":"https:\/\/www.camaeleon.org\/wp-content\/uploads\/2011\/07\/IMG_4287-120x120.jpg","contentUrl":"https:\/\/www.camaeleon.org\/wp-content\/uploads\/2011\/07\/IMG_4287-120x120.jpg","caption":"Philip Thiel"},"url":"https:\/\/www.camaeleon.org\/de\/author\/philip-thiel\/"}]}},"_links":{"self":[{"href":"https:\/\/www.camaeleon.org\/de\/wp-json\/wp\/v2\/posts\/10897","targetHints":{"allow":["GET"]}}],"collection":[{"href":"https:\/\/www.camaeleon.org\/de\/wp-json\/wp\/v2\/posts"}],"about":[{"href":"https:\/\/www.camaeleon.org\/de\/wp-json\/wp\/v2\/types\/post"}],"author":[{"embeddable":true,"href":"https:\/\/www.camaeleon.org\/de\/wp-json\/wp\/v2\/users\/100"}],"replies":[{"embeddable":true,"href":"https:\/\/www.camaeleon.org\/de\/wp-json\/wp\/v2\/comments?post=10897"}],"version-history":[{"count":0,"href":"https:\/\/www.camaeleon.org\/de\/wp-json\/wp\/v2\/posts\/10897\/revisions"}],"wp:featuredmedia":[{"embeddable":true,"href":"https:\/\/www.camaeleon.org\/de\/wp-json\/wp\/v2\/media\/11838"}],"wp:attachment":[{"href":"https:\/\/www.camaeleon.org\/de\/wp-json\/wp\/v2\/media?parent=10897"}],"wp:term":[{"taxonomy":"category","embeddable":true,"href":"https:\/\/www.camaeleon.org\/de\/wp-json\/wp\/v2\/categories?post=10897"},{"taxonomy":"post_tag","embeddable":true,"href":"https:\/\/www.camaeleon.org\/de\/wp-json\/wp\/v2\/tags?post=10897"},{"taxonomy":"author","embeddable":true,"href":"https:\/\/www.camaeleon.org\/de\/wp-json\/wp\/v2\/coauthors?post=10897"}],"curies":[{"name":"wp","href":"https:\/\/api.w.org\/{rel}","templated":true}]}}