{"id":10180,"date":"2016-02-19T17:05:47","date_gmt":"2016-02-19T16:05:47","guid":{"rendered":"http:\/\/www.camaeleon.org\/?p=10180"},"modified":"2021-01-02T00:23:08","modified_gmt":"2021-01-01T23:23:08","slug":"die-dfg-ferienfreizeit-ein-interview-mit-christine-papillon","status":"publish","type":"post","link":"https:\/\/www.camaeleon.org\/de\/2016\/02\/19\/die-dfg-ferienfreizeit-ein-interview-mit-christine-papillon\/","title":{"rendered":"DFG-Ferienfreizeit in der Bretagne"},"content":{"rendered":"<p><figure id=\"attachment_10853\" aria-describedby=\"caption-attachment-10853\" style=\"width: 300px\" class=\"wp-caption alignright\"><a href=\"https:\/\/www.camaeleon.org\/wp-content\/uploads\/2016\/02\/Ferienfreizeit.jpg\" rel=\"attachment wp-att-10853\"><img loading=\"lazy\" decoding=\"async\" class=\"size-medium wp-image-10853\" src=\"https:\/\/www.camaeleon.org\/wp-content\/uploads\/2016\/02\/Ferienfreizeit-300x200.jpg\" alt=\"Ferien (Foto: Jill Wellington\/pixabay.com)\" width=\"300\" height=\"200\" srcset=\"https:\/\/www.camaeleon.org\/wp-content\/uploads\/2016\/02\/Ferienfreizeit-300x200.jpg 300w, https:\/\/www.camaeleon.org\/wp-content\/uploads\/2016\/02\/Ferienfreizeit.jpg 640w\" sizes=\"auto, (max-width: 300px) 100vw, 300px\" \/><\/a><figcaption id=\"caption-attachment-10853\" class=\"wp-caption-text\">Foto: Jill Wellington\/pixabay.com<\/figcaption><\/figure><\/p>\n<p>Jeden Sommer, gibt es eine DFG-Ferienfreizeit in der Bretagne. Die Sch\u00fcler, deren Alter zwischen 12 und 15 Jahren ist, k\u00f6nnen sich dort anmelden. Cam\u00e4l\u00e9on-Reporterin Alisha Eifler hat Christine Papillon, einer der Organisatorinen, einige Fragen dazu gestellt.<\/p>\n<p><strong>Cam\u00e4l\u00e9on: <\/strong>Seit wann gibt es die Ferienfreizeit des Deutsch-Franz\u00f6sischen Gymnasiums?<\/p>\n<p><span style=\"color: #000000;\"><strong>Christine Papillon<\/strong>: Die Sommerfreizeit in Camaret gibt es 2016 zum 12. Mal. <\/span><\/p>\n<p><strong><span style=\"color: #000000;\">Cam\u00e4l\u00e9on: <\/span><\/strong><span style=\"color: #000000;\">Wie kam es dazu?<\/span><\/p>\n<p><span style=\"color: #000000;\"><strong>Christine Papillon<\/strong>: Ganz genau wissen wir das nicht, aber die Sommerfreizeit soll die Sch\u00fcler der 3 DFGs n\u00e4her bringen, in einem au\u00dferschulischen und sportlichen bikulturellen Rahmen.<\/span><\/p>\n<p><strong><span style=\"color: #000000;\">Cam\u00e4l\u00e9on: <\/span><\/strong><span style=\"color: #000000;\">Wie viele Kinder kommen ungef\u00e4hr jedes Jahr?<\/span><\/p>\n<p><span style=\"color: #000000;\"><strong>Christine Papillon<\/strong>: Jedes Jahr fahren 45 Sch\u00fcler der 3 DFGs mit &#8211; es gibt also 15 Pl\u00e4tze pro Schule. Die Aufteilung ist aber nicht so streng, wenn eine Schule mehr Anmeldungen hat und die andere weniger, k\u00f6nnen zum Schlu\u00df alle mitfahren. Wenn es mehr als 15 Anmeldungen f\u00fcr ein DFG gibt, dann gibt es eine Warteliste, und wir sind immer in Kontakt mit den 2 anderen Schulen. <\/span><\/p>\n<p><strong><span style=\"color: #000000;\">Cam\u00e4l\u00e9on: <\/span><\/strong><span style=\"color: #000000;\">Welche Aktivit\u00e4ten finden Sch\u00fcler am tollsten?<\/span><\/p>\n<p><span style=\"color: #000000;\"><strong>Christine Papillon<\/strong>: Die Aktivit\u00e4ten drehen sich haupts\u00e4chlich um den Wassersport &#8211; Segeln (Katamaran), Windsurfen, Wellenreiten, Stand-Up Paddle und Tauchen. Es ist schwierig zu sagen, welche Aktivit\u00e4t die Sch\u00fcler am tollsten finden. Jeder sucht sich ein Programm aus, in dem man verschiedene Sportarten testen oder vertiefen kann. Vielleicht gef\u00e4llt einem Tauchen besser als Stand-up Paddle und dem anderen Windsurfen. Vielleicht habt ihr auch einfach Lust auf dem Wasser zu sein oder unter Wasser. Das k\u00f6nnt ihr euch aussuchen. Die 3 Programme bieten f\u00fcr jeden etwas an!<\/span><\/p>\n<p><strong><span style=\"color: #000000;\">Cam\u00e4l\u00e9on: <\/span><\/strong><span style=\"color: #000000;\">Sind es jedes Jahr die gleichen Aktivit\u00e4ten oder kommen auch neue dazu?<\/span><\/p>\n<p><span style=\"color: #000000;\"><strong>Christine Papillon<\/strong>: Es sind meistens die gleichen, das Stand-up Paddle kam jedoch vor ein paar Jahren dazu. Bis letztes Jahr war ein Programm &#8222;auf dem Land&#8220;, das hatte aber nicht so viel Resonnanz und wurde dieses Jahr auch weggelassen &#8211; wer nach Camaret f\u00e4hrt, will mehr vom Meer! Der Club Leo Lagrange ist f\u00fcr die angebotene Wassersportarten hervorragend ausgestattet &#8211; mit dem Material sowie mit der Betreuung.<\/span><\/p>\n<p><strong><span style=\"color: #000000;\">Cam\u00e4l\u00e9on: <\/span><\/strong><span style=\"color: #000000;\">Wie ist das Feedback der Kinder?<\/span><\/p>\n<p><span style=\"color: #000000;\"><strong>Christine Papillon<\/strong>: Die Kinder haben Spa\u00df, der Aufenthalt hat den meisten gefallen. Klar, es gibt immer hier und da was zu sagen, dem einen schmeckt das Essen nicht, der andere findet die Zimmer nicht klasse &#8211; es ist halt ein Tapetenwechsel, und man mu\u00df einfach offen sein, andere L\u00e4nder, andere Sitten, wie man so sch\u00f6n sagt&#8230; Aber schlie\u00dflich kennen wir alle beide Kulturen. Man kann trotzdem immer noch was dazu lernen&#8230; Im Allgemeinen finden die Teilnehmer das Ganze jedoch super &#8211; manche kommen sogar wieder!<\/span><\/p>\n<p><strong><span style=\"color: #000000;\">Cam\u00e4l\u00e9on: <\/span><\/strong><span style=\"color: #000000;\">Wie sch\u00e4tzen Sie es dieses Jahr?<\/span><\/p>\n<p><span style=\"color: #000000;\"><strong>Christine Papillon<\/strong>: I<\/span><span style=\"color: #000000;\">m letzten Jahr sind leider nur 6 Sch\u00fcler aus Saarbr\u00fccken mitgefahren. Deswegen versuchen wir dieses Jahr mehr f\u00fcr Camaret zu werben. Es ist eine tolle M\u00f6glichkeit, Sch\u00fcler der anderen DFGs kennenzulernen, die Bretagne ist eine sehr sch\u00f6ne Gegend, in einem bikulturellen Umfeld. Wir hoffen, dass wir dieses Jahr wieder mehr Sch\u00fcler nach Camaret schicken d\u00fcrfen&#8230; Sonst sind immer 10 bis 12 mitgefahren &#8211; Wetten, wir k\u00f6nnen das toppen?<\/span><\/p>\n<p><strong><span style=\"color: #000000;\">Cam\u00e4l\u00e9on: <\/span><\/strong><span style=\"color: #000000;\">Werden solche &#8222;Ferienfreizeiten&#8220; auch an anderen Schulen in Deutschland, bzw. Saarland organisiert?<\/span><\/p>\n<p><span style=\"color: #000000;\"><strong>Christine Papillon<\/strong>: Ich w\u00fc\u00dfte nichts von einem solchen Angebot, ich kenne mich da aber nicht aus. Ich kann mir aber vorstellen, dass es kein solches Angebot gibt, das Sport und bikulturellem Umfeld vereint. Da unsere Schulen deutsch-franz\u00f6sisch sind, die Sch\u00fcler beide Sprachen und Kulturen kennen, ist es kein gew\u00f6hnlicher Austausch, wie man sich das an einer deutschen, aber auch franz\u00f6sischen Schule vorstellt. Die Betreuung dort ist auch zweisprachig, es wechselt dort st\u00e4ndig zwischen beiden Sprachen. Bei einem &#8222;normalen&#8220; Austausch soll man ja die Sprache des Partners lernen und sprechen &#8211; bei uns ist dies beim einen Franz\u00f6sisch, beim anderen Deutsch. Und genau das soll in Camaret auch vertieft werden. Die doppelte Kultur!<\/span><\/p>\n<p><strong><span style=\"color: #000000;\">Cam\u00e4l\u00e9on: <\/span><\/strong><span style=\"color: #000000;\">Die Jugendlichen wachsen heutzutage, teilweise sehr stark im Umfeld von Videospielen auf, wie ist es f\u00fcr diese, mal 2 Wochen ohne all das ?<\/span><\/p>\n<p><span style=\"color: #000000;\"><strong>Christine Papillon<\/strong>: Das Angebot an Aktivit\u00e4ten ist so gro\u00df, dass du keine Zeit hast, dich ohne Bildschirm zu langweilen. Das ist doch genau der Punkt, oder? Man greift schnell zum Handy, zu Spielekonsole oder zum Computer, sobald man meint, man langweile sich&#8230; Und in Camaret ist alles so spannend, man lernt neue Leute kennen, da bleibt nicht viel Zeit zum Surfen &#8211; au\u00dfer auf dem Wasser ;))<\/span><\/p>\n<p><strong>Cam\u00e4l\u00e9on: <\/strong>Herzlichen Dank f\u00fcr dieses ausf\u00fchrliche Interview!<\/p>","protected":false},"excerpt":{"rendered":"<p>Jeden Sommer, gibt es eine DFG-Ferienfreizeit in der Bretagne. Die Sch\u00fcler, deren Alter zwischen 12 und 15 Jahren ist, k\u00f6nnen sich dort anmelden. Cam\u00e4l\u00e9on-Reporterin Alisha<\/p>\n","protected":false},"author":95,"featured_media":10853,"comment_status":"open","ping_status":"open","sticky":false,"template":"","format":"standard","meta":{"colormag_page_container_layout":"default_layout","colormag_page_sidebar_layout":"default_layout","footnotes":""},"categories":[3,192],"tags":[206,653,465,466,467],"coauthors":[769],"class_list":["post-10180","post","type-post","status-publish","format-standard","has-post-thumbnail","hentry","category-ecole","category-loisirs","tag-austausch","tag-bretagne","tag-camaret","tag-ferien","tag-ferienfreizeit"],"yoast_head":"<!-- This site is optimized with the Yoast SEO plugin v27.5 - https:\/\/yoast.com\/product\/yoast-seo-wordpress\/ -->\n<title>DFG-Ferienfreizeit in der Bretagne - Cam\u00e4l\u00e9on<\/title>\n<meta name=\"description\" content=\"Jeden Sommer, gibt es eine DFG-Ferienfreizeit in der Bretagne. Sch\u00fcler zwischen 12 und 15 Jahren k\u00f6nnen sich anmelden. Cam\u00e4l\u00e9on-Reporterin Alisha Eifler hatte einige Fragen.\" \/>\n<meta name=\"robots\" content=\"index, follow, max-snippet:-1, max-image-preview:large, max-video-preview:-1\" \/>\n<link rel=\"canonical\" href=\"https:\/\/www.camaeleon.org\/de\/2016\/02\/19\/die-dfg-ferienfreizeit-ein-interview-mit-christine-papillon\/\" \/>\n<meta property=\"og:locale\" content=\"de_DE\" \/>\n<meta property=\"og:type\" content=\"article\" \/>\n<meta property=\"og:title\" content=\"DFG-Ferienfreizeit in der Bretagne - Cam\u00e4l\u00e9on\" \/>\n<meta property=\"og:description\" content=\"Jeden Sommer, gibt es eine DFG-Ferienfreizeit in der Bretagne. Sch\u00fcler zwischen 12 und 15 Jahren k\u00f6nnen sich anmelden. Cam\u00e4l\u00e9on-Reporterin Alisha Eifler hatte einige Fragen.\" \/>\n<meta property=\"og:url\" content=\"https:\/\/www.camaeleon.org\/de\/2016\/02\/19\/die-dfg-ferienfreizeit-ein-interview-mit-christine-papillon\/\" \/>\n<meta property=\"og:site_name\" content=\"Cam\u00e4l\u00e9on\" \/>\n<meta property=\"article:publisher\" content=\"https:\/\/www.facebook.com\/camaeleon.org\/\" \/>\n<meta property=\"article:published_time\" content=\"2016-02-19T16:05:47+00:00\" \/>\n<meta property=\"article:modified_time\" content=\"2021-01-01T23:23:08+00:00\" \/>\n<meta property=\"og:image\" content=\"https:\/\/www.camaeleon.org\/wp-content\/uploads\/2016\/02\/Ferienfreizeit.jpg\" \/>\n\t<meta property=\"og:image:width\" content=\"640\" \/>\n\t<meta property=\"og:image:height\" content=\"426\" \/>\n\t<meta property=\"og:image:type\" content=\"image\/jpeg\" \/>\n<meta name=\"author\" content=\"Alisha Georgia Eifler\" \/>\n<meta name=\"twitter:card\" content=\"summary_large_image\" \/>\n<meta name=\"twitter:creator\" content=\"@DrakesSpray\" \/>\n<meta name=\"twitter:site\" content=\"@camaeleonOrg\" \/>\n<script type=\"application\/ld+json\" class=\"yoast-schema-graph\">{\"@context\":\"https:\\\/\\\/schema.org\",\"@graph\":[{\"@type\":\"Article\",\"@id\":\"https:\\\/\\\/www.camaeleon.org\\\/de\\\/2016\\\/02\\\/19\\\/die-dfg-ferienfreizeit-ein-interview-mit-christine-papillon\\\/#article\",\"isPartOf\":{\"@id\":\"https:\\\/\\\/www.camaeleon.org\\\/de\\\/2016\\\/02\\\/19\\\/die-dfg-ferienfreizeit-ein-interview-mit-christine-papillon\\\/\"},\"author\":{\"name\":\"Alisha Georgia Eifler\",\"@id\":\"https:\\\/\\\/www.camaeleon.org\\\/de\\\/#\\\/schema\\\/person\\\/51d80cdda294d781cb0932bce1505e9c\"},\"headline\":\"DFG-Ferienfreizeit in der Bretagne\",\"datePublished\":\"2016-02-19T16:05:47+00:00\",\"dateModified\":\"2021-01-01T23:23:08+00:00\",\"mainEntityOfPage\":{\"@id\":\"https:\\\/\\\/www.camaeleon.org\\\/de\\\/2016\\\/02\\\/19\\\/die-dfg-ferienfreizeit-ein-interview-mit-christine-papillon\\\/\"},\"wordCount\":2401,\"commentCount\":0,\"publisher\":{\"@id\":\"https:\\\/\\\/www.camaeleon.org\\\/de\\\/#organization\"},\"image\":{\"@id\":\"https:\\\/\\\/www.camaeleon.org\\\/de\\\/2016\\\/02\\\/19\\\/die-dfg-ferienfreizeit-ein-interview-mit-christine-papillon\\\/#primaryimage\"},\"thumbnailUrl\":\"https:\\\/\\\/www.camaeleon.org\\\/wp-content\\\/uploads\\\/2016\\\/02\\\/Ferienfreizeit.jpg\",\"keywords\":[\"Austausch\",\"Bretagne\",\"Camaret\",\"Ferien\",\"Ferienfreizeit\"],\"articleSection\":[\"Schule\",\"Freizeit\"],\"inLanguage\":\"de\",\"potentialAction\":[{\"@type\":\"CommentAction\",\"name\":\"Comment\",\"target\":[\"https:\\\/\\\/www.camaeleon.org\\\/de\\\/2016\\\/02\\\/19\\\/die-dfg-ferienfreizeit-ein-interview-mit-christine-papillon\\\/#respond\"]}]},{\"@type\":\"WebPage\",\"@id\":\"https:\\\/\\\/www.camaeleon.org\\\/de\\\/2016\\\/02\\\/19\\\/die-dfg-ferienfreizeit-ein-interview-mit-christine-papillon\\\/\",\"url\":\"https:\\\/\\\/www.camaeleon.org\\\/de\\\/2016\\\/02\\\/19\\\/die-dfg-ferienfreizeit-ein-interview-mit-christine-papillon\\\/\",\"name\":\"DFG-Ferienfreizeit in der Bretagne - Cam\u00e4l\u00e9on\",\"isPartOf\":{\"@id\":\"https:\\\/\\\/www.camaeleon.org\\\/de\\\/#website\"},\"primaryImageOfPage\":{\"@id\":\"https:\\\/\\\/www.camaeleon.org\\\/de\\\/2016\\\/02\\\/19\\\/die-dfg-ferienfreizeit-ein-interview-mit-christine-papillon\\\/#primaryimage\"},\"image\":{\"@id\":\"https:\\\/\\\/www.camaeleon.org\\\/de\\\/2016\\\/02\\\/19\\\/die-dfg-ferienfreizeit-ein-interview-mit-christine-papillon\\\/#primaryimage\"},\"thumbnailUrl\":\"https:\\\/\\\/www.camaeleon.org\\\/wp-content\\\/uploads\\\/2016\\\/02\\\/Ferienfreizeit.jpg\",\"datePublished\":\"2016-02-19T16:05:47+00:00\",\"dateModified\":\"2021-01-01T23:23:08+00:00\",\"description\":\"Jeden Sommer, gibt es eine DFG-Ferienfreizeit in der Bretagne. Sch\u00fcler zwischen 12 und 15 Jahren k\u00f6nnen sich anmelden. Cam\u00e4l\u00e9on-Reporterin Alisha Eifler hatte einige Fragen.\",\"breadcrumb\":{\"@id\":\"https:\\\/\\\/www.camaeleon.org\\\/de\\\/2016\\\/02\\\/19\\\/die-dfg-ferienfreizeit-ein-interview-mit-christine-papillon\\\/#breadcrumb\"},\"inLanguage\":\"de\",\"potentialAction\":[{\"@type\":\"ReadAction\",\"target\":[[\"https:\\\/\\\/www.camaeleon.org\\\/de\\\/2016\\\/02\\\/19\\\/die-dfg-ferienfreizeit-ein-interview-mit-christine-papillon\\\/\"]]}]},{\"@type\":\"ImageObject\",\"inLanguage\":\"de\",\"@id\":\"https:\\\/\\\/www.camaeleon.org\\\/de\\\/2016\\\/02\\\/19\\\/die-dfg-ferienfreizeit-ein-interview-mit-christine-papillon\\\/#primaryimage\",\"url\":\"https:\\\/\\\/www.camaeleon.org\\\/wp-content\\\/uploads\\\/2016\\\/02\\\/Ferienfreizeit.jpg\",\"contentUrl\":\"https:\\\/\\\/www.camaeleon.org\\\/wp-content\\\/uploads\\\/2016\\\/02\\\/Ferienfreizeit.jpg\",\"width\":640,\"height\":426,\"caption\":\"Foto: Jill Wellington\\\/pixabay.com\"},{\"@type\":\"BreadcrumbList\",\"@id\":\"https:\\\/\\\/www.camaeleon.org\\\/de\\\/2016\\\/02\\\/19\\\/die-dfg-ferienfreizeit-ein-interview-mit-christine-papillon\\\/#breadcrumb\",\"itemListElement\":[{\"@type\":\"ListItem\",\"position\":1,\"name\":\"Home\",\"item\":\"https:\\\/\\\/www.camaeleon.org\\\/de\\\/\"},{\"@type\":\"ListItem\",\"position\":2,\"name\":\"DFG-Ferienfreizeit in der Bretagne\"}]},{\"@type\":\"WebSite\",\"@id\":\"https:\\\/\\\/www.camaeleon.org\\\/de\\\/#website\",\"url\":\"https:\\\/\\\/www.camaeleon.org\\\/de\\\/\",\"name\":\"Cam\u00e4l\u00e9on\",\"description\":\"Das Sch\u00fclermagazin des Deutsch-Franz\u00f6sischen Gymnasiums Saarbr\u00fccken\",\"publisher\":{\"@id\":\"https:\\\/\\\/www.camaeleon.org\\\/de\\\/#organization\"},\"potentialAction\":[{\"@type\":\"SearchAction\",\"target\":{\"@type\":\"EntryPoint\",\"urlTemplate\":\"https:\\\/\\\/www.camaeleon.org\\\/de\\\/?s={search_term_string}\"},\"query-input\":{\"@type\":\"PropertyValueSpecification\",\"valueRequired\":true,\"valueName\":\"search_term_string\"}}],\"inLanguage\":\"de\"},{\"@type\":\"Organization\",\"@id\":\"https:\\\/\\\/www.camaeleon.org\\\/de\\\/#organization\",\"name\":\"Cam\u00e4l\u00e9on\",\"url\":\"https:\\\/\\\/www.camaeleon.org\\\/de\\\/\",\"logo\":{\"@type\":\"ImageObject\",\"inLanguage\":\"de\",\"@id\":\"https:\\\/\\\/www.camaeleon.org\\\/de\\\/#\\\/schema\\\/logo\\\/image\\\/\",\"url\":\"https:\\\/\\\/www.camaeleon.org\\\/wp-content\\\/uploads\\\/2011\\\/11\\\/CAM\u00c4LEON.jpg\",\"contentUrl\":\"https:\\\/\\\/www.camaeleon.org\\\/wp-content\\\/uploads\\\/2011\\\/11\\\/CAM\u00c4LEON.jpg\",\"width\":959,\"height\":959,\"caption\":\"Cam\u00e4l\u00e9on\"},\"image\":{\"@id\":\"https:\\\/\\\/www.camaeleon.org\\\/de\\\/#\\\/schema\\\/logo\\\/image\\\/\"},\"sameAs\":[\"https:\\\/\\\/www.facebook.com\\\/camaeleon.org\\\/\",\"https:\\\/\\\/x.com\\\/camaeleonOrg\",\"https:\\\/\\\/www.instagram.com\\\/camaeleon.dfg\\\/\",\"https:\\\/\\\/www.youtube.com\\\/channel\\\/UCl3TAUDdGuu_c7CD6ax6hYg\"]},{\"@type\":\"Person\",\"@id\":\"https:\\\/\\\/www.camaeleon.org\\\/de\\\/#\\\/schema\\\/person\\\/51d80cdda294d781cb0932bce1505e9c\",\"name\":\"Alisha Georgia Eifler\",\"image\":{\"@type\":\"ImageObject\",\"inLanguage\":\"de\",\"@id\":\"https:\\\/\\\/www.camaeleon.org\\\/de\\\/wp-content\\\/uploads\\\/2016\\\/12\\\/5862c1e787e48-bpfull-120x120.jpgd31f1da6df1bd0e78fea9b8f42c72996\",\"url\":\"https:\\\/\\\/www.camaeleon.org\\\/wp-content\\\/uploads\\\/2016\\\/12\\\/5862c1e787e48-bpfull-120x120.jpg\",\"contentUrl\":\"https:\\\/\\\/www.camaeleon.org\\\/wp-content\\\/uploads\\\/2016\\\/12\\\/5862c1e787e48-bpfull-120x120.jpg\",\"caption\":\"Alisha Georgia Eifler\"},\"description\":\"Nur ein normales M\u00e4dchen, das gerne schreibt :D\",\"sameAs\":[\"https:\\\/\\\/x.com\\\/DrakesSpray\"],\"url\":\"https:\\\/\\\/www.camaeleon.org\\\/de\\\/author\\\/alisha-eifler\\\/\"}]}<\/script>\n<!-- \/ Yoast SEO plugin. -->","yoast_head_json":{"title":"DFG-Ferienfreizeit in der Bretagne - Cam\u00e4l\u00e9on","description":"Jeden Sommer, gibt es eine DFG-Ferienfreizeit in der Bretagne. Sch\u00fcler zwischen 12 und 15 Jahren k\u00f6nnen sich anmelden. Cam\u00e4l\u00e9on-Reporterin Alisha Eifler hatte einige Fragen.","robots":{"index":"index","follow":"follow","max-snippet":"max-snippet:-1","max-image-preview":"max-image-preview:large","max-video-preview":"max-video-preview:-1"},"canonical":"https:\/\/www.camaeleon.org\/de\/2016\/02\/19\/die-dfg-ferienfreizeit-ein-interview-mit-christine-papillon\/","og_locale":"de_DE","og_type":"article","og_title":"DFG-Ferienfreizeit in der Bretagne - Cam\u00e4l\u00e9on","og_description":"Jeden Sommer, gibt es eine DFG-Ferienfreizeit in der Bretagne. Sch\u00fcler zwischen 12 und 15 Jahren k\u00f6nnen sich anmelden. Cam\u00e4l\u00e9on-Reporterin Alisha Eifler hatte einige Fragen.","og_url":"https:\/\/www.camaeleon.org\/de\/2016\/02\/19\/die-dfg-ferienfreizeit-ein-interview-mit-christine-papillon\/","og_site_name":"Cam\u00e4l\u00e9on","article_publisher":"https:\/\/www.facebook.com\/camaeleon.org\/","article_published_time":"2016-02-19T16:05:47+00:00","article_modified_time":"2021-01-01T23:23:08+00:00","og_image":[{"width":640,"height":426,"url":"https:\/\/www.camaeleon.org\/wp-content\/uploads\/2016\/02\/Ferienfreizeit.jpg","type":"image\/jpeg"}],"author":"Alisha Georgia Eifler","twitter_card":"summary_large_image","twitter_creator":"@DrakesSpray","twitter_site":"@camaeleonOrg","schema":{"@context":"https:\/\/schema.org","@graph":[{"@type":"Article","@id":"https:\/\/www.camaeleon.org\/de\/2016\/02\/19\/die-dfg-ferienfreizeit-ein-interview-mit-christine-papillon\/#article","isPartOf":{"@id":"https:\/\/www.camaeleon.org\/de\/2016\/02\/19\/die-dfg-ferienfreizeit-ein-interview-mit-christine-papillon\/"},"author":{"name":"Alisha Georgia Eifler","@id":"https:\/\/www.camaeleon.org\/de\/#\/schema\/person\/51d80cdda294d781cb0932bce1505e9c"},"headline":"DFG-Ferienfreizeit in der Bretagne","datePublished":"2016-02-19T16:05:47+00:00","dateModified":"2021-01-01T23:23:08+00:00","mainEntityOfPage":{"@id":"https:\/\/www.camaeleon.org\/de\/2016\/02\/19\/die-dfg-ferienfreizeit-ein-interview-mit-christine-papillon\/"},"wordCount":2401,"commentCount":0,"publisher":{"@id":"https:\/\/www.camaeleon.org\/de\/#organization"},"image":{"@id":"https:\/\/www.camaeleon.org\/de\/2016\/02\/19\/die-dfg-ferienfreizeit-ein-interview-mit-christine-papillon\/#primaryimage"},"thumbnailUrl":"https:\/\/www.camaeleon.org\/wp-content\/uploads\/2016\/02\/Ferienfreizeit.jpg","keywords":["Austausch","Bretagne","Camaret","Ferien","Ferienfreizeit"],"articleSection":["Schule","Freizeit"],"inLanguage":"de","potentialAction":[{"@type":"CommentAction","name":"Comment","target":["https:\/\/www.camaeleon.org\/de\/2016\/02\/19\/die-dfg-ferienfreizeit-ein-interview-mit-christine-papillon\/#respond"]}]},{"@type":"WebPage","@id":"https:\/\/www.camaeleon.org\/de\/2016\/02\/19\/die-dfg-ferienfreizeit-ein-interview-mit-christine-papillon\/","url":"https:\/\/www.camaeleon.org\/de\/2016\/02\/19\/die-dfg-ferienfreizeit-ein-interview-mit-christine-papillon\/","name":"DFG-Ferienfreizeit in der Bretagne - Cam\u00e4l\u00e9on","isPartOf":{"@id":"https:\/\/www.camaeleon.org\/de\/#website"},"primaryImageOfPage":{"@id":"https:\/\/www.camaeleon.org\/de\/2016\/02\/19\/die-dfg-ferienfreizeit-ein-interview-mit-christine-papillon\/#primaryimage"},"image":{"@id":"https:\/\/www.camaeleon.org\/de\/2016\/02\/19\/die-dfg-ferienfreizeit-ein-interview-mit-christine-papillon\/#primaryimage"},"thumbnailUrl":"https:\/\/www.camaeleon.org\/wp-content\/uploads\/2016\/02\/Ferienfreizeit.jpg","datePublished":"2016-02-19T16:05:47+00:00","dateModified":"2021-01-01T23:23:08+00:00","description":"Jeden Sommer, gibt es eine DFG-Ferienfreizeit in der Bretagne. Sch\u00fcler zwischen 12 und 15 Jahren k\u00f6nnen sich anmelden. Cam\u00e4l\u00e9on-Reporterin Alisha Eifler hatte einige Fragen.","breadcrumb":{"@id":"https:\/\/www.camaeleon.org\/de\/2016\/02\/19\/die-dfg-ferienfreizeit-ein-interview-mit-christine-papillon\/#breadcrumb"},"inLanguage":"de","potentialAction":[{"@type":"ReadAction","target":[["https:\/\/www.camaeleon.org\/de\/2016\/02\/19\/die-dfg-ferienfreizeit-ein-interview-mit-christine-papillon\/"]]}]},{"@type":"ImageObject","inLanguage":"de","@id":"https:\/\/www.camaeleon.org\/de\/2016\/02\/19\/die-dfg-ferienfreizeit-ein-interview-mit-christine-papillon\/#primaryimage","url":"https:\/\/www.camaeleon.org\/wp-content\/uploads\/2016\/02\/Ferienfreizeit.jpg","contentUrl":"https:\/\/www.camaeleon.org\/wp-content\/uploads\/2016\/02\/Ferienfreizeit.jpg","width":640,"height":426,"caption":"Foto: Jill Wellington\/pixabay.com"},{"@type":"BreadcrumbList","@id":"https:\/\/www.camaeleon.org\/de\/2016\/02\/19\/die-dfg-ferienfreizeit-ein-interview-mit-christine-papillon\/#breadcrumb","itemListElement":[{"@type":"ListItem","position":1,"name":"Home","item":"https:\/\/www.camaeleon.org\/de\/"},{"@type":"ListItem","position":2,"name":"DFG-Ferienfreizeit in der Bretagne"}]},{"@type":"WebSite","@id":"https:\/\/www.camaeleon.org\/de\/#website","url":"https:\/\/www.camaeleon.org\/de\/","name":"Cam\u00e4l\u00e9on","description":"Das Sch\u00fclermagazin des Deutsch-Franz\u00f6sischen Gymnasiums Saarbr\u00fccken","publisher":{"@id":"https:\/\/www.camaeleon.org\/de\/#organization"},"potentialAction":[{"@type":"SearchAction","target":{"@type":"EntryPoint","urlTemplate":"https:\/\/www.camaeleon.org\/de\/?s={search_term_string}"},"query-input":{"@type":"PropertyValueSpecification","valueRequired":true,"valueName":"search_term_string"}}],"inLanguage":"de"},{"@type":"Organization","@id":"https:\/\/www.camaeleon.org\/de\/#organization","name":"Cam\u00e4l\u00e9on","url":"https:\/\/www.camaeleon.org\/de\/","logo":{"@type":"ImageObject","inLanguage":"de","@id":"https:\/\/www.camaeleon.org\/de\/#\/schema\/logo\/image\/","url":"https:\/\/www.camaeleon.org\/wp-content\/uploads\/2011\/11\/CAM\u00c4LEON.jpg","contentUrl":"https:\/\/www.camaeleon.org\/wp-content\/uploads\/2011\/11\/CAM\u00c4LEON.jpg","width":959,"height":959,"caption":"Cam\u00e4l\u00e9on"},"image":{"@id":"https:\/\/www.camaeleon.org\/de\/#\/schema\/logo\/image\/"},"sameAs":["https:\/\/www.facebook.com\/camaeleon.org\/","https:\/\/x.com\/camaeleonOrg","https:\/\/www.instagram.com\/camaeleon.dfg\/","https:\/\/www.youtube.com\/channel\/UCl3TAUDdGuu_c7CD6ax6hYg"]},{"@type":"Person","@id":"https:\/\/www.camaeleon.org\/de\/#\/schema\/person\/51d80cdda294d781cb0932bce1505e9c","name":"Alisha Georgia Eifler","image":{"@type":"ImageObject","inLanguage":"de","@id":"https:\/\/www.camaeleon.org\/de\/wp-content\/uploads\/2016\/12\/5862c1e787e48-bpfull-120x120.jpgd31f1da6df1bd0e78fea9b8f42c72996","url":"https:\/\/www.camaeleon.org\/wp-content\/uploads\/2016\/12\/5862c1e787e48-bpfull-120x120.jpg","contentUrl":"https:\/\/www.camaeleon.org\/wp-content\/uploads\/2016\/12\/5862c1e787e48-bpfull-120x120.jpg","caption":"Alisha Georgia Eifler"},"description":"Nur ein normales M\u00e4dchen, das gerne schreibt :D","sameAs":["https:\/\/x.com\/DrakesSpray"],"url":"https:\/\/www.camaeleon.org\/de\/author\/alisha-eifler\/"}]}},"_links":{"self":[{"href":"https:\/\/www.camaeleon.org\/de\/wp-json\/wp\/v2\/posts\/10180","targetHints":{"allow":["GET"]}}],"collection":[{"href":"https:\/\/www.camaeleon.org\/de\/wp-json\/wp\/v2\/posts"}],"about":[{"href":"https:\/\/www.camaeleon.org\/de\/wp-json\/wp\/v2\/types\/post"}],"author":[{"embeddable":true,"href":"https:\/\/www.camaeleon.org\/de\/wp-json\/wp\/v2\/users\/95"}],"replies":[{"embeddable":true,"href":"https:\/\/www.camaeleon.org\/de\/wp-json\/wp\/v2\/comments?post=10180"}],"version-history":[{"count":0,"href":"https:\/\/www.camaeleon.org\/de\/wp-json\/wp\/v2\/posts\/10180\/revisions"}],"wp:featuredmedia":[{"embeddable":true,"href":"https:\/\/www.camaeleon.org\/de\/wp-json\/wp\/v2\/media\/10853"}],"wp:attachment":[{"href":"https:\/\/www.camaeleon.org\/de\/wp-json\/wp\/v2\/media?parent=10180"}],"wp:term":[{"taxonomy":"category","embeddable":true,"href":"https:\/\/www.camaeleon.org\/de\/wp-json\/wp\/v2\/categories?post=10180"},{"taxonomy":"post_tag","embeddable":true,"href":"https:\/\/www.camaeleon.org\/de\/wp-json\/wp\/v2\/tags?post=10180"},{"taxonomy":"author","embeddable":true,"href":"https:\/\/www.camaeleon.org\/de\/wp-json\/wp\/v2\/coauthors?post=10180"}],"curies":[{"name":"wp","href":"https:\/\/api.w.org\/{rel}","templated":true}]}}