{"id":10113,"date":"2016-01-31T13:18:49","date_gmt":"2016-01-31T12:18:49","guid":{"rendered":"http:\/\/www.camaeleon.org\/?p=10113"},"modified":"2020-12-23T17:38:27","modified_gmt":"2020-12-23T16:38:27","slug":"on-se-fait-un-petit-rally","status":"publish","type":"post","link":"https:\/\/www.camaeleon.org\/de\/2016\/01\/31\/on-se-fait-un-petit-rally\/","title":{"rendered":"On se fait un petit rallye ?"},"content":{"rendered":"<p><figure id=\"attachment_10206\" aria-describedby=\"caption-attachment-10206\" style=\"width: 200px\" class=\"wp-caption alignleft\"><a href=\"https:\/\/www.camaeleon.org\/wp-content\/uploads\/2016\/01\/20160123_105936.jpg\"><img loading=\"lazy\" decoding=\"async\" class=\"size-medium wp-image-10206 \" title=\"Rallye de lecture\" src=\"https:\/\/www.camaeleon.org\/wp-content\/uploads\/2016\/01\/20160123_105936-200x300.jpg\" alt=\"Rallye de lecture\" width=\"200\" height=\"300\" srcset=\"https:\/\/www.camaeleon.org\/wp-content\/uploads\/2016\/01\/20160123_105936-200x300.jpg 200w, https:\/\/www.camaeleon.org\/wp-content\/uploads\/2016\/01\/20160123_105936.jpg 400w\" sizes=\"auto, (max-width: 200px) 100vw, 200px\" \/><\/a><figcaption id=\"caption-attachment-10206\" class=\"wp-caption-text\">Photo : E. Eisenkremer<\/figcaption><\/figure><\/p>\n<p>Samedi 23 janvier 2016, le Lyc\u00e9e Franco-Allemand de Sarrebruck a organis\u00e9 sa journ\u00e9e portes ouvertes. Il y avait diff\u00e9rentes activit\u00e9s et animations, dont le rallye lecture de la 5\u00e8me 1, organis\u00e9 par Madame Croon.<\/p>\n<p>Le concept : il y a plusieurs groupes de quatre \u00e9l\u00e8ves. Chaque \u00e9l\u00e8ve doit lire un livre. Par exemple, dans l&#8217;un des groupe, tous les \u00e9l\u00e8ves ont lu &#8222;Louison et Monsieur Moli\u00e8re&#8220;, de Marie-Christine Helgerson.<\/p>\n<figure id=\"attachment_10208\" aria-describedby=\"caption-attachment-10208\" style=\"width: 300px\" class=\"wp-caption alignright\"><a href=\"https:\/\/www.camaeleon.org\/wp-content\/uploads\/2016\/01\/20160123_111903.jpg\"><img loading=\"lazy\" decoding=\"async\" class=\"size-medium wp-image-10208\" title=\"Rallye de lecture\" src=\"https:\/\/www.camaeleon.org\/wp-content\/uploads\/2016\/01\/20160123_111903-300x200.jpg\" alt=\"Rallye de lecture\" width=\"300\" height=\"200\" srcset=\"https:\/\/www.camaeleon.org\/wp-content\/uploads\/2016\/01\/20160123_111903-300x200.jpg 300w, https:\/\/www.camaeleon.org\/wp-content\/uploads\/2016\/01\/20160123_111903.jpg 600w\" sizes=\"auto, (max-width: 300px) 100vw, 300px\" \/><\/a><figcaption id=\"caption-attachment-10208\" class=\"wp-caption-text\">Photo : E. Eisenkremer<\/figcaption><\/figure>\n<p>Ensuite, toute la classe s&#8217;est r\u00e9unie dans une salle informatique, et et chaque groupe a travaill\u00e9 \u00e0 inventer des questions sur le livre qu&#8217;ils avaient lu. Enfin, ils ont enregistr\u00e9 leurs questions sur des cl\u00e9s USB.<\/p>\n<p>Maintenant, les \u00e9l\u00e8ves doivent lire les livres d&#8217;autres groupes,et dans un mois environ, ils se r\u00e9uniront \u00e0 nouveau et ils r\u00e9pondront aux questions de leurs camarades. Un bon moyen de motiver les \u00e9l\u00e8ves \u00e0 lire!<\/p>","protected":false},"excerpt":{"rendered":"<p>Samedi 23 janvier 2016, le Lyc\u00e9e Franco-Allemand de Sarrebruck a organis\u00e9 sa journ\u00e9e portes ouvertes. Il y avait diff\u00e9rentes activit\u00e9s et animations, dont le rallye<\/p>\n","protected":false},"author":97,"featured_media":10206,"comment_status":"open","ping_status":"open","sticky":false,"template":"","format":"standard","meta":{"colormag_page_container_layout":"default_layout","colormag_page_sidebar_layout":"default_layout","footnotes":""},"categories":[3],"tags":[216,731,217,215],"coauthors":[787],"class_list":["post-10113","post","type-post","status-publish","format-standard","has-post-thumbnail","hentry","category-ecole","tag-franzoesisch","tag-grundschueler","tag-projekt","tag-tag-der-offenen-tuer"],"yoast_head":"<!-- This site is optimized with the Yoast SEO plugin v27.5 - https:\/\/yoast.com\/product\/yoast-seo-wordpress\/ -->\n<title>On se fait un petit rallye ? - Cam\u00e4l\u00e9on<\/title>\n<meta name=\"description\" content=\"Samedi 23 janvier 2016, le Lyc\u00e9e Franco-Allemand de Sarrebruck a organis\u00e9 sa journ\u00e9e portes ouvertes. Il y avait diff\u00e9rentes activit\u00e9s et animations, dont le rallye lecture de la 5\u00e8me 1.\" \/>\n<meta name=\"robots\" content=\"index, follow, max-snippet:-1, max-image-preview:large, max-video-preview:-1\" \/>\n<link rel=\"canonical\" href=\"https:\/\/www.camaeleon.org\/de\/2016\/01\/31\/on-se-fait-un-petit-rally\/\" \/>\n<meta property=\"og:locale\" content=\"de_DE\" \/>\n<meta property=\"og:type\" content=\"article\" \/>\n<meta property=\"og:title\" content=\"On se fait un petit rallye ? - Cam\u00e4l\u00e9on\" \/>\n<meta property=\"og:description\" content=\"Samedi 23 janvier 2016, le Lyc\u00e9e Franco-Allemand de Sarrebruck a organis\u00e9 sa journ\u00e9e portes ouvertes. Il y avait diff\u00e9rentes activit\u00e9s et animations, dont le rallye lecture de la 5\u00e8me 1.\" \/>\n<meta property=\"og:url\" content=\"https:\/\/www.camaeleon.org\/de\/2016\/01\/31\/on-se-fait-un-petit-rally\/\" \/>\n<meta property=\"og:site_name\" content=\"Cam\u00e4l\u00e9on\" \/>\n<meta property=\"article:publisher\" content=\"https:\/\/www.facebook.com\/camaeleon.org\/\" \/>\n<meta property=\"article:published_time\" content=\"2016-01-31T12:18:49+00:00\" \/>\n<meta property=\"article:modified_time\" content=\"2020-12-23T16:38:27+00:00\" \/>\n<meta property=\"og:image\" content=\"https:\/\/www.camaeleon.org\/wp-content\/uploads\/2016\/01\/20160123_105936.jpg\" \/>\n\t<meta property=\"og:image:width\" content=\"400\" \/>\n\t<meta property=\"og:image:height\" content=\"600\" \/>\n\t<meta property=\"og:image:type\" content=\"image\/jpeg\" \/>\n<meta name=\"author\" content=\"Emma Eisenkremer\" \/>\n<meta name=\"twitter:card\" content=\"summary_large_image\" \/>\n<meta name=\"twitter:creator\" content=\"@camaeleonOrg\" \/>\n<meta name=\"twitter:site\" content=\"@camaeleonOrg\" \/>\n<script type=\"application\/ld+json\" class=\"yoast-schema-graph\">{\"@context\":\"https:\\\/\\\/schema.org\",\"@graph\":[{\"@type\":\"Article\",\"@id\":\"https:\\\/\\\/www.camaeleon.org\\\/de\\\/2016\\\/01\\\/31\\\/on-se-fait-un-petit-rally\\\/#article\",\"isPartOf\":{\"@id\":\"https:\\\/\\\/www.camaeleon.org\\\/de\\\/2016\\\/01\\\/31\\\/on-se-fait-un-petit-rally\\\/\"},\"author\":{\"name\":\"Emma Eisenkremer\",\"@id\":\"https:\\\/\\\/www.camaeleon.org\\\/de\\\/#\\\/schema\\\/person\\\/fc5ae386b8545fe499773465792fdeb1\"},\"headline\":\"On se fait un petit rallye ?\",\"datePublished\":\"2016-01-31T12:18:49+00:00\",\"dateModified\":\"2020-12-23T16:38:27+00:00\",\"mainEntityOfPage\":{\"@id\":\"https:\\\/\\\/www.camaeleon.org\\\/de\\\/2016\\\/01\\\/31\\\/on-se-fait-un-petit-rally\\\/\"},\"wordCount\":529,\"commentCount\":0,\"publisher\":{\"@id\":\"https:\\\/\\\/www.camaeleon.org\\\/de\\\/#organization\"},\"image\":{\"@id\":\"https:\\\/\\\/www.camaeleon.org\\\/de\\\/2016\\\/01\\\/31\\\/on-se-fait-un-petit-rally\\\/#primaryimage\"},\"thumbnailUrl\":\"https:\\\/\\\/www.camaeleon.org\\\/wp-content\\\/uploads\\\/2016\\\/01\\\/20160123_105936.jpg\",\"keywords\":[\"Franz\u00f6sisch\",\"Grundsch\u00fcler\",\"Projekt\",\"Tag der Offenen T\u00fcr\"],\"articleSection\":[\"Schule\"],\"inLanguage\":\"de\",\"potentialAction\":[{\"@type\":\"CommentAction\",\"name\":\"Comment\",\"target\":[\"https:\\\/\\\/www.camaeleon.org\\\/de\\\/2016\\\/01\\\/31\\\/on-se-fait-un-petit-rally\\\/#respond\"]}]},{\"@type\":\"WebPage\",\"@id\":\"https:\\\/\\\/www.camaeleon.org\\\/de\\\/2016\\\/01\\\/31\\\/on-se-fait-un-petit-rally\\\/\",\"url\":\"https:\\\/\\\/www.camaeleon.org\\\/de\\\/2016\\\/01\\\/31\\\/on-se-fait-un-petit-rally\\\/\",\"name\":\"On se fait un petit rallye ? - Cam\u00e4l\u00e9on\",\"isPartOf\":{\"@id\":\"https:\\\/\\\/www.camaeleon.org\\\/de\\\/#website\"},\"primaryImageOfPage\":{\"@id\":\"https:\\\/\\\/www.camaeleon.org\\\/de\\\/2016\\\/01\\\/31\\\/on-se-fait-un-petit-rally\\\/#primaryimage\"},\"image\":{\"@id\":\"https:\\\/\\\/www.camaeleon.org\\\/de\\\/2016\\\/01\\\/31\\\/on-se-fait-un-petit-rally\\\/#primaryimage\"},\"thumbnailUrl\":\"https:\\\/\\\/www.camaeleon.org\\\/wp-content\\\/uploads\\\/2016\\\/01\\\/20160123_105936.jpg\",\"datePublished\":\"2016-01-31T12:18:49+00:00\",\"dateModified\":\"2020-12-23T16:38:27+00:00\",\"description\":\"Samedi 23 janvier 2016, le Lyc\u00e9e Franco-Allemand de Sarrebruck a organis\u00e9 sa journ\u00e9e portes ouvertes. Il y avait diff\u00e9rentes activit\u00e9s et animations, dont le rallye lecture de la 5\u00e8me 1.\",\"breadcrumb\":{\"@id\":\"https:\\\/\\\/www.camaeleon.org\\\/de\\\/2016\\\/01\\\/31\\\/on-se-fait-un-petit-rally\\\/#breadcrumb\"},\"inLanguage\":\"de\",\"potentialAction\":[{\"@type\":\"ReadAction\",\"target\":[[\"https:\\\/\\\/www.camaeleon.org\\\/de\\\/2016\\\/01\\\/31\\\/on-se-fait-un-petit-rally\\\/\"]]}]},{\"@type\":\"ImageObject\",\"inLanguage\":\"de\",\"@id\":\"https:\\\/\\\/www.camaeleon.org\\\/de\\\/2016\\\/01\\\/31\\\/on-se-fait-un-petit-rally\\\/#primaryimage\",\"url\":\"https:\\\/\\\/www.camaeleon.org\\\/wp-content\\\/uploads\\\/2016\\\/01\\\/20160123_105936.jpg\",\"contentUrl\":\"https:\\\/\\\/www.camaeleon.org\\\/wp-content\\\/uploads\\\/2016\\\/01\\\/20160123_105936.jpg\",\"width\":400,\"height\":600,\"caption\":\"Photo : E. Eisenkremer\"},{\"@type\":\"BreadcrumbList\",\"@id\":\"https:\\\/\\\/www.camaeleon.org\\\/de\\\/2016\\\/01\\\/31\\\/on-se-fait-un-petit-rally\\\/#breadcrumb\",\"itemListElement\":[{\"@type\":\"ListItem\",\"position\":1,\"name\":\"Home\",\"item\":\"https:\\\/\\\/www.camaeleon.org\\\/de\\\/\"},{\"@type\":\"ListItem\",\"position\":2,\"name\":\"On se fait un petit rallye ?\"}]},{\"@type\":\"WebSite\",\"@id\":\"https:\\\/\\\/www.camaeleon.org\\\/de\\\/#website\",\"url\":\"https:\\\/\\\/www.camaeleon.org\\\/de\\\/\",\"name\":\"Cam\u00e4l\u00e9on\",\"description\":\"Das Sch\u00fclermagazin des Deutsch-Franz\u00f6sischen Gymnasiums Saarbr\u00fccken\",\"publisher\":{\"@id\":\"https:\\\/\\\/www.camaeleon.org\\\/de\\\/#organization\"},\"potentialAction\":[{\"@type\":\"SearchAction\",\"target\":{\"@type\":\"EntryPoint\",\"urlTemplate\":\"https:\\\/\\\/www.camaeleon.org\\\/de\\\/?s={search_term_string}\"},\"query-input\":{\"@type\":\"PropertyValueSpecification\",\"valueRequired\":true,\"valueName\":\"search_term_string\"}}],\"inLanguage\":\"de\"},{\"@type\":\"Organization\",\"@id\":\"https:\\\/\\\/www.camaeleon.org\\\/de\\\/#organization\",\"name\":\"Cam\u00e4l\u00e9on\",\"url\":\"https:\\\/\\\/www.camaeleon.org\\\/de\\\/\",\"logo\":{\"@type\":\"ImageObject\",\"inLanguage\":\"de\",\"@id\":\"https:\\\/\\\/www.camaeleon.org\\\/de\\\/#\\\/schema\\\/logo\\\/image\\\/\",\"url\":\"https:\\\/\\\/www.camaeleon.org\\\/wp-content\\\/uploads\\\/2011\\\/11\\\/CAM\u00c4LEON.jpg\",\"contentUrl\":\"https:\\\/\\\/www.camaeleon.org\\\/wp-content\\\/uploads\\\/2011\\\/11\\\/CAM\u00c4LEON.jpg\",\"width\":959,\"height\":959,\"caption\":\"Cam\u00e4l\u00e9on\"},\"image\":{\"@id\":\"https:\\\/\\\/www.camaeleon.org\\\/de\\\/#\\\/schema\\\/logo\\\/image\\\/\"},\"sameAs\":[\"https:\\\/\\\/www.facebook.com\\\/camaeleon.org\\\/\",\"https:\\\/\\\/x.com\\\/camaeleonOrg\",\"https:\\\/\\\/www.instagram.com\\\/camaeleon.dfg\\\/\",\"https:\\\/\\\/www.youtube.com\\\/channel\\\/UCl3TAUDdGuu_c7CD6ax6hYg\"]},{\"@type\":\"Person\",\"@id\":\"https:\\\/\\\/www.camaeleon.org\\\/de\\\/#\\\/schema\\\/person\\\/fc5ae386b8545fe499773465792fdeb1\",\"name\":\"Emma Eisenkremer\",\"image\":{\"@type\":\"ImageObject\",\"inLanguage\":\"de\",\"@id\":\"https:\\\/\\\/www.camaeleon.org\\\/de\\\/wp-content\\\/uploads\\\/2016\\\/02\\\/img_1572.jpgac53ad2dac2200a7e22ac10014b5b64d\",\"url\":\"https:\\\/\\\/www.camaeleon.org\\\/wp-content\\\/uploads\\\/2016\\\/02\\\/img_1572.jpg\",\"contentUrl\":\"https:\\\/\\\/www.camaeleon.org\\\/wp-content\\\/uploads\\\/2016\\\/02\\\/img_1572.jpg\",\"caption\":\"Emma Eisenkremer\"},\"url\":\"https:\\\/\\\/www.camaeleon.org\\\/de\\\/author\\\/emma-eisenkremer\\\/\"}]}<\/script>\n<!-- \/ Yoast SEO plugin. -->","yoast_head_json":{"title":"On se fait un petit rallye ? - Cam\u00e4l\u00e9on","description":"Samedi 23 janvier 2016, le Lyc\u00e9e Franco-Allemand de Sarrebruck a organis\u00e9 sa journ\u00e9e portes ouvertes. Il y avait diff\u00e9rentes activit\u00e9s et animations, dont le rallye lecture de la 5\u00e8me 1.","robots":{"index":"index","follow":"follow","max-snippet":"max-snippet:-1","max-image-preview":"max-image-preview:large","max-video-preview":"max-video-preview:-1"},"canonical":"https:\/\/www.camaeleon.org\/de\/2016\/01\/31\/on-se-fait-un-petit-rally\/","og_locale":"de_DE","og_type":"article","og_title":"On se fait un petit rallye ? - Cam\u00e4l\u00e9on","og_description":"Samedi 23 janvier 2016, le Lyc\u00e9e Franco-Allemand de Sarrebruck a organis\u00e9 sa journ\u00e9e portes ouvertes. Il y avait diff\u00e9rentes activit\u00e9s et animations, dont le rallye lecture de la 5\u00e8me 1.","og_url":"https:\/\/www.camaeleon.org\/de\/2016\/01\/31\/on-se-fait-un-petit-rally\/","og_site_name":"Cam\u00e4l\u00e9on","article_publisher":"https:\/\/www.facebook.com\/camaeleon.org\/","article_published_time":"2016-01-31T12:18:49+00:00","article_modified_time":"2020-12-23T16:38:27+00:00","og_image":[{"width":400,"height":600,"url":"https:\/\/www.camaeleon.org\/wp-content\/uploads\/2016\/01\/20160123_105936.jpg","type":"image\/jpeg"}],"author":"Emma Eisenkremer","twitter_card":"summary_large_image","twitter_creator":"@camaeleonOrg","twitter_site":"@camaeleonOrg","schema":{"@context":"https:\/\/schema.org","@graph":[{"@type":"Article","@id":"https:\/\/www.camaeleon.org\/de\/2016\/01\/31\/on-se-fait-un-petit-rally\/#article","isPartOf":{"@id":"https:\/\/www.camaeleon.org\/de\/2016\/01\/31\/on-se-fait-un-petit-rally\/"},"author":{"name":"Emma Eisenkremer","@id":"https:\/\/www.camaeleon.org\/de\/#\/schema\/person\/fc5ae386b8545fe499773465792fdeb1"},"headline":"On se fait un petit rallye ?","datePublished":"2016-01-31T12:18:49+00:00","dateModified":"2020-12-23T16:38:27+00:00","mainEntityOfPage":{"@id":"https:\/\/www.camaeleon.org\/de\/2016\/01\/31\/on-se-fait-un-petit-rally\/"},"wordCount":529,"commentCount":0,"publisher":{"@id":"https:\/\/www.camaeleon.org\/de\/#organization"},"image":{"@id":"https:\/\/www.camaeleon.org\/de\/2016\/01\/31\/on-se-fait-un-petit-rally\/#primaryimage"},"thumbnailUrl":"https:\/\/www.camaeleon.org\/wp-content\/uploads\/2016\/01\/20160123_105936.jpg","keywords":["Franz\u00f6sisch","Grundsch\u00fcler","Projekt","Tag der Offenen T\u00fcr"],"articleSection":["Schule"],"inLanguage":"de","potentialAction":[{"@type":"CommentAction","name":"Comment","target":["https:\/\/www.camaeleon.org\/de\/2016\/01\/31\/on-se-fait-un-petit-rally\/#respond"]}]},{"@type":"WebPage","@id":"https:\/\/www.camaeleon.org\/de\/2016\/01\/31\/on-se-fait-un-petit-rally\/","url":"https:\/\/www.camaeleon.org\/de\/2016\/01\/31\/on-se-fait-un-petit-rally\/","name":"On se fait un petit rallye ? - Cam\u00e4l\u00e9on","isPartOf":{"@id":"https:\/\/www.camaeleon.org\/de\/#website"},"primaryImageOfPage":{"@id":"https:\/\/www.camaeleon.org\/de\/2016\/01\/31\/on-se-fait-un-petit-rally\/#primaryimage"},"image":{"@id":"https:\/\/www.camaeleon.org\/de\/2016\/01\/31\/on-se-fait-un-petit-rally\/#primaryimage"},"thumbnailUrl":"https:\/\/www.camaeleon.org\/wp-content\/uploads\/2016\/01\/20160123_105936.jpg","datePublished":"2016-01-31T12:18:49+00:00","dateModified":"2020-12-23T16:38:27+00:00","description":"Samedi 23 janvier 2016, le Lyc\u00e9e Franco-Allemand de Sarrebruck a organis\u00e9 sa journ\u00e9e portes ouvertes. Il y avait diff\u00e9rentes activit\u00e9s et animations, dont le rallye lecture de la 5\u00e8me 1.","breadcrumb":{"@id":"https:\/\/www.camaeleon.org\/de\/2016\/01\/31\/on-se-fait-un-petit-rally\/#breadcrumb"},"inLanguage":"de","potentialAction":[{"@type":"ReadAction","target":[["https:\/\/www.camaeleon.org\/de\/2016\/01\/31\/on-se-fait-un-petit-rally\/"]]}]},{"@type":"ImageObject","inLanguage":"de","@id":"https:\/\/www.camaeleon.org\/de\/2016\/01\/31\/on-se-fait-un-petit-rally\/#primaryimage","url":"https:\/\/www.camaeleon.org\/wp-content\/uploads\/2016\/01\/20160123_105936.jpg","contentUrl":"https:\/\/www.camaeleon.org\/wp-content\/uploads\/2016\/01\/20160123_105936.jpg","width":400,"height":600,"caption":"Photo : E. Eisenkremer"},{"@type":"BreadcrumbList","@id":"https:\/\/www.camaeleon.org\/de\/2016\/01\/31\/on-se-fait-un-petit-rally\/#breadcrumb","itemListElement":[{"@type":"ListItem","position":1,"name":"Home","item":"https:\/\/www.camaeleon.org\/de\/"},{"@type":"ListItem","position":2,"name":"On se fait un petit rallye ?"}]},{"@type":"WebSite","@id":"https:\/\/www.camaeleon.org\/de\/#website","url":"https:\/\/www.camaeleon.org\/de\/","name":"Cam\u00e4l\u00e9on","description":"Das Sch\u00fclermagazin des Deutsch-Franz\u00f6sischen Gymnasiums Saarbr\u00fccken","publisher":{"@id":"https:\/\/www.camaeleon.org\/de\/#organization"},"potentialAction":[{"@type":"SearchAction","target":{"@type":"EntryPoint","urlTemplate":"https:\/\/www.camaeleon.org\/de\/?s={search_term_string}"},"query-input":{"@type":"PropertyValueSpecification","valueRequired":true,"valueName":"search_term_string"}}],"inLanguage":"de"},{"@type":"Organization","@id":"https:\/\/www.camaeleon.org\/de\/#organization","name":"Cam\u00e4l\u00e9on","url":"https:\/\/www.camaeleon.org\/de\/","logo":{"@type":"ImageObject","inLanguage":"de","@id":"https:\/\/www.camaeleon.org\/de\/#\/schema\/logo\/image\/","url":"https:\/\/www.camaeleon.org\/wp-content\/uploads\/2011\/11\/CAM\u00c4LEON.jpg","contentUrl":"https:\/\/www.camaeleon.org\/wp-content\/uploads\/2011\/11\/CAM\u00c4LEON.jpg","width":959,"height":959,"caption":"Cam\u00e4l\u00e9on"},"image":{"@id":"https:\/\/www.camaeleon.org\/de\/#\/schema\/logo\/image\/"},"sameAs":["https:\/\/www.facebook.com\/camaeleon.org\/","https:\/\/x.com\/camaeleonOrg","https:\/\/www.instagram.com\/camaeleon.dfg\/","https:\/\/www.youtube.com\/channel\/UCl3TAUDdGuu_c7CD6ax6hYg"]},{"@type":"Person","@id":"https:\/\/www.camaeleon.org\/de\/#\/schema\/person\/fc5ae386b8545fe499773465792fdeb1","name":"Emma Eisenkremer","image":{"@type":"ImageObject","inLanguage":"de","@id":"https:\/\/www.camaeleon.org\/de\/wp-content\/uploads\/2016\/02\/img_1572.jpgac53ad2dac2200a7e22ac10014b5b64d","url":"https:\/\/www.camaeleon.org\/wp-content\/uploads\/2016\/02\/img_1572.jpg","contentUrl":"https:\/\/www.camaeleon.org\/wp-content\/uploads\/2016\/02\/img_1572.jpg","caption":"Emma Eisenkremer"},"url":"https:\/\/www.camaeleon.org\/de\/author\/emma-eisenkremer\/"}]}},"_links":{"self":[{"href":"https:\/\/www.camaeleon.org\/de\/wp-json\/wp\/v2\/posts\/10113","targetHints":{"allow":["GET"]}}],"collection":[{"href":"https:\/\/www.camaeleon.org\/de\/wp-json\/wp\/v2\/posts"}],"about":[{"href":"https:\/\/www.camaeleon.org\/de\/wp-json\/wp\/v2\/types\/post"}],"author":[{"embeddable":true,"href":"https:\/\/www.camaeleon.org\/de\/wp-json\/wp\/v2\/users\/97"}],"replies":[{"embeddable":true,"href":"https:\/\/www.camaeleon.org\/de\/wp-json\/wp\/v2\/comments?post=10113"}],"version-history":[{"count":0,"href":"https:\/\/www.camaeleon.org\/de\/wp-json\/wp\/v2\/posts\/10113\/revisions"}],"wp:featuredmedia":[{"embeddable":true,"href":"https:\/\/www.camaeleon.org\/de\/wp-json\/wp\/v2\/media\/10206"}],"wp:attachment":[{"href":"https:\/\/www.camaeleon.org\/de\/wp-json\/wp\/v2\/media?parent=10113"}],"wp:term":[{"taxonomy":"category","embeddable":true,"href":"https:\/\/www.camaeleon.org\/de\/wp-json\/wp\/v2\/categories?post=10113"},{"taxonomy":"post_tag","embeddable":true,"href":"https:\/\/www.camaeleon.org\/de\/wp-json\/wp\/v2\/tags?post=10113"},{"taxonomy":"author","embeddable":true,"href":"https:\/\/www.camaeleon.org\/de\/wp-json\/wp\/v2\/coauthors?post=10113"}],"curies":[{"name":"wp","href":"https:\/\/api.w.org\/{rel}","templated":true}]}}